{"id":4129,"date":"2011-03-11T20:51:04","date_gmt":"2011-03-11T19:51:04","guid":{"rendered":"http:\/\/evertonfc.cz\/?p=4129"},"modified":"2019-02-12T20:53:11","modified_gmt":"2019-02-12T19:53:11","slug":"tehdy-a-dnes-stuart-barlow","status":"publish","type":"post","link":"https:\/\/evertonfc.cz\/index.php\/2011\/03\/11\/tehdy-a-dnes-stuart-barlow\/","title":{"rendered":"Tehdy a dnes: Stuart Barlow"},"content":{"rendered":"<h4>Jsou to \u010dty\u0159i roky, co se b\u00fdval\u00fd \u00fato\u010dn\u00edk Evertonu naposled objevil na h\u0159i\u0161ti v dresu sv\u00e9ho posledn\u00edho klubu &#8211; Morecambe. Nyn\u00ed Barlow chyst\u00e1 n\u00e1vrat do fotbalov\u00e9ho prost\u0159ed\u00ed.<\/h4>\n<p>Rok 1990. Barlow hraje ned\u011bln\u00ed ligu za celek zvan\u00fd Sherwood Park, kdy\u017e se p\u0159ed n\u00edm najednou zjevuje \u0161ance vym\u011bnit zabl\u00e1cen\u00e9 parky Merseyside za posv\u00e1tn\u00fd tr\u00e1vn\u00edk Goodison Parku a nejvy\u0161\u0161\u00ed anglick\u00e9 sout\u011b\u017ee. V Evertonu nakonec str\u00e1vil p\u011bt let, b\u011bhem kter\u00fdch nast\u0159\u00e1dal bezm\u00e1la devades\u00e1t z\u00e1pas\u016f a t\u0159in\u00e1ct branek.<\/p>\n<p>Pozd\u011bji si v ni\u017e\u0161\u00edch patrech zahr\u00e1l za Oldham, Wigan nebo Tranmere, v jeho\u017e dresu se postaral o jeden z nejpam\u00e1tn\u011bj\u0161\u00edch g\u00f3l\u016f v historii FA Cupu, kter\u00fdm dopomohl k obratu z 0-3 na v\u00edt\u011bzn\u00fdch 4-3 nad Southamptonem v roce 2001. Z dr\u00e1hy obchodn\u00edka, na kterou se vydal po odchodu do fotbalov\u00e9ho d\u016fchodu, se nyn\u00ed Barlow vrac\u00ed na h\u0159i\u0161t\u011b. Tedy alespo\u0148 ta tr\u00e9ninkov\u00e1, jak s\u00e1m pl\u00e1nuje, p\u0159i\u010dem\u017e st\u00e1le vypom\u00e1h\u00e1 tam, kde jeho prvoligov\u00e1 kari\u00e9ra odstartovala.<\/p>\n<p><em>\u201eP\u0159ed dv\u011bma lety jsem spole\u010dn\u011b se \u017eenou vedl svatebn\u00ed obchod, ale ned\u00e1vno jsme s t\u00edm sekli a moment\u00e1ln\u011b pracuju pro Everton. Miluji vracet se do m\u00edst, kde le\u017e\u00ed moje ko\u0159eny a b\u00fdvat \u010dasto na Goodisonu. V\u017edycky se t\u011b\u0161\u00edm, a\u017e lidem pov\u00edm p\u00e1r historek a je hezk\u00e9, \u017ee m\u016f\u017eu klubu n\u011bco vr\u00e1tit. Jinak m\u00e1m za sebou hodn\u011b tren\u00e9rsk\u00e9ho studia a m\u00e1m u\u017e B licenci. Chci se zase vr\u00e1tit k fotbalu.\u201c<\/em><\/p>\n<p>Skok a\u017e mezi elitu, kter\u00fd se Barlowovi p\u0159ed lety poda\u0159il, je k vid\u011bn\u00ed jen z\u0159\u00eddkakdy. Proto ani nep\u0159ekvap\u00ed, \u017ee p\u0159i ohl\u00ed\u017een\u00ed za svoj\u00ed kari\u00e9rou, vyzdvihuje p\u0159\u00edchod k Toffees jako nejlep\u0161\u00ed moment sv\u00e9 kari\u00e9ry.<\/p>\n<p><em>\u201eP\u0159estoupit z ned\u011bln\u00ed do prvn\u00ed ligy je po\u0159\u00e1dn\u011b nezvykl\u00e9, tak\u017ee jsem byl opravdu p\u0159ekvapen\u00fd. Najednou jsem se objevil mezi hr\u00e1\u010di jako Neville Southall, Kevin Ratcliffe nebo Graeme Sharp. Prvn\u00ed g\u00f3l jsem vst\u0159elil po boku Petera Beardsleyho proti Chelsea v Ligov\u00e9m poh\u00e1ru a bylo to fantastick\u00e9. P\u0159ej\u00edt od h\u0159i\u0161t\u011b v parku a\u017e ke g\u00f3lu za prvn\u00ed t\u00fdm na Goodisonu, bylo prost\u011b fenomen\u00e1ln\u00ed. Musel jsem se \u0161t\u00edpnout, jestli se mi to nezd\u00e1.\u201c<\/em><\/p>\n<p>Barlow sice svoji profesion\u00e1ln\u00ed dr\u00e1hu za\u010dal slibn\u011b, p\u0159esto se ale v Evertonu nikdy plnohodnotn\u011b nedok\u00e1zal prosadit. \u010casto jej nav\u00edc su\u017eovala zran\u011bn\u00ed, a tak se po p\u011bti letech vydal do ni\u017e\u0161\u00edch sout\u011b\u017e\u00ed, kde pro\u017eil \u0159\u00e1dku \u00fasp\u011b\u0161n\u00fdch let.<\/p>\n<p><em>\u201eNic jsem si nep\u0159\u00e1l v\u00edc, ne\u017e abych dal za Everton v\u00edc g\u00f3l\u016f,\u201c\u00a0<\/em>odhaluje.\u00a0<em>\u201ePoka\u017ed\u00e9 jsem odvedl maximum, ale g\u00f3ly se za\u010daly hrnout a\u017e potom, co jsem ode\u0161el a za\u010dal jsem pravideln\u011b nastupovat za Oldham. Mysl\u00edm, \u017ee nejdel\u0161\u00ed s\u00e9rie z\u00e1pas\u016f v \u0159ad\u011b, ve kter\u00fdch jsem za Everton nastoupil, je sedm, ale da\u0159ilo se mi. Pak jsem se proti Blackburnu zranil a takov\u00e9 v\u011bci mohou m\u011bnit kari\u00e9ry. Ale nem\u00e1m \u017e\u00e1dn\u00e9 v\u00fd\u010ditky. Mysl\u00edm, \u017ee jsem pro klub odvedl dobrou pr\u00e1ci a byl sem py\u0161n\u00fd na to, \u017ee jsem mohl nosit mod\u00fd dres.\u201c<\/em><\/p>\n<p>Kdy\u017e v roce 1995 nade\u0161el \u010das pro zm\u011bnu, byl to pr\u00e1v\u011b jeden z jeho b\u00fdval\u00fdch spoluhr\u00e1\u010d\u016f, ke kter\u00fdm v \u00fact\u011b p\u0159i sv\u00e9m p\u0159\u00edchodu vhl\u00ed\u017eel, kter\u00fd mu nab\u00eddl restart jeho kari\u00e9ry. Za Barlowa zaplatil tehdej\u0161\u00ed mana\u017eer Oldhamu, Graeme Sharp, 350 tis\u00edc liber.<\/p>\n<p><em>\u201eBylo divn\u00e9 \u0159\u00edkat mu tren\u00e9re, opravdu divn\u00e9!\u201c<\/em>\u00a0vzpom\u00edn\u00e1.\u00a0<em>\u201eAle tak to n\u011bkdy ve fotbale chod\u00ed.\u00a0 Sharpy mi tehdy zavolal a \u0159ekl, &#8222;Poslouchej, m\u011bl bys z\u00e1jem hr\u00e1t za Oldham?&#8220; Pak jsem si za\u0161el promluvit s Joe Roylem a ten \u0159ekl, &#8222;St\u00e1l\u00e9 m\u00edsto ti zaru\u010dit nem\u016f\u017eu, jdi se zdokonalit a hr\u00e1t pravideln\u00fd fotbal.&#8220; Cht\u011bl bych, aby se touhle cestou vydalo v\u00edce hr\u00e1\u010d\u016f. Pokud n\u011bkde nehrajete, b\u011b\u017ete n\u011bkam jinam a uka\u017ete se.\u201c<\/em><\/p>\n<p>Nejnov\u011bj\u0161\u00edm \u00fakolem tedy bude pro Barlowa vyv\u00edjen\u00ed nov\u00fdch talent\u016f, by\u0165 s\u00e1m je\u0161t\u011b netu\u0161\u00ed, kde ani kdy se svoji tren\u00e9rskou dr\u00e1hu zah\u00e1j\u00ed.\u00a0<em>\u201eNev\u00edm, kdy se dve\u0159e otev\u0159ou, ale pod\u00edvejte na m\u00e9ho star\u00e9ho spolubydl\u00edc\u00edho na v\u00fdjezdech Davida Unswortha &#8211; ned\u00e1vno byl do\u010dasn\u00fdm mana\u017eerem Prestonu. Mluvil jsem s n\u00edm p\u0159ed rokem a p\u016fl a tehdy m\u011bl B licenci, tak rychle se v\u011bci m\u016f\u017eou zm\u011bnit.\u201c<\/em><\/p>\n","protected":false},"excerpt":{"rendered":"<p>Jsou to \u010dty\u0159i roky, co se b\u00fdval\u00fd \u00fato\u010dn\u00edk Evertonu naposled objevil na h\u0159i\u0161ti v dresu sv\u00e9ho posledn\u00edho klubu &#8211; Morecambe.&hellip;<\/p>\n","protected":false},"author":7,"featured_media":1312,"comment_status":"open","ping_status":"closed","sticky":false,"template":"","format":"standard","meta":{"_eb_attr":"","_monsterinsights_skip_tracking":false,"_monsterinsights_sitenote_active":false,"_monsterinsights_sitenote_note":"","_monsterinsights_sitenote_category":0,"footnotes":""},"categories":[42,1],"tags":[],"yoast_head":"<!-- This site is optimized with the Yoast SEO plugin v23.4 - https:\/\/yoast.com\/wordpress\/plugins\/seo\/ -->\n<title>Tehdy a dnes: Stuart Barlow - Official Czech &amp; Slovak Everton Supporters&#039; Club<\/title>\n<meta name=\"robots\" content=\"index, follow, max-snippet:-1, max-image-preview:large, max-video-preview:-1\" \/>\n<link rel=\"canonical\" href=\"https:\/\/evertonfc.cz\/index.php\/2011\/03\/11\/tehdy-a-dnes-stuart-barlow\/\" \/>\n<meta property=\"og:locale\" content=\"cs_CZ\" \/>\n<meta property=\"og:type\" content=\"article\" \/>\n<meta property=\"og:title\" content=\"Tehdy a dnes: Stuart Barlow - Official Czech &amp; Slovak Everton Supporters&#039; Club\" \/>\n<meta property=\"og:description\" content=\"Jsou to \u010dty\u0159i roky, co se b\u00fdval\u00fd \u00fato\u010dn\u00edk Evertonu naposled objevil na h\u0159i\u0161ti v dresu sv\u00e9ho posledn\u00edho klubu &#8211; Morecambe.&hellip;\" \/>\n<meta property=\"og:url\" content=\"https:\/\/evertonfc.cz\/index.php\/2011\/03\/11\/tehdy-a-dnes-stuart-barlow\/\" \/>\n<meta property=\"og:site_name\" content=\"Official Czech &amp; Slovak Everton Supporters&#039; Club\" \/>\n<meta property=\"article:publisher\" content=\"https:\/\/www.facebook.com\/everton.fans.cz.sk\" \/>\n<meta property=\"article:published_time\" content=\"2011-03-11T19:51:04+00:00\" \/>\n<meta property=\"article:modified_time\" content=\"2019-02-12T19:53:11+00:00\" \/>\n<meta property=\"og:image\" content=\"https:\/\/evertonfc.cz\/wp-content\/uploads\/2019\/01\/interview.jpg\" \/>\n\t<meta property=\"og:image:width\" content=\"720\" \/>\n\t<meta property=\"og:image:height\" content=\"405\" \/>\n\t<meta property=\"og:image:type\" content=\"image\/jpeg\" \/>\n<meta name=\"author\" content=\"Me\u0148a\" \/>\n<meta name=\"twitter:card\" content=\"summary_large_image\" \/>\n<meta name=\"twitter:label1\" content=\"Napsal(a)\" \/>\n\t<meta name=\"twitter:data1\" content=\"Me\u0148a\" \/>\n\t<meta name=\"twitter:label2\" content=\"Odhadovan\u00e1 doba \u010dten\u00ed\" \/>\n\t<meta name=\"twitter:data2\" content=\"4 minuty\" \/>\n<script type=\"application\/ld+json\" class=\"yoast-schema-graph\">{\"@context\":\"https:\/\/schema.org\",\"@graph\":[{\"@type\":\"Article\",\"@id\":\"https:\/\/evertonfc.cz\/index.php\/2011\/03\/11\/tehdy-a-dnes-stuart-barlow\/#article\",\"isPartOf\":{\"@id\":\"https:\/\/evertonfc.cz\/index.php\/2011\/03\/11\/tehdy-a-dnes-stuart-barlow\/\"},\"author\":{\"name\":\"Me\u0148a\",\"@id\":\"https:\/\/evertonfc.cz\/#\/schema\/person\/cd6328a75577de2add7793fd4b0930c3\"},\"headline\":\"Tehdy a dnes: Stuart Barlow\",\"datePublished\":\"2011-03-11T19:51:04+00:00\",\"dateModified\":\"2019-02-12T19:53:11+00:00\",\"mainEntityOfPage\":{\"@id\":\"https:\/\/evertonfc.cz\/index.php\/2011\/03\/11\/tehdy-a-dnes-stuart-barlow\/\"},\"wordCount\":815,\"commentCount\":0,\"publisher\":{\"@id\":\"https:\/\/evertonfc.cz\/#organization\"},\"image\":{\"@id\":\"https:\/\/evertonfc.cz\/index.php\/2011\/03\/11\/tehdy-a-dnes-stuart-barlow\/#primaryimage\"},\"thumbnailUrl\":\"https:\/\/evertonfc.cz\/wp-content\/uploads\/2019\/01\/interview.jpg\",\"articleSection\":[\"Aktuality\",\"Rozhovory\"],\"inLanguage\":\"cs\",\"potentialAction\":[{\"@type\":\"CommentAction\",\"name\":\"Comment\",\"target\":[\"https:\/\/evertonfc.cz\/index.php\/2011\/03\/11\/tehdy-a-dnes-stuart-barlow\/#respond\"]}]},{\"@type\":\"WebPage\",\"@id\":\"https:\/\/evertonfc.cz\/index.php\/2011\/03\/11\/tehdy-a-dnes-stuart-barlow\/\",\"url\":\"https:\/\/evertonfc.cz\/index.php\/2011\/03\/11\/tehdy-a-dnes-stuart-barlow\/\",\"name\":\"Tehdy a dnes: Stuart Barlow - Official Czech &amp; Slovak Everton Supporters&#039; Club\",\"isPartOf\":{\"@id\":\"https:\/\/evertonfc.cz\/#website\"},\"primaryImageOfPage\":{\"@id\":\"https:\/\/evertonfc.cz\/index.php\/2011\/03\/11\/tehdy-a-dnes-stuart-barlow\/#primaryimage\"},\"image\":{\"@id\":\"https:\/\/evertonfc.cz\/index.php\/2011\/03\/11\/tehdy-a-dnes-stuart-barlow\/#primaryimage\"},\"thumbnailUrl\":\"https:\/\/evertonfc.cz\/wp-content\/uploads\/2019\/01\/interview.jpg\",\"datePublished\":\"2011-03-11T19:51:04+00:00\",\"dateModified\":\"2019-02-12T19:53:11+00:00\",\"breadcrumb\":{\"@id\":\"https:\/\/evertonfc.cz\/index.php\/2011\/03\/11\/tehdy-a-dnes-stuart-barlow\/#breadcrumb\"},\"inLanguage\":\"cs\",\"potentialAction\":[{\"@type\":\"ReadAction\",\"target\":[\"https:\/\/evertonfc.cz\/index.php\/2011\/03\/11\/tehdy-a-dnes-stuart-barlow\/\"]}]},{\"@type\":\"ImageObject\",\"inLanguage\":\"cs\",\"@id\":\"https:\/\/evertonfc.cz\/index.php\/2011\/03\/11\/tehdy-a-dnes-stuart-barlow\/#primaryimage\",\"url\":\"https:\/\/evertonfc.cz\/wp-content\/uploads\/2019\/01\/interview.jpg\",\"contentUrl\":\"https:\/\/evertonfc.cz\/wp-content\/uploads\/2019\/01\/interview.jpg\",\"width\":720,\"height\":405},{\"@type\":\"BreadcrumbList\",\"@id\":\"https:\/\/evertonfc.cz\/index.php\/2011\/03\/11\/tehdy-a-dnes-stuart-barlow\/#breadcrumb\",\"itemListElement\":[{\"@type\":\"ListItem\",\"position\":1,\"name\":\"Home\",\"item\":\"https:\/\/evertonfc.cz\/\"},{\"@type\":\"ListItem\",\"position\":2,\"name\":\"Tehdy a dnes: Stuart Barlow\"}]},{\"@type\":\"WebSite\",\"@id\":\"https:\/\/evertonfc.cz\/#website\",\"url\":\"https:\/\/evertonfc.cz\/\",\"name\":\"Official Czech &amp; Slovak Everton Supporters&#039; Club\",\"description\":\"\",\"publisher\":{\"@id\":\"https:\/\/evertonfc.cz\/#organization\"},\"potentialAction\":[{\"@type\":\"SearchAction\",\"target\":{\"@type\":\"EntryPoint\",\"urlTemplate\":\"https:\/\/evertonfc.cz\/?s={search_term_string}\"},\"query-input\":{\"@type\":\"PropertyValueSpecification\",\"valueRequired\":true,\"valueName\":\"search_term_string\"}}],\"inLanguage\":\"cs\"},{\"@type\":\"Organization\",\"@id\":\"https:\/\/evertonfc.cz\/#organization\",\"name\":\"Official Czech & Slovak Everton Supporters' Club\",\"url\":\"https:\/\/evertonfc.cz\/\",\"logo\":{\"@type\":\"ImageObject\",\"inLanguage\":\"cs\",\"@id\":\"https:\/\/evertonfc.cz\/#\/schema\/logo\/image\/\",\"url\":\"https:\/\/evertonfc.cz\/wp-content\/uploads\/2019\/05\/logo.png\",\"contentUrl\":\"https:\/\/evertonfc.cz\/wp-content\/uploads\/2019\/05\/logo.png\",\"width\":112,\"height\":112,\"caption\":\"Official Czech & Slovak Everton Supporters' Club\"},\"image\":{\"@id\":\"https:\/\/evertonfc.cz\/#\/schema\/logo\/image\/\"},\"sameAs\":[\"https:\/\/www.facebook.com\/everton.fans.cz.sk\"]},{\"@type\":\"Person\",\"@id\":\"https:\/\/evertonfc.cz\/#\/schema\/person\/cd6328a75577de2add7793fd4b0930c3\",\"name\":\"Me\u0148a\",\"url\":\"https:\/\/evertonfc.cz\/index.php\/author\/mena\/\"}]}<\/script>\n<!-- \/ Yoast SEO plugin. -->","yoast_head_json":{"title":"Tehdy a dnes: Stuart Barlow - Official Czech &amp; Slovak Everton Supporters&#039; Club","robots":{"index":"index","follow":"follow","max-snippet":"max-snippet:-1","max-image-preview":"max-image-preview:large","max-video-preview":"max-video-preview:-1"},"canonical":"https:\/\/evertonfc.cz\/index.php\/2011\/03\/11\/tehdy-a-dnes-stuart-barlow\/","og_locale":"cs_CZ","og_type":"article","og_title":"Tehdy a dnes: Stuart Barlow - Official Czech &amp; Slovak Everton Supporters&#039; Club","og_description":"Jsou to \u010dty\u0159i roky, co se b\u00fdval\u00fd \u00fato\u010dn\u00edk Evertonu naposled objevil na h\u0159i\u0161ti v dresu sv\u00e9ho posledn\u00edho klubu &#8211; Morecambe.&hellip;","og_url":"https:\/\/evertonfc.cz\/index.php\/2011\/03\/11\/tehdy-a-dnes-stuart-barlow\/","og_site_name":"Official Czech &amp; Slovak Everton Supporters&#039; Club","article_publisher":"https:\/\/www.facebook.com\/everton.fans.cz.sk","article_published_time":"2011-03-11T19:51:04+00:00","article_modified_time":"2019-02-12T19:53:11+00:00","og_image":[{"width":720,"height":405,"url":"https:\/\/evertonfc.cz\/wp-content\/uploads\/2019\/01\/interview.jpg","type":"image\/jpeg"}],"author":"Me\u0148a","twitter_card":"summary_large_image","twitter_misc":{"Napsal(a)":"Me\u0148a","Odhadovan\u00e1 doba \u010dten\u00ed":"4 minuty"},"schema":{"@context":"https:\/\/schema.org","@graph":[{"@type":"Article","@id":"https:\/\/evertonfc.cz\/index.php\/2011\/03\/11\/tehdy-a-dnes-stuart-barlow\/#article","isPartOf":{"@id":"https:\/\/evertonfc.cz\/index.php\/2011\/03\/11\/tehdy-a-dnes-stuart-barlow\/"},"author":{"name":"Me\u0148a","@id":"https:\/\/evertonfc.cz\/#\/schema\/person\/cd6328a75577de2add7793fd4b0930c3"},"headline":"Tehdy a dnes: Stuart Barlow","datePublished":"2011-03-11T19:51:04+00:00","dateModified":"2019-02-12T19:53:11+00:00","mainEntityOfPage":{"@id":"https:\/\/evertonfc.cz\/index.php\/2011\/03\/11\/tehdy-a-dnes-stuart-barlow\/"},"wordCount":815,"commentCount":0,"publisher":{"@id":"https:\/\/evertonfc.cz\/#organization"},"image":{"@id":"https:\/\/evertonfc.cz\/index.php\/2011\/03\/11\/tehdy-a-dnes-stuart-barlow\/#primaryimage"},"thumbnailUrl":"https:\/\/evertonfc.cz\/wp-content\/uploads\/2019\/01\/interview.jpg","articleSection":["Aktuality","Rozhovory"],"inLanguage":"cs","potentialAction":[{"@type":"CommentAction","name":"Comment","target":["https:\/\/evertonfc.cz\/index.php\/2011\/03\/11\/tehdy-a-dnes-stuart-barlow\/#respond"]}]},{"@type":"WebPage","@id":"https:\/\/evertonfc.cz\/index.php\/2011\/03\/11\/tehdy-a-dnes-stuart-barlow\/","url":"https:\/\/evertonfc.cz\/index.php\/2011\/03\/11\/tehdy-a-dnes-stuart-barlow\/","name":"Tehdy a dnes: Stuart Barlow - Official Czech &amp; Slovak Everton Supporters&#039; Club","isPartOf":{"@id":"https:\/\/evertonfc.cz\/#website"},"primaryImageOfPage":{"@id":"https:\/\/evertonfc.cz\/index.php\/2011\/03\/11\/tehdy-a-dnes-stuart-barlow\/#primaryimage"},"image":{"@id":"https:\/\/evertonfc.cz\/index.php\/2011\/03\/11\/tehdy-a-dnes-stuart-barlow\/#primaryimage"},"thumbnailUrl":"https:\/\/evertonfc.cz\/wp-content\/uploads\/2019\/01\/interview.jpg","datePublished":"2011-03-11T19:51:04+00:00","dateModified":"2019-02-12T19:53:11+00:00","breadcrumb":{"@id":"https:\/\/evertonfc.cz\/index.php\/2011\/03\/11\/tehdy-a-dnes-stuart-barlow\/#breadcrumb"},"inLanguage":"cs","potentialAction":[{"@type":"ReadAction","target":["https:\/\/evertonfc.cz\/index.php\/2011\/03\/11\/tehdy-a-dnes-stuart-barlow\/"]}]},{"@type":"ImageObject","inLanguage":"cs","@id":"https:\/\/evertonfc.cz\/index.php\/2011\/03\/11\/tehdy-a-dnes-stuart-barlow\/#primaryimage","url":"https:\/\/evertonfc.cz\/wp-content\/uploads\/2019\/01\/interview.jpg","contentUrl":"https:\/\/evertonfc.cz\/wp-content\/uploads\/2019\/01\/interview.jpg","width":720,"height":405},{"@type":"BreadcrumbList","@id":"https:\/\/evertonfc.cz\/index.php\/2011\/03\/11\/tehdy-a-dnes-stuart-barlow\/#breadcrumb","itemListElement":[{"@type":"ListItem","position":1,"name":"Home","item":"https:\/\/evertonfc.cz\/"},{"@type":"ListItem","position":2,"name":"Tehdy a dnes: Stuart Barlow"}]},{"@type":"WebSite","@id":"https:\/\/evertonfc.cz\/#website","url":"https:\/\/evertonfc.cz\/","name":"Official Czech &amp; Slovak Everton Supporters&#039; Club","description":"","publisher":{"@id":"https:\/\/evertonfc.cz\/#organization"},"potentialAction":[{"@type":"SearchAction","target":{"@type":"EntryPoint","urlTemplate":"https:\/\/evertonfc.cz\/?s={search_term_string}"},"query-input":{"@type":"PropertyValueSpecification","valueRequired":true,"valueName":"search_term_string"}}],"inLanguage":"cs"},{"@type":"Organization","@id":"https:\/\/evertonfc.cz\/#organization","name":"Official Czech & Slovak Everton Supporters' Club","url":"https:\/\/evertonfc.cz\/","logo":{"@type":"ImageObject","inLanguage":"cs","@id":"https:\/\/evertonfc.cz\/#\/schema\/logo\/image\/","url":"https:\/\/evertonfc.cz\/wp-content\/uploads\/2019\/05\/logo.png","contentUrl":"https:\/\/evertonfc.cz\/wp-content\/uploads\/2019\/05\/logo.png","width":112,"height":112,"caption":"Official Czech & Slovak Everton Supporters' Club"},"image":{"@id":"https:\/\/evertonfc.cz\/#\/schema\/logo\/image\/"},"sameAs":["https:\/\/www.facebook.com\/everton.fans.cz.sk"]},{"@type":"Person","@id":"https:\/\/evertonfc.cz\/#\/schema\/person\/cd6328a75577de2add7793fd4b0930c3","name":"Me\u0148a","url":"https:\/\/evertonfc.cz\/index.php\/author\/mena\/"}]}},"_links":{"self":[{"href":"https:\/\/evertonfc.cz\/index.php\/wp-json\/wp\/v2\/posts\/4129"}],"collection":[{"href":"https:\/\/evertonfc.cz\/index.php\/wp-json\/wp\/v2\/posts"}],"about":[{"href":"https:\/\/evertonfc.cz\/index.php\/wp-json\/wp\/v2\/types\/post"}],"author":[{"embeddable":true,"href":"https:\/\/evertonfc.cz\/index.php\/wp-json\/wp\/v2\/users\/7"}],"replies":[{"embeddable":true,"href":"https:\/\/evertonfc.cz\/index.php\/wp-json\/wp\/v2\/comments?post=4129"}],"version-history":[{"count":1,"href":"https:\/\/evertonfc.cz\/index.php\/wp-json\/wp\/v2\/posts\/4129\/revisions"}],"predecessor-version":[{"id":4132,"href":"https:\/\/evertonfc.cz\/index.php\/wp-json\/wp\/v2\/posts\/4129\/revisions\/4132"}],"wp:featuredmedia":[{"embeddable":true,"href":"https:\/\/evertonfc.cz\/index.php\/wp-json\/wp\/v2\/media\/1312"}],"wp:attachment":[{"href":"https:\/\/evertonfc.cz\/index.php\/wp-json\/wp\/v2\/media?parent=4129"}],"wp:term":[{"taxonomy":"category","embeddable":true,"href":"https:\/\/evertonfc.cz\/index.php\/wp-json\/wp\/v2\/categories?post=4129"},{"taxonomy":"post_tag","embeddable":true,"href":"https:\/\/evertonfc.cz\/index.php\/wp-json\/wp\/v2\/tags?post=4129"}],"curies":[{"name":"wp","href":"https:\/\/api.w.org\/{rel}","templated":true}]}}