{"id":4133,"date":"2011-03-10T20:53:20","date_gmt":"2011-03-10T19:53:20","guid":{"rendered":"http:\/\/evertonfc.cz\/?p=4133"},"modified":"2019-02-12T20:55:36","modified_gmt":"2019-02-12T19:55:36","slug":"20-otazek-pro-tima-cahilla","status":"publish","type":"post","link":"https:\/\/evertonfc.cz\/index.php\/2011\/03\/10\/20-otazek-pro-tima-cahilla\/","title":{"rendered":"20 ot\u00e1zek pro Tima Cahilla"},"content":{"rendered":"<h4>Dal\u0161\u00edm ze z\u00e1stupu t\u011bch, kter\u00fdm byla polo\u017eena dvac\u00edtka ot\u00e1zek r\u016fznorod\u00e9ho charakteru, je n\u00e1\u0161 boxuj\u00edc\u00ed australsk\u00fd symbol, Tim Cahill.<\/h4>\n<p><strong>Kolik p\u00e1r\u016f kopa\u010dek m\u00e1\u0161 doma?<\/strong><br \/>\nSb\u00edr\u00e1m v\u0161echny boty, tak\u017ee hodn\u011b! M\u00e1m kopa\u010dky je\u0161t\u011b z fin\u00e1le FA Cupu 2004, kam jsme do\u0161li s Millwallem a m\u00e1m i ty, se kter\u00fdmi jsem dal g\u00f3l v derby a tak d\u00e1le. Mysl\u00edm, \u017ee pokud bych spo\u010d\u00edtal v\u0161echny boty, kter\u00e9 b\u011b\u017en\u011b nos\u00edm a ty, kter\u00e9 m\u00e1m schovan\u00e9, dostal bych se ke stovce. M\u00fdm obl\u00edben\u00fdm p\u00e1rem je ten, ve kter\u00e9m jsem na mistrovstv\u00ed sv\u011bta 2006 vst\u0159elil dva g\u00f3ly Japonsku. Ty, kter\u00e9 mi pomohly ke g\u00f3lu v derby z\u00e1pasech jsou ale samoz\u0159ejm\u011b taky extra speci\u00e1ln\u00ed.<\/p>\n<p><strong>Tvoje obl\u00edben\u00e1 pr\u00e1zdninov\u00e1 destinace?<\/strong><br \/>\nJednoduch\u00e9 &#8211; Las Vegas. R\u016fzn\u00e9 show, nakupov\u00e1n\u00ed, po\u010das\u00ed, restaurace, golf&#8230; je tam v\u0161echno! Je to nejlep\u0161\u00ed m\u00edsto na sv\u011bt\u011b. Jezd\u00edm tak poka\u017ed\u00e9, kdy\u017e se naskytne p\u0159\u00edle\u017eitost.<\/p>\n<p><strong>Jak\u00fd talent, krom fotbalu, bys cht\u011bl m\u00edt?<\/strong><br \/>\nR\u00e1d bych zachra\u0148oval \u017eivoty. Mo\u017en\u00e1 n\u011bco jako superhrdina. Pokud by se n\u011bkdo ocitl v ohro\u017een\u00ed, bylo by skv\u011bl\u00e9 se prost\u011b zjevit a zachr\u00e1nit n\u011bkomu \u017eivot. Byla by to nedoceniteln\u00e1 schopnost, ne?<\/p>\n<p><strong>Doposud nejlep\u0161\u00ed moment leto\u0161n\u00ed sezony?<\/strong><br \/>\nG\u00f3l proti Liverpoolu na Goodisonu, kv\u016fli jeho hodnot\u011b v t\u00e9 f\u00e1zi sezony. Pokud bychom nevyhr\u00e1li, byli bychom v hodn\u011b o\u0161emetn\u00e9 situaci, tak\u017ee d\u00edky v\u00fdh\u0159e z n\u00e1s trochu spadl tlak. D\u00e1t g\u00f3l v jak\u00e9mkoliv derby je speci\u00e1ln\u00ed, je to nejlep\u0161\u00ed pocit. M\u011bl jsem \u0161t\u011bst\u00ed, \u017ee se mi to u\u017e n\u011bkolikr\u00e1t povedlo a na t\u011bchto g\u00f3lech mi opravdu z\u00e1le\u017e\u00ed.<\/p>\n<p><strong>Tvoje \u0161\u0165astn\u00e9 \u010d\u00edslo?<\/strong><br \/>\nM\u00e1m dv\u011b &#8211; 4 a 17. Se \u010dty\u0159kou hraji za Austr\u00e1lii a se sedmn\u00e1ctkou za Everton. Sv\u00fdm \u010d\u00edsl\u016fm v\u011b\u0159\u00edm, proto\u017ee tyhle dv\u011b se na ruletn\u00edm stole objevuj\u00ed docela \u010dasto!<\/p>\n<p><strong>Obl\u00edben\u00e1 hra\u010di\u010dka?<\/strong><br \/>\nM\u016fj iPad. Je fantastick\u00fd. D\u011bti ho miluj\u00ed, j\u00e1 ho miluji. M\u00e1 v\u0161echno, co na n\u011bm pot\u0159ebujete, ale v\u00edcem\u00e9n\u011b ho nejv\u00edce pou\u017e\u00edv\u00e1me k hran\u00ed her nebo sledov\u00e1n\u00ed film\u016f.<\/p>\n<p><strong>Jak\u00fd sport m\u00e1\u0161 krom fotbalu r\u00e1d? Fand\u00ed\u0161 n\u011bkomu?<\/strong><br \/>\nM\u00e1m r\u00e1d ka\u017ed\u00fd sport, ale nejrad\u011bji m\u00e1m ragby, kriket a box. Mysl\u00edm, \u017ee v\u011bt\u0161ina fotbalist\u016f m\u00e1 jin\u00e9 sporty r\u00e1da, proto\u017ee rozum\u011bj\u00ed sout\u011b\u017eivosti, kter\u00e1 je nutn\u00e1 k \u00fasp\u011bchu. Z t\u00fdm\u016f m\u00e1m r\u00e1d West Tigers z Austr\u00e1lie, kte\u0159\u00ed hraj\u00ed ragby. B\u011bhem lo\u0148sk\u00e9 p\u0159\u00edpravy v Austr\u00e1lii jsme vyu\u017eili jejich stadion k tr\u00e9ninku.<\/p>\n<p><strong>Tv\u016fj prvn\u00ed dom\u00e1c\u00ed mazl\u00ed\u010dek?<\/strong><br \/>\nM\u011bl jsem zlatou rybku, kdy\u017e jsem byl mal\u00fd kluk.<\/p>\n<p><strong>Ka\u017ed\u00fd miluje tvoji praporkovou oslavu. Jak\u00e1 je ale nejlep\u0161\u00ed oslava g\u00f3lu, kterou jsi vid\u011bl u jin\u00fdch?<\/strong><br \/>\nTa, kde n\u011bkdo p\u0159edst\u00edral, \u017ee ryba\u0159\u00ed&#8230; Nahod\u00ed udici, p\u0159edst\u00edraj\u00ed, \u017ee chyt\u00ed rybu a pak ji namotaj\u00ed zp\u00e1tky. Vypadalo to skv\u011ble, ale nemysl\u00edm, \u017ee bych n\u011bco takov\u00e9ho n\u011bkdy s\u00e1m vyzkou\u0161el!<\/p>\n<p><strong>Posledn\u00ed v\u011bc, kterou d\u011bl\u00e1\u0161 p\u0159ed v\u00fdkopem?<\/strong><br \/>\nPoka\u017ed\u00e9 se sna\u017e\u00edm v hledi\u0161ti naj\u00edt rodinu a zam\u00e1vat jim. Na Goodisonu je to o dost jednodu\u0161\u0161\u00ed, proto\u017ee sed\u00ed v boxu a v\u00edm p\u0159esn\u011b, kde je m\u00e1m hledat.<\/p>\n<p><strong>Kdy naposled jsi zaplatil za sledov\u00e1n\u00ed fotbalov\u00e9ho z\u00e1pasu?<\/strong><br \/>\nV l\u00e9t\u011b, kdy jsem za\u0161el na z\u00e1pas sv\u00e9ho synovce.<\/p>\n<p><strong>Posledn\u00ed film, kter\u00fd jsi vid\u011bl v kin\u011b?<\/strong><br \/>\nNa doraz se Zachem Galifianakisem, chl\u00e1pkem, kter\u00fd hr\u00e1l Alana v Pa\u0159b\u011b ve Vegas. Byla to z\u00e1bava, Zach je skv\u011bl\u00fd komik. Hodn\u011b mi p\u0159ipom\u00edn\u00e1 Bainesyho! Do kina jinak chod\u00edm docela \u010dasto, proto\u017ee d\u011bti to miluj\u00ed.<\/p>\n<p><strong>Tv\u016fj obl\u00edben\u00fd televizn\u00ed po\u0159ad z d\u011btstv\u00ed a dnes?<\/strong><br \/>\nJako kluk jsem miloval Flinstoneovy a \u0160mouly. Te\u010f r\u00e1d kouk\u00e1m na Vincent\u016fv sv\u011bt. Je to americk\u00e1 drama-komedie o part\u011b mlad\u00fdch herc\u016f.<\/p>\n<p><strong>Kdo je podle tebe nejlep\u0161\u00edm fotbalistou\/t\u00fdmem sv\u011bta?<\/strong><br \/>\nBarcelonu bych mohl sledovat jak je den dlouh\u00fd. Jejich fotbal je neuv\u011b\u0159iteln\u00fd a v\u00fdhra 5-0 nad Realem byl zkr\u00e1tka dokonal\u00fd v\u00fdkon. Nejlep\u0161\u00ed hr\u00e1\u010d? Mus\u00ed to b\u00fdt Messi.<\/p>\n<p><strong>Kdo by byl ve tv\u00e9m snov\u00e9m p\u011bti\u010dlenn\u00e9m t\u00fdmu?<\/strong><br \/>\nWalter Zenga, Franco Baresi, Diego Maradona, Marco van Basten&#8230; a j\u00e1!<\/p>\n<p><strong>Hodina v posilovn\u011b nebo hodina b\u011bhu?<\/strong><br \/>\nJednozna\u010dn\u011b posilovna. M\u016f\u017eete regulovat teplotu, a to mi vyhovuje v\u00edc, ne\u017e abych mrzl venku!<\/p>\n<p><strong>Jak\u00e9 by bylo tvoje ide\u00e1ln\u00ed zam\u011bstn\u00e1n\u00ed, pokud by jsi nebyl fotbalista?<\/strong><br \/>\nNejsp\u00ed\u0161 herec.<\/p>\n<p><strong>Jakou hudbu poslouch\u00e1\u0161?<\/strong><br \/>\nJako hodn\u011b hr\u00e1\u010d\u016f v Evertonu nej\u010dast\u011bji poslouch\u00e1m R&#8217;n&#8217;B. V \u0161atn\u011b v\u017edycky n\u011bjak\u00e1 hudba hraje, a\u010dkoliv ka\u017ed\u00fd m\u00e1 svoje chut\u011b.<\/p>\n<p><strong>Co t\u011b rozesm\u011bje?<\/strong><br \/>\nV Evertonu Bainesy. Doma m\u00ed kluci. S Bainesym je stra\u0161n\u00e1 legrace. Mo\u017en\u00e1 tak nevypad\u00e1, ale je to opravdu vtipn\u00fd kluk. Pro m\u011b je tohle moc d\u016fle\u017eit\u00e9, proto\u017ee to napom\u00e1h\u00e1 duchu cel\u00e9ho t\u00fdmu. V\u017edycky se sna\u017e\u00edm udr\u017eet ostatn\u00ed kluky v dobr\u00e9 n\u00e1lad\u011b, a\u0165 u\u017e se da\u0159\u00ed nebo ne a takov\u00ed jako Bainesy, tomu hodn\u011b pom\u00e1haj\u00ed. Moji kluci m\u011b zase rozesm\u00edvaj\u00ed non-stop. \u017de bych se s nimi nudil? To nezn\u00e1m!<\/p>\n<p><strong>Tv\u016fj nejlep\u0161\u00ed p\u0159\u00edtel v klubu?<\/strong><br \/>\nJsem si bl\u00edzk\u00fd s Mikelem Artetou a Philem Nevillem, ale stejn\u011b bych musel nakonec \u0159\u00edct v\u0161echny!<\/p>\n","protected":false},"excerpt":{"rendered":"<p>Dal\u0161\u00edm ze z\u00e1stupu t\u011bch, kter\u00fdm byla polo\u017eena dvac\u00edtka ot\u00e1zek r\u016fznorod\u00e9ho charakteru, je n\u00e1\u0161 boxuj\u00edc\u00ed australsk\u00fd symbol, Tim Cahill. Kolik p\u00e1r\u016f&hellip;<\/p>\n","protected":false},"author":7,"featured_media":1312,"comment_status":"open","ping_status":"closed","sticky":false,"template":"","format":"standard","meta":{"_eb_attr":"","_monsterinsights_skip_tracking":false,"_monsterinsights_sitenote_active":false,"_monsterinsights_sitenote_note":"","_monsterinsights_sitenote_category":0,"footnotes":""},"categories":[1],"tags":[],"yoast_head":"<!-- This site is optimized with the Yoast SEO plugin v23.4 - https:\/\/yoast.com\/wordpress\/plugins\/seo\/ -->\n<title>20 ot\u00e1zek pro Tima Cahilla - Official Czech &amp; Slovak Everton Supporters&#039; Club<\/title>\n<meta name=\"robots\" content=\"index, follow, max-snippet:-1, max-image-preview:large, max-video-preview:-1\" \/>\n<link rel=\"canonical\" href=\"https:\/\/evertonfc.cz\/index.php\/2011\/03\/10\/20-otazek-pro-tima-cahilla\/\" \/>\n<meta property=\"og:locale\" content=\"cs_CZ\" \/>\n<meta property=\"og:type\" content=\"article\" \/>\n<meta property=\"og:title\" content=\"20 ot\u00e1zek pro Tima Cahilla - Official Czech &amp; Slovak Everton Supporters&#039; Club\" \/>\n<meta property=\"og:description\" content=\"Dal\u0161\u00edm ze z\u00e1stupu t\u011bch, kter\u00fdm byla polo\u017eena dvac\u00edtka ot\u00e1zek r\u016fznorod\u00e9ho charakteru, je n\u00e1\u0161 boxuj\u00edc\u00ed australsk\u00fd symbol, Tim Cahill. Kolik p\u00e1r\u016f&hellip;\" \/>\n<meta property=\"og:url\" content=\"https:\/\/evertonfc.cz\/index.php\/2011\/03\/10\/20-otazek-pro-tima-cahilla\/\" \/>\n<meta property=\"og:site_name\" content=\"Official Czech &amp; Slovak Everton Supporters&#039; Club\" \/>\n<meta property=\"article:publisher\" content=\"https:\/\/www.facebook.com\/everton.fans.cz.sk\" \/>\n<meta property=\"article:published_time\" content=\"2011-03-10T19:53:20+00:00\" \/>\n<meta property=\"article:modified_time\" content=\"2019-02-12T19:55:36+00:00\" \/>\n<meta property=\"og:image\" content=\"https:\/\/evertonfc.cz\/wp-content\/uploads\/2019\/01\/interview.jpg\" \/>\n\t<meta property=\"og:image:width\" content=\"720\" \/>\n\t<meta property=\"og:image:height\" content=\"405\" \/>\n\t<meta property=\"og:image:type\" content=\"image\/jpeg\" \/>\n<meta name=\"author\" content=\"Me\u0148a\" \/>\n<meta name=\"twitter:card\" content=\"summary_large_image\" \/>\n<meta name=\"twitter:label1\" content=\"Napsal(a)\" \/>\n\t<meta name=\"twitter:data1\" content=\"Me\u0148a\" \/>\n\t<meta name=\"twitter:label2\" content=\"Odhadovan\u00e1 doba \u010dten\u00ed\" \/>\n\t<meta name=\"twitter:data2\" content=\"5 minut\" \/>\n<script type=\"application\/ld+json\" class=\"yoast-schema-graph\">{\"@context\":\"https:\/\/schema.org\",\"@graph\":[{\"@type\":\"Article\",\"@id\":\"https:\/\/evertonfc.cz\/index.php\/2011\/03\/10\/20-otazek-pro-tima-cahilla\/#article\",\"isPartOf\":{\"@id\":\"https:\/\/evertonfc.cz\/index.php\/2011\/03\/10\/20-otazek-pro-tima-cahilla\/\"},\"author\":{\"name\":\"Me\u0148a\",\"@id\":\"https:\/\/evertonfc.cz\/#\/schema\/person\/cd6328a75577de2add7793fd4b0930c3\"},\"headline\":\"20 ot\u00e1zek pro Tima Cahilla\",\"datePublished\":\"2011-03-10T19:53:20+00:00\",\"dateModified\":\"2019-02-12T19:55:36+00:00\",\"mainEntityOfPage\":{\"@id\":\"https:\/\/evertonfc.cz\/index.php\/2011\/03\/10\/20-otazek-pro-tima-cahilla\/\"},\"wordCount\":980,\"commentCount\":0,\"publisher\":{\"@id\":\"https:\/\/evertonfc.cz\/#organization\"},\"image\":{\"@id\":\"https:\/\/evertonfc.cz\/index.php\/2011\/03\/10\/20-otazek-pro-tima-cahilla\/#primaryimage\"},\"thumbnailUrl\":\"https:\/\/evertonfc.cz\/wp-content\/uploads\/2019\/01\/interview.jpg\",\"articleSection\":[\"Rozhovory\"],\"inLanguage\":\"cs\",\"potentialAction\":[{\"@type\":\"CommentAction\",\"name\":\"Comment\",\"target\":[\"https:\/\/evertonfc.cz\/index.php\/2011\/03\/10\/20-otazek-pro-tima-cahilla\/#respond\"]}]},{\"@type\":\"WebPage\",\"@id\":\"https:\/\/evertonfc.cz\/index.php\/2011\/03\/10\/20-otazek-pro-tima-cahilla\/\",\"url\":\"https:\/\/evertonfc.cz\/index.php\/2011\/03\/10\/20-otazek-pro-tima-cahilla\/\",\"name\":\"20 ot\u00e1zek pro Tima Cahilla - Official Czech &amp; Slovak Everton Supporters&#039; Club\",\"isPartOf\":{\"@id\":\"https:\/\/evertonfc.cz\/#website\"},\"primaryImageOfPage\":{\"@id\":\"https:\/\/evertonfc.cz\/index.php\/2011\/03\/10\/20-otazek-pro-tima-cahilla\/#primaryimage\"},\"image\":{\"@id\":\"https:\/\/evertonfc.cz\/index.php\/2011\/03\/10\/20-otazek-pro-tima-cahilla\/#primaryimage\"},\"thumbnailUrl\":\"https:\/\/evertonfc.cz\/wp-content\/uploads\/2019\/01\/interview.jpg\",\"datePublished\":\"2011-03-10T19:53:20+00:00\",\"dateModified\":\"2019-02-12T19:55:36+00:00\",\"breadcrumb\":{\"@id\":\"https:\/\/evertonfc.cz\/index.php\/2011\/03\/10\/20-otazek-pro-tima-cahilla\/#breadcrumb\"},\"inLanguage\":\"cs\",\"potentialAction\":[{\"@type\":\"ReadAction\",\"target\":[\"https:\/\/evertonfc.cz\/index.php\/2011\/03\/10\/20-otazek-pro-tima-cahilla\/\"]}]},{\"@type\":\"ImageObject\",\"inLanguage\":\"cs\",\"@id\":\"https:\/\/evertonfc.cz\/index.php\/2011\/03\/10\/20-otazek-pro-tima-cahilla\/#primaryimage\",\"url\":\"https:\/\/evertonfc.cz\/wp-content\/uploads\/2019\/01\/interview.jpg\",\"contentUrl\":\"https:\/\/evertonfc.cz\/wp-content\/uploads\/2019\/01\/interview.jpg\",\"width\":720,\"height\":405},{\"@type\":\"BreadcrumbList\",\"@id\":\"https:\/\/evertonfc.cz\/index.php\/2011\/03\/10\/20-otazek-pro-tima-cahilla\/#breadcrumb\",\"itemListElement\":[{\"@type\":\"ListItem\",\"position\":1,\"name\":\"Home\",\"item\":\"https:\/\/evertonfc.cz\/\"},{\"@type\":\"ListItem\",\"position\":2,\"name\":\"20 ot\u00e1zek pro Tima Cahilla\"}]},{\"@type\":\"WebSite\",\"@id\":\"https:\/\/evertonfc.cz\/#website\",\"url\":\"https:\/\/evertonfc.cz\/\",\"name\":\"Official Czech &amp; Slovak Everton Supporters&#039; Club\",\"description\":\"\",\"publisher\":{\"@id\":\"https:\/\/evertonfc.cz\/#organization\"},\"potentialAction\":[{\"@type\":\"SearchAction\",\"target\":{\"@type\":\"EntryPoint\",\"urlTemplate\":\"https:\/\/evertonfc.cz\/?s={search_term_string}\"},\"query-input\":{\"@type\":\"PropertyValueSpecification\",\"valueRequired\":true,\"valueName\":\"search_term_string\"}}],\"inLanguage\":\"cs\"},{\"@type\":\"Organization\",\"@id\":\"https:\/\/evertonfc.cz\/#organization\",\"name\":\"Official Czech & Slovak Everton Supporters' Club\",\"url\":\"https:\/\/evertonfc.cz\/\",\"logo\":{\"@type\":\"ImageObject\",\"inLanguage\":\"cs\",\"@id\":\"https:\/\/evertonfc.cz\/#\/schema\/logo\/image\/\",\"url\":\"https:\/\/evertonfc.cz\/wp-content\/uploads\/2019\/05\/logo.png\",\"contentUrl\":\"https:\/\/evertonfc.cz\/wp-content\/uploads\/2019\/05\/logo.png\",\"width\":112,\"height\":112,\"caption\":\"Official Czech & Slovak Everton Supporters' Club\"},\"image\":{\"@id\":\"https:\/\/evertonfc.cz\/#\/schema\/logo\/image\/\"},\"sameAs\":[\"https:\/\/www.facebook.com\/everton.fans.cz.sk\"]},{\"@type\":\"Person\",\"@id\":\"https:\/\/evertonfc.cz\/#\/schema\/person\/cd6328a75577de2add7793fd4b0930c3\",\"name\":\"Me\u0148a\",\"url\":\"https:\/\/evertonfc.cz\/index.php\/author\/mena\/\"}]}<\/script>\n<!-- \/ Yoast SEO plugin. -->","yoast_head_json":{"title":"20 ot\u00e1zek pro Tima Cahilla - Official Czech &amp; Slovak Everton Supporters&#039; Club","robots":{"index":"index","follow":"follow","max-snippet":"max-snippet:-1","max-image-preview":"max-image-preview:large","max-video-preview":"max-video-preview:-1"},"canonical":"https:\/\/evertonfc.cz\/index.php\/2011\/03\/10\/20-otazek-pro-tima-cahilla\/","og_locale":"cs_CZ","og_type":"article","og_title":"20 ot\u00e1zek pro Tima Cahilla - Official Czech &amp; Slovak Everton Supporters&#039; Club","og_description":"Dal\u0161\u00edm ze z\u00e1stupu t\u011bch, kter\u00fdm byla polo\u017eena dvac\u00edtka ot\u00e1zek r\u016fznorod\u00e9ho charakteru, je n\u00e1\u0161 boxuj\u00edc\u00ed australsk\u00fd symbol, Tim Cahill. Kolik p\u00e1r\u016f&hellip;","og_url":"https:\/\/evertonfc.cz\/index.php\/2011\/03\/10\/20-otazek-pro-tima-cahilla\/","og_site_name":"Official Czech &amp; Slovak Everton Supporters&#039; Club","article_publisher":"https:\/\/www.facebook.com\/everton.fans.cz.sk","article_published_time":"2011-03-10T19:53:20+00:00","article_modified_time":"2019-02-12T19:55:36+00:00","og_image":[{"width":720,"height":405,"url":"https:\/\/evertonfc.cz\/wp-content\/uploads\/2019\/01\/interview.jpg","type":"image\/jpeg"}],"author":"Me\u0148a","twitter_card":"summary_large_image","twitter_misc":{"Napsal(a)":"Me\u0148a","Odhadovan\u00e1 doba \u010dten\u00ed":"5 minut"},"schema":{"@context":"https:\/\/schema.org","@graph":[{"@type":"Article","@id":"https:\/\/evertonfc.cz\/index.php\/2011\/03\/10\/20-otazek-pro-tima-cahilla\/#article","isPartOf":{"@id":"https:\/\/evertonfc.cz\/index.php\/2011\/03\/10\/20-otazek-pro-tima-cahilla\/"},"author":{"name":"Me\u0148a","@id":"https:\/\/evertonfc.cz\/#\/schema\/person\/cd6328a75577de2add7793fd4b0930c3"},"headline":"20 ot\u00e1zek pro Tima Cahilla","datePublished":"2011-03-10T19:53:20+00:00","dateModified":"2019-02-12T19:55:36+00:00","mainEntityOfPage":{"@id":"https:\/\/evertonfc.cz\/index.php\/2011\/03\/10\/20-otazek-pro-tima-cahilla\/"},"wordCount":980,"commentCount":0,"publisher":{"@id":"https:\/\/evertonfc.cz\/#organization"},"image":{"@id":"https:\/\/evertonfc.cz\/index.php\/2011\/03\/10\/20-otazek-pro-tima-cahilla\/#primaryimage"},"thumbnailUrl":"https:\/\/evertonfc.cz\/wp-content\/uploads\/2019\/01\/interview.jpg","articleSection":["Rozhovory"],"inLanguage":"cs","potentialAction":[{"@type":"CommentAction","name":"Comment","target":["https:\/\/evertonfc.cz\/index.php\/2011\/03\/10\/20-otazek-pro-tima-cahilla\/#respond"]}]},{"@type":"WebPage","@id":"https:\/\/evertonfc.cz\/index.php\/2011\/03\/10\/20-otazek-pro-tima-cahilla\/","url":"https:\/\/evertonfc.cz\/index.php\/2011\/03\/10\/20-otazek-pro-tima-cahilla\/","name":"20 ot\u00e1zek pro Tima Cahilla - Official Czech &amp; Slovak Everton Supporters&#039; Club","isPartOf":{"@id":"https:\/\/evertonfc.cz\/#website"},"primaryImageOfPage":{"@id":"https:\/\/evertonfc.cz\/index.php\/2011\/03\/10\/20-otazek-pro-tima-cahilla\/#primaryimage"},"image":{"@id":"https:\/\/evertonfc.cz\/index.php\/2011\/03\/10\/20-otazek-pro-tima-cahilla\/#primaryimage"},"thumbnailUrl":"https:\/\/evertonfc.cz\/wp-content\/uploads\/2019\/01\/interview.jpg","datePublished":"2011-03-10T19:53:20+00:00","dateModified":"2019-02-12T19:55:36+00:00","breadcrumb":{"@id":"https:\/\/evertonfc.cz\/index.php\/2011\/03\/10\/20-otazek-pro-tima-cahilla\/#breadcrumb"},"inLanguage":"cs","potentialAction":[{"@type":"ReadAction","target":["https:\/\/evertonfc.cz\/index.php\/2011\/03\/10\/20-otazek-pro-tima-cahilla\/"]}]},{"@type":"ImageObject","inLanguage":"cs","@id":"https:\/\/evertonfc.cz\/index.php\/2011\/03\/10\/20-otazek-pro-tima-cahilla\/#primaryimage","url":"https:\/\/evertonfc.cz\/wp-content\/uploads\/2019\/01\/interview.jpg","contentUrl":"https:\/\/evertonfc.cz\/wp-content\/uploads\/2019\/01\/interview.jpg","width":720,"height":405},{"@type":"BreadcrumbList","@id":"https:\/\/evertonfc.cz\/index.php\/2011\/03\/10\/20-otazek-pro-tima-cahilla\/#breadcrumb","itemListElement":[{"@type":"ListItem","position":1,"name":"Home","item":"https:\/\/evertonfc.cz\/"},{"@type":"ListItem","position":2,"name":"20 ot\u00e1zek pro Tima Cahilla"}]},{"@type":"WebSite","@id":"https:\/\/evertonfc.cz\/#website","url":"https:\/\/evertonfc.cz\/","name":"Official Czech &amp; Slovak Everton Supporters&#039; Club","description":"","publisher":{"@id":"https:\/\/evertonfc.cz\/#organization"},"potentialAction":[{"@type":"SearchAction","target":{"@type":"EntryPoint","urlTemplate":"https:\/\/evertonfc.cz\/?s={search_term_string}"},"query-input":{"@type":"PropertyValueSpecification","valueRequired":true,"valueName":"search_term_string"}}],"inLanguage":"cs"},{"@type":"Organization","@id":"https:\/\/evertonfc.cz\/#organization","name":"Official Czech & Slovak Everton Supporters' Club","url":"https:\/\/evertonfc.cz\/","logo":{"@type":"ImageObject","inLanguage":"cs","@id":"https:\/\/evertonfc.cz\/#\/schema\/logo\/image\/","url":"https:\/\/evertonfc.cz\/wp-content\/uploads\/2019\/05\/logo.png","contentUrl":"https:\/\/evertonfc.cz\/wp-content\/uploads\/2019\/05\/logo.png","width":112,"height":112,"caption":"Official Czech & Slovak Everton Supporters' Club"},"image":{"@id":"https:\/\/evertonfc.cz\/#\/schema\/logo\/image\/"},"sameAs":["https:\/\/www.facebook.com\/everton.fans.cz.sk"]},{"@type":"Person","@id":"https:\/\/evertonfc.cz\/#\/schema\/person\/cd6328a75577de2add7793fd4b0930c3","name":"Me\u0148a","url":"https:\/\/evertonfc.cz\/index.php\/author\/mena\/"}]}},"_links":{"self":[{"href":"https:\/\/evertonfc.cz\/index.php\/wp-json\/wp\/v2\/posts\/4133"}],"collection":[{"href":"https:\/\/evertonfc.cz\/index.php\/wp-json\/wp\/v2\/posts"}],"about":[{"href":"https:\/\/evertonfc.cz\/index.php\/wp-json\/wp\/v2\/types\/post"}],"author":[{"embeddable":true,"href":"https:\/\/evertonfc.cz\/index.php\/wp-json\/wp\/v2\/users\/7"}],"replies":[{"embeddable":true,"href":"https:\/\/evertonfc.cz\/index.php\/wp-json\/wp\/v2\/comments?post=4133"}],"version-history":[{"count":1,"href":"https:\/\/evertonfc.cz\/index.php\/wp-json\/wp\/v2\/posts\/4133\/revisions"}],"predecessor-version":[{"id":4136,"href":"https:\/\/evertonfc.cz\/index.php\/wp-json\/wp\/v2\/posts\/4133\/revisions\/4136"}],"wp:featuredmedia":[{"embeddable":true,"href":"https:\/\/evertonfc.cz\/index.php\/wp-json\/wp\/v2\/media\/1312"}],"wp:attachment":[{"href":"https:\/\/evertonfc.cz\/index.php\/wp-json\/wp\/v2\/media?parent=4133"}],"wp:term":[{"taxonomy":"category","embeddable":true,"href":"https:\/\/evertonfc.cz\/index.php\/wp-json\/wp\/v2\/categories?post=4133"},{"taxonomy":"post_tag","embeddable":true,"href":"https:\/\/evertonfc.cz\/index.php\/wp-json\/wp\/v2\/tags?post=4133"}],"curies":[{"name":"wp","href":"https:\/\/api.w.org\/{rel}","templated":true}]}}