{"id":4144,"date":"2011-03-07T21:00:35","date_gmt":"2011-03-07T20:00:35","guid":{"rendered":"http:\/\/evertonfc.cz\/?p=4144"},"modified":"2019-02-12T21:10:16","modified_gmt":"2019-02-12T20:10:16","slug":"carsley-veri-toffees","status":"publish","type":"post","link":"https:\/\/evertonfc.cz\/index.php\/2011\/03\/07\/carsley-veri-toffees\/","title":{"rendered":"Carsley v\u011b\u0159\u00ed Toffees"},"content":{"rendered":"<h4>Lee Carsley, velk\u00fd obl\u00edbenec u fanou\u0161k\u016f, Evertonu v\u00a0posledn\u00ed \u010d\u00e1sti sez\u00f3ny naprosto d\u016fv\u011b\u0159uje. Na konci sez\u00f3ny se pr\u00fd zcela ur\u010dit\u011b bude nach\u00e1zet v\u00a0horn\u00ed polovin\u011b tabulky.<\/h4>\n<p>V\u00fdhra nad Newcastle posunula Toffees na des\u00e1t\u00e9 m\u00edsto a pokud by ve st\u0159ede\u010dn\u00ed dohr\u00e1vce odjel Birmingham z Goodison Parku pora\u017een, vyhoupne se EFC r\u00e1zem na osmou pozici se t\u0159\u00edbodovou ztr\u00e1tou na \u0161estou p\u0159\u00ed\u010dku, na n\u00ed\u017e bude m\u00edt \u0161anci se dostat ve zb\u00fdvaj\u00edc\u00edch dev\u00edti kolech.<\/p>\n<p>Carsley pro ofici\u00e1ln\u00ed web prozradil:\u00a0<em>\u201eHr\u00e1\u010di jsou dostate\u010dn\u011b kvalitn\u00ed, aby se bez probl\u00e9m\u016f dostali do horn\u00ed poloviny tabulky. Nav\u00edc v Davidu Moyesovi maj\u00ed fantastick\u00e9ho mana\u017eera. Podle m\u011b budou do konce sez\u00f3ny \u0161plhat tabulkou vzh\u016fru.&#8220;<\/em><\/p>\n<p>Super Lee pobyl na Goodisonu kr\u00e1sn\u00fdch \u0161est let, po nich\u017e p\u0159estoupil do Birminghamu.\u00a0Sv\u016fj nov\u00fd t\u00fdm si nevybral n\u00e1hodou, v Birminghamu se Carsley narodil a cel\u00e1 jeho rodina fand\u00ed mu\u017estvu z druh\u00e9ho nejv\u011bt\u0161\u00edho m\u011bsta Anglie. Proto zn\u00ed celkem paradoxn\u011b, jak se Carsleymu v dresu Evertonu proti Brum da\u0159ilo. Z des\u00edti utk\u00e1n\u00ed b\u011bhem anga\u017em\u00e1 u Toffees prohr\u00e1l s Birminghamem jen jednou, \u010dty\u0159ikr\u00e1t slavil v\u00fdhru a p\u011btkr\u00e1t skon\u010dilo utk\u00e1n\u00ed nerozhodn\u011b. Nav\u00edc kdy\u017e p\u0159ipo\u010dteme, jak Carsley proti sv\u00e9mu doposud p\u0159edposledn\u00edmu klubu trefil\u00a0<a href=\"http:\/\/www.youtube.com\/watch?v=6hJNuv7JLCc\" target=\"_blank\" rel=\"noopener\">rozhoduj\u00edc\u00ed branku<\/a>\u00a0v z\u00e1v\u011bru utk\u00e1n\u00ed v roce 2007 p\u0159i v\u00fdh\u0159e 3:1, \u010dleny sv\u00e9 rodiny p\u0159\u00edli\u0161 nenadchl:<\/p>\n<p><em>\u201eBylo hezk\u00e9 v tomto z\u00e1pase sk\u00f3rovat, ov\u0161em cel\u00e1 moje rodina dr\u017e\u00ed palce Birminghamu, tak\u017ee na druhou stranu jsem byl i trochu sklesl\u00fd a doma m\u011b p\u0159\u00edli\u0161 nepochv\u00e1lili. Tu branku nepova\u017euji za dobrou, proto\u017ee jsem ji vst\u0159elil Birminghamu, ale proto\u017ee st\u0159etnut\u00ed sm\u011b\u0159ovalo k rem\u00edze a j\u00e1 se trefil ke konci duelu.\u201c<\/em><\/p>\n<p>Tak\u00e9 v Birminghamu Carsley slavil \u00fasp\u011bchy, klubu pomohl k postupu do Premier League.\u00a0<em>\u201eM\u011bl jsem p\u00e1r sezen\u00ed s Alexem McLeishem, kter\u00fd p\u0159esn\u011b v\u011bd\u011bl, co chce. Uk\u00e1zal mi, jak se Brum postupn\u011b zlep\u0161uj\u00ed a samoz\u0159ejm\u011b cht\u011bl, abych se stal d\u016fle\u017eitou sou\u010d\u00e1st\u00ed mu\u017estva. Proto jsem do Birminghamu p\u0159estoupil.<\/em><\/p>\n<p><em>V sez\u00f3n\u011b, kdy jsme postoupili z Championshipu, to pro n\u00e1s rozhodn\u011b nebylo nic snadn\u00e9ho. Tvrd\u011b jsme v\u0161ak pracovali a zaslou\u017een\u011b jsme sklidili ovoce.<\/em><\/p>\n<p><em>Kdy\u017e jsem odch\u00e1zel z Evertonu, dostal jsem n\u011bkolik nab\u00eddek z ostatn\u00edch man\u010daft\u016f, ov\u0161em jak u\u017e jsem p\u00e1rkr\u00e1t \u0159ekl, moje rodina se nach\u00e1zela v Birminghamu. My\u0161lenka n\u00e1vratu do m\u00e9ho rodn\u00e9ho m\u011bsta a spolupr\u00e1ce s Alexem McLeishem o v\u0161em rozhodly. Byla to pro m\u011b v\u00fdzva, co\u017e pro m\u011b znamen\u00e1 v\u017edy jenom plus,\u201c<\/em>\u00a0zakon\u010dil sou\u010dasn\u00fd hr\u00e1\u010d Coventry City.<\/p>\n","protected":false},"excerpt":{"rendered":"<p>Lee Carsley, velk\u00fd obl\u00edbenec u fanou\u0161k\u016f, Evertonu v\u00a0posledn\u00ed \u010d\u00e1sti sez\u00f3ny naprosto d\u016fv\u011b\u0159uje. Na konci sez\u00f3ny se pr\u00fd zcela ur\u010dit\u011b bude&hellip;<\/p>\n","protected":false},"author":6,"featured_media":1312,"comment_status":"open","ping_status":"closed","sticky":false,"template":"","format":"standard","meta":{"_eb_attr":"","_monsterinsights_skip_tracking":false,"_monsterinsights_sitenote_active":false,"_monsterinsights_sitenote_note":"","_monsterinsights_sitenote_category":0,"footnotes":""},"categories":[1],"tags":[],"yoast_head":"<!-- This site is optimized with the Yoast SEO plugin v23.4 - https:\/\/yoast.com\/wordpress\/plugins\/seo\/ -->\n<title>Carsley v\u011b\u0159\u00ed Toffees - Official Czech &amp; Slovak Everton Supporters&#039; Club<\/title>\n<meta name=\"robots\" content=\"index, follow, max-snippet:-1, max-image-preview:large, max-video-preview:-1\" \/>\n<link rel=\"canonical\" href=\"https:\/\/evertonfc.cz\/index.php\/2011\/03\/07\/carsley-veri-toffees\/\" \/>\n<meta property=\"og:locale\" content=\"cs_CZ\" \/>\n<meta property=\"og:type\" content=\"article\" \/>\n<meta property=\"og:title\" content=\"Carsley v\u011b\u0159\u00ed Toffees - Official Czech &amp; Slovak Everton Supporters&#039; Club\" \/>\n<meta property=\"og:description\" content=\"Lee Carsley, velk\u00fd obl\u00edbenec u fanou\u0161k\u016f, Evertonu v\u00a0posledn\u00ed \u010d\u00e1sti sez\u00f3ny naprosto d\u016fv\u011b\u0159uje. Na konci sez\u00f3ny se pr\u00fd zcela ur\u010dit\u011b bude&hellip;\" \/>\n<meta property=\"og:url\" content=\"https:\/\/evertonfc.cz\/index.php\/2011\/03\/07\/carsley-veri-toffees\/\" \/>\n<meta property=\"og:site_name\" content=\"Official Czech &amp; Slovak Everton Supporters&#039; Club\" \/>\n<meta property=\"article:publisher\" content=\"https:\/\/www.facebook.com\/everton.fans.cz.sk\" \/>\n<meta property=\"article:published_time\" content=\"2011-03-07T20:00:35+00:00\" \/>\n<meta property=\"article:modified_time\" content=\"2019-02-12T20:10:16+00:00\" \/>\n<meta property=\"og:image\" content=\"https:\/\/evertonfc.cz\/wp-content\/uploads\/2019\/01\/interview.jpg\" \/>\n\t<meta property=\"og:image:width\" content=\"720\" \/>\n\t<meta property=\"og:image:height\" content=\"405\" \/>\n\t<meta property=\"og:image:type\" content=\"image\/jpeg\" \/>\n<meta name=\"author\" content=\"Ri\u010di\" \/>\n<meta name=\"twitter:card\" content=\"summary_large_image\" \/>\n<meta name=\"twitter:creator\" content=\"@rbrejsa\" \/>\n<meta name=\"twitter:label1\" content=\"Napsal(a)\" \/>\n\t<meta name=\"twitter:data1\" content=\"Ri\u010di\" \/>\n\t<meta name=\"twitter:label2\" content=\"Odhadovan\u00e1 doba \u010dten\u00ed\" \/>\n\t<meta name=\"twitter:data2\" content=\"2 minuty\" \/>\n<script type=\"application\/ld+json\" class=\"yoast-schema-graph\">{\"@context\":\"https:\/\/schema.org\",\"@graph\":[{\"@type\":\"Article\",\"@id\":\"https:\/\/evertonfc.cz\/index.php\/2011\/03\/07\/carsley-veri-toffees\/#article\",\"isPartOf\":{\"@id\":\"https:\/\/evertonfc.cz\/index.php\/2011\/03\/07\/carsley-veri-toffees\/\"},\"author\":{\"name\":\"Ri\u010di\",\"@id\":\"https:\/\/evertonfc.cz\/#\/schema\/person\/f7a5daedb2ffee98480bc70e191aaef1\"},\"headline\":\"Carsley v\u011b\u0159\u00ed Toffees\",\"datePublished\":\"2011-03-07T20:00:35+00:00\",\"dateModified\":\"2019-02-12T20:10:16+00:00\",\"mainEntityOfPage\":{\"@id\":\"https:\/\/evertonfc.cz\/index.php\/2011\/03\/07\/carsley-veri-toffees\/\"},\"wordCount\":498,\"commentCount\":0,\"publisher\":{\"@id\":\"https:\/\/evertonfc.cz\/#organization\"},\"image\":{\"@id\":\"https:\/\/evertonfc.cz\/index.php\/2011\/03\/07\/carsley-veri-toffees\/#primaryimage\"},\"thumbnailUrl\":\"https:\/\/evertonfc.cz\/wp-content\/uploads\/2019\/01\/interview.jpg\",\"articleSection\":[\"Rozhovory\"],\"inLanguage\":\"cs\",\"potentialAction\":[{\"@type\":\"CommentAction\",\"name\":\"Comment\",\"target\":[\"https:\/\/evertonfc.cz\/index.php\/2011\/03\/07\/carsley-veri-toffees\/#respond\"]}]},{\"@type\":\"WebPage\",\"@id\":\"https:\/\/evertonfc.cz\/index.php\/2011\/03\/07\/carsley-veri-toffees\/\",\"url\":\"https:\/\/evertonfc.cz\/index.php\/2011\/03\/07\/carsley-veri-toffees\/\",\"name\":\"Carsley v\u011b\u0159\u00ed Toffees - Official Czech &amp; Slovak Everton Supporters&#039; Club\",\"isPartOf\":{\"@id\":\"https:\/\/evertonfc.cz\/#website\"},\"primaryImageOfPage\":{\"@id\":\"https:\/\/evertonfc.cz\/index.php\/2011\/03\/07\/carsley-veri-toffees\/#primaryimage\"},\"image\":{\"@id\":\"https:\/\/evertonfc.cz\/index.php\/2011\/03\/07\/carsley-veri-toffees\/#primaryimage\"},\"thumbnailUrl\":\"https:\/\/evertonfc.cz\/wp-content\/uploads\/2019\/01\/interview.jpg\",\"datePublished\":\"2011-03-07T20:00:35+00:00\",\"dateModified\":\"2019-02-12T20:10:16+00:00\",\"breadcrumb\":{\"@id\":\"https:\/\/evertonfc.cz\/index.php\/2011\/03\/07\/carsley-veri-toffees\/#breadcrumb\"},\"inLanguage\":\"cs\",\"potentialAction\":[{\"@type\":\"ReadAction\",\"target\":[\"https:\/\/evertonfc.cz\/index.php\/2011\/03\/07\/carsley-veri-toffees\/\"]}]},{\"@type\":\"ImageObject\",\"inLanguage\":\"cs\",\"@id\":\"https:\/\/evertonfc.cz\/index.php\/2011\/03\/07\/carsley-veri-toffees\/#primaryimage\",\"url\":\"https:\/\/evertonfc.cz\/wp-content\/uploads\/2019\/01\/interview.jpg\",\"contentUrl\":\"https:\/\/evertonfc.cz\/wp-content\/uploads\/2019\/01\/interview.jpg\",\"width\":720,\"height\":405},{\"@type\":\"BreadcrumbList\",\"@id\":\"https:\/\/evertonfc.cz\/index.php\/2011\/03\/07\/carsley-veri-toffees\/#breadcrumb\",\"itemListElement\":[{\"@type\":\"ListItem\",\"position\":1,\"name\":\"Home\",\"item\":\"https:\/\/evertonfc.cz\/\"},{\"@type\":\"ListItem\",\"position\":2,\"name\":\"Carsley v\u011b\u0159\u00ed Toffees\"}]},{\"@type\":\"WebSite\",\"@id\":\"https:\/\/evertonfc.cz\/#website\",\"url\":\"https:\/\/evertonfc.cz\/\",\"name\":\"Official Czech &amp; Slovak Everton Supporters&#039; Club\",\"description\":\"\",\"publisher\":{\"@id\":\"https:\/\/evertonfc.cz\/#organization\"},\"potentialAction\":[{\"@type\":\"SearchAction\",\"target\":{\"@type\":\"EntryPoint\",\"urlTemplate\":\"https:\/\/evertonfc.cz\/?s={search_term_string}\"},\"query-input\":{\"@type\":\"PropertyValueSpecification\",\"valueRequired\":true,\"valueName\":\"search_term_string\"}}],\"inLanguage\":\"cs\"},{\"@type\":\"Organization\",\"@id\":\"https:\/\/evertonfc.cz\/#organization\",\"name\":\"Official Czech & Slovak Everton Supporters' Club\",\"url\":\"https:\/\/evertonfc.cz\/\",\"logo\":{\"@type\":\"ImageObject\",\"inLanguage\":\"cs\",\"@id\":\"https:\/\/evertonfc.cz\/#\/schema\/logo\/image\/\",\"url\":\"https:\/\/evertonfc.cz\/wp-content\/uploads\/2019\/05\/logo.png\",\"contentUrl\":\"https:\/\/evertonfc.cz\/wp-content\/uploads\/2019\/05\/logo.png\",\"width\":112,\"height\":112,\"caption\":\"Official Czech & Slovak Everton Supporters' Club\"},\"image\":{\"@id\":\"https:\/\/evertonfc.cz\/#\/schema\/logo\/image\/\"},\"sameAs\":[\"https:\/\/www.facebook.com\/everton.fans.cz.sk\"]},{\"@type\":\"Person\",\"@id\":\"https:\/\/evertonfc.cz\/#\/schema\/person\/f7a5daedb2ffee98480bc70e191aaef1\",\"name\":\"Ri\u010di\",\"sameAs\":[\"https:\/\/x.com\/rbrejsa\"],\"url\":\"https:\/\/evertonfc.cz\/index.php\/author\/rici\/\"}]}<\/script>\n<!-- \/ Yoast SEO plugin. -->","yoast_head_json":{"title":"Carsley v\u011b\u0159\u00ed Toffees - Official Czech &amp; Slovak Everton Supporters&#039; Club","robots":{"index":"index","follow":"follow","max-snippet":"max-snippet:-1","max-image-preview":"max-image-preview:large","max-video-preview":"max-video-preview:-1"},"canonical":"https:\/\/evertonfc.cz\/index.php\/2011\/03\/07\/carsley-veri-toffees\/","og_locale":"cs_CZ","og_type":"article","og_title":"Carsley v\u011b\u0159\u00ed Toffees - Official Czech &amp; Slovak Everton Supporters&#039; Club","og_description":"Lee Carsley, velk\u00fd obl\u00edbenec u fanou\u0161k\u016f, Evertonu v\u00a0posledn\u00ed \u010d\u00e1sti sez\u00f3ny naprosto d\u016fv\u011b\u0159uje. Na konci sez\u00f3ny se pr\u00fd zcela ur\u010dit\u011b bude&hellip;","og_url":"https:\/\/evertonfc.cz\/index.php\/2011\/03\/07\/carsley-veri-toffees\/","og_site_name":"Official Czech &amp; Slovak Everton Supporters&#039; Club","article_publisher":"https:\/\/www.facebook.com\/everton.fans.cz.sk","article_published_time":"2011-03-07T20:00:35+00:00","article_modified_time":"2019-02-12T20:10:16+00:00","og_image":[{"width":720,"height":405,"url":"https:\/\/evertonfc.cz\/wp-content\/uploads\/2019\/01\/interview.jpg","type":"image\/jpeg"}],"author":"Ri\u010di","twitter_card":"summary_large_image","twitter_creator":"@rbrejsa","twitter_misc":{"Napsal(a)":"Ri\u010di","Odhadovan\u00e1 doba \u010dten\u00ed":"2 minuty"},"schema":{"@context":"https:\/\/schema.org","@graph":[{"@type":"Article","@id":"https:\/\/evertonfc.cz\/index.php\/2011\/03\/07\/carsley-veri-toffees\/#article","isPartOf":{"@id":"https:\/\/evertonfc.cz\/index.php\/2011\/03\/07\/carsley-veri-toffees\/"},"author":{"name":"Ri\u010di","@id":"https:\/\/evertonfc.cz\/#\/schema\/person\/f7a5daedb2ffee98480bc70e191aaef1"},"headline":"Carsley v\u011b\u0159\u00ed Toffees","datePublished":"2011-03-07T20:00:35+00:00","dateModified":"2019-02-12T20:10:16+00:00","mainEntityOfPage":{"@id":"https:\/\/evertonfc.cz\/index.php\/2011\/03\/07\/carsley-veri-toffees\/"},"wordCount":498,"commentCount":0,"publisher":{"@id":"https:\/\/evertonfc.cz\/#organization"},"image":{"@id":"https:\/\/evertonfc.cz\/index.php\/2011\/03\/07\/carsley-veri-toffees\/#primaryimage"},"thumbnailUrl":"https:\/\/evertonfc.cz\/wp-content\/uploads\/2019\/01\/interview.jpg","articleSection":["Rozhovory"],"inLanguage":"cs","potentialAction":[{"@type":"CommentAction","name":"Comment","target":["https:\/\/evertonfc.cz\/index.php\/2011\/03\/07\/carsley-veri-toffees\/#respond"]}]},{"@type":"WebPage","@id":"https:\/\/evertonfc.cz\/index.php\/2011\/03\/07\/carsley-veri-toffees\/","url":"https:\/\/evertonfc.cz\/index.php\/2011\/03\/07\/carsley-veri-toffees\/","name":"Carsley v\u011b\u0159\u00ed Toffees - Official Czech &amp; Slovak Everton Supporters&#039; Club","isPartOf":{"@id":"https:\/\/evertonfc.cz\/#website"},"primaryImageOfPage":{"@id":"https:\/\/evertonfc.cz\/index.php\/2011\/03\/07\/carsley-veri-toffees\/#primaryimage"},"image":{"@id":"https:\/\/evertonfc.cz\/index.php\/2011\/03\/07\/carsley-veri-toffees\/#primaryimage"},"thumbnailUrl":"https:\/\/evertonfc.cz\/wp-content\/uploads\/2019\/01\/interview.jpg","datePublished":"2011-03-07T20:00:35+00:00","dateModified":"2019-02-12T20:10:16+00:00","breadcrumb":{"@id":"https:\/\/evertonfc.cz\/index.php\/2011\/03\/07\/carsley-veri-toffees\/#breadcrumb"},"inLanguage":"cs","potentialAction":[{"@type":"ReadAction","target":["https:\/\/evertonfc.cz\/index.php\/2011\/03\/07\/carsley-veri-toffees\/"]}]},{"@type":"ImageObject","inLanguage":"cs","@id":"https:\/\/evertonfc.cz\/index.php\/2011\/03\/07\/carsley-veri-toffees\/#primaryimage","url":"https:\/\/evertonfc.cz\/wp-content\/uploads\/2019\/01\/interview.jpg","contentUrl":"https:\/\/evertonfc.cz\/wp-content\/uploads\/2019\/01\/interview.jpg","width":720,"height":405},{"@type":"BreadcrumbList","@id":"https:\/\/evertonfc.cz\/index.php\/2011\/03\/07\/carsley-veri-toffees\/#breadcrumb","itemListElement":[{"@type":"ListItem","position":1,"name":"Home","item":"https:\/\/evertonfc.cz\/"},{"@type":"ListItem","position":2,"name":"Carsley v\u011b\u0159\u00ed Toffees"}]},{"@type":"WebSite","@id":"https:\/\/evertonfc.cz\/#website","url":"https:\/\/evertonfc.cz\/","name":"Official Czech &amp; Slovak Everton Supporters&#039; Club","description":"","publisher":{"@id":"https:\/\/evertonfc.cz\/#organization"},"potentialAction":[{"@type":"SearchAction","target":{"@type":"EntryPoint","urlTemplate":"https:\/\/evertonfc.cz\/?s={search_term_string}"},"query-input":{"@type":"PropertyValueSpecification","valueRequired":true,"valueName":"search_term_string"}}],"inLanguage":"cs"},{"@type":"Organization","@id":"https:\/\/evertonfc.cz\/#organization","name":"Official Czech & Slovak Everton Supporters' Club","url":"https:\/\/evertonfc.cz\/","logo":{"@type":"ImageObject","inLanguage":"cs","@id":"https:\/\/evertonfc.cz\/#\/schema\/logo\/image\/","url":"https:\/\/evertonfc.cz\/wp-content\/uploads\/2019\/05\/logo.png","contentUrl":"https:\/\/evertonfc.cz\/wp-content\/uploads\/2019\/05\/logo.png","width":112,"height":112,"caption":"Official Czech & Slovak Everton Supporters' Club"},"image":{"@id":"https:\/\/evertonfc.cz\/#\/schema\/logo\/image\/"},"sameAs":["https:\/\/www.facebook.com\/everton.fans.cz.sk"]},{"@type":"Person","@id":"https:\/\/evertonfc.cz\/#\/schema\/person\/f7a5daedb2ffee98480bc70e191aaef1","name":"Ri\u010di","sameAs":["https:\/\/x.com\/rbrejsa"],"url":"https:\/\/evertonfc.cz\/index.php\/author\/rici\/"}]}},"_links":{"self":[{"href":"https:\/\/evertonfc.cz\/index.php\/wp-json\/wp\/v2\/posts\/4144"}],"collection":[{"href":"https:\/\/evertonfc.cz\/index.php\/wp-json\/wp\/v2\/posts"}],"about":[{"href":"https:\/\/evertonfc.cz\/index.php\/wp-json\/wp\/v2\/types\/post"}],"author":[{"embeddable":true,"href":"https:\/\/evertonfc.cz\/index.php\/wp-json\/wp\/v2\/users\/6"}],"replies":[{"embeddable":true,"href":"https:\/\/evertonfc.cz\/index.php\/wp-json\/wp\/v2\/comments?post=4144"}],"version-history":[{"count":1,"href":"https:\/\/evertonfc.cz\/index.php\/wp-json\/wp\/v2\/posts\/4144\/revisions"}],"predecessor-version":[{"id":4157,"href":"https:\/\/evertonfc.cz\/index.php\/wp-json\/wp\/v2\/posts\/4144\/revisions\/4157"}],"wp:featuredmedia":[{"embeddable":true,"href":"https:\/\/evertonfc.cz\/index.php\/wp-json\/wp\/v2\/media\/1312"}],"wp:attachment":[{"href":"https:\/\/evertonfc.cz\/index.php\/wp-json\/wp\/v2\/media?parent=4144"}],"wp:term":[{"taxonomy":"category","embeddable":true,"href":"https:\/\/evertonfc.cz\/index.php\/wp-json\/wp\/v2\/categories?post=4144"},{"taxonomy":"post_tag","embeddable":true,"href":"https:\/\/evertonfc.cz\/index.php\/wp-json\/wp\/v2\/tags?post=4144"}],"curies":[{"name":"wp","href":"https:\/\/api.w.org\/{rel}","templated":true}]}}