{"id":4158,"date":"2011-03-05T21:10:31","date_gmt":"2011-03-05T20:10:31","guid":{"rendered":"http:\/\/evertonfc.cz\/?p=4158"},"modified":"2019-02-12T21:11:35","modified_gmt":"2019-02-12T20:11:35","slug":"newcastle-united-everton-12","status":"publish","type":"post","link":"https:\/\/evertonfc.cz\/index.php\/2011\/03\/05\/newcastle-united-everton-12\/","title":{"rendered":"Newcastle United &#8211; Everton 1:2"},"content":{"rendered":"<h4>D\u016fle\u017eit\u00e9 v\u00edt\u011bzstv\u00ed ze St. James Parku d\u00e1v\u00e1 Evertonu p\u0159ed t\u0159emi po sob\u011b jdouc\u00edmi dom\u00e1c\u00edmi z\u00e1pasy nad\u011bji na solidn\u00ed kone\u010dn\u00e9 um\u00edst\u011bn\u00ed v Premier League.<\/h4>\n<p>Po \u0161patn\u00e9m v\u00fdkonu proti Readingu se David Moyes vr\u00e1til k rozestaven\u00ed 4-4-2, v \u00fatoku za\u010dal Beckford se Sahou. Do z\u00e1kladn\u00ed sestavy se probojoval Tony Hibbert, kter\u00e9mu uvolnil m\u00edsto na prav\u00e9m obr\u00e1nci Phil Neville. Skipper se toti\u017e vysunul do st\u0159edu z\u00e1lohy, kde mu d\u011blali kolegy Arteta, Rodwell a Osman. P\u0159i\u010dem\u017e baskick\u00fd \u0161p\u00edlmachr Evertonu hr\u00e1l z lev\u00e9 strany.<\/p>\n<p>V 18. minut\u011b dal na star\u00e9 \u010dasy vzpomenout Mikel Arteta, kdy\u017e po kli\u010dce ze strany do st\u0159edu h\u0159i\u0161t\u011b hodn\u011b prot\u00e1hl Harpera.<\/p>\n<p>Ve 23. minut\u011b defenziva Toffees jako ji\u017e n\u011bkolikr\u00e1t v leto\u0161n\u00ed sez\u00f3n\u011b op\u011bt zaspala. Dom\u00e1c\u00ed hr\u00e1\u010di dostali ve v\u00e1pn\u011b hodn\u011b voln\u00e9 prostoru, \u010deho\u017e vyu\u017eil st\u0159\u00edlec\u00ed Nolan. Jeho pokus je\u0161t\u011b Howard vyrazil, ov\u0161em jen k Bestovi, kter\u00fd nem\u011bl probl\u00e9m doklepnout m\u00ed\u010d do br\u00e1ny &#8211;\u00a0<strong>1:0<\/strong>. Po men\u0161\u00edm zdr\u017een\u00ed zap\u0159\u00ed\u010din\u011bn\u00e9m o\u0161et\u0159ov\u00e1n\u00ed Jonase po ostr\u00e9m Hibbertov\u011b skluzu hlavi\u010dkoval vedle Steven Taylor.<\/p>\n<p>Newcastle byl na koni a podnikal jeden \u00fatok za druh\u00fdm, v 29. minut\u011b po centru ze strany hlavi\u010dkou netrefil br\u00e1nu Leon Best.<\/p>\n<p>Everton v\u0161ak z ni\u010deho nic p\u0159isp\u011bchal s odpov\u011bd\u00ed na vedouc\u00ed g\u00f3l, po p\u016flhodin\u011b hry pot\u00e1hl Leon Osman brejk, p\u0159ihr\u00e1l do strany Artetovi, jen\u017e mu m\u00ed\u010d vr\u00e1til. Z pozice okolo penalty se Ossie nem\u00fdlil a vyrovnal &#8211;\u00a0<strong>1:1<\/strong>.<\/p>\n<p>A za p\u011bt minut byl dokon\u00e1n obrat, trestn\u00fd kop po faulu na Artetu skv\u011ble rozehr\u00e1l Baines. Na centr si nab\u011bhl Jagielka a v p\u00e1du pomoc\u00ed odrazu od b\u0159evno sk\u00f3roval &#8211;\u00a0<strong>1:2<\/strong>.<\/p>\n<p>Straky se hnali za vyrovn\u00e1n\u00edm, ale mohl to b\u00fdt op\u011bt Everton, kter\u00fd by sk\u00f3roval. Baines vysunul Sahu, proti n\u011bmu\u017e dobr\u00fdm vyb\u011bhnut\u00edm zas\u00e1hl Harper. V z\u00e1v\u011bru polo\u010dasu sv\u011b\u0159enci Alana Pardewa Blues zatla\u010dil a vypracovali si i jednu slibnou p\u0159\u00edle\u017eitost, po Jonasov\u011b r\u00e1n\u011b te\u010doval Williamson t\u011bsn\u011b vedle.<\/p>\n<p>Druhou p\u016fli za\u010dal Ameobi, nejprve jeho st\u0159elu musel Howard vyrazit na roh a n\u00e1sledn\u011b u\u017e do rukavic zne\u0161kodnil dal\u0161\u00ed vizitku st\u0159\u00eddaj\u00edc\u00edho \u00fato\u010dn\u00edka NUFC. V 52. minut\u011b musel kv\u016fli zran\u011bn\u00ed opustit h\u0159i\u0161t\u011b Phil Neville, na jeho m\u00edsto ve st\u0159edu h\u0159i\u0161t\u011b p\u0159i\u0161el Johny Heitinga.<\/p>\n<p>A s Holan\u010fanem m\u00e1lem p\u0159isp\u011bchala i dal\u0161\u00ed trefa, po Artetov\u011b nab\u00eddce p\u00e1lil nebezpe\u010dn\u011b z \u00fahlu Beckford. Harper musel zasahovat. Mikelu Artetovi se na lev\u00e9 stran\u011b z\u00e1lohy da\u0159ilo, po jeho pr\u016fniku a nad\u00fdchan\u00e9m oblou\u010dku hlavi\u010dkoval nad br\u00e1nu Saha.<\/p>\n<p>V 60. minut\u011b t\u011b\u017eil z vyhran\u00e9ho hlavi\u010dkov\u00e9 souboje Sahy jeho par\u0165\u00e1k z \u00fatoku Beckford. Svou st\u0159elu ale nam\u00ed\u0159il pouze doprost\u0159ed br\u00e1ny, kde st\u00e1l p\u0159ipraven\u00fd golman dom\u00e1c\u00edch.<\/p>\n<p>V 74. minut\u011b pot\u00e1hl Osman, mu\u017e z\u00e1pasu, proti\u00fatok, p\u0159es Anichebe vysunul Artetu, kter\u00fd je\u0161t\u011b p\u0159ed br\u00e1nou hledal Sahu. Francouzovi chyb\u011bl k balonu ani ne p\u016fl metr.<\/p>\n<p>V 80. minut\u011b po Anichebov\u011b centru p\u00e1lil jen n\u011bkolik centimetr\u016f vedle tvrd\u00fdm volejem Louis Saha. T\u0159i minuty na to kopal Nolan trestn\u00fd kop metr za hranic\u00ed v\u00e1pna, jeho d\u011blovka se ale a\u017e k Howardovi p\u0159es chumel hr\u00e1\u010d\u016f nedostala.<\/p>\n<p>Dv\u011b minuty p\u0159ed koncem norm\u00e1ln\u00ed hrac\u00ed doby Everton profitoval z dal\u0161\u00edho brejku, proti Colemanovi dob\u0159e zakro\u010dil Harper, Irovi p\u0159ihr\u00e1val p\u0159ed br\u00e1nu Anichebe. Z dal\u0161\u00edho proti\u00fatoku u\u017e v nastaven\u00ed zase zkou\u0161el sv\u00e9 \u0161t\u011bst\u00ed st\u0159\u00eddaj\u00edc\u00ed rychl\u00edk.<\/p>\n<p>V z\u00e1v\u011bru utk\u00e1n\u00ed se Newcastle do v\u00fdrazn\u011bj\u0161\u00ed \u0161ance nedostal, a tak Everton cennou v\u00fdhru uh\u00e1jil.<\/p>\n<p><strong>Branky:<\/strong>\u00a023. Leon Best &#8211; 31. Leon Osman, 36. Phil Jagielka<br \/>\n<strong>\u017dK:<\/strong>\u00a039. Steven Taylor, 76. Kevin Nolan &#8211; 25. Tony Hibbert, 76. Victor Anichebe, 82. John Heitinga, 83. Leighton Baines<br \/>\n<strong>Newcastle United:<\/strong>\u00a0Steve Harper, Steven Taylor (65. Shane Ferguson), Mike Williamson, Fabrizio Coloccini, Jos\u00e9 Enrique (43. Shola Ameobi), Danny Simpson, Cheik Tiot\u00e9, Kevin Nolan, Jon\u00e1s Guti\u00e9rrez, Leon Best (85. Shefki Kuqi), Peter L\u00f8venkrands<br \/>\n<strong>Everton FC:<\/strong>\u00a0Tim Howard, Tony Hibbert, Phil Jagielka, Sylvain Distin, Leighton Baines, Leon Osman (85. S\u00e9amus Coleman), Phil Neville (52. John Heitinga), Jack Rodwell, Mikel Arteta, Jermaine Beckford (69. Victor Anichebe), Louis Saha<br \/>\n<strong>Rozhod\u010d\u00ed:<\/strong>\u00a0Howard Webb<br \/>\n<strong>Div\u00e1ci:\u00a0<\/strong>50 128<\/p>\n","protected":false},"excerpt":{"rendered":"<p>D\u016fle\u017eit\u00e9 v\u00edt\u011bzstv\u00ed ze St. James Parku d\u00e1v\u00e1 Evertonu p\u0159ed t\u0159emi po sob\u011b jdouc\u00edmi dom\u00e1c\u00edmi z\u00e1pasy nad\u011bji na solidn\u00ed kone\u010dn\u00e9 um\u00edst\u011bn\u00ed&hellip;<\/p>\n","protected":false},"author":6,"featured_media":1312,"comment_status":"open","ping_status":"closed","sticky":false,"template":"","format":"standard","meta":{"_eb_attr":"","_monsterinsights_skip_tracking":false,"_monsterinsights_sitenote_active":false,"_monsterinsights_sitenote_note":"","_monsterinsights_sitenote_category":0,"footnotes":""},"categories":[4],"tags":[],"yoast_head":"<!-- This site is optimized with the Yoast SEO plugin v23.4 - https:\/\/yoast.com\/wordpress\/plugins\/seo\/ -->\n<title>Newcastle United - Everton 1:2 - Official Czech &amp; Slovak Everton Supporters&#039; Club<\/title>\n<meta name=\"robots\" content=\"index, follow, max-snippet:-1, max-image-preview:large, max-video-preview:-1\" \/>\n<link rel=\"canonical\" href=\"https:\/\/evertonfc.cz\/index.php\/2011\/03\/05\/newcastle-united-everton-12\/\" \/>\n<meta property=\"og:locale\" content=\"cs_CZ\" \/>\n<meta property=\"og:type\" content=\"article\" \/>\n<meta property=\"og:title\" content=\"Newcastle United - Everton 1:2 - Official Czech &amp; Slovak Everton Supporters&#039; Club\" \/>\n<meta property=\"og:description\" content=\"D\u016fle\u017eit\u00e9 v\u00edt\u011bzstv\u00ed ze St. James Parku d\u00e1v\u00e1 Evertonu p\u0159ed t\u0159emi po sob\u011b jdouc\u00edmi dom\u00e1c\u00edmi z\u00e1pasy nad\u011bji na solidn\u00ed kone\u010dn\u00e9 um\u00edst\u011bn\u00ed&hellip;\" \/>\n<meta property=\"og:url\" content=\"https:\/\/evertonfc.cz\/index.php\/2011\/03\/05\/newcastle-united-everton-12\/\" \/>\n<meta property=\"og:site_name\" content=\"Official Czech &amp; Slovak Everton Supporters&#039; Club\" \/>\n<meta property=\"article:publisher\" content=\"https:\/\/www.facebook.com\/everton.fans.cz.sk\" \/>\n<meta property=\"article:published_time\" content=\"2011-03-05T20:10:31+00:00\" \/>\n<meta property=\"article:modified_time\" content=\"2019-02-12T20:11:35+00:00\" \/>\n<meta property=\"og:image\" content=\"https:\/\/evertonfc.cz\/wp-content\/uploads\/2019\/01\/interview.jpg\" \/>\n\t<meta property=\"og:image:width\" content=\"720\" \/>\n\t<meta property=\"og:image:height\" content=\"405\" \/>\n\t<meta property=\"og:image:type\" content=\"image\/jpeg\" \/>\n<meta name=\"author\" content=\"Ri\u010di\" \/>\n<meta name=\"twitter:card\" content=\"summary_large_image\" \/>\n<meta name=\"twitter:creator\" content=\"@rbrejsa\" \/>\n<meta name=\"twitter:label1\" content=\"Napsal(a)\" \/>\n\t<meta name=\"twitter:data1\" content=\"Ri\u010di\" \/>\n\t<meta name=\"twitter:label2\" content=\"Odhadovan\u00e1 doba \u010dten\u00ed\" \/>\n\t<meta name=\"twitter:data2\" content=\"4 minuty\" \/>\n<script type=\"application\/ld+json\" class=\"yoast-schema-graph\">{\"@context\":\"https:\/\/schema.org\",\"@graph\":[{\"@type\":\"Article\",\"@id\":\"https:\/\/evertonfc.cz\/index.php\/2011\/03\/05\/newcastle-united-everton-12\/#article\",\"isPartOf\":{\"@id\":\"https:\/\/evertonfc.cz\/index.php\/2011\/03\/05\/newcastle-united-everton-12\/\"},\"author\":{\"name\":\"Ri\u010di\",\"@id\":\"https:\/\/evertonfc.cz\/#\/schema\/person\/f7a5daedb2ffee98480bc70e191aaef1\"},\"headline\":\"Newcastle United &#8211; Everton 1:2\",\"datePublished\":\"2011-03-05T20:10:31+00:00\",\"dateModified\":\"2019-02-12T20:11:35+00:00\",\"mainEntityOfPage\":{\"@id\":\"https:\/\/evertonfc.cz\/index.php\/2011\/03\/05\/newcastle-united-everton-12\/\"},\"wordCount\":786,\"commentCount\":0,\"publisher\":{\"@id\":\"https:\/\/evertonfc.cz\/#organization\"},\"image\":{\"@id\":\"https:\/\/evertonfc.cz\/index.php\/2011\/03\/05\/newcastle-united-everton-12\/#primaryimage\"},\"thumbnailUrl\":\"https:\/\/evertonfc.cz\/wp-content\/uploads\/2019\/01\/interview.jpg\",\"articleSection\":[\"Z\u00e1pasy\"],\"inLanguage\":\"cs\",\"potentialAction\":[{\"@type\":\"CommentAction\",\"name\":\"Comment\",\"target\":[\"https:\/\/evertonfc.cz\/index.php\/2011\/03\/05\/newcastle-united-everton-12\/#respond\"]}]},{\"@type\":\"WebPage\",\"@id\":\"https:\/\/evertonfc.cz\/index.php\/2011\/03\/05\/newcastle-united-everton-12\/\",\"url\":\"https:\/\/evertonfc.cz\/index.php\/2011\/03\/05\/newcastle-united-everton-12\/\",\"name\":\"Newcastle United - Everton 1:2 - Official Czech &amp; Slovak Everton Supporters&#039; Club\",\"isPartOf\":{\"@id\":\"https:\/\/evertonfc.cz\/#website\"},\"primaryImageOfPage\":{\"@id\":\"https:\/\/evertonfc.cz\/index.php\/2011\/03\/05\/newcastle-united-everton-12\/#primaryimage\"},\"image\":{\"@id\":\"https:\/\/evertonfc.cz\/index.php\/2011\/03\/05\/newcastle-united-everton-12\/#primaryimage\"},\"thumbnailUrl\":\"https:\/\/evertonfc.cz\/wp-content\/uploads\/2019\/01\/interview.jpg\",\"datePublished\":\"2011-03-05T20:10:31+00:00\",\"dateModified\":\"2019-02-12T20:11:35+00:00\",\"breadcrumb\":{\"@id\":\"https:\/\/evertonfc.cz\/index.php\/2011\/03\/05\/newcastle-united-everton-12\/#breadcrumb\"},\"inLanguage\":\"cs\",\"potentialAction\":[{\"@type\":\"ReadAction\",\"target\":[\"https:\/\/evertonfc.cz\/index.php\/2011\/03\/05\/newcastle-united-everton-12\/\"]}]},{\"@type\":\"ImageObject\",\"inLanguage\":\"cs\",\"@id\":\"https:\/\/evertonfc.cz\/index.php\/2011\/03\/05\/newcastle-united-everton-12\/#primaryimage\",\"url\":\"https:\/\/evertonfc.cz\/wp-content\/uploads\/2019\/01\/interview.jpg\",\"contentUrl\":\"https:\/\/evertonfc.cz\/wp-content\/uploads\/2019\/01\/interview.jpg\",\"width\":720,\"height\":405},{\"@type\":\"BreadcrumbList\",\"@id\":\"https:\/\/evertonfc.cz\/index.php\/2011\/03\/05\/newcastle-united-everton-12\/#breadcrumb\",\"itemListElement\":[{\"@type\":\"ListItem\",\"position\":1,\"name\":\"Home\",\"item\":\"https:\/\/evertonfc.cz\/\"},{\"@type\":\"ListItem\",\"position\":2,\"name\":\"Newcastle United &#8211; Everton 1:2\"}]},{\"@type\":\"WebSite\",\"@id\":\"https:\/\/evertonfc.cz\/#website\",\"url\":\"https:\/\/evertonfc.cz\/\",\"name\":\"Official Czech &amp; Slovak Everton Supporters&#039; Club\",\"description\":\"\",\"publisher\":{\"@id\":\"https:\/\/evertonfc.cz\/#organization\"},\"potentialAction\":[{\"@type\":\"SearchAction\",\"target\":{\"@type\":\"EntryPoint\",\"urlTemplate\":\"https:\/\/evertonfc.cz\/?s={search_term_string}\"},\"query-input\":{\"@type\":\"PropertyValueSpecification\",\"valueRequired\":true,\"valueName\":\"search_term_string\"}}],\"inLanguage\":\"cs\"},{\"@type\":\"Organization\",\"@id\":\"https:\/\/evertonfc.cz\/#organization\",\"name\":\"Official Czech & Slovak Everton Supporters' Club\",\"url\":\"https:\/\/evertonfc.cz\/\",\"logo\":{\"@type\":\"ImageObject\",\"inLanguage\":\"cs\",\"@id\":\"https:\/\/evertonfc.cz\/#\/schema\/logo\/image\/\",\"url\":\"https:\/\/evertonfc.cz\/wp-content\/uploads\/2019\/05\/logo.png\",\"contentUrl\":\"https:\/\/evertonfc.cz\/wp-content\/uploads\/2019\/05\/logo.png\",\"width\":112,\"height\":112,\"caption\":\"Official Czech & Slovak Everton Supporters' Club\"},\"image\":{\"@id\":\"https:\/\/evertonfc.cz\/#\/schema\/logo\/image\/\"},\"sameAs\":[\"https:\/\/www.facebook.com\/everton.fans.cz.sk\"]},{\"@type\":\"Person\",\"@id\":\"https:\/\/evertonfc.cz\/#\/schema\/person\/f7a5daedb2ffee98480bc70e191aaef1\",\"name\":\"Ri\u010di\",\"sameAs\":[\"https:\/\/x.com\/rbrejsa\"],\"url\":\"https:\/\/evertonfc.cz\/index.php\/author\/rici\/\"}]}<\/script>\n<!-- \/ Yoast SEO plugin. -->","yoast_head_json":{"title":"Newcastle United - Everton 1:2 - Official Czech &amp; Slovak Everton Supporters&#039; Club","robots":{"index":"index","follow":"follow","max-snippet":"max-snippet:-1","max-image-preview":"max-image-preview:large","max-video-preview":"max-video-preview:-1"},"canonical":"https:\/\/evertonfc.cz\/index.php\/2011\/03\/05\/newcastle-united-everton-12\/","og_locale":"cs_CZ","og_type":"article","og_title":"Newcastle United - Everton 1:2 - Official Czech &amp; Slovak Everton Supporters&#039; Club","og_description":"D\u016fle\u017eit\u00e9 v\u00edt\u011bzstv\u00ed ze St. James Parku d\u00e1v\u00e1 Evertonu p\u0159ed t\u0159emi po sob\u011b jdouc\u00edmi dom\u00e1c\u00edmi z\u00e1pasy nad\u011bji na solidn\u00ed kone\u010dn\u00e9 um\u00edst\u011bn\u00ed&hellip;","og_url":"https:\/\/evertonfc.cz\/index.php\/2011\/03\/05\/newcastle-united-everton-12\/","og_site_name":"Official Czech &amp; Slovak Everton Supporters&#039; Club","article_publisher":"https:\/\/www.facebook.com\/everton.fans.cz.sk","article_published_time":"2011-03-05T20:10:31+00:00","article_modified_time":"2019-02-12T20:11:35+00:00","og_image":[{"width":720,"height":405,"url":"https:\/\/evertonfc.cz\/wp-content\/uploads\/2019\/01\/interview.jpg","type":"image\/jpeg"}],"author":"Ri\u010di","twitter_card":"summary_large_image","twitter_creator":"@rbrejsa","twitter_misc":{"Napsal(a)":"Ri\u010di","Odhadovan\u00e1 doba \u010dten\u00ed":"4 minuty"},"schema":{"@context":"https:\/\/schema.org","@graph":[{"@type":"Article","@id":"https:\/\/evertonfc.cz\/index.php\/2011\/03\/05\/newcastle-united-everton-12\/#article","isPartOf":{"@id":"https:\/\/evertonfc.cz\/index.php\/2011\/03\/05\/newcastle-united-everton-12\/"},"author":{"name":"Ri\u010di","@id":"https:\/\/evertonfc.cz\/#\/schema\/person\/f7a5daedb2ffee98480bc70e191aaef1"},"headline":"Newcastle United &#8211; Everton 1:2","datePublished":"2011-03-05T20:10:31+00:00","dateModified":"2019-02-12T20:11:35+00:00","mainEntityOfPage":{"@id":"https:\/\/evertonfc.cz\/index.php\/2011\/03\/05\/newcastle-united-everton-12\/"},"wordCount":786,"commentCount":0,"publisher":{"@id":"https:\/\/evertonfc.cz\/#organization"},"image":{"@id":"https:\/\/evertonfc.cz\/index.php\/2011\/03\/05\/newcastle-united-everton-12\/#primaryimage"},"thumbnailUrl":"https:\/\/evertonfc.cz\/wp-content\/uploads\/2019\/01\/interview.jpg","articleSection":["Z\u00e1pasy"],"inLanguage":"cs","potentialAction":[{"@type":"CommentAction","name":"Comment","target":["https:\/\/evertonfc.cz\/index.php\/2011\/03\/05\/newcastle-united-everton-12\/#respond"]}]},{"@type":"WebPage","@id":"https:\/\/evertonfc.cz\/index.php\/2011\/03\/05\/newcastle-united-everton-12\/","url":"https:\/\/evertonfc.cz\/index.php\/2011\/03\/05\/newcastle-united-everton-12\/","name":"Newcastle United - Everton 1:2 - Official Czech &amp; Slovak Everton Supporters&#039; Club","isPartOf":{"@id":"https:\/\/evertonfc.cz\/#website"},"primaryImageOfPage":{"@id":"https:\/\/evertonfc.cz\/index.php\/2011\/03\/05\/newcastle-united-everton-12\/#primaryimage"},"image":{"@id":"https:\/\/evertonfc.cz\/index.php\/2011\/03\/05\/newcastle-united-everton-12\/#primaryimage"},"thumbnailUrl":"https:\/\/evertonfc.cz\/wp-content\/uploads\/2019\/01\/interview.jpg","datePublished":"2011-03-05T20:10:31+00:00","dateModified":"2019-02-12T20:11:35+00:00","breadcrumb":{"@id":"https:\/\/evertonfc.cz\/index.php\/2011\/03\/05\/newcastle-united-everton-12\/#breadcrumb"},"inLanguage":"cs","potentialAction":[{"@type":"ReadAction","target":["https:\/\/evertonfc.cz\/index.php\/2011\/03\/05\/newcastle-united-everton-12\/"]}]},{"@type":"ImageObject","inLanguage":"cs","@id":"https:\/\/evertonfc.cz\/index.php\/2011\/03\/05\/newcastle-united-everton-12\/#primaryimage","url":"https:\/\/evertonfc.cz\/wp-content\/uploads\/2019\/01\/interview.jpg","contentUrl":"https:\/\/evertonfc.cz\/wp-content\/uploads\/2019\/01\/interview.jpg","width":720,"height":405},{"@type":"BreadcrumbList","@id":"https:\/\/evertonfc.cz\/index.php\/2011\/03\/05\/newcastle-united-everton-12\/#breadcrumb","itemListElement":[{"@type":"ListItem","position":1,"name":"Home","item":"https:\/\/evertonfc.cz\/"},{"@type":"ListItem","position":2,"name":"Newcastle United &#8211; Everton 1:2"}]},{"@type":"WebSite","@id":"https:\/\/evertonfc.cz\/#website","url":"https:\/\/evertonfc.cz\/","name":"Official Czech &amp; Slovak Everton Supporters&#039; Club","description":"","publisher":{"@id":"https:\/\/evertonfc.cz\/#organization"},"potentialAction":[{"@type":"SearchAction","target":{"@type":"EntryPoint","urlTemplate":"https:\/\/evertonfc.cz\/?s={search_term_string}"},"query-input":{"@type":"PropertyValueSpecification","valueRequired":true,"valueName":"search_term_string"}}],"inLanguage":"cs"},{"@type":"Organization","@id":"https:\/\/evertonfc.cz\/#organization","name":"Official Czech & Slovak Everton Supporters' Club","url":"https:\/\/evertonfc.cz\/","logo":{"@type":"ImageObject","inLanguage":"cs","@id":"https:\/\/evertonfc.cz\/#\/schema\/logo\/image\/","url":"https:\/\/evertonfc.cz\/wp-content\/uploads\/2019\/05\/logo.png","contentUrl":"https:\/\/evertonfc.cz\/wp-content\/uploads\/2019\/05\/logo.png","width":112,"height":112,"caption":"Official Czech & Slovak Everton Supporters' Club"},"image":{"@id":"https:\/\/evertonfc.cz\/#\/schema\/logo\/image\/"},"sameAs":["https:\/\/www.facebook.com\/everton.fans.cz.sk"]},{"@type":"Person","@id":"https:\/\/evertonfc.cz\/#\/schema\/person\/f7a5daedb2ffee98480bc70e191aaef1","name":"Ri\u010di","sameAs":["https:\/\/x.com\/rbrejsa"],"url":"https:\/\/evertonfc.cz\/index.php\/author\/rici\/"}]}},"_links":{"self":[{"href":"https:\/\/evertonfc.cz\/index.php\/wp-json\/wp\/v2\/posts\/4158"}],"collection":[{"href":"https:\/\/evertonfc.cz\/index.php\/wp-json\/wp\/v2\/posts"}],"about":[{"href":"https:\/\/evertonfc.cz\/index.php\/wp-json\/wp\/v2\/types\/post"}],"author":[{"embeddable":true,"href":"https:\/\/evertonfc.cz\/index.php\/wp-json\/wp\/v2\/users\/6"}],"replies":[{"embeddable":true,"href":"https:\/\/evertonfc.cz\/index.php\/wp-json\/wp\/v2\/comments?post=4158"}],"version-history":[{"count":1,"href":"https:\/\/evertonfc.cz\/index.php\/wp-json\/wp\/v2\/posts\/4158\/revisions"}],"predecessor-version":[{"id":4161,"href":"https:\/\/evertonfc.cz\/index.php\/wp-json\/wp\/v2\/posts\/4158\/revisions\/4161"}],"wp:featuredmedia":[{"embeddable":true,"href":"https:\/\/evertonfc.cz\/index.php\/wp-json\/wp\/v2\/media\/1312"}],"wp:attachment":[{"href":"https:\/\/evertonfc.cz\/index.php\/wp-json\/wp\/v2\/media?parent=4158"}],"wp:term":[{"taxonomy":"category","embeddable":true,"href":"https:\/\/evertonfc.cz\/index.php\/wp-json\/wp\/v2\/categories?post=4158"},{"taxonomy":"post_tag","embeddable":true,"href":"https:\/\/evertonfc.cz\/index.php\/wp-json\/wp\/v2\/tags?post=4158"}],"curies":[{"name":"wp","href":"https:\/\/api.w.org\/{rel}","templated":true}]}}