{"id":4164,"date":"2015-08-28T21:13:19","date_gmt":"2015-08-28T19:13:19","guid":{"rendered":"http:\/\/evertonfc.cz\/?p=4164"},"modified":"2019-02-12T23:09:37","modified_gmt":"2019-02-12T22:09:37","slug":"preview-tottenham-hotspur-everton-4","status":"publish","type":"post","link":"https:\/\/evertonfc.cz\/index.php\/2015\/08\/28\/preview-tottenham-hotspur-everton-4\/","title":{"rendered":"Preview: Tottenham Hotspur &#8211; Everton"},"content":{"rendered":"<h4 id=\"NewsPostDetailSummary\">P\u0159i pozdvi\u017een\u00ed okolo Johna Stonese by snad i jeden zapomn\u011bl na v\u00edkendovou Premier League, v n\u00ed\u017e Toffees zaj\u00ed\u017ed\u011bj\u00ed na neobl\u00edben\u00fd White Hart Lane.<\/h4>\n<div id=\"NewsPostDetailContent\">\n<p>Talentovan\u00fd stoper podal v \u00fater\u00fd \u017e\u00e1dost o transfer. Evidentn\u00ed z\u00e1jem Chelsea dokumentovan\u00fd t\u0159emi nab\u00eddkami v rozmez\u00ed \u00a320 a\u017e \u00a330 milion\u016f a masivn\u00ed kampani ze strany anglick\u00fdch m\u00e9di\u00ed o nutnosti p\u0159estupu do v\u011bt\u0161\u00edho klubu ud\u011blaly sv\u00e9. Everton v\u0161ak, jak cel\u00e9 l\u00e9to avizoval, nehodl\u00e1 Stonese pou\u0161t\u011bt, co\u017e po st\u0159ede\u010dn\u00edm Ligov\u00e9m poh\u00e1ru Roberto Mart\u00ednez deklaroval brilantn\u00edm prohl\u00e1\u0161en\u00edm: <em>\u201eN\u011bkdy si za pen\u00edze v\u0161e nekoup\u00edte \u2013\u00a0toho se v Evertonu dr\u017e\u00edme. Tentokr\u00e1t neplat\u00ed, \u017ee obdr\u017een\u00e9 finan\u010dn\u00ed prost\u0159edky by znamenaly zkvalitn\u011bn\u00ed.<\/em><\/p>\n<p><em>Situace ohledn\u011b Johna je jednoduch\u00e1. Z\u00e1le\u017e\u00ed n\u00e1m na n\u011bm, budeme ho chr\u00e1nit a poskytneme mu v\u0161e, \u010deho jsme schopn\u00ed, aby se bavil fotbalem. M\u00e1me s n\u00edm velk\u00e9 ambice a pl\u00e1ny. Chceme b\u00fdt v\u00edt\u011bzn\u00fdm t\u00fdmem, a proto mus\u00edme udr\u017eet nejlep\u0161\u00ed hr\u00e1\u010de. John p\u0159edstavuje z\u00e1kladn\u00ed stavebn\u00ed k\u00e1men na\u0161\u00ed budoucnosti.&#8220; <\/em>A mana\u017eerova odv\u00e1\u017en\u00e1 slova podpo\u0159il ofici\u00e1ln\u00edm prohl\u00e1\u0161en\u00edm i p\u0159edseda Bill Kenwright. Toffees zvolili riskantn\u00ed, ov\u0161em velmi chv\u00e1lyhodnou cestu, jeliko\u017e den, kdy pen\u00edze p\u0159ebij\u00ed mor\u00e1ln\u00ed str\u00e1nku, bude znamenat konec fotbalu.<\/p>\n<p>John Stones tedy bude p\u0159ipraven po psychick\u00e9 str\u00e1nce na sobotn\u00ed utk\u00e1n\u00ed, jak Mart\u00ednez deklaroval na p\u0159edz\u00e1pasov\u00e9 tiskovce. Av\u0161ak cel\u00e9 ud\u00e1losti na n\u011bm pochopiteln\u011b zanechaj\u00ed stopy, p\u0159eci jde jenom o jednadvacetilet\u00e9ho nezku\u0161en\u00e9ho fotbalistu. Na kone\u010dn\u00e9 rozh\u0159e\u0161en\u00ed si n\u011bjak\u00fd ten p\u00e1tek po\u010dk\u00e1me.<\/p>\n<p>Z\u00e1kladn\u00ed sestavu lze p\u0159edpokl\u00e1dat ve slo\u017een\u00ed: Howard, Coleman, Jagielka, Stones, Oviedo, Barry, McCarthy, Mirallas, Barkley, Cleverley, Lukaku. Bryan Oviedo p\u0159esv\u011bd\u010dil o fyzick\u00e9 kondici ve st\u0159ede\u010dn\u00edm poh\u00e1ru, kdy\u017e odehr\u00e1l porci 120 minut. Kevin Mirallas se, douf\u00e1m, rovn\u011b\u017e objev\u00ed v z\u00e1kladn\u00ed XI, byla by \u0161koda ma\u0159it jeho tah na br\u00e1nu a g\u00f3lov\u00fd instinkt na lavi\u010dce n\u00e1hradn\u00edk\u016f. Na n\u00ed naopak bude \u010dekat hladov\u00fd Gerard Deulofeu. \u0160pan\u011bl je\u0161t\u011b pot\u0159ebuje potr\u00e9novat, aby nasko\u010dil od \u00favodn\u00ed minuty. Jako o\u017eiven\u00ed z lavi\u010dky se bude hodit, viz souboj s Barnsley a jeho t\u0159i asistence.<\/p>\n<p>Everton triumfoval na h\u0159i\u0161ti Tottenhamu naposledy v listopadu roku 2008, je tedy co napravovat. Sv\u011b\u0159enci Mauricia Pochettina neopl\u00fdvaj\u00ed oslnivou formou v \u00favodu ro\u010dn\u00edku, na v\u00fdhru st\u00e1le \u010dekaj\u00ed, tr\u00e1p\u00ed se hlavn\u011b v\u00a0ofenzivn\u00ed souh\u0159e. T\u00fdm se a\u017e p\u0159esp\u0159\u00edli\u0161 spol\u00e9h\u00e1 na Harryho Kanea, a i kdy\u017e anglick\u00fd \u00fato\u010dn\u00edk \u0161ance sv\u00fdm spoluhr\u00e1\u010d\u016fm p\u0159ipravuje, s\u00e1m na g\u00f3l zat\u00edm \u010dek\u00e1. Spurs reagovali aktivitou na p\u0159estupov\u00e9m trhu, za nemal\u00e9 pen\u00edze p\u0159ivedli Clintona Nji\u00e9ho z Lyonu a Heung-min Sona z Bayeru Leverkusen. V\u00edkendov\u00fd ma\u010d se t\u00fdk\u00e1 pouze prvn\u00edho jmenovan\u00e9ho, druh\u00fd toti\u017e \u010dek\u00e1 na vy\u0159\u00edzen\u00ed pracovn\u00edho povolen\u00ed. V hledi\u0161ti se m\u016f\u017ee posadit vedle Christiana Eriksena, kl\u00ed\u010dov\u00e9ho tv\u016frce hry st\u00e1le dr\u017e\u00ed mimo hru zran\u011bn\u00e9 koleno.<\/p>\n<p>Everton necestuje do Lond\u00fdna na v\u00fdlet, t\u0159i body jsou re\u00e1ln\u00fdm c\u00edlem, zvl\u00e1\u0161t\u011b vezmeme v potaz lep\u0161\u00ed formu na h\u0159i\u0161t\u00edch soupe\u0159\u016f ne\u017e na Goodison Parku. Ve venkovn\u00edm prost\u0159ed\u00ed mu\u017estvo p\u016fsob\u00ed uvoln\u011bn\u011bj\u0161\u00edm a svi\u017en\u011bj\u0161\u00edm dojmem, \u010derp\u00e1 z p\u0159\u00edmo\u010dar\u00e9ho stylu fotbalu, jen\u017e plat\u00ed za \u00fa\u010dinn\u00fd v\u00a0modr\u00e9m proveden\u00ed.<\/p>\n<p><strong>Tottenham Hotspur:<\/strong> Lloris, Vorm, Alderweireld, Davies, Dier, Rose, Trippier, Vertonghen, Walker, Wimmer, Yedlin, Alli, Bentaleb, Carroll, Chadli, Demb\u00e9l\u00e9, Lamela, Mason, Pritchard, Onomah, Winks, Townsend, Kane, N&#8217;Jie.<\/p>\n<p><strong>Everton:<\/strong> Howard, Joel, Browning, Coleman, Holgate, Jagielka, Oviedo, Stones, Grabutt (?), Barkley, Barry, Be\u0161i\u0107, Cleverley, McCarthy, McGeady, Mirallas, Osman, Deulofeu, Kon\u00e9, Lukaku, McAleny, Naismith.<\/p>\n<p><strong>Co:<\/strong> Tottenham Hotspur FC &#8211; Everton FC, 4. kolo Premier League<br \/>\n<strong>Kdy:<\/strong> 29. 08. 2015 od 18:30 SE\u010c<br \/>\n<strong>Kde:<\/strong> White Hart Lane, Tottenham, Lond\u00fdn (kapacita: 36 310)<br \/>\n<strong>Rozhod\u010d\u00ed:<\/strong> Mike Jones<\/p>\n<p><strong>COYB!<\/strong><\/p>\n<\/div>\n","protected":false},"excerpt":{"rendered":"<p>P\u0159i pozdvi\u017een\u00ed okolo Johna Stonese by snad i jeden zapomn\u011bl na v\u00edkendovou Premier League, v n\u00ed\u017e Toffees zaj\u00ed\u017ed\u011bj\u00ed na neobl\u00edben\u00fd&hellip;<\/p>\n","protected":false},"author":6,"featured_media":1314,"comment_status":"open","ping_status":"closed","sticky":false,"template":"","format":"standard","meta":{"_eb_attr":"","_monsterinsights_skip_tracking":false,"_monsterinsights_sitenote_active":false,"_monsterinsights_sitenote_note":"","_monsterinsights_sitenote_category":0,"footnotes":""},"categories":[4],"tags":[],"yoast_head":"<!-- This site is optimized with the Yoast SEO plugin v23.4 - https:\/\/yoast.com\/wordpress\/plugins\/seo\/ -->\n<title>Preview: Tottenham Hotspur - Everton - Official Czech &amp; Slovak Everton Supporters&#039; Club<\/title>\n<meta name=\"robots\" content=\"index, follow, max-snippet:-1, max-image-preview:large, max-video-preview:-1\" \/>\n<link rel=\"canonical\" href=\"https:\/\/evertonfc.cz\/index.php\/2015\/08\/28\/preview-tottenham-hotspur-everton-4\/\" \/>\n<meta property=\"og:locale\" content=\"cs_CZ\" \/>\n<meta property=\"og:type\" content=\"article\" \/>\n<meta property=\"og:title\" content=\"Preview: Tottenham Hotspur - Everton - Official Czech &amp; Slovak Everton Supporters&#039; Club\" \/>\n<meta property=\"og:description\" content=\"P\u0159i pozdvi\u017een\u00ed okolo Johna Stonese by snad i jeden zapomn\u011bl na v\u00edkendovou Premier League, v n\u00ed\u017e Toffees zaj\u00ed\u017ed\u011bj\u00ed na neobl\u00edben\u00fd&hellip;\" \/>\n<meta property=\"og:url\" content=\"https:\/\/evertonfc.cz\/index.php\/2015\/08\/28\/preview-tottenham-hotspur-everton-4\/\" \/>\n<meta property=\"og:site_name\" content=\"Official Czech &amp; Slovak Everton Supporters&#039; Club\" \/>\n<meta property=\"article:publisher\" content=\"https:\/\/www.facebook.com\/everton.fans.cz.sk\" \/>\n<meta property=\"article:published_time\" content=\"2015-08-28T19:13:19+00:00\" \/>\n<meta property=\"article:modified_time\" content=\"2019-02-12T22:09:37+00:00\" \/>\n<meta property=\"og:image\" content=\"https:\/\/evertonfc.cz\/wp-content\/uploads\/2019\/01\/preview.jpg\" \/>\n\t<meta property=\"og:image:width\" content=\"720\" \/>\n\t<meta property=\"og:image:height\" content=\"405\" \/>\n\t<meta property=\"og:image:type\" content=\"image\/jpeg\" \/>\n<meta name=\"author\" content=\"Ri\u010di\" \/>\n<meta name=\"twitter:card\" content=\"summary_large_image\" \/>\n<meta name=\"twitter:creator\" content=\"@rbrejsa\" \/>\n<meta name=\"twitter:label1\" content=\"Napsal(a)\" \/>\n\t<meta name=\"twitter:data1\" content=\"Ri\u010di\" \/>\n\t<meta name=\"twitter:label2\" content=\"Odhadovan\u00e1 doba \u010dten\u00ed\" \/>\n\t<meta name=\"twitter:data2\" content=\"4 minuty\" \/>\n<script type=\"application\/ld+json\" class=\"yoast-schema-graph\">{\"@context\":\"https:\/\/schema.org\",\"@graph\":[{\"@type\":\"Article\",\"@id\":\"https:\/\/evertonfc.cz\/index.php\/2015\/08\/28\/preview-tottenham-hotspur-everton-4\/#article\",\"isPartOf\":{\"@id\":\"https:\/\/evertonfc.cz\/index.php\/2015\/08\/28\/preview-tottenham-hotspur-everton-4\/\"},\"author\":{\"name\":\"Ri\u010di\",\"@id\":\"https:\/\/evertonfc.cz\/#\/schema\/person\/f7a5daedb2ffee98480bc70e191aaef1\"},\"headline\":\"Preview: Tottenham Hotspur &#8211; Everton\",\"datePublished\":\"2015-08-28T19:13:19+00:00\",\"dateModified\":\"2019-02-12T22:09:37+00:00\",\"mainEntityOfPage\":{\"@id\":\"https:\/\/evertonfc.cz\/index.php\/2015\/08\/28\/preview-tottenham-hotspur-everton-4\/\"},\"wordCount\":711,\"commentCount\":0,\"publisher\":{\"@id\":\"https:\/\/evertonfc.cz\/#organization\"},\"image\":{\"@id\":\"https:\/\/evertonfc.cz\/index.php\/2015\/08\/28\/preview-tottenham-hotspur-everton-4\/#primaryimage\"},\"thumbnailUrl\":\"https:\/\/evertonfc.cz\/wp-content\/uploads\/2019\/01\/preview.jpg\",\"articleSection\":[\"Z\u00e1pasy\"],\"inLanguage\":\"cs\",\"potentialAction\":[{\"@type\":\"CommentAction\",\"name\":\"Comment\",\"target\":[\"https:\/\/evertonfc.cz\/index.php\/2015\/08\/28\/preview-tottenham-hotspur-everton-4\/#respond\"]}]},{\"@type\":\"WebPage\",\"@id\":\"https:\/\/evertonfc.cz\/index.php\/2015\/08\/28\/preview-tottenham-hotspur-everton-4\/\",\"url\":\"https:\/\/evertonfc.cz\/index.php\/2015\/08\/28\/preview-tottenham-hotspur-everton-4\/\",\"name\":\"Preview: Tottenham Hotspur - Everton - Official Czech &amp; Slovak Everton Supporters&#039; Club\",\"isPartOf\":{\"@id\":\"https:\/\/evertonfc.cz\/#website\"},\"primaryImageOfPage\":{\"@id\":\"https:\/\/evertonfc.cz\/index.php\/2015\/08\/28\/preview-tottenham-hotspur-everton-4\/#primaryimage\"},\"image\":{\"@id\":\"https:\/\/evertonfc.cz\/index.php\/2015\/08\/28\/preview-tottenham-hotspur-everton-4\/#primaryimage\"},\"thumbnailUrl\":\"https:\/\/evertonfc.cz\/wp-content\/uploads\/2019\/01\/preview.jpg\",\"datePublished\":\"2015-08-28T19:13:19+00:00\",\"dateModified\":\"2019-02-12T22:09:37+00:00\",\"breadcrumb\":{\"@id\":\"https:\/\/evertonfc.cz\/index.php\/2015\/08\/28\/preview-tottenham-hotspur-everton-4\/#breadcrumb\"},\"inLanguage\":\"cs\",\"potentialAction\":[{\"@type\":\"ReadAction\",\"target\":[\"https:\/\/evertonfc.cz\/index.php\/2015\/08\/28\/preview-tottenham-hotspur-everton-4\/\"]}]},{\"@type\":\"ImageObject\",\"inLanguage\":\"cs\",\"@id\":\"https:\/\/evertonfc.cz\/index.php\/2015\/08\/28\/preview-tottenham-hotspur-everton-4\/#primaryimage\",\"url\":\"https:\/\/evertonfc.cz\/wp-content\/uploads\/2019\/01\/preview.jpg\",\"contentUrl\":\"https:\/\/evertonfc.cz\/wp-content\/uploads\/2019\/01\/preview.jpg\",\"width\":720,\"height\":405},{\"@type\":\"BreadcrumbList\",\"@id\":\"https:\/\/evertonfc.cz\/index.php\/2015\/08\/28\/preview-tottenham-hotspur-everton-4\/#breadcrumb\",\"itemListElement\":[{\"@type\":\"ListItem\",\"position\":1,\"name\":\"Home\",\"item\":\"https:\/\/evertonfc.cz\/\"},{\"@type\":\"ListItem\",\"position\":2,\"name\":\"Preview: Tottenham Hotspur &#8211; Everton\"}]},{\"@type\":\"WebSite\",\"@id\":\"https:\/\/evertonfc.cz\/#website\",\"url\":\"https:\/\/evertonfc.cz\/\",\"name\":\"Official Czech &amp; Slovak Everton Supporters&#039; Club\",\"description\":\"\",\"publisher\":{\"@id\":\"https:\/\/evertonfc.cz\/#organization\"},\"potentialAction\":[{\"@type\":\"SearchAction\",\"target\":{\"@type\":\"EntryPoint\",\"urlTemplate\":\"https:\/\/evertonfc.cz\/?s={search_term_string}\"},\"query-input\":{\"@type\":\"PropertyValueSpecification\",\"valueRequired\":true,\"valueName\":\"search_term_string\"}}],\"inLanguage\":\"cs\"},{\"@type\":\"Organization\",\"@id\":\"https:\/\/evertonfc.cz\/#organization\",\"name\":\"Official Czech & Slovak Everton Supporters' Club\",\"url\":\"https:\/\/evertonfc.cz\/\",\"logo\":{\"@type\":\"ImageObject\",\"inLanguage\":\"cs\",\"@id\":\"https:\/\/evertonfc.cz\/#\/schema\/logo\/image\/\",\"url\":\"https:\/\/evertonfc.cz\/wp-content\/uploads\/2019\/05\/logo.png\",\"contentUrl\":\"https:\/\/evertonfc.cz\/wp-content\/uploads\/2019\/05\/logo.png\",\"width\":112,\"height\":112,\"caption\":\"Official Czech & Slovak Everton Supporters' Club\"},\"image\":{\"@id\":\"https:\/\/evertonfc.cz\/#\/schema\/logo\/image\/\"},\"sameAs\":[\"https:\/\/www.facebook.com\/everton.fans.cz.sk\"]},{\"@type\":\"Person\",\"@id\":\"https:\/\/evertonfc.cz\/#\/schema\/person\/f7a5daedb2ffee98480bc70e191aaef1\",\"name\":\"Ri\u010di\",\"sameAs\":[\"https:\/\/x.com\/rbrejsa\"],\"url\":\"https:\/\/evertonfc.cz\/index.php\/author\/rici\/\"}]}<\/script>\n<!-- \/ Yoast SEO plugin. -->","yoast_head_json":{"title":"Preview: Tottenham Hotspur - Everton - Official Czech &amp; Slovak Everton Supporters&#039; Club","robots":{"index":"index","follow":"follow","max-snippet":"max-snippet:-1","max-image-preview":"max-image-preview:large","max-video-preview":"max-video-preview:-1"},"canonical":"https:\/\/evertonfc.cz\/index.php\/2015\/08\/28\/preview-tottenham-hotspur-everton-4\/","og_locale":"cs_CZ","og_type":"article","og_title":"Preview: Tottenham Hotspur - Everton - Official Czech &amp; Slovak Everton Supporters&#039; Club","og_description":"P\u0159i pozdvi\u017een\u00ed okolo Johna Stonese by snad i jeden zapomn\u011bl na v\u00edkendovou Premier League, v n\u00ed\u017e Toffees zaj\u00ed\u017ed\u011bj\u00ed na neobl\u00edben\u00fd&hellip;","og_url":"https:\/\/evertonfc.cz\/index.php\/2015\/08\/28\/preview-tottenham-hotspur-everton-4\/","og_site_name":"Official Czech &amp; Slovak Everton Supporters&#039; Club","article_publisher":"https:\/\/www.facebook.com\/everton.fans.cz.sk","article_published_time":"2015-08-28T19:13:19+00:00","article_modified_time":"2019-02-12T22:09:37+00:00","og_image":[{"width":720,"height":405,"url":"https:\/\/evertonfc.cz\/wp-content\/uploads\/2019\/01\/preview.jpg","type":"image\/jpeg"}],"author":"Ri\u010di","twitter_card":"summary_large_image","twitter_creator":"@rbrejsa","twitter_misc":{"Napsal(a)":"Ri\u010di","Odhadovan\u00e1 doba \u010dten\u00ed":"4 minuty"},"schema":{"@context":"https:\/\/schema.org","@graph":[{"@type":"Article","@id":"https:\/\/evertonfc.cz\/index.php\/2015\/08\/28\/preview-tottenham-hotspur-everton-4\/#article","isPartOf":{"@id":"https:\/\/evertonfc.cz\/index.php\/2015\/08\/28\/preview-tottenham-hotspur-everton-4\/"},"author":{"name":"Ri\u010di","@id":"https:\/\/evertonfc.cz\/#\/schema\/person\/f7a5daedb2ffee98480bc70e191aaef1"},"headline":"Preview: Tottenham Hotspur &#8211; Everton","datePublished":"2015-08-28T19:13:19+00:00","dateModified":"2019-02-12T22:09:37+00:00","mainEntityOfPage":{"@id":"https:\/\/evertonfc.cz\/index.php\/2015\/08\/28\/preview-tottenham-hotspur-everton-4\/"},"wordCount":711,"commentCount":0,"publisher":{"@id":"https:\/\/evertonfc.cz\/#organization"},"image":{"@id":"https:\/\/evertonfc.cz\/index.php\/2015\/08\/28\/preview-tottenham-hotspur-everton-4\/#primaryimage"},"thumbnailUrl":"https:\/\/evertonfc.cz\/wp-content\/uploads\/2019\/01\/preview.jpg","articleSection":["Z\u00e1pasy"],"inLanguage":"cs","potentialAction":[{"@type":"CommentAction","name":"Comment","target":["https:\/\/evertonfc.cz\/index.php\/2015\/08\/28\/preview-tottenham-hotspur-everton-4\/#respond"]}]},{"@type":"WebPage","@id":"https:\/\/evertonfc.cz\/index.php\/2015\/08\/28\/preview-tottenham-hotspur-everton-4\/","url":"https:\/\/evertonfc.cz\/index.php\/2015\/08\/28\/preview-tottenham-hotspur-everton-4\/","name":"Preview: Tottenham Hotspur - Everton - Official Czech &amp; Slovak Everton Supporters&#039; Club","isPartOf":{"@id":"https:\/\/evertonfc.cz\/#website"},"primaryImageOfPage":{"@id":"https:\/\/evertonfc.cz\/index.php\/2015\/08\/28\/preview-tottenham-hotspur-everton-4\/#primaryimage"},"image":{"@id":"https:\/\/evertonfc.cz\/index.php\/2015\/08\/28\/preview-tottenham-hotspur-everton-4\/#primaryimage"},"thumbnailUrl":"https:\/\/evertonfc.cz\/wp-content\/uploads\/2019\/01\/preview.jpg","datePublished":"2015-08-28T19:13:19+00:00","dateModified":"2019-02-12T22:09:37+00:00","breadcrumb":{"@id":"https:\/\/evertonfc.cz\/index.php\/2015\/08\/28\/preview-tottenham-hotspur-everton-4\/#breadcrumb"},"inLanguage":"cs","potentialAction":[{"@type":"ReadAction","target":["https:\/\/evertonfc.cz\/index.php\/2015\/08\/28\/preview-tottenham-hotspur-everton-4\/"]}]},{"@type":"ImageObject","inLanguage":"cs","@id":"https:\/\/evertonfc.cz\/index.php\/2015\/08\/28\/preview-tottenham-hotspur-everton-4\/#primaryimage","url":"https:\/\/evertonfc.cz\/wp-content\/uploads\/2019\/01\/preview.jpg","contentUrl":"https:\/\/evertonfc.cz\/wp-content\/uploads\/2019\/01\/preview.jpg","width":720,"height":405},{"@type":"BreadcrumbList","@id":"https:\/\/evertonfc.cz\/index.php\/2015\/08\/28\/preview-tottenham-hotspur-everton-4\/#breadcrumb","itemListElement":[{"@type":"ListItem","position":1,"name":"Home","item":"https:\/\/evertonfc.cz\/"},{"@type":"ListItem","position":2,"name":"Preview: Tottenham Hotspur &#8211; Everton"}]},{"@type":"WebSite","@id":"https:\/\/evertonfc.cz\/#website","url":"https:\/\/evertonfc.cz\/","name":"Official Czech &amp; Slovak Everton Supporters&#039; Club","description":"","publisher":{"@id":"https:\/\/evertonfc.cz\/#organization"},"potentialAction":[{"@type":"SearchAction","target":{"@type":"EntryPoint","urlTemplate":"https:\/\/evertonfc.cz\/?s={search_term_string}"},"query-input":{"@type":"PropertyValueSpecification","valueRequired":true,"valueName":"search_term_string"}}],"inLanguage":"cs"},{"@type":"Organization","@id":"https:\/\/evertonfc.cz\/#organization","name":"Official Czech & Slovak Everton Supporters' Club","url":"https:\/\/evertonfc.cz\/","logo":{"@type":"ImageObject","inLanguage":"cs","@id":"https:\/\/evertonfc.cz\/#\/schema\/logo\/image\/","url":"https:\/\/evertonfc.cz\/wp-content\/uploads\/2019\/05\/logo.png","contentUrl":"https:\/\/evertonfc.cz\/wp-content\/uploads\/2019\/05\/logo.png","width":112,"height":112,"caption":"Official Czech & Slovak Everton Supporters' Club"},"image":{"@id":"https:\/\/evertonfc.cz\/#\/schema\/logo\/image\/"},"sameAs":["https:\/\/www.facebook.com\/everton.fans.cz.sk"]},{"@type":"Person","@id":"https:\/\/evertonfc.cz\/#\/schema\/person\/f7a5daedb2ffee98480bc70e191aaef1","name":"Ri\u010di","sameAs":["https:\/\/x.com\/rbrejsa"],"url":"https:\/\/evertonfc.cz\/index.php\/author\/rici\/"}]}},"_links":{"self":[{"href":"https:\/\/evertonfc.cz\/index.php\/wp-json\/wp\/v2\/posts\/4164"}],"collection":[{"href":"https:\/\/evertonfc.cz\/index.php\/wp-json\/wp\/v2\/posts"}],"about":[{"href":"https:\/\/evertonfc.cz\/index.php\/wp-json\/wp\/v2\/types\/post"}],"author":[{"embeddable":true,"href":"https:\/\/evertonfc.cz\/index.php\/wp-json\/wp\/v2\/users\/6"}],"replies":[{"embeddable":true,"href":"https:\/\/evertonfc.cz\/index.php\/wp-json\/wp\/v2\/comments?post=4164"}],"version-history":[{"count":2,"href":"https:\/\/evertonfc.cz\/index.php\/wp-json\/wp\/v2\/posts\/4164\/revisions"}],"predecessor-version":[{"id":4313,"href":"https:\/\/evertonfc.cz\/index.php\/wp-json\/wp\/v2\/posts\/4164\/revisions\/4313"}],"wp:featuredmedia":[{"embeddable":true,"href":"https:\/\/evertonfc.cz\/index.php\/wp-json\/wp\/v2\/media\/1314"}],"wp:attachment":[{"href":"https:\/\/evertonfc.cz\/index.php\/wp-json\/wp\/v2\/media?parent=4164"}],"wp:term":[{"taxonomy":"category","embeddable":true,"href":"https:\/\/evertonfc.cz\/index.php\/wp-json\/wp\/v2\/categories?post=4164"},{"taxonomy":"post_tag","embeddable":true,"href":"https:\/\/evertonfc.cz\/index.php\/wp-json\/wp\/v2\/tags?post=4164"}],"curies":[{"name":"wp","href":"https:\/\/api.w.org\/{rel}","templated":true}]}}