{"id":4169,"date":"2015-09-25T21:15:57","date_gmt":"2015-09-25T19:15:57","guid":{"rendered":"http:\/\/evertonfc.cz\/?p=4169"},"modified":"2019-02-12T23:05:04","modified_gmt":"2019-02-12T22:05:04","slug":"preview-barnsley-everton","status":"publish","type":"post","link":"https:\/\/evertonfc.cz\/index.php\/2015\/09\/25\/preview-barnsley-everton\/","title":{"rendered":"Preview: Barnsley &#8211; Everton"},"content":{"rendered":"<div id=\"NewsPostDetailSummary\">\n<h4>*\u0165uk \u0165uk \u0165uk*<\/h4>\n<h4>\u201eKdo tam?\u201c<\/h4>\n<h4>\u201eLigov\u00fd poh\u00e1r.\u201c<\/h4>\n<\/div>\n<div id=\"NewsPostDetailContent\">\n<p>Proto\u017ee se Evertonu letos evropsk\u00e9 poh\u00e1ry net\u00fdkaj\u00ed, tak vstupuje do t\u00e9to sout\u011b\u017ee ji\u017e ve druh\u00e9m kole. Los mu p\u0159isoudil Barnsley, kter\u00fd hraje v t\u0159et\u00ed lize. Nicm\u00e9n\u011b outsider tohoto souboje m\u00e1 v\u00fdhodu dom\u00e1c\u00edho prost\u0159ed\u00ed. Ve druh\u00e9m kole Tykes, jak se jim p\u0159ezd\u00edv\u00e1, vy\u0159adili dom\u00e1c\u00ed Scunthorpe, kdy\u017e v utk\u00e1n\u00ed padaly branky pouze z penalt (jedna neprom\u011bn\u011bn\u00e1, dv\u011b prom\u011bn\u011bn\u00e9 v norm\u00e1ln\u00ed hrac\u00ed dob\u011b, penaltov\u00fd rozst\u0159el skon\u010dil 6:7). Zaj\u00edmav\u00e9 a pro n\u011bkoho sympatick\u00e9 je to, \u017ee klub od roku 1888 (rok po sv\u00e9m zalo\u017een\u00ed) hraje na stejn\u00e9m stadionu.<\/p>\n<p>Spojen\u00edm mezi Evertonem a Barnsley je to, \u017ee n\u00e1s tenhle klub z\u00e1sobuje stopery. Po Johnu Stonesovi byl toto l\u00e9to koupen rod\u00e1k z Doncasteru Mason Holgate. Ve sv\u00e9m debutu za t\u00fdm Evertonu do 21 let p\u0159isp\u011bl dobr\u00fdm v\u00fdkonem k rem\u00edze 3:3 v derby s RS. Barnsley je po \u010dty\u0159ech kolech des\u00e1t\u00e9, za dv\u011b v\u00fdhry a jednu rem\u00edzu m\u00e1 7 bod\u016f a sk\u00f3re 5:5.<\/p>\n<p>Pot\u00e9, co musel b\u00fdt vyst\u0159\u00edd\u00e1n na konci prvn\u00edho polo\u010dasu proti Man C Galloway kv\u016fli probl\u00e9m\u016fm s kolenem, se spousta lid\u00ed ptala &#8222;kde je Oviedo?&#8220; a &#8222;pro\u010d nebyl na lavi\u010dce?&#8220;. (Pro p\u0159ipomenut\u00ed &#8211; vyst\u0159\u00eddal ho dal\u0161\u00ed mlad\u00edk Browning.) Na p\u0159edz\u00e1pasov\u00e9 tiskov\u00e9 konferenci se mana\u017eer Mart\u00ednez na t\u00e9ma Oviedo vyj\u00e1d\u0159il v tom smyslu, \u017ee je zcela zdrav\u00fd a z\u00edtra bude v z\u00e1kladn\u00ed sestav\u011b. Tak\u00e9 se \u0161\u00e9f kabiny vyj\u00e1d\u0159il, \u017ee tentokr\u00e1t bereme Ligov\u00fd poh\u00e1r v\u00e1\u017en\u011b. Ka\u017edop\u00e1dn\u011b je jasn\u00e9, \u017ee budou hr\u00e1t n\u00e1hradn\u00edci hr\u00e1\u010di \u0161ir\u0161\u00edho k\u00e1dru. Nechme se p\u0159ekvapit, jak tedy sestava bude vypadat, t\u0159eba vlevo se nab\u00edz\u00ed na z\u00e1lohu Deulofeu.<\/p>\n<p>Galloway je tedy jedin\u00fd dal\u0161\u00ed zran\u011bn\u00fd, na marodce st\u00e1le z\u016fst\u00e1v\u00e1 \u010dtve\u0159ice\u00a0Baines-Gibson-Hibbert-Pienaar. Barnsley je t\u00e9m\u011b\u0159 zcela zdrav\u00e9, otazn\u00edk z\u016fst\u00e1v\u00e1 nad startem krajn\u00edho z\u00e1lo\u017en\u00edka Ryana Williamse, kter\u00fd do t\u00fdmu p\u0159estoupil p\u0159ed sez\u00f3nou z Fulhamu. V\u00edt\u011bz tohoto souboje se soupe\u0159e dov\u00ed je\u0161t\u011b den p\u0159ed utk\u00e1n\u00edm, proto\u017ee los t\u0159et\u00edho kola je dnes po dohr\u00e1n\u00ed v\u0161ech z\u00e1pas\u016f.<\/p>\n<p>Utk\u00e1n\u00ed vys\u00edl\u00e1 p\u0159\u00edm\u00fdm p\u0159enosem stanice Nova sport.<\/p>\n<p><strong>Co:<\/strong> Barnsley FC &#8211; Everton FC, 2. kolo Ligov\u00e9ho poh\u00e1ru<br \/>\n<strong>Kdy: <\/strong>27. 8. 2015 od 20:45 SE\u010c<br \/>\n<strong>Kde:<\/strong> Oakwell, Grove Street, Barnsley (kapacita: 23 287)<br \/>\n<strong>Rozhod\u010d\u00ed: <\/strong>Simon Hooper<\/p>\n<\/div>\n","protected":false},"excerpt":{"rendered":"<p>*\u0165uk \u0165uk \u0165uk* \u201eKdo tam?\u201c \u201eLigov\u00fd poh\u00e1r.\u201c Proto\u017ee se Evertonu letos evropsk\u00e9 poh\u00e1ry net\u00fdkaj\u00ed, tak vstupuje do t\u00e9to sout\u011b\u017ee ji\u017e&hellip;<\/p>\n","protected":false},"author":12,"featured_media":1314,"comment_status":"open","ping_status":"closed","sticky":false,"template":"","format":"standard","meta":{"_eb_attr":"","_monsterinsights_skip_tracking":false,"_monsterinsights_sitenote_active":false,"_monsterinsights_sitenote_note":"","_monsterinsights_sitenote_category":0,"footnotes":""},"categories":[4],"tags":[],"yoast_head":"<!-- This site is optimized with the Yoast SEO plugin v23.4 - https:\/\/yoast.com\/wordpress\/plugins\/seo\/ -->\n<title>Preview: Barnsley - Everton - Official Czech &amp; Slovak Everton Supporters&#039; Club<\/title>\n<meta name=\"robots\" content=\"index, follow, max-snippet:-1, max-image-preview:large, max-video-preview:-1\" \/>\n<link rel=\"canonical\" href=\"https:\/\/evertonfc.cz\/index.php\/2015\/09\/25\/preview-barnsley-everton\/\" \/>\n<meta property=\"og:locale\" content=\"cs_CZ\" \/>\n<meta property=\"og:type\" content=\"article\" \/>\n<meta property=\"og:title\" content=\"Preview: Barnsley - Everton - Official Czech &amp; Slovak Everton Supporters&#039; Club\" \/>\n<meta property=\"og:description\" content=\"*\u0165uk \u0165uk \u0165uk* \u201eKdo tam?\u201c \u201eLigov\u00fd poh\u00e1r.\u201c Proto\u017ee se Evertonu letos evropsk\u00e9 poh\u00e1ry net\u00fdkaj\u00ed, tak vstupuje do t\u00e9to sout\u011b\u017ee ji\u017e&hellip;\" \/>\n<meta property=\"og:url\" content=\"https:\/\/evertonfc.cz\/index.php\/2015\/09\/25\/preview-barnsley-everton\/\" \/>\n<meta property=\"og:site_name\" content=\"Official Czech &amp; Slovak Everton Supporters&#039; Club\" \/>\n<meta property=\"article:publisher\" content=\"https:\/\/www.facebook.com\/everton.fans.cz.sk\" \/>\n<meta property=\"article:published_time\" content=\"2015-09-25T19:15:57+00:00\" \/>\n<meta property=\"article:modified_time\" content=\"2019-02-12T22:05:04+00:00\" \/>\n<meta property=\"og:image\" content=\"https:\/\/evertonfc.cz\/wp-content\/uploads\/2019\/01\/preview.jpg\" \/>\n\t<meta property=\"og:image:width\" content=\"720\" \/>\n\t<meta property=\"og:image:height\" content=\"405\" \/>\n\t<meta property=\"og:image:type\" content=\"image\/jpeg\" \/>\n<meta name=\"author\" content=\"Javor\" \/>\n<meta name=\"twitter:card\" content=\"summary_large_image\" \/>\n<meta name=\"twitter:creator\" content=\"@LoudinJan\" \/>\n<meta name=\"twitter:label1\" content=\"Napsal(a)\" \/>\n\t<meta name=\"twitter:data1\" content=\"Javor\" \/>\n\t<meta name=\"twitter:label2\" content=\"Odhadovan\u00e1 doba \u010dten\u00ed\" \/>\n\t<meta name=\"twitter:data2\" content=\"2 minuty\" \/>\n<script type=\"application\/ld+json\" class=\"yoast-schema-graph\">{\"@context\":\"https:\/\/schema.org\",\"@graph\":[{\"@type\":\"Article\",\"@id\":\"https:\/\/evertonfc.cz\/index.php\/2015\/09\/25\/preview-barnsley-everton\/#article\",\"isPartOf\":{\"@id\":\"https:\/\/evertonfc.cz\/index.php\/2015\/09\/25\/preview-barnsley-everton\/\"},\"author\":{\"name\":\"Javor\",\"@id\":\"https:\/\/evertonfc.cz\/#\/schema\/person\/b30daf6a5852f4811f8207a17ec1bf78\"},\"headline\":\"Preview: Barnsley &#8211; Everton\",\"datePublished\":\"2015-09-25T19:15:57+00:00\",\"dateModified\":\"2019-02-12T22:05:04+00:00\",\"mainEntityOfPage\":{\"@id\":\"https:\/\/evertonfc.cz\/index.php\/2015\/09\/25\/preview-barnsley-everton\/\"},\"wordCount\":453,\"commentCount\":0,\"publisher\":{\"@id\":\"https:\/\/evertonfc.cz\/#organization\"},\"image\":{\"@id\":\"https:\/\/evertonfc.cz\/index.php\/2015\/09\/25\/preview-barnsley-everton\/#primaryimage\"},\"thumbnailUrl\":\"https:\/\/evertonfc.cz\/wp-content\/uploads\/2019\/01\/preview.jpg\",\"articleSection\":[\"Z\u00e1pasy\"],\"inLanguage\":\"cs\",\"potentialAction\":[{\"@type\":\"CommentAction\",\"name\":\"Comment\",\"target\":[\"https:\/\/evertonfc.cz\/index.php\/2015\/09\/25\/preview-barnsley-everton\/#respond\"]}]},{\"@type\":\"WebPage\",\"@id\":\"https:\/\/evertonfc.cz\/index.php\/2015\/09\/25\/preview-barnsley-everton\/\",\"url\":\"https:\/\/evertonfc.cz\/index.php\/2015\/09\/25\/preview-barnsley-everton\/\",\"name\":\"Preview: Barnsley - Everton - Official Czech &amp; Slovak Everton Supporters&#039; Club\",\"isPartOf\":{\"@id\":\"https:\/\/evertonfc.cz\/#website\"},\"primaryImageOfPage\":{\"@id\":\"https:\/\/evertonfc.cz\/index.php\/2015\/09\/25\/preview-barnsley-everton\/#primaryimage\"},\"image\":{\"@id\":\"https:\/\/evertonfc.cz\/index.php\/2015\/09\/25\/preview-barnsley-everton\/#primaryimage\"},\"thumbnailUrl\":\"https:\/\/evertonfc.cz\/wp-content\/uploads\/2019\/01\/preview.jpg\",\"datePublished\":\"2015-09-25T19:15:57+00:00\",\"dateModified\":\"2019-02-12T22:05:04+00:00\",\"breadcrumb\":{\"@id\":\"https:\/\/evertonfc.cz\/index.php\/2015\/09\/25\/preview-barnsley-everton\/#breadcrumb\"},\"inLanguage\":\"cs\",\"potentialAction\":[{\"@type\":\"ReadAction\",\"target\":[\"https:\/\/evertonfc.cz\/index.php\/2015\/09\/25\/preview-barnsley-everton\/\"]}]},{\"@type\":\"ImageObject\",\"inLanguage\":\"cs\",\"@id\":\"https:\/\/evertonfc.cz\/index.php\/2015\/09\/25\/preview-barnsley-everton\/#primaryimage\",\"url\":\"https:\/\/evertonfc.cz\/wp-content\/uploads\/2019\/01\/preview.jpg\",\"contentUrl\":\"https:\/\/evertonfc.cz\/wp-content\/uploads\/2019\/01\/preview.jpg\",\"width\":720,\"height\":405},{\"@type\":\"BreadcrumbList\",\"@id\":\"https:\/\/evertonfc.cz\/index.php\/2015\/09\/25\/preview-barnsley-everton\/#breadcrumb\",\"itemListElement\":[{\"@type\":\"ListItem\",\"position\":1,\"name\":\"Home\",\"item\":\"https:\/\/evertonfc.cz\/\"},{\"@type\":\"ListItem\",\"position\":2,\"name\":\"Preview: Barnsley &#8211; Everton\"}]},{\"@type\":\"WebSite\",\"@id\":\"https:\/\/evertonfc.cz\/#website\",\"url\":\"https:\/\/evertonfc.cz\/\",\"name\":\"Official Czech &amp; Slovak Everton Supporters&#039; Club\",\"description\":\"\",\"publisher\":{\"@id\":\"https:\/\/evertonfc.cz\/#organization\"},\"potentialAction\":[{\"@type\":\"SearchAction\",\"target\":{\"@type\":\"EntryPoint\",\"urlTemplate\":\"https:\/\/evertonfc.cz\/?s={search_term_string}\"},\"query-input\":{\"@type\":\"PropertyValueSpecification\",\"valueRequired\":true,\"valueName\":\"search_term_string\"}}],\"inLanguage\":\"cs\"},{\"@type\":\"Organization\",\"@id\":\"https:\/\/evertonfc.cz\/#organization\",\"name\":\"Official Czech & Slovak Everton Supporters' Club\",\"url\":\"https:\/\/evertonfc.cz\/\",\"logo\":{\"@type\":\"ImageObject\",\"inLanguage\":\"cs\",\"@id\":\"https:\/\/evertonfc.cz\/#\/schema\/logo\/image\/\",\"url\":\"https:\/\/evertonfc.cz\/wp-content\/uploads\/2019\/05\/logo.png\",\"contentUrl\":\"https:\/\/evertonfc.cz\/wp-content\/uploads\/2019\/05\/logo.png\",\"width\":112,\"height\":112,\"caption\":\"Official Czech & Slovak Everton Supporters' Club\"},\"image\":{\"@id\":\"https:\/\/evertonfc.cz\/#\/schema\/logo\/image\/\"},\"sameAs\":[\"https:\/\/www.facebook.com\/everton.fans.cz.sk\"]},{\"@type\":\"Person\",\"@id\":\"https:\/\/evertonfc.cz\/#\/schema\/person\/b30daf6a5852f4811f8207a17ec1bf78\",\"name\":\"Javor\",\"sameAs\":[\"https:\/\/x.com\/LoudinJan\"],\"url\":\"https:\/\/evertonfc.cz\/index.php\/author\/javor\/\"}]}<\/script>\n<!-- \/ Yoast SEO plugin. -->","yoast_head_json":{"title":"Preview: Barnsley - Everton - Official Czech &amp; Slovak Everton Supporters&#039; Club","robots":{"index":"index","follow":"follow","max-snippet":"max-snippet:-1","max-image-preview":"max-image-preview:large","max-video-preview":"max-video-preview:-1"},"canonical":"https:\/\/evertonfc.cz\/index.php\/2015\/09\/25\/preview-barnsley-everton\/","og_locale":"cs_CZ","og_type":"article","og_title":"Preview: Barnsley - Everton - Official Czech &amp; Slovak Everton Supporters&#039; Club","og_description":"*\u0165uk \u0165uk \u0165uk* \u201eKdo tam?\u201c \u201eLigov\u00fd poh\u00e1r.\u201c Proto\u017ee se Evertonu letos evropsk\u00e9 poh\u00e1ry net\u00fdkaj\u00ed, tak vstupuje do t\u00e9to sout\u011b\u017ee ji\u017e&hellip;","og_url":"https:\/\/evertonfc.cz\/index.php\/2015\/09\/25\/preview-barnsley-everton\/","og_site_name":"Official Czech &amp; Slovak Everton Supporters&#039; Club","article_publisher":"https:\/\/www.facebook.com\/everton.fans.cz.sk","article_published_time":"2015-09-25T19:15:57+00:00","article_modified_time":"2019-02-12T22:05:04+00:00","og_image":[{"width":720,"height":405,"url":"https:\/\/evertonfc.cz\/wp-content\/uploads\/2019\/01\/preview.jpg","type":"image\/jpeg"}],"author":"Javor","twitter_card":"summary_large_image","twitter_creator":"@LoudinJan","twitter_misc":{"Napsal(a)":"Javor","Odhadovan\u00e1 doba \u010dten\u00ed":"2 minuty"},"schema":{"@context":"https:\/\/schema.org","@graph":[{"@type":"Article","@id":"https:\/\/evertonfc.cz\/index.php\/2015\/09\/25\/preview-barnsley-everton\/#article","isPartOf":{"@id":"https:\/\/evertonfc.cz\/index.php\/2015\/09\/25\/preview-barnsley-everton\/"},"author":{"name":"Javor","@id":"https:\/\/evertonfc.cz\/#\/schema\/person\/b30daf6a5852f4811f8207a17ec1bf78"},"headline":"Preview: Barnsley &#8211; Everton","datePublished":"2015-09-25T19:15:57+00:00","dateModified":"2019-02-12T22:05:04+00:00","mainEntityOfPage":{"@id":"https:\/\/evertonfc.cz\/index.php\/2015\/09\/25\/preview-barnsley-everton\/"},"wordCount":453,"commentCount":0,"publisher":{"@id":"https:\/\/evertonfc.cz\/#organization"},"image":{"@id":"https:\/\/evertonfc.cz\/index.php\/2015\/09\/25\/preview-barnsley-everton\/#primaryimage"},"thumbnailUrl":"https:\/\/evertonfc.cz\/wp-content\/uploads\/2019\/01\/preview.jpg","articleSection":["Z\u00e1pasy"],"inLanguage":"cs","potentialAction":[{"@type":"CommentAction","name":"Comment","target":["https:\/\/evertonfc.cz\/index.php\/2015\/09\/25\/preview-barnsley-everton\/#respond"]}]},{"@type":"WebPage","@id":"https:\/\/evertonfc.cz\/index.php\/2015\/09\/25\/preview-barnsley-everton\/","url":"https:\/\/evertonfc.cz\/index.php\/2015\/09\/25\/preview-barnsley-everton\/","name":"Preview: Barnsley - Everton - Official Czech &amp; Slovak Everton Supporters&#039; Club","isPartOf":{"@id":"https:\/\/evertonfc.cz\/#website"},"primaryImageOfPage":{"@id":"https:\/\/evertonfc.cz\/index.php\/2015\/09\/25\/preview-barnsley-everton\/#primaryimage"},"image":{"@id":"https:\/\/evertonfc.cz\/index.php\/2015\/09\/25\/preview-barnsley-everton\/#primaryimage"},"thumbnailUrl":"https:\/\/evertonfc.cz\/wp-content\/uploads\/2019\/01\/preview.jpg","datePublished":"2015-09-25T19:15:57+00:00","dateModified":"2019-02-12T22:05:04+00:00","breadcrumb":{"@id":"https:\/\/evertonfc.cz\/index.php\/2015\/09\/25\/preview-barnsley-everton\/#breadcrumb"},"inLanguage":"cs","potentialAction":[{"@type":"ReadAction","target":["https:\/\/evertonfc.cz\/index.php\/2015\/09\/25\/preview-barnsley-everton\/"]}]},{"@type":"ImageObject","inLanguage":"cs","@id":"https:\/\/evertonfc.cz\/index.php\/2015\/09\/25\/preview-barnsley-everton\/#primaryimage","url":"https:\/\/evertonfc.cz\/wp-content\/uploads\/2019\/01\/preview.jpg","contentUrl":"https:\/\/evertonfc.cz\/wp-content\/uploads\/2019\/01\/preview.jpg","width":720,"height":405},{"@type":"BreadcrumbList","@id":"https:\/\/evertonfc.cz\/index.php\/2015\/09\/25\/preview-barnsley-everton\/#breadcrumb","itemListElement":[{"@type":"ListItem","position":1,"name":"Home","item":"https:\/\/evertonfc.cz\/"},{"@type":"ListItem","position":2,"name":"Preview: Barnsley &#8211; Everton"}]},{"@type":"WebSite","@id":"https:\/\/evertonfc.cz\/#website","url":"https:\/\/evertonfc.cz\/","name":"Official Czech &amp; Slovak Everton Supporters&#039; Club","description":"","publisher":{"@id":"https:\/\/evertonfc.cz\/#organization"},"potentialAction":[{"@type":"SearchAction","target":{"@type":"EntryPoint","urlTemplate":"https:\/\/evertonfc.cz\/?s={search_term_string}"},"query-input":{"@type":"PropertyValueSpecification","valueRequired":true,"valueName":"search_term_string"}}],"inLanguage":"cs"},{"@type":"Organization","@id":"https:\/\/evertonfc.cz\/#organization","name":"Official Czech & Slovak Everton Supporters' Club","url":"https:\/\/evertonfc.cz\/","logo":{"@type":"ImageObject","inLanguage":"cs","@id":"https:\/\/evertonfc.cz\/#\/schema\/logo\/image\/","url":"https:\/\/evertonfc.cz\/wp-content\/uploads\/2019\/05\/logo.png","contentUrl":"https:\/\/evertonfc.cz\/wp-content\/uploads\/2019\/05\/logo.png","width":112,"height":112,"caption":"Official Czech & Slovak Everton Supporters' Club"},"image":{"@id":"https:\/\/evertonfc.cz\/#\/schema\/logo\/image\/"},"sameAs":["https:\/\/www.facebook.com\/everton.fans.cz.sk"]},{"@type":"Person","@id":"https:\/\/evertonfc.cz\/#\/schema\/person\/b30daf6a5852f4811f8207a17ec1bf78","name":"Javor","sameAs":["https:\/\/x.com\/LoudinJan"],"url":"https:\/\/evertonfc.cz\/index.php\/author\/javor\/"}]}},"_links":{"self":[{"href":"https:\/\/evertonfc.cz\/index.php\/wp-json\/wp\/v2\/posts\/4169"}],"collection":[{"href":"https:\/\/evertonfc.cz\/index.php\/wp-json\/wp\/v2\/posts"}],"about":[{"href":"https:\/\/evertonfc.cz\/index.php\/wp-json\/wp\/v2\/types\/post"}],"author":[{"embeddable":true,"href":"https:\/\/evertonfc.cz\/index.php\/wp-json\/wp\/v2\/users\/12"}],"replies":[{"embeddable":true,"href":"https:\/\/evertonfc.cz\/index.php\/wp-json\/wp\/v2\/comments?post=4169"}],"version-history":[{"count":2,"href":"https:\/\/evertonfc.cz\/index.php\/wp-json\/wp\/v2\/posts\/4169\/revisions"}],"predecessor-version":[{"id":4303,"href":"https:\/\/evertonfc.cz\/index.php\/wp-json\/wp\/v2\/posts\/4169\/revisions\/4303"}],"wp:featuredmedia":[{"embeddable":true,"href":"https:\/\/evertonfc.cz\/index.php\/wp-json\/wp\/v2\/media\/1314"}],"wp:attachment":[{"href":"https:\/\/evertonfc.cz\/index.php\/wp-json\/wp\/v2\/media?parent=4169"}],"wp:term":[{"taxonomy":"category","embeddable":true,"href":"https:\/\/evertonfc.cz\/index.php\/wp-json\/wp\/v2\/categories?post=4169"},{"taxonomy":"post_tag","embeddable":true,"href":"https:\/\/evertonfc.cz\/index.php\/wp-json\/wp\/v2\/tags?post=4169"}],"curies":[{"name":"wp","href":"https:\/\/api.w.org\/{rel}","templated":true}]}}