{"id":4171,"date":"2015-08-23T21:17:05","date_gmt":"2015-08-23T19:17:05","guid":{"rendered":"http:\/\/evertonfc.cz\/?p=4171"},"modified":"2019-02-12T23:10:15","modified_gmt":"2019-02-12T22:10:15","slug":"everton-manchester-city-02","status":"publish","type":"post","link":"https:\/\/evertonfc.cz\/index.php\/2015\/08\/23\/everton-manchester-city-02\/","title":{"rendered":"Everton &#8211; Manchester City 0:2"},"content":{"rendered":"<h4 id=\"NewsPostDetailSummary\">Soupe\u0159 n\u00e1s p\u0159ehr\u00e1l a zaslou\u017een\u011b si odv\u00e1\u017e\u00ed v\u0161echny t\u0159i body.<\/h4>\n<div id=\"NewsPostDetailContent\">\n<p>Mana\u017ee\u0159i obou t\u00fdm\u016f ct\u00ed z\u00e1sadu, \u017ee v\u00edt\u011bzn\u00fd t\u00fdm se nem\u011bn\u00ed. Mirallas tedy za\u010dal na lavi\u010dce a na pozici lev\u00e9ho z\u00e1lo\u017en\u00edka pokra\u010doval Cleverley. Citizens dle o\u010dek\u00e1v\u00e1n\u00ed s Mangalou na stoperu vedle Kompanyho a Ag\u00fcero obstar\u00e1val povinnosti hro\u0165\u00e1ka.<\/p>\n<p>A\u010d pr\u0161elo, tak se za\u010dalo zostra. Obrana Evertonu zapomn\u011bla p\u0159i prvn\u00edm \u00fatoku soupe\u0159e za sebou pr\u00e1v\u011b Ag\u00fcera a proti jeho st\u0159ele z \u00fahlu musel nohou vykopnout na roh Howard. Centr z rohu ale opustil h\u0159i\u0161t\u011b. V 10. minut\u011b po p\u0159ihr\u00e1vce zprava st\u0159\u00edlel op\u011bt Argentinec, kdy\u017e ho neuhl\u00eddal Stones, ale z prvn\u00ed trefil st\u0159ed br\u00e1ny, tak\u017ee Howard v klidu vyrazil, op\u011bt nohou. Prvn\u00ed \u010dtvrthodina kon\u010dila st\u0159elou Silvy, ale op\u011bt p\u0159\u00edmo na brank\u00e1\u0159e, ten kryl nadvakr\u00e1t.<\/p>\n<p>Pak se uk\u00e1zalo, \u017ee \u00fato\u010dn\u00edk by se nem\u011bl vracet na vlastn\u00ed p\u016flku. Kon\u00e9 z\u00edskal m\u00ed\u010d u autov\u00e9 \u010d\u00e1ry pobl\u00ed\u017e velk\u00e9ho v\u00e1pna a m\u00edsto rozehr\u00e1vky\/odkopy si s m\u00ed\u010dem za\u010dal hr\u00e1t. Ten mu byl Navasem vzat a p\u0159ihr\u00e1vka Silvy na\u0161t\u011bst\u00ed nena\u0161la na mal\u00e9m v\u00e1pn\u011b zcela voln\u00e9ho Sterlinga, kter\u00fd ve skluzu minul. Host\u00e9 v\u011bt\u0161inu sv\u00fdch akc\u00ed t\u00e1hli celkem logicky p\u0159es Gallowaye, tedy svou pravou stranu, p\u0159eci jen tenhle devaten\u00e1ctilet\u00fd hr\u00e1\u010d postr\u00e1d\u00e1 zku\u0161enosti. Prvn\u00ed st\u0159elu na br\u00e1nu soupe\u0159e pak za Everton obstaral Barkley, se z\u00e1krokem nem\u011bl Hart probl\u00e9my.<\/p>\n<p>O n\u011bco pozd\u011bji se ji\u017e div\u00e1ci do\u010dkali branky, dokonce do s\u00edt\u011b host\u016f, ale neplatila kv\u016fli ofsajdu. M\u00ed\u010d se po pr\u00e1ci dvojice Kon\u00e9-Barkley dostal k Lukakovi, ten komplikovan\u011b rozvlnil s\u00ed\u0165, ale praporek pomezn\u00edho byl proti. Opakovan\u00e9 z\u00e1b\u011bry uk\u00e1zaly, \u017ee Lukaku v ofsajdu nebyl a mohl b\u00fdt m\u00e1vnut maxim\u00e1ln\u011b tak mrtv\u00fd ofsajd hr\u00e1\u010di, kter\u00fd do hry nezasahoval. Pozd\u011bji p\u011bkn\u00e9 s\u00f3lo po prav\u00e9 stran\u011b p\u0159edvedl Coleman, ale st\u0159ela byla t\u011bsn\u011b vedle. T\u011bsn\u011b p\u0159edt\u00edm Yaya Tour\u00e9 op\u011bt prot\u00e1hl Howarda. Citizens byli ur\u010dit\u011b nebezpe\u010dn\u011bj\u0161\u00ed, zvl\u00e1\u0161\u0165 p\u0159i politice &#8222;jakmile se p\u0159ibl\u00ed\u017e\u00ed\u0161 k br\u00e1n\u011b, tak vyst\u0159el&#8220;. P\u0159i jednom z \u00fatoku trefil odkop Stonese Jagielku, na\u0161t\u011bst\u00ed brank\u00e1\u0159 u ty\u010de kryl. Z proti\u00fatoku odpov\u011bd\u011bli dom\u00e1c\u00ed hlavi\u010dkou Jagielky z rohu t\u011bsn\u011b nad.<\/p>\n<p>Po n\u011bkolika dal\u0161\u00edch p\u0159\u00edle\u017eitostech pro hosty si vynutil Barkley \u017elutou kartu na Mangalovi za p\u0159i\u0161l\u00e1pnut\u00fd kotn\u00edk. N\u00e1sledn\u011b faulovan\u00fd vyst\u0159elil z trest\u0148\u00e1ku asi metr za krajem d\u00e9\u010dka dva metry nad. \u0160koda. Na konci polo\u010dasu je\u0161t\u011b zran\u011bn\u00e9ho Gallowaye (to si ud\u011blal s\u00e1m po sporn\u00e9m souboji ve vlastn\u00edm v\u00e1pn\u011b, rozhod\u010d\u00ed penaltu nena\u0159\u00eddil) vyst\u0159\u00eddal Browning, vypadalo to, \u017ee Galloway m\u00e1 n\u011bco s kotn\u00edkem. A Cleverley si kr\u00e1sn\u00fdm sprintem vynutil na Fernandinhovi \u017elutou kartu, kter\u00fd p\u0159i sv\u00e9m skluzu opravdu nem\u011bl \u0161anci trefit m\u00ed\u010d. K trestn\u00e9mu kopu se postavil asi metr za v\u00e1pnem Lukaku, jeho st\u0159ela l\u00edzla vrchni \u010d\u00e1st b\u0159evna a odrazila se nad br\u00e1nu. Do \u0161aten se tedy \u0161lo za bezbrankov\u00e9ho stavu.<\/p>\n<p>Druh\u00e1 p\u016fle za\u010dala ty\u010dkou, kterou trefil Silva, p\u011bkn\u011b ho na\u0161el po cel\u00fd z\u00e1pas bu\u010den\u00fd Sterling. Na\u0161t\u011bst\u00ed se m\u00ed\u010d od ty\u010de odrazil k Barkleymu. I nad\u00e1le pokra\u010doval tlak host\u016f, ale \u00fastil sp\u00ed\u0161e v dr\u017een\u00ed m\u00ed\u010de ne\u017e skute\u010dn\u00e9 \u0161ance. Bylo k vid\u011bn\u00ed p\u00e1r nebezpe\u010dn\u00fdch centr\u016f \u010di amat\u00e9rsk\u00fd pokus Silvy zah\u00e1knut\u00edm za nohu Barryho vymodlit si penaltu. Dominance ale nakonec byla odm\u011bn\u011bna vedouc\u00edm g\u00f3lem. Silva se Sterlingem pot\u00e1hli akci po lev\u00e9 stran\u011b, druh\u00fd jmenovan\u00fd p\u0159ihr\u00e1l Kolarovovi a ten t\u00e9m\u011b\u0159 z brankov\u00e9 \u010d\u00e1ry na\u0161el mezeru mezi Howardem a bli\u017e\u0161\u00ed ty\u010d\u00ed. Jednozna\u010dn\u011b branka, kterou by brank\u00e1\u0159 nem\u011bl pou\u0161t\u011bt &#8211; <strong>0:1<\/strong>.<\/p>\n<p>A za\u010dalo se op\u011bt hr\u00e1t vyrovnan\u011b. Colemanova p\u0159ihr\u00e1vka skon\u010dila u Kon\u00e9ho ten se ot\u00e1\u010del s m\u00ed\u010dem, zkou\u0161el je\u0161t\u011b p\u0159ihr\u00e1t Lukakovi, ale p\u0159i\u0161el o m\u00ed\u010d. Z proti\u00fatoku \u0161el Navas skoro s\u00e1m na brank\u00e1\u0159e, m\u00edsto p\u0159ihr\u00e1vky Agu\u00ebrovi zakon\u010dil s\u00e1m, Howard vyrazil na roh. Potom Kon\u00e9ho vyst\u0159\u00eddal Naismith a Everton za\u010dal v\u00edce \u00fato\u010dit. To netrvalo dlouho a op\u011bt p\u0159i\u0161el tlak host\u016f, by\u0165 bez \u0161anc\u00ed. Nicm\u00e9n\u011b v\u00fdkon dom\u00e1c\u00edch byl poznamen\u00e1n t\u00edm, \u017ee u\u017e prohr\u00e1vali. Ale p\u0159esto po vyst\u0159\u00edd\u00e1n\u00ed Sterlinga Nasrim \u0161ance p\u0159i\u0161ly. Nejd\u0159\u00edv donutil Coleman obranu host\u016f k odkopu na roh, ze kter\u00e9ho Citizens jen tak tak, \u017ee odkopli m\u00ed\u010d a po n\u00e1sledn\u00e9m centru zleva hlavi\u010dkoval p\u011bkn\u011b Barry a za ji\u017e p\u0159ekonan\u00e9ho Harta vykop\u00e1val z brankov\u00e9 \u010d\u00e1ry Kompany. Chvilku nato Bony vyst\u0159\u00eddal Ag\u00fcera.<\/p>\n<p>N\u011bkolik \u00fa\u010dinn\u00fdch v\u00fdpad\u016f pod\u00e9l prav\u00e9 \u010d\u00e1ry m\u011bl Coleman, kter\u00fd pat\u0159il k lep\u0161\u00edm hr\u00e1\u010d\u016fm, ale byly z toho jen rohy, ze kter\u00fdch g\u00f3l nepadl. Z n\u00e1sledn\u00e9ho brejku z\u00edskal m\u00ed\u010d Lukaku, p\u0159ihr\u00e1l ho Naismithovi, ale ten m\u00edsto st\u0159ely \u010di pr\u016fniku nesmysln\u011b kombinoval na hranici velk\u00e9ho v\u00e1pna s Barkleym na dva metry. A tak p\u0159i\u0161lo to, co asi p\u0159ij\u00edt muselo. Nasri (v tu dobu ji\u017e majitel \u017elut\u00e9 karty) zakombinoval s Yayou Tour\u00e9m a p\u0159ehodil vyb\u00edhaj\u00edc\u00edho brank\u00e1\u0159e &#8211; <strong>0:2<\/strong>. To ji\u017e byl na h\u0159i\u0161ti Deulofeu, kter\u00fd vyst\u0159\u00eddal Cleverleyho. Posledn\u00ed \u0161anci Evertonu sp\u00e1lil Naismith, kdy\u017e po p\u0159ihr\u00e1vce Barkleyho neprost\u0159elil dob\u0159e vyb\u011bhnuv\u0161\u00edho Harta. Docela by m\u011b zaj\u00edmalo, pro\u010d do hry nebyl posl\u00e1n Mirallas&#8230;<\/p>\n<p>Everton tak prohr\u00e1l utk\u00e1n\u00ed, ve kter\u00e9m byl hor\u0161\u00ed a celkov\u011b by se jeho v\u00fdkon dal ozna\u010dit jako podpr\u016fm\u011brn\u00fd.<\/p>\n<p><strong>Branky:<\/strong> 60. Aleksandar Kolarov, 88. Samir Nasri<br \/>\n<strong>\u017dK: <\/strong>42. Eliaquim Mangala, 45+3. Fernandinho, 86. Samir Nasri<br \/>\n<strong>Everton FC:<\/strong> Tim Howard, Phil Jagielka, S\u00e9amus Coleman, John Stones, Brendan Galloway (45+2. Tyias Browning), Gareth Barry, James McCarthy, Tom Cleverley (86. Gerard Deulofeu), Ross Barkley, Arouna Kon\u00e9 (64. Steven Naismith), Romelu Lukaku<br \/>\n<strong>Manchester City:<\/strong> Joe Hart, Bakari Sagna, Vincent Kompany, Aleksandar Kolarov, Eliaquim Mangala, David Silva (90. Fabian Delph), Yaya Tour\u00e9, Jes\u00fas Navas, Fernandinho, Raheem Sterling (76. Samir Nasri), Sergio Ag\u00fcero (81. Bony Wilfried)<br \/>\n<strong>Rozhod\u010d\u00ed: <\/strong>Anthony Taylor<br \/>\n<strong>Div\u00e1ci:<\/strong> 38 523<\/p>\n<\/div>\n","protected":false},"excerpt":{"rendered":"<p>Soupe\u0159 n\u00e1s p\u0159ehr\u00e1l a zaslou\u017een\u011b si odv\u00e1\u017e\u00ed v\u0161echny t\u0159i body. Mana\u017ee\u0159i obou t\u00fdm\u016f ct\u00ed z\u00e1sadu, \u017ee v\u00edt\u011bzn\u00fd t\u00fdm se nem\u011bn\u00ed.&hellip;<\/p>\n","protected":false},"author":12,"featured_media":1315,"comment_status":"open","ping_status":"closed","sticky":false,"template":"","format":"standard","meta":{"_eb_attr":"","_monsterinsights_skip_tracking":false,"_monsterinsights_sitenote_active":false,"_monsterinsights_sitenote_note":"","_monsterinsights_sitenote_category":0,"footnotes":""},"categories":[4],"tags":[],"yoast_head":"<!-- This site is optimized with the Yoast SEO plugin v23.4 - https:\/\/yoast.com\/wordpress\/plugins\/seo\/ -->\n<title>Everton - Manchester City 0:2 - Official Czech &amp; Slovak Everton Supporters&#039; Club<\/title>\n<meta name=\"robots\" content=\"index, follow, max-snippet:-1, max-image-preview:large, max-video-preview:-1\" \/>\n<link rel=\"canonical\" href=\"https:\/\/evertonfc.cz\/index.php\/2015\/08\/23\/everton-manchester-city-02\/\" \/>\n<meta property=\"og:locale\" content=\"cs_CZ\" \/>\n<meta property=\"og:type\" content=\"article\" \/>\n<meta property=\"og:title\" content=\"Everton - Manchester City 0:2 - Official Czech &amp; Slovak Everton Supporters&#039; Club\" \/>\n<meta property=\"og:description\" content=\"Soupe\u0159 n\u00e1s p\u0159ehr\u00e1l a zaslou\u017een\u011b si odv\u00e1\u017e\u00ed v\u0161echny t\u0159i body. Mana\u017ee\u0159i obou t\u00fdm\u016f ct\u00ed z\u00e1sadu, \u017ee v\u00edt\u011bzn\u00fd t\u00fdm se nem\u011bn\u00ed.&hellip;\" \/>\n<meta property=\"og:url\" content=\"https:\/\/evertonfc.cz\/index.php\/2015\/08\/23\/everton-manchester-city-02\/\" \/>\n<meta property=\"og:site_name\" content=\"Official Czech &amp; Slovak Everton Supporters&#039; Club\" \/>\n<meta property=\"article:publisher\" content=\"https:\/\/www.facebook.com\/everton.fans.cz.sk\" \/>\n<meta property=\"article:published_time\" content=\"2015-08-23T19:17:05+00:00\" \/>\n<meta property=\"article:modified_time\" content=\"2019-02-12T22:10:15+00:00\" \/>\n<meta property=\"og:image\" content=\"https:\/\/evertonfc.cz\/wp-content\/uploads\/2019\/01\/report.jpg\" \/>\n\t<meta property=\"og:image:width\" content=\"720\" \/>\n\t<meta property=\"og:image:height\" content=\"405\" \/>\n\t<meta property=\"og:image:type\" content=\"image\/jpeg\" \/>\n<meta name=\"author\" content=\"Javor\" \/>\n<meta name=\"twitter:card\" content=\"summary_large_image\" \/>\n<meta name=\"twitter:creator\" content=\"@LoudinJan\" \/>\n<meta name=\"twitter:label1\" content=\"Napsal(a)\" \/>\n\t<meta name=\"twitter:data1\" content=\"Javor\" \/>\n\t<meta name=\"twitter:label2\" content=\"Odhadovan\u00e1 doba \u010dten\u00ed\" \/>\n\t<meta name=\"twitter:data2\" content=\"6 minut\" \/>\n<script type=\"application\/ld+json\" class=\"yoast-schema-graph\">{\"@context\":\"https:\/\/schema.org\",\"@graph\":[{\"@type\":\"Article\",\"@id\":\"https:\/\/evertonfc.cz\/index.php\/2015\/08\/23\/everton-manchester-city-02\/#article\",\"isPartOf\":{\"@id\":\"https:\/\/evertonfc.cz\/index.php\/2015\/08\/23\/everton-manchester-city-02\/\"},\"author\":{\"name\":\"Javor\",\"@id\":\"https:\/\/evertonfc.cz\/#\/schema\/person\/b30daf6a5852f4811f8207a17ec1bf78\"},\"headline\":\"Everton &#8211; Manchester City 0:2\",\"datePublished\":\"2015-08-23T19:17:05+00:00\",\"dateModified\":\"2019-02-12T22:10:15+00:00\",\"mainEntityOfPage\":{\"@id\":\"https:\/\/evertonfc.cz\/index.php\/2015\/08\/23\/everton-manchester-city-02\/\"},\"wordCount\":1152,\"commentCount\":0,\"publisher\":{\"@id\":\"https:\/\/evertonfc.cz\/#organization\"},\"image\":{\"@id\":\"https:\/\/evertonfc.cz\/index.php\/2015\/08\/23\/everton-manchester-city-02\/#primaryimage\"},\"thumbnailUrl\":\"https:\/\/evertonfc.cz\/wp-content\/uploads\/2019\/01\/report.jpg\",\"articleSection\":[\"Z\u00e1pasy\"],\"inLanguage\":\"cs\",\"potentialAction\":[{\"@type\":\"CommentAction\",\"name\":\"Comment\",\"target\":[\"https:\/\/evertonfc.cz\/index.php\/2015\/08\/23\/everton-manchester-city-02\/#respond\"]}]},{\"@type\":\"WebPage\",\"@id\":\"https:\/\/evertonfc.cz\/index.php\/2015\/08\/23\/everton-manchester-city-02\/\",\"url\":\"https:\/\/evertonfc.cz\/index.php\/2015\/08\/23\/everton-manchester-city-02\/\",\"name\":\"Everton - Manchester City 0:2 - Official Czech &amp; Slovak Everton Supporters&#039; Club\",\"isPartOf\":{\"@id\":\"https:\/\/evertonfc.cz\/#website\"},\"primaryImageOfPage\":{\"@id\":\"https:\/\/evertonfc.cz\/index.php\/2015\/08\/23\/everton-manchester-city-02\/#primaryimage\"},\"image\":{\"@id\":\"https:\/\/evertonfc.cz\/index.php\/2015\/08\/23\/everton-manchester-city-02\/#primaryimage\"},\"thumbnailUrl\":\"https:\/\/evertonfc.cz\/wp-content\/uploads\/2019\/01\/report.jpg\",\"datePublished\":\"2015-08-23T19:17:05+00:00\",\"dateModified\":\"2019-02-12T22:10:15+00:00\",\"breadcrumb\":{\"@id\":\"https:\/\/evertonfc.cz\/index.php\/2015\/08\/23\/everton-manchester-city-02\/#breadcrumb\"},\"inLanguage\":\"cs\",\"potentialAction\":[{\"@type\":\"ReadAction\",\"target\":[\"https:\/\/evertonfc.cz\/index.php\/2015\/08\/23\/everton-manchester-city-02\/\"]}]},{\"@type\":\"ImageObject\",\"inLanguage\":\"cs\",\"@id\":\"https:\/\/evertonfc.cz\/index.php\/2015\/08\/23\/everton-manchester-city-02\/#primaryimage\",\"url\":\"https:\/\/evertonfc.cz\/wp-content\/uploads\/2019\/01\/report.jpg\",\"contentUrl\":\"https:\/\/evertonfc.cz\/wp-content\/uploads\/2019\/01\/report.jpg\",\"width\":720,\"height\":405},{\"@type\":\"BreadcrumbList\",\"@id\":\"https:\/\/evertonfc.cz\/index.php\/2015\/08\/23\/everton-manchester-city-02\/#breadcrumb\",\"itemListElement\":[{\"@type\":\"ListItem\",\"position\":1,\"name\":\"Home\",\"item\":\"https:\/\/evertonfc.cz\/\"},{\"@type\":\"ListItem\",\"position\":2,\"name\":\"Everton &#8211; Manchester City 0:2\"}]},{\"@type\":\"WebSite\",\"@id\":\"https:\/\/evertonfc.cz\/#website\",\"url\":\"https:\/\/evertonfc.cz\/\",\"name\":\"Official Czech &amp; Slovak Everton Supporters&#039; Club\",\"description\":\"\",\"publisher\":{\"@id\":\"https:\/\/evertonfc.cz\/#organization\"},\"potentialAction\":[{\"@type\":\"SearchAction\",\"target\":{\"@type\":\"EntryPoint\",\"urlTemplate\":\"https:\/\/evertonfc.cz\/?s={search_term_string}\"},\"query-input\":{\"@type\":\"PropertyValueSpecification\",\"valueRequired\":true,\"valueName\":\"search_term_string\"}}],\"inLanguage\":\"cs\"},{\"@type\":\"Organization\",\"@id\":\"https:\/\/evertonfc.cz\/#organization\",\"name\":\"Official Czech & Slovak Everton Supporters' Club\",\"url\":\"https:\/\/evertonfc.cz\/\",\"logo\":{\"@type\":\"ImageObject\",\"inLanguage\":\"cs\",\"@id\":\"https:\/\/evertonfc.cz\/#\/schema\/logo\/image\/\",\"url\":\"https:\/\/evertonfc.cz\/wp-content\/uploads\/2019\/05\/logo.png\",\"contentUrl\":\"https:\/\/evertonfc.cz\/wp-content\/uploads\/2019\/05\/logo.png\",\"width\":112,\"height\":112,\"caption\":\"Official Czech & Slovak Everton Supporters' Club\"},\"image\":{\"@id\":\"https:\/\/evertonfc.cz\/#\/schema\/logo\/image\/\"},\"sameAs\":[\"https:\/\/www.facebook.com\/everton.fans.cz.sk\"]},{\"@type\":\"Person\",\"@id\":\"https:\/\/evertonfc.cz\/#\/schema\/person\/b30daf6a5852f4811f8207a17ec1bf78\",\"name\":\"Javor\",\"sameAs\":[\"https:\/\/x.com\/LoudinJan\"],\"url\":\"https:\/\/evertonfc.cz\/index.php\/author\/javor\/\"}]}<\/script>\n<!-- \/ Yoast SEO plugin. -->","yoast_head_json":{"title":"Everton - Manchester City 0:2 - Official Czech &amp; Slovak Everton Supporters&#039; Club","robots":{"index":"index","follow":"follow","max-snippet":"max-snippet:-1","max-image-preview":"max-image-preview:large","max-video-preview":"max-video-preview:-1"},"canonical":"https:\/\/evertonfc.cz\/index.php\/2015\/08\/23\/everton-manchester-city-02\/","og_locale":"cs_CZ","og_type":"article","og_title":"Everton - Manchester City 0:2 - Official Czech &amp; Slovak Everton Supporters&#039; Club","og_description":"Soupe\u0159 n\u00e1s p\u0159ehr\u00e1l a zaslou\u017een\u011b si odv\u00e1\u017e\u00ed v\u0161echny t\u0159i body. Mana\u017ee\u0159i obou t\u00fdm\u016f ct\u00ed z\u00e1sadu, \u017ee v\u00edt\u011bzn\u00fd t\u00fdm se nem\u011bn\u00ed.&hellip;","og_url":"https:\/\/evertonfc.cz\/index.php\/2015\/08\/23\/everton-manchester-city-02\/","og_site_name":"Official Czech &amp; Slovak Everton Supporters&#039; Club","article_publisher":"https:\/\/www.facebook.com\/everton.fans.cz.sk","article_published_time":"2015-08-23T19:17:05+00:00","article_modified_time":"2019-02-12T22:10:15+00:00","og_image":[{"width":720,"height":405,"url":"https:\/\/evertonfc.cz\/wp-content\/uploads\/2019\/01\/report.jpg","type":"image\/jpeg"}],"author":"Javor","twitter_card":"summary_large_image","twitter_creator":"@LoudinJan","twitter_misc":{"Napsal(a)":"Javor","Odhadovan\u00e1 doba \u010dten\u00ed":"6 minut"},"schema":{"@context":"https:\/\/schema.org","@graph":[{"@type":"Article","@id":"https:\/\/evertonfc.cz\/index.php\/2015\/08\/23\/everton-manchester-city-02\/#article","isPartOf":{"@id":"https:\/\/evertonfc.cz\/index.php\/2015\/08\/23\/everton-manchester-city-02\/"},"author":{"name":"Javor","@id":"https:\/\/evertonfc.cz\/#\/schema\/person\/b30daf6a5852f4811f8207a17ec1bf78"},"headline":"Everton &#8211; Manchester City 0:2","datePublished":"2015-08-23T19:17:05+00:00","dateModified":"2019-02-12T22:10:15+00:00","mainEntityOfPage":{"@id":"https:\/\/evertonfc.cz\/index.php\/2015\/08\/23\/everton-manchester-city-02\/"},"wordCount":1152,"commentCount":0,"publisher":{"@id":"https:\/\/evertonfc.cz\/#organization"},"image":{"@id":"https:\/\/evertonfc.cz\/index.php\/2015\/08\/23\/everton-manchester-city-02\/#primaryimage"},"thumbnailUrl":"https:\/\/evertonfc.cz\/wp-content\/uploads\/2019\/01\/report.jpg","articleSection":["Z\u00e1pasy"],"inLanguage":"cs","potentialAction":[{"@type":"CommentAction","name":"Comment","target":["https:\/\/evertonfc.cz\/index.php\/2015\/08\/23\/everton-manchester-city-02\/#respond"]}]},{"@type":"WebPage","@id":"https:\/\/evertonfc.cz\/index.php\/2015\/08\/23\/everton-manchester-city-02\/","url":"https:\/\/evertonfc.cz\/index.php\/2015\/08\/23\/everton-manchester-city-02\/","name":"Everton - Manchester City 0:2 - Official Czech &amp; Slovak Everton Supporters&#039; Club","isPartOf":{"@id":"https:\/\/evertonfc.cz\/#website"},"primaryImageOfPage":{"@id":"https:\/\/evertonfc.cz\/index.php\/2015\/08\/23\/everton-manchester-city-02\/#primaryimage"},"image":{"@id":"https:\/\/evertonfc.cz\/index.php\/2015\/08\/23\/everton-manchester-city-02\/#primaryimage"},"thumbnailUrl":"https:\/\/evertonfc.cz\/wp-content\/uploads\/2019\/01\/report.jpg","datePublished":"2015-08-23T19:17:05+00:00","dateModified":"2019-02-12T22:10:15+00:00","breadcrumb":{"@id":"https:\/\/evertonfc.cz\/index.php\/2015\/08\/23\/everton-manchester-city-02\/#breadcrumb"},"inLanguage":"cs","potentialAction":[{"@type":"ReadAction","target":["https:\/\/evertonfc.cz\/index.php\/2015\/08\/23\/everton-manchester-city-02\/"]}]},{"@type":"ImageObject","inLanguage":"cs","@id":"https:\/\/evertonfc.cz\/index.php\/2015\/08\/23\/everton-manchester-city-02\/#primaryimage","url":"https:\/\/evertonfc.cz\/wp-content\/uploads\/2019\/01\/report.jpg","contentUrl":"https:\/\/evertonfc.cz\/wp-content\/uploads\/2019\/01\/report.jpg","width":720,"height":405},{"@type":"BreadcrumbList","@id":"https:\/\/evertonfc.cz\/index.php\/2015\/08\/23\/everton-manchester-city-02\/#breadcrumb","itemListElement":[{"@type":"ListItem","position":1,"name":"Home","item":"https:\/\/evertonfc.cz\/"},{"@type":"ListItem","position":2,"name":"Everton &#8211; Manchester City 0:2"}]},{"@type":"WebSite","@id":"https:\/\/evertonfc.cz\/#website","url":"https:\/\/evertonfc.cz\/","name":"Official Czech &amp; Slovak Everton Supporters&#039; Club","description":"","publisher":{"@id":"https:\/\/evertonfc.cz\/#organization"},"potentialAction":[{"@type":"SearchAction","target":{"@type":"EntryPoint","urlTemplate":"https:\/\/evertonfc.cz\/?s={search_term_string}"},"query-input":{"@type":"PropertyValueSpecification","valueRequired":true,"valueName":"search_term_string"}}],"inLanguage":"cs"},{"@type":"Organization","@id":"https:\/\/evertonfc.cz\/#organization","name":"Official Czech & Slovak Everton Supporters' Club","url":"https:\/\/evertonfc.cz\/","logo":{"@type":"ImageObject","inLanguage":"cs","@id":"https:\/\/evertonfc.cz\/#\/schema\/logo\/image\/","url":"https:\/\/evertonfc.cz\/wp-content\/uploads\/2019\/05\/logo.png","contentUrl":"https:\/\/evertonfc.cz\/wp-content\/uploads\/2019\/05\/logo.png","width":112,"height":112,"caption":"Official Czech & Slovak Everton Supporters' Club"},"image":{"@id":"https:\/\/evertonfc.cz\/#\/schema\/logo\/image\/"},"sameAs":["https:\/\/www.facebook.com\/everton.fans.cz.sk"]},{"@type":"Person","@id":"https:\/\/evertonfc.cz\/#\/schema\/person\/b30daf6a5852f4811f8207a17ec1bf78","name":"Javor","sameAs":["https:\/\/x.com\/LoudinJan"],"url":"https:\/\/evertonfc.cz\/index.php\/author\/javor\/"}]}},"_links":{"self":[{"href":"https:\/\/evertonfc.cz\/index.php\/wp-json\/wp\/v2\/posts\/4171"}],"collection":[{"href":"https:\/\/evertonfc.cz\/index.php\/wp-json\/wp\/v2\/posts"}],"about":[{"href":"https:\/\/evertonfc.cz\/index.php\/wp-json\/wp\/v2\/types\/post"}],"author":[{"embeddable":true,"href":"https:\/\/evertonfc.cz\/index.php\/wp-json\/wp\/v2\/users\/12"}],"replies":[{"embeddable":true,"href":"https:\/\/evertonfc.cz\/index.php\/wp-json\/wp\/v2\/comments?post=4171"}],"version-history":[{"count":2,"href":"https:\/\/evertonfc.cz\/index.php\/wp-json\/wp\/v2\/posts\/4171\/revisions"}],"predecessor-version":[{"id":4317,"href":"https:\/\/evertonfc.cz\/index.php\/wp-json\/wp\/v2\/posts\/4171\/revisions\/4317"}],"wp:featuredmedia":[{"embeddable":true,"href":"https:\/\/evertonfc.cz\/index.php\/wp-json\/wp\/v2\/media\/1315"}],"wp:attachment":[{"href":"https:\/\/evertonfc.cz\/index.php\/wp-json\/wp\/v2\/media?parent=4171"}],"wp:term":[{"taxonomy":"category","embeddable":true,"href":"https:\/\/evertonfc.cz\/index.php\/wp-json\/wp\/v2\/categories?post=4171"},{"taxonomy":"post_tag","embeddable":true,"href":"https:\/\/evertonfc.cz\/index.php\/wp-json\/wp\/v2\/tags?post=4171"}],"curies":[{"name":"wp","href":"https:\/\/api.w.org\/{rel}","templated":true}]}}