{"id":4173,"date":"2015-09-22T21:18:12","date_gmt":"2015-09-22T19:18:12","guid":{"rendered":"http:\/\/evertonfc.cz\/?p=4173"},"modified":"2021-02-17T16:00:49","modified_gmt":"2021-02-17T15:00:49","slug":"preview-everton-manchester-city-4","status":"publish","type":"post","link":"https:\/\/evertonfc.cz\/index.php\/2015\/09\/22\/preview-everton-manchester-city-4\/","title":{"rendered":"Preview: Everton &#8211; Manchester City"},"content":{"rendered":"<h4 id=\"NewsPostDetailSummary\">V ned\u011bli odpoledne se bude v Goodison Parku o polo\u010dase pod\u00e1vat \u010daj o p\u00e1t\u00e9. P\u0159edt\u00edm a potom dva polo\u010dasy fotbalu v z\u00e1pase dvou nepora\u017een\u00fdch t\u00fdm\u016f (po dvou kolech).<\/h4>\n<div id=\"NewsPostDetailContent\">\n<p>Dva z\u00e1pasy, dv\u011b v\u00edt\u011bzstv\u00ed, \u0161est bod\u016f, sk\u00f3re \u0161est nula. S takovouto vizitkou p\u0159\u00edj\u00ed\u017ed\u00ed k z\u00edt\u0159ej\u0161\u00edmu z\u00e1pasu t\u0159et\u00edho kola n\u00e1\u0161 soupe\u0159. A tradi\u010dn\u011b se docela hodn\u011b m\u011bnil k\u00e1dr. Ze zn\u00e1m\u011bj\u0161\u00edch jmen p\u0159i\u0161la na p\u0159estup trojice Sterling-Delph-Otamendi, naopak \u0161\u00e1te\u010dkem na rozlou\u010denou zam\u00e1vali nap\u0159\u00edklad Boyata, Milner \u010di Negredo, abych vyjmenoval aspo\u0148 n\u011bjak\u00e9. D\u017eeko ode\u0161el do AS \u0158\u00edm na hostov\u00e1n\u00ed.<\/p>\n<p>Sebev\u011bdom\u00ed jim tedy chyb\u011bt nebude, ale samoz\u0159ejm\u011b i oni maj\u00ed n\u011bjak\u00e9 zran\u011bn\u00e9 hr\u00e1\u010de. Ur\u010dit\u011b nebude hr\u00e1t trojice Delph-Fernando-Otamendi a p\u0159ibyl k nim i Zabaleta, kter\u00fd m\u00e1 probl\u00e9my s kolenem. Nominace Clichyho k z\u00e1pasu je s otazn\u00edkem, mohl by usednout na lavi\u010dku. Ve st\u0159edu obrany lze d\u016fvodn\u011b p\u0159edpokl\u00e1dat pokra\u010dov\u00e1n\u00ed dvojice Kompany-Mangala.<\/p>\n<p>Everton by m\u011bl k z\u00e1pasu taky nastupovat bez b\u00e1zn\u011b a hany, dlouhodob\u011b se mu na Man C doma da\u0159\u00ed, nav\u00edc v\u00fdkon a v\u00fdsledek v Southamptonu byl opravdu dobr\u00fd. Na obran\u011b a brank\u00e1\u0159ovi se nic m\u011bnit nebude, ale z\u00e1loha by mohla doznat jist\u00fdch zm\u011bn. P\u0159ece jen u\u017e je Mirallas naprosto zdrav\u00fd a v utk\u00e1n\u00ed proti takov\u00e9muto soupe\u0159i z\u0159ejm\u011b lep\u0161\u00ed volba ne\u017e Kon\u00e9. Vlevo m\u016f\u017ee nastoupit i zdrav\u00fd Deulofeu m\u00edsto Cleverleyho. Osobn\u011b si ale mysl\u00edm, \u017ee bude zvolena mo\u017enost se t\u0159emi \u0161t\u00edty a budeme hr\u00e1t strome\u010dek.<\/p>\n<p>Z\u00e1pas vynechaj\u00ed dlouhodob\u00ed marodi Baines-Gibson-Hibbert-Pienaar. Ostatn\u011b, nad osudem Gibsona v Evertonu je otazn\u00edk, bo krom\u011b neschopnosti z\u016fstat zdrav\u00fd i ujel od nehody, kdy\u017e pod vlivem \u0159\u00eddil auto a srazil cyklistu.<\/p>\n<p>P. S. Z\u00edtra asi opravdu stoper Mori podep\u00ed\u0161e smlouvu s Evertonem a bude p\u0159ed z\u00e1pasem \u010di o polo\u010dase p\u0159edstaven jako nov\u00e1 posila.<\/p>\n<div id=\"NewsPostDetailContent\">\n<div id=\"NewsPostDetailContent\">\n<p><strong>Co:<\/strong> Everton FC &#8211; Manchester City FC, 3. kolo Premier League<br \/>\n<strong>Kdy: <\/strong>23. 8. 2015 od 17:00 SE\u010c<br \/>\n<strong>Kde:<\/strong> Goodison Park, Liverpool (kapacita: 40 157)<br \/>\n<strong>Rozhod\u010d\u00ed:<\/strong> Anthony Taylor<\/p>\n<\/div>\n<\/div>\n<\/div>\n","protected":false},"excerpt":{"rendered":"<p>V ned\u011bli odpoledne se bude v Goodison Parku o polo\u010dase pod\u00e1vat \u010daj o p\u00e1t\u00e9. P\u0159edt\u00edm a potom dva polo\u010dasy fotbalu v z\u00e1pase dvou nepora\u017een\u00fdch t\u00fdm\u016f (po dvou kolech).<\/p>\n","protected":false},"author":12,"featured_media":13482,"comment_status":"open","ping_status":"closed","sticky":false,"template":"","format":"standard","meta":{"_eb_attr":"","_monsterinsights_skip_tracking":false,"_monsterinsights_sitenote_active":false,"_monsterinsights_sitenote_note":"","_monsterinsights_sitenote_category":0,"footnotes":""},"categories":[4],"tags":[],"yoast_head":"<!-- This site is optimized with the Yoast SEO plugin v23.4 - https:\/\/yoast.com\/wordpress\/plugins\/seo\/ -->\n<title>Preview: Everton - Manchester City - Official Czech &amp; Slovak Everton Supporters&#039; Club<\/title>\n<meta name=\"robots\" content=\"index, follow, max-snippet:-1, max-image-preview:large, max-video-preview:-1\" \/>\n<link rel=\"canonical\" href=\"https:\/\/evertonfc.cz\/index.php\/2015\/09\/22\/preview-everton-manchester-city-4\/\" \/>\n<meta property=\"og:locale\" content=\"cs_CZ\" \/>\n<meta property=\"og:type\" content=\"article\" \/>\n<meta property=\"og:title\" content=\"Preview: Everton - Manchester City - Official Czech &amp; Slovak Everton Supporters&#039; Club\" \/>\n<meta property=\"og:description\" content=\"V ned\u011bli odpoledne se bude v Goodison Parku o polo\u010dase pod\u00e1vat \u010daj o p\u00e1t\u00e9. P\u0159edt\u00edm a potom dva polo\u010dasy fotbalu v z\u00e1pase dvou nepora\u017een\u00fdch t\u00fdm\u016f (po dvou kolech).\" \/>\n<meta property=\"og:url\" content=\"https:\/\/evertonfc.cz\/index.php\/2015\/09\/22\/preview-everton-manchester-city-4\/\" \/>\n<meta property=\"og:site_name\" content=\"Official Czech &amp; Slovak Everton Supporters&#039; Club\" \/>\n<meta property=\"article:publisher\" content=\"https:\/\/www.facebook.com\/everton.fans.cz.sk\" \/>\n<meta property=\"article:published_time\" content=\"2015-09-22T19:18:12+00:00\" \/>\n<meta property=\"article:modified_time\" content=\"2021-02-17T15:00:49+00:00\" \/>\n<meta property=\"og:image\" content=\"https:\/\/evertonfc.cz\/wp-content\/uploads\/2021\/01\/Everton-VS-Manchester-City.jpg\" \/>\n\t<meta property=\"og:image:width\" content=\"720\" \/>\n\t<meta property=\"og:image:height\" content=\"405\" \/>\n\t<meta property=\"og:image:type\" content=\"image\/jpeg\" \/>\n<meta name=\"author\" content=\"Javor\" \/>\n<meta name=\"twitter:card\" content=\"summary_large_image\" \/>\n<meta name=\"twitter:creator\" content=\"@LoudinJan\" \/>\n<meta name=\"twitter:label1\" content=\"Napsal(a)\" \/>\n\t<meta name=\"twitter:data1\" content=\"Javor\" \/>\n\t<meta name=\"twitter:label2\" content=\"Odhadovan\u00e1 doba \u010dten\u00ed\" \/>\n\t<meta name=\"twitter:data2\" content=\"2 minuty\" \/>\n<script type=\"application\/ld+json\" class=\"yoast-schema-graph\">{\"@context\":\"https:\/\/schema.org\",\"@graph\":[{\"@type\":\"Article\",\"@id\":\"https:\/\/evertonfc.cz\/index.php\/2015\/09\/22\/preview-everton-manchester-city-4\/#article\",\"isPartOf\":{\"@id\":\"https:\/\/evertonfc.cz\/index.php\/2015\/09\/22\/preview-everton-manchester-city-4\/\"},\"author\":{\"name\":\"Javor\",\"@id\":\"https:\/\/evertonfc.cz\/#\/schema\/person\/b30daf6a5852f4811f8207a17ec1bf78\"},\"headline\":\"Preview: Everton &#8211; Manchester City\",\"datePublished\":\"2015-09-22T19:18:12+00:00\",\"dateModified\":\"2021-02-17T15:00:49+00:00\",\"mainEntityOfPage\":{\"@id\":\"https:\/\/evertonfc.cz\/index.php\/2015\/09\/22\/preview-everton-manchester-city-4\/\"},\"wordCount\":388,\"commentCount\":0,\"publisher\":{\"@id\":\"https:\/\/evertonfc.cz\/#organization\"},\"image\":{\"@id\":\"https:\/\/evertonfc.cz\/index.php\/2015\/09\/22\/preview-everton-manchester-city-4\/#primaryimage\"},\"thumbnailUrl\":\"https:\/\/evertonfc.cz\/wp-content\/uploads\/2021\/01\/Everton-VS-Manchester-City.jpg\",\"articleSection\":[\"Z\u00e1pasy\"],\"inLanguage\":\"cs\",\"potentialAction\":[{\"@type\":\"CommentAction\",\"name\":\"Comment\",\"target\":[\"https:\/\/evertonfc.cz\/index.php\/2015\/09\/22\/preview-everton-manchester-city-4\/#respond\"]}]},{\"@type\":\"WebPage\",\"@id\":\"https:\/\/evertonfc.cz\/index.php\/2015\/09\/22\/preview-everton-manchester-city-4\/\",\"url\":\"https:\/\/evertonfc.cz\/index.php\/2015\/09\/22\/preview-everton-manchester-city-4\/\",\"name\":\"Preview: Everton - Manchester City - Official Czech &amp; Slovak Everton Supporters&#039; Club\",\"isPartOf\":{\"@id\":\"https:\/\/evertonfc.cz\/#website\"},\"primaryImageOfPage\":{\"@id\":\"https:\/\/evertonfc.cz\/index.php\/2015\/09\/22\/preview-everton-manchester-city-4\/#primaryimage\"},\"image\":{\"@id\":\"https:\/\/evertonfc.cz\/index.php\/2015\/09\/22\/preview-everton-manchester-city-4\/#primaryimage\"},\"thumbnailUrl\":\"https:\/\/evertonfc.cz\/wp-content\/uploads\/2021\/01\/Everton-VS-Manchester-City.jpg\",\"datePublished\":\"2015-09-22T19:18:12+00:00\",\"dateModified\":\"2021-02-17T15:00:49+00:00\",\"breadcrumb\":{\"@id\":\"https:\/\/evertonfc.cz\/index.php\/2015\/09\/22\/preview-everton-manchester-city-4\/#breadcrumb\"},\"inLanguage\":\"cs\",\"potentialAction\":[{\"@type\":\"ReadAction\",\"target\":[\"https:\/\/evertonfc.cz\/index.php\/2015\/09\/22\/preview-everton-manchester-city-4\/\"]}]},{\"@type\":\"ImageObject\",\"inLanguage\":\"cs\",\"@id\":\"https:\/\/evertonfc.cz\/index.php\/2015\/09\/22\/preview-everton-manchester-city-4\/#primaryimage\",\"url\":\"https:\/\/evertonfc.cz\/wp-content\/uploads\/2021\/01\/Everton-VS-Manchester-City.jpg\",\"contentUrl\":\"https:\/\/evertonfc.cz\/wp-content\/uploads\/2021\/01\/Everton-VS-Manchester-City.jpg\",\"width\":720,\"height\":405},{\"@type\":\"BreadcrumbList\",\"@id\":\"https:\/\/evertonfc.cz\/index.php\/2015\/09\/22\/preview-everton-manchester-city-4\/#breadcrumb\",\"itemListElement\":[{\"@type\":\"ListItem\",\"position\":1,\"name\":\"Home\",\"item\":\"https:\/\/evertonfc.cz\/\"},{\"@type\":\"ListItem\",\"position\":2,\"name\":\"Preview: Everton &#8211; Manchester City\"}]},{\"@type\":\"WebSite\",\"@id\":\"https:\/\/evertonfc.cz\/#website\",\"url\":\"https:\/\/evertonfc.cz\/\",\"name\":\"Official Czech &amp; Slovak Everton Supporters&#039; Club\",\"description\":\"\",\"publisher\":{\"@id\":\"https:\/\/evertonfc.cz\/#organization\"},\"potentialAction\":[{\"@type\":\"SearchAction\",\"target\":{\"@type\":\"EntryPoint\",\"urlTemplate\":\"https:\/\/evertonfc.cz\/?s={search_term_string}\"},\"query-input\":{\"@type\":\"PropertyValueSpecification\",\"valueRequired\":true,\"valueName\":\"search_term_string\"}}],\"inLanguage\":\"cs\"},{\"@type\":\"Organization\",\"@id\":\"https:\/\/evertonfc.cz\/#organization\",\"name\":\"Official Czech & Slovak Everton Supporters' Club\",\"url\":\"https:\/\/evertonfc.cz\/\",\"logo\":{\"@type\":\"ImageObject\",\"inLanguage\":\"cs\",\"@id\":\"https:\/\/evertonfc.cz\/#\/schema\/logo\/image\/\",\"url\":\"https:\/\/evertonfc.cz\/wp-content\/uploads\/2019\/05\/logo.png\",\"contentUrl\":\"https:\/\/evertonfc.cz\/wp-content\/uploads\/2019\/05\/logo.png\",\"width\":112,\"height\":112,\"caption\":\"Official Czech & Slovak Everton Supporters' Club\"},\"image\":{\"@id\":\"https:\/\/evertonfc.cz\/#\/schema\/logo\/image\/\"},\"sameAs\":[\"https:\/\/www.facebook.com\/everton.fans.cz.sk\"]},{\"@type\":\"Person\",\"@id\":\"https:\/\/evertonfc.cz\/#\/schema\/person\/b30daf6a5852f4811f8207a17ec1bf78\",\"name\":\"Javor\",\"sameAs\":[\"https:\/\/x.com\/LoudinJan\"],\"url\":\"https:\/\/evertonfc.cz\/index.php\/author\/javor\/\"}]}<\/script>\n<!-- \/ Yoast SEO plugin. -->","yoast_head_json":{"title":"Preview: Everton - Manchester City - Official Czech &amp; Slovak Everton Supporters&#039; Club","robots":{"index":"index","follow":"follow","max-snippet":"max-snippet:-1","max-image-preview":"max-image-preview:large","max-video-preview":"max-video-preview:-1"},"canonical":"https:\/\/evertonfc.cz\/index.php\/2015\/09\/22\/preview-everton-manchester-city-4\/","og_locale":"cs_CZ","og_type":"article","og_title":"Preview: Everton - Manchester City - Official Czech &amp; Slovak Everton Supporters&#039; Club","og_description":"V ned\u011bli odpoledne se bude v Goodison Parku o polo\u010dase pod\u00e1vat \u010daj o p\u00e1t\u00e9. P\u0159edt\u00edm a potom dva polo\u010dasy fotbalu v z\u00e1pase dvou nepora\u017een\u00fdch t\u00fdm\u016f (po dvou kolech).","og_url":"https:\/\/evertonfc.cz\/index.php\/2015\/09\/22\/preview-everton-manchester-city-4\/","og_site_name":"Official Czech &amp; Slovak Everton Supporters&#039; Club","article_publisher":"https:\/\/www.facebook.com\/everton.fans.cz.sk","article_published_time":"2015-09-22T19:18:12+00:00","article_modified_time":"2021-02-17T15:00:49+00:00","og_image":[{"width":720,"height":405,"url":"https:\/\/evertonfc.cz\/wp-content\/uploads\/2021\/01\/Everton-VS-Manchester-City.jpg","type":"image\/jpeg"}],"author":"Javor","twitter_card":"summary_large_image","twitter_creator":"@LoudinJan","twitter_misc":{"Napsal(a)":"Javor","Odhadovan\u00e1 doba \u010dten\u00ed":"2 minuty"},"schema":{"@context":"https:\/\/schema.org","@graph":[{"@type":"Article","@id":"https:\/\/evertonfc.cz\/index.php\/2015\/09\/22\/preview-everton-manchester-city-4\/#article","isPartOf":{"@id":"https:\/\/evertonfc.cz\/index.php\/2015\/09\/22\/preview-everton-manchester-city-4\/"},"author":{"name":"Javor","@id":"https:\/\/evertonfc.cz\/#\/schema\/person\/b30daf6a5852f4811f8207a17ec1bf78"},"headline":"Preview: Everton &#8211; Manchester City","datePublished":"2015-09-22T19:18:12+00:00","dateModified":"2021-02-17T15:00:49+00:00","mainEntityOfPage":{"@id":"https:\/\/evertonfc.cz\/index.php\/2015\/09\/22\/preview-everton-manchester-city-4\/"},"wordCount":388,"commentCount":0,"publisher":{"@id":"https:\/\/evertonfc.cz\/#organization"},"image":{"@id":"https:\/\/evertonfc.cz\/index.php\/2015\/09\/22\/preview-everton-manchester-city-4\/#primaryimage"},"thumbnailUrl":"https:\/\/evertonfc.cz\/wp-content\/uploads\/2021\/01\/Everton-VS-Manchester-City.jpg","articleSection":["Z\u00e1pasy"],"inLanguage":"cs","potentialAction":[{"@type":"CommentAction","name":"Comment","target":["https:\/\/evertonfc.cz\/index.php\/2015\/09\/22\/preview-everton-manchester-city-4\/#respond"]}]},{"@type":"WebPage","@id":"https:\/\/evertonfc.cz\/index.php\/2015\/09\/22\/preview-everton-manchester-city-4\/","url":"https:\/\/evertonfc.cz\/index.php\/2015\/09\/22\/preview-everton-manchester-city-4\/","name":"Preview: Everton - Manchester City - Official Czech &amp; Slovak Everton Supporters&#039; Club","isPartOf":{"@id":"https:\/\/evertonfc.cz\/#website"},"primaryImageOfPage":{"@id":"https:\/\/evertonfc.cz\/index.php\/2015\/09\/22\/preview-everton-manchester-city-4\/#primaryimage"},"image":{"@id":"https:\/\/evertonfc.cz\/index.php\/2015\/09\/22\/preview-everton-manchester-city-4\/#primaryimage"},"thumbnailUrl":"https:\/\/evertonfc.cz\/wp-content\/uploads\/2021\/01\/Everton-VS-Manchester-City.jpg","datePublished":"2015-09-22T19:18:12+00:00","dateModified":"2021-02-17T15:00:49+00:00","breadcrumb":{"@id":"https:\/\/evertonfc.cz\/index.php\/2015\/09\/22\/preview-everton-manchester-city-4\/#breadcrumb"},"inLanguage":"cs","potentialAction":[{"@type":"ReadAction","target":["https:\/\/evertonfc.cz\/index.php\/2015\/09\/22\/preview-everton-manchester-city-4\/"]}]},{"@type":"ImageObject","inLanguage":"cs","@id":"https:\/\/evertonfc.cz\/index.php\/2015\/09\/22\/preview-everton-manchester-city-4\/#primaryimage","url":"https:\/\/evertonfc.cz\/wp-content\/uploads\/2021\/01\/Everton-VS-Manchester-City.jpg","contentUrl":"https:\/\/evertonfc.cz\/wp-content\/uploads\/2021\/01\/Everton-VS-Manchester-City.jpg","width":720,"height":405},{"@type":"BreadcrumbList","@id":"https:\/\/evertonfc.cz\/index.php\/2015\/09\/22\/preview-everton-manchester-city-4\/#breadcrumb","itemListElement":[{"@type":"ListItem","position":1,"name":"Home","item":"https:\/\/evertonfc.cz\/"},{"@type":"ListItem","position":2,"name":"Preview: Everton &#8211; Manchester City"}]},{"@type":"WebSite","@id":"https:\/\/evertonfc.cz\/#website","url":"https:\/\/evertonfc.cz\/","name":"Official Czech &amp; Slovak Everton Supporters&#039; Club","description":"","publisher":{"@id":"https:\/\/evertonfc.cz\/#organization"},"potentialAction":[{"@type":"SearchAction","target":{"@type":"EntryPoint","urlTemplate":"https:\/\/evertonfc.cz\/?s={search_term_string}"},"query-input":{"@type":"PropertyValueSpecification","valueRequired":true,"valueName":"search_term_string"}}],"inLanguage":"cs"},{"@type":"Organization","@id":"https:\/\/evertonfc.cz\/#organization","name":"Official Czech & Slovak Everton Supporters' Club","url":"https:\/\/evertonfc.cz\/","logo":{"@type":"ImageObject","inLanguage":"cs","@id":"https:\/\/evertonfc.cz\/#\/schema\/logo\/image\/","url":"https:\/\/evertonfc.cz\/wp-content\/uploads\/2019\/05\/logo.png","contentUrl":"https:\/\/evertonfc.cz\/wp-content\/uploads\/2019\/05\/logo.png","width":112,"height":112,"caption":"Official Czech & Slovak Everton Supporters' Club"},"image":{"@id":"https:\/\/evertonfc.cz\/#\/schema\/logo\/image\/"},"sameAs":["https:\/\/www.facebook.com\/everton.fans.cz.sk"]},{"@type":"Person","@id":"https:\/\/evertonfc.cz\/#\/schema\/person\/b30daf6a5852f4811f8207a17ec1bf78","name":"Javor","sameAs":["https:\/\/x.com\/LoudinJan"],"url":"https:\/\/evertonfc.cz\/index.php\/author\/javor\/"}]}},"_links":{"self":[{"href":"https:\/\/evertonfc.cz\/index.php\/wp-json\/wp\/v2\/posts\/4173"}],"collection":[{"href":"https:\/\/evertonfc.cz\/index.php\/wp-json\/wp\/v2\/posts"}],"about":[{"href":"https:\/\/evertonfc.cz\/index.php\/wp-json\/wp\/v2\/types\/post"}],"author":[{"embeddable":true,"href":"https:\/\/evertonfc.cz\/index.php\/wp-json\/wp\/v2\/users\/12"}],"replies":[{"embeddable":true,"href":"https:\/\/evertonfc.cz\/index.php\/wp-json\/wp\/v2\/comments?post=4173"}],"version-history":[{"count":3,"href":"https:\/\/evertonfc.cz\/index.php\/wp-json\/wp\/v2\/posts\/4173\/revisions"}],"predecessor-version":[{"id":14193,"href":"https:\/\/evertonfc.cz\/index.php\/wp-json\/wp\/v2\/posts\/4173\/revisions\/14193"}],"wp:featuredmedia":[{"embeddable":true,"href":"https:\/\/evertonfc.cz\/index.php\/wp-json\/wp\/v2\/media\/13482"}],"wp:attachment":[{"href":"https:\/\/evertonfc.cz\/index.php\/wp-json\/wp\/v2\/media?parent=4173"}],"wp:term":[{"taxonomy":"category","embeddable":true,"href":"https:\/\/evertonfc.cz\/index.php\/wp-json\/wp\/v2\/categories?post=4173"},{"taxonomy":"post_tag","embeddable":true,"href":"https:\/\/evertonfc.cz\/index.php\/wp-json\/wp\/v2\/tags?post=4173"}],"curies":[{"name":"wp","href":"https:\/\/api.w.org\/{rel}","templated":true}]}}