{"id":4179,"date":"2015-08-09T21:21:59","date_gmt":"2015-08-09T19:21:59","guid":{"rendered":"http:\/\/evertonfc.cz\/?p=4179"},"modified":"2019-02-12T23:10:44","modified_gmt":"2019-02-12T22:10:44","slug":"everton-watford-22-2","status":"publish","type":"post","link":"https:\/\/evertonfc.cz\/index.php\/2015\/08\/09\/everton-watford-22-2\/","title":{"rendered":"Everton &#8211; Watford 2:2"},"content":{"rendered":"<h4 id=\"NewsPostDetailSummary\">Dva \u0161t\u00edty proti nov\u00e1\u010dkovi doma. Bod zachr\u00e1n\u011bn\u00fd 5 minut p\u0159ed koncem. Ztr\u00e1ta, zklam\u00e1n\u00ed, pl\u00e1\u010d.<\/h4>\n<div id=\"NewsPostDetailContent\">\n<p>Marodi se uzdravili, ale p\u0159ibyl jeden prominentn\u00ed. Baines si den p\u0159ed z\u00e1pasem zranil na tr\u00e9ninku kotn\u00edk a pr\u00fd to nebude ot\u00e1zka pouze t\u0159\u00ed t\u00fddn\u016f. Vlevo tak nastoupil ne\u010dekan\u011b Galloway. Za\u0159azen\u00ed Barkleyho na k\u0159\u00eddlo taky moc logiku ned\u00e1valo. Host\u00e9 posadili oba \u010cechy na lavi\u010dku.<\/p>\n<p>Everton byl od za\u010d\u00e1tku aktivn\u011bj\u0161\u00ed, p\u0159ihr\u00e1vek p\u0159ed v\u00e1pnem bylo asi tak 225, ale nest\u0159\u00edlelo se a v\u017edy byla jedna zachycena. Watford se v tom p\u0159\u00edpad\u011b sna\u017eil n\u00e1kopem naj\u00edt Deeneyho na hrotu. A dali g\u00f3l hned z prvn\u00ed v\u00e1\u017en\u011bj\u0161\u00ed akce. Deeneyho n\u016f\u017eky netrefily m\u00ed\u010d, ale ten dob\u011bhl Jurado a k jeho centru se asi na t\u0159in\u00e1cti metrech dostal Lay\u00fan a ve skluzu nap\u00e1lil m\u00ed\u010d k prav\u00e9 ty\u010di Howardovy branky. Z prvn\u00ed p\u016fle stoj\u00ed za zm\u00ednku snad jen dv\u011b st\u0159ely Barkleyho mimo a Barryho hlavi\u010dka nad po rohu. V nastaven\u00e9m \u010dase mohl Watford zv\u00fd\u0161it na 0:2, ale \u0161atjle Lay\u00fana prosvi\u0161t\u011bla t\u011bsn\u011b mimo. To ji\u017e m\u011bl Deeney na sv\u00e9m kont\u011b \u017elutou po faulu na Gallowaye, p\u0159\u00edsn\u011bj\u0161\u00ed rozhod\u010d\u00ed by vyt\u00e1hl kartu jin\u00e9 barvy.<\/p>\n<p>Druh\u00e1 p\u016fle byla v\u00fdrazn\u011b zaj\u00edmav\u011bj\u0161\u00ed celkov\u011b, mod\u0159\u00ed ji\u017e v\u011bd\u00ed, \u017ee v n\u00ed padly t\u0159i branky. Nejd\u0159\u00edv ale Coleman dostal \u017elutou za faul na Capoueho a Kon\u00e9 vyst\u0159\u00eddal Gallowaye. Jinak div\u00e1ci vid\u011bli st\u00e1le stejn\u00fd obr\u00e1zek &#8211; Everton \u00fato\u010d\u00ed do pln\u00fdch. Holebasov\u011b p\u011bkn\u00e9 r\u00e1n\u011b ze t\u0159iceti metr\u016f a Howardov\u011b dobr\u00e9mu z\u00e1kroku p\u0159edch\u00e1zela \u017elut\u00e1 karta pro stejn\u00e9ho hr\u00e1\u010de Watfordu za zdr\u017eov\u00e1n\u00ed p\u0159i h\u00e1zen\u00ed autu. A v\u011bci se za\u010daly d\u00edt pot\u00e9, co Behram\u00ed zajel do Mirallasova kotn\u00edku. Ten to nerozchodil a musel ho vyst\u0159\u00eddat Oviedo. Ale t\u011bsn\u011b p\u0159edt\u00edm Everton srovnal. Colemanovu p\u0159ihr\u00e1vku do v\u00e1pna zpracoval Kon\u00e9 a p\u0159i\u0165uknul Barkleymu. O n\u011bm jsou zn\u00e1my t\u0159i v\u011bci. 1. d\u00e1v\u00e1 m\u00e1lo branek, 2. um\u00ed st\u0159\u00edlet ze st\u0159edn\u00ed vzd\u00e1lenosti, 3. kdy\u017e u\u017e jednou za \u010das vs\u00edt\u00ed, je to minim\u00e1ln\u011b g\u00f3l kola. To potvrdil i touhle st\u0159elou, brank\u00e1\u0159 nem\u011bl \u0161anci.<\/p>\n<p>Ale op\u011bt dostal Everton lekci z produktivity. V\u00fdkop brank\u00e1\u0159e Gomese zpracoval Deeney, p\u0159ihr\u00e1l Ighalovi a ten si celkem v klidu polo\u017eil Stonese a prost\u0159elil Howarda, kdy\u017e m\u00ed\u010d \u0161el t\u011bsn\u011b kolem jeho rukavic a Colemanovy nohy. Vyrovn\u00e1vac\u00ed g\u00f3l byl tak\u00e9 p\u011bkn\u00fd. Rozehr\u00e1vka Jagielky na\u0161la Lukaka u lev\u00e9 postrann\u00ed \u010d\u00e1ry, ten s m\u00ed\u010dem p\u0159eb\u011bhl a\u017e na kraj velk\u00e9ho v\u00e1pna soupe\u0159e a p\u0159esn\u011b p\u0159ihr\u00e1l Kon\u00e9mu. \u00dato\u010dn\u00edk z Pob\u0159e\u017e\u00ed slonoviny p\u0159esprintoval obr\u00e1nce a z prvn\u00ed prost\u0159elil brank\u00e1\u0159e ke vzd\u00e1len\u011bj\u0161\u00ed ty\u010di. Nad t\u00edmhle zakon\u010den\u00edm dost lid\u00ed valilo o\u010di. Do konce z\u00e1pasu se ji\u017e nic nestalo.<\/p>\n<p>Slab\u0161\u00ed prvn\u00ed polo\u010das tedy zap\u0159\u00ed\u010dinil ztr\u00e1tu bod\u016f, naopak v\u00fdkon v tom druh\u00e9m zavd\u00e1v\u00e1 d\u016fvod k m\u00edrn\u00e9mu optimismu. Dva body ale ztraceny, to zcela bez debaty.<\/p>\n<p><strong>Branky:<\/strong> 76. Ross Barkley, 86. Arouna Kon\u00e9 &#8211; 14. Miguel Lay\u00fan, 83. Odion Ighalo<br \/>\n<strong>\u017dK: <\/strong>54. S\u00e9amus Coleman &#8211; 42. Troy Deeney, 66. Jos\u00e9 Holebas<br \/>\n<strong>Everton FC:<\/strong> Tim Howard, S\u00e9amus Coleman, John Stones, Phil Jagielka, Brendan Galloway (63. Arouna Kon\u00e9), Gareth Barry, James McCarthy, Ross Barkley, Tom Cleverley, Kevin Mirallas (77. Bryan Oviedo), Romelu Lukaku (90+1. Steven Naismith)<br \/>\n<strong>Watford FC: <\/strong>Heurelho Gomes, Allan Nyom, Sebastian Pr\u00f6dl, Craig Cathcart, Jos\u00e9 Holebas, Ikechi Anya, \u00c9tienne Capoue, Valon Behrami (79. Ben Watson), Miguel Lay\u00fan (59. Juan Carlos Paredes), Jos\u00e9 Manuel Jurado (74. Odion Ighalo), Troy Deeney<br \/>\n<strong>Rozhod\u010d\u00ed:<\/strong> Mike Jones<br \/>\n<strong>Div\u00e1ci:<\/strong> 39 063<\/p>\n<\/div>\n","protected":false},"excerpt":{"rendered":"<p>Dva \u0161t\u00edty proti nov\u00e1\u010dkovi doma. Bod zachr\u00e1n\u011bn\u00fd 5 minut p\u0159ed koncem. Ztr\u00e1ta, zklam\u00e1n\u00ed, pl\u00e1\u010d. Marodi se uzdravili, ale p\u0159ibyl jeden&hellip;<\/p>\n","protected":false},"author":12,"featured_media":1315,"comment_status":"open","ping_status":"closed","sticky":false,"template":"","format":"standard","meta":{"_eb_attr":"","_monsterinsights_skip_tracking":false,"_monsterinsights_sitenote_active":false,"_monsterinsights_sitenote_note":"","_monsterinsights_sitenote_category":0,"footnotes":""},"categories":[4],"tags":[],"yoast_head":"<!-- This site is optimized with the Yoast SEO plugin v23.4 - https:\/\/yoast.com\/wordpress\/plugins\/seo\/ -->\n<title>Everton - Watford 2:2 - Official Czech &amp; Slovak Everton Supporters&#039; Club<\/title>\n<meta name=\"robots\" content=\"index, follow, max-snippet:-1, max-image-preview:large, max-video-preview:-1\" \/>\n<link rel=\"canonical\" href=\"https:\/\/evertonfc.cz\/index.php\/2015\/08\/09\/everton-watford-22-2\/\" \/>\n<meta property=\"og:locale\" content=\"cs_CZ\" \/>\n<meta property=\"og:type\" content=\"article\" \/>\n<meta property=\"og:title\" content=\"Everton - Watford 2:2 - Official Czech &amp; Slovak Everton Supporters&#039; Club\" \/>\n<meta property=\"og:description\" content=\"Dva \u0161t\u00edty proti nov\u00e1\u010dkovi doma. Bod zachr\u00e1n\u011bn\u00fd 5 minut p\u0159ed koncem. Ztr\u00e1ta, zklam\u00e1n\u00ed, pl\u00e1\u010d. Marodi se uzdravili, ale p\u0159ibyl jeden&hellip;\" \/>\n<meta property=\"og:url\" content=\"https:\/\/evertonfc.cz\/index.php\/2015\/08\/09\/everton-watford-22-2\/\" \/>\n<meta property=\"og:site_name\" content=\"Official Czech &amp; Slovak Everton Supporters&#039; Club\" \/>\n<meta property=\"article:publisher\" content=\"https:\/\/www.facebook.com\/everton.fans.cz.sk\" \/>\n<meta property=\"article:published_time\" content=\"2015-08-09T19:21:59+00:00\" \/>\n<meta property=\"article:modified_time\" content=\"2019-02-12T22:10:44+00:00\" \/>\n<meta property=\"og:image\" content=\"https:\/\/evertonfc.cz\/wp-content\/uploads\/2019\/01\/report.jpg\" \/>\n\t<meta property=\"og:image:width\" content=\"720\" \/>\n\t<meta property=\"og:image:height\" content=\"405\" \/>\n\t<meta property=\"og:image:type\" content=\"image\/jpeg\" \/>\n<meta name=\"author\" content=\"Javor\" \/>\n<meta name=\"twitter:card\" content=\"summary_large_image\" \/>\n<meta name=\"twitter:creator\" content=\"@LoudinJan\" \/>\n<meta name=\"twitter:label1\" content=\"Napsal(a)\" \/>\n\t<meta name=\"twitter:data1\" content=\"Javor\" \/>\n\t<meta name=\"twitter:label2\" content=\"Odhadovan\u00e1 doba \u010dten\u00ed\" \/>\n\t<meta name=\"twitter:data2\" content=\"3 minuty\" \/>\n<script type=\"application\/ld+json\" class=\"yoast-schema-graph\">{\"@context\":\"https:\/\/schema.org\",\"@graph\":[{\"@type\":\"Article\",\"@id\":\"https:\/\/evertonfc.cz\/index.php\/2015\/08\/09\/everton-watford-22-2\/#article\",\"isPartOf\":{\"@id\":\"https:\/\/evertonfc.cz\/index.php\/2015\/08\/09\/everton-watford-22-2\/\"},\"author\":{\"name\":\"Javor\",\"@id\":\"https:\/\/evertonfc.cz\/#\/schema\/person\/b30daf6a5852f4811f8207a17ec1bf78\"},\"headline\":\"Everton &#8211; Watford 2:2\",\"datePublished\":\"2015-08-09T19:21:59+00:00\",\"dateModified\":\"2019-02-12T22:10:44+00:00\",\"mainEntityOfPage\":{\"@id\":\"https:\/\/evertonfc.cz\/index.php\/2015\/08\/09\/everton-watford-22-2\/\"},\"wordCount\":665,\"commentCount\":0,\"publisher\":{\"@id\":\"https:\/\/evertonfc.cz\/#organization\"},\"image\":{\"@id\":\"https:\/\/evertonfc.cz\/index.php\/2015\/08\/09\/everton-watford-22-2\/#primaryimage\"},\"thumbnailUrl\":\"https:\/\/evertonfc.cz\/wp-content\/uploads\/2019\/01\/report.jpg\",\"articleSection\":[\"Z\u00e1pasy\"],\"inLanguage\":\"cs\",\"potentialAction\":[{\"@type\":\"CommentAction\",\"name\":\"Comment\",\"target\":[\"https:\/\/evertonfc.cz\/index.php\/2015\/08\/09\/everton-watford-22-2\/#respond\"]}]},{\"@type\":\"WebPage\",\"@id\":\"https:\/\/evertonfc.cz\/index.php\/2015\/08\/09\/everton-watford-22-2\/\",\"url\":\"https:\/\/evertonfc.cz\/index.php\/2015\/08\/09\/everton-watford-22-2\/\",\"name\":\"Everton - Watford 2:2 - Official Czech &amp; Slovak Everton Supporters&#039; Club\",\"isPartOf\":{\"@id\":\"https:\/\/evertonfc.cz\/#website\"},\"primaryImageOfPage\":{\"@id\":\"https:\/\/evertonfc.cz\/index.php\/2015\/08\/09\/everton-watford-22-2\/#primaryimage\"},\"image\":{\"@id\":\"https:\/\/evertonfc.cz\/index.php\/2015\/08\/09\/everton-watford-22-2\/#primaryimage\"},\"thumbnailUrl\":\"https:\/\/evertonfc.cz\/wp-content\/uploads\/2019\/01\/report.jpg\",\"datePublished\":\"2015-08-09T19:21:59+00:00\",\"dateModified\":\"2019-02-12T22:10:44+00:00\",\"breadcrumb\":{\"@id\":\"https:\/\/evertonfc.cz\/index.php\/2015\/08\/09\/everton-watford-22-2\/#breadcrumb\"},\"inLanguage\":\"cs\",\"potentialAction\":[{\"@type\":\"ReadAction\",\"target\":[\"https:\/\/evertonfc.cz\/index.php\/2015\/08\/09\/everton-watford-22-2\/\"]}]},{\"@type\":\"ImageObject\",\"inLanguage\":\"cs\",\"@id\":\"https:\/\/evertonfc.cz\/index.php\/2015\/08\/09\/everton-watford-22-2\/#primaryimage\",\"url\":\"https:\/\/evertonfc.cz\/wp-content\/uploads\/2019\/01\/report.jpg\",\"contentUrl\":\"https:\/\/evertonfc.cz\/wp-content\/uploads\/2019\/01\/report.jpg\",\"width\":720,\"height\":405},{\"@type\":\"BreadcrumbList\",\"@id\":\"https:\/\/evertonfc.cz\/index.php\/2015\/08\/09\/everton-watford-22-2\/#breadcrumb\",\"itemListElement\":[{\"@type\":\"ListItem\",\"position\":1,\"name\":\"Home\",\"item\":\"https:\/\/evertonfc.cz\/\"},{\"@type\":\"ListItem\",\"position\":2,\"name\":\"Everton &#8211; Watford 2:2\"}]},{\"@type\":\"WebSite\",\"@id\":\"https:\/\/evertonfc.cz\/#website\",\"url\":\"https:\/\/evertonfc.cz\/\",\"name\":\"Official Czech &amp; Slovak Everton Supporters&#039; Club\",\"description\":\"\",\"publisher\":{\"@id\":\"https:\/\/evertonfc.cz\/#organization\"},\"potentialAction\":[{\"@type\":\"SearchAction\",\"target\":{\"@type\":\"EntryPoint\",\"urlTemplate\":\"https:\/\/evertonfc.cz\/?s={search_term_string}\"},\"query-input\":{\"@type\":\"PropertyValueSpecification\",\"valueRequired\":true,\"valueName\":\"search_term_string\"}}],\"inLanguage\":\"cs\"},{\"@type\":\"Organization\",\"@id\":\"https:\/\/evertonfc.cz\/#organization\",\"name\":\"Official Czech & Slovak Everton Supporters' Club\",\"url\":\"https:\/\/evertonfc.cz\/\",\"logo\":{\"@type\":\"ImageObject\",\"inLanguage\":\"cs\",\"@id\":\"https:\/\/evertonfc.cz\/#\/schema\/logo\/image\/\",\"url\":\"https:\/\/evertonfc.cz\/wp-content\/uploads\/2019\/05\/logo.png\",\"contentUrl\":\"https:\/\/evertonfc.cz\/wp-content\/uploads\/2019\/05\/logo.png\",\"width\":112,\"height\":112,\"caption\":\"Official Czech & Slovak Everton Supporters' Club\"},\"image\":{\"@id\":\"https:\/\/evertonfc.cz\/#\/schema\/logo\/image\/\"},\"sameAs\":[\"https:\/\/www.facebook.com\/everton.fans.cz.sk\"]},{\"@type\":\"Person\",\"@id\":\"https:\/\/evertonfc.cz\/#\/schema\/person\/b30daf6a5852f4811f8207a17ec1bf78\",\"name\":\"Javor\",\"sameAs\":[\"https:\/\/x.com\/LoudinJan\"],\"url\":\"https:\/\/evertonfc.cz\/index.php\/author\/javor\/\"}]}<\/script>\n<!-- \/ Yoast SEO plugin. -->","yoast_head_json":{"title":"Everton - Watford 2:2 - Official Czech &amp; Slovak Everton Supporters&#039; Club","robots":{"index":"index","follow":"follow","max-snippet":"max-snippet:-1","max-image-preview":"max-image-preview:large","max-video-preview":"max-video-preview:-1"},"canonical":"https:\/\/evertonfc.cz\/index.php\/2015\/08\/09\/everton-watford-22-2\/","og_locale":"cs_CZ","og_type":"article","og_title":"Everton - Watford 2:2 - Official Czech &amp; Slovak Everton Supporters&#039; Club","og_description":"Dva \u0161t\u00edty proti nov\u00e1\u010dkovi doma. Bod zachr\u00e1n\u011bn\u00fd 5 minut p\u0159ed koncem. Ztr\u00e1ta, zklam\u00e1n\u00ed, pl\u00e1\u010d. Marodi se uzdravili, ale p\u0159ibyl jeden&hellip;","og_url":"https:\/\/evertonfc.cz\/index.php\/2015\/08\/09\/everton-watford-22-2\/","og_site_name":"Official Czech &amp; Slovak Everton Supporters&#039; Club","article_publisher":"https:\/\/www.facebook.com\/everton.fans.cz.sk","article_published_time":"2015-08-09T19:21:59+00:00","article_modified_time":"2019-02-12T22:10:44+00:00","og_image":[{"width":720,"height":405,"url":"https:\/\/evertonfc.cz\/wp-content\/uploads\/2019\/01\/report.jpg","type":"image\/jpeg"}],"author":"Javor","twitter_card":"summary_large_image","twitter_creator":"@LoudinJan","twitter_misc":{"Napsal(a)":"Javor","Odhadovan\u00e1 doba \u010dten\u00ed":"3 minuty"},"schema":{"@context":"https:\/\/schema.org","@graph":[{"@type":"Article","@id":"https:\/\/evertonfc.cz\/index.php\/2015\/08\/09\/everton-watford-22-2\/#article","isPartOf":{"@id":"https:\/\/evertonfc.cz\/index.php\/2015\/08\/09\/everton-watford-22-2\/"},"author":{"name":"Javor","@id":"https:\/\/evertonfc.cz\/#\/schema\/person\/b30daf6a5852f4811f8207a17ec1bf78"},"headline":"Everton &#8211; Watford 2:2","datePublished":"2015-08-09T19:21:59+00:00","dateModified":"2019-02-12T22:10:44+00:00","mainEntityOfPage":{"@id":"https:\/\/evertonfc.cz\/index.php\/2015\/08\/09\/everton-watford-22-2\/"},"wordCount":665,"commentCount":0,"publisher":{"@id":"https:\/\/evertonfc.cz\/#organization"},"image":{"@id":"https:\/\/evertonfc.cz\/index.php\/2015\/08\/09\/everton-watford-22-2\/#primaryimage"},"thumbnailUrl":"https:\/\/evertonfc.cz\/wp-content\/uploads\/2019\/01\/report.jpg","articleSection":["Z\u00e1pasy"],"inLanguage":"cs","potentialAction":[{"@type":"CommentAction","name":"Comment","target":["https:\/\/evertonfc.cz\/index.php\/2015\/08\/09\/everton-watford-22-2\/#respond"]}]},{"@type":"WebPage","@id":"https:\/\/evertonfc.cz\/index.php\/2015\/08\/09\/everton-watford-22-2\/","url":"https:\/\/evertonfc.cz\/index.php\/2015\/08\/09\/everton-watford-22-2\/","name":"Everton - Watford 2:2 - Official Czech &amp; Slovak Everton Supporters&#039; Club","isPartOf":{"@id":"https:\/\/evertonfc.cz\/#website"},"primaryImageOfPage":{"@id":"https:\/\/evertonfc.cz\/index.php\/2015\/08\/09\/everton-watford-22-2\/#primaryimage"},"image":{"@id":"https:\/\/evertonfc.cz\/index.php\/2015\/08\/09\/everton-watford-22-2\/#primaryimage"},"thumbnailUrl":"https:\/\/evertonfc.cz\/wp-content\/uploads\/2019\/01\/report.jpg","datePublished":"2015-08-09T19:21:59+00:00","dateModified":"2019-02-12T22:10:44+00:00","breadcrumb":{"@id":"https:\/\/evertonfc.cz\/index.php\/2015\/08\/09\/everton-watford-22-2\/#breadcrumb"},"inLanguage":"cs","potentialAction":[{"@type":"ReadAction","target":["https:\/\/evertonfc.cz\/index.php\/2015\/08\/09\/everton-watford-22-2\/"]}]},{"@type":"ImageObject","inLanguage":"cs","@id":"https:\/\/evertonfc.cz\/index.php\/2015\/08\/09\/everton-watford-22-2\/#primaryimage","url":"https:\/\/evertonfc.cz\/wp-content\/uploads\/2019\/01\/report.jpg","contentUrl":"https:\/\/evertonfc.cz\/wp-content\/uploads\/2019\/01\/report.jpg","width":720,"height":405},{"@type":"BreadcrumbList","@id":"https:\/\/evertonfc.cz\/index.php\/2015\/08\/09\/everton-watford-22-2\/#breadcrumb","itemListElement":[{"@type":"ListItem","position":1,"name":"Home","item":"https:\/\/evertonfc.cz\/"},{"@type":"ListItem","position":2,"name":"Everton &#8211; Watford 2:2"}]},{"@type":"WebSite","@id":"https:\/\/evertonfc.cz\/#website","url":"https:\/\/evertonfc.cz\/","name":"Official Czech &amp; Slovak Everton Supporters&#039; Club","description":"","publisher":{"@id":"https:\/\/evertonfc.cz\/#organization"},"potentialAction":[{"@type":"SearchAction","target":{"@type":"EntryPoint","urlTemplate":"https:\/\/evertonfc.cz\/?s={search_term_string}"},"query-input":{"@type":"PropertyValueSpecification","valueRequired":true,"valueName":"search_term_string"}}],"inLanguage":"cs"},{"@type":"Organization","@id":"https:\/\/evertonfc.cz\/#organization","name":"Official Czech & Slovak Everton Supporters' Club","url":"https:\/\/evertonfc.cz\/","logo":{"@type":"ImageObject","inLanguage":"cs","@id":"https:\/\/evertonfc.cz\/#\/schema\/logo\/image\/","url":"https:\/\/evertonfc.cz\/wp-content\/uploads\/2019\/05\/logo.png","contentUrl":"https:\/\/evertonfc.cz\/wp-content\/uploads\/2019\/05\/logo.png","width":112,"height":112,"caption":"Official Czech & Slovak Everton Supporters' Club"},"image":{"@id":"https:\/\/evertonfc.cz\/#\/schema\/logo\/image\/"},"sameAs":["https:\/\/www.facebook.com\/everton.fans.cz.sk"]},{"@type":"Person","@id":"https:\/\/evertonfc.cz\/#\/schema\/person\/b30daf6a5852f4811f8207a17ec1bf78","name":"Javor","sameAs":["https:\/\/x.com\/LoudinJan"],"url":"https:\/\/evertonfc.cz\/index.php\/author\/javor\/"}]}},"_links":{"self":[{"href":"https:\/\/evertonfc.cz\/index.php\/wp-json\/wp\/v2\/posts\/4179"}],"collection":[{"href":"https:\/\/evertonfc.cz\/index.php\/wp-json\/wp\/v2\/posts"}],"about":[{"href":"https:\/\/evertonfc.cz\/index.php\/wp-json\/wp\/v2\/types\/post"}],"author":[{"embeddable":true,"href":"https:\/\/evertonfc.cz\/index.php\/wp-json\/wp\/v2\/users\/12"}],"replies":[{"embeddable":true,"href":"https:\/\/evertonfc.cz\/index.php\/wp-json\/wp\/v2\/comments?post=4179"}],"version-history":[{"count":3,"href":"https:\/\/evertonfc.cz\/index.php\/wp-json\/wp\/v2\/posts\/4179\/revisions"}],"predecessor-version":[{"id":4320,"href":"https:\/\/evertonfc.cz\/index.php\/wp-json\/wp\/v2\/posts\/4179\/revisions\/4320"}],"wp:featuredmedia":[{"embeddable":true,"href":"https:\/\/evertonfc.cz\/index.php\/wp-json\/wp\/v2\/media\/1315"}],"wp:attachment":[{"href":"https:\/\/evertonfc.cz\/index.php\/wp-json\/wp\/v2\/media?parent=4179"}],"wp:term":[{"taxonomy":"category","embeddable":true,"href":"https:\/\/evertonfc.cz\/index.php\/wp-json\/wp\/v2\/categories?post=4179"},{"taxonomy":"post_tag","embeddable":true,"href":"https:\/\/evertonfc.cz\/index.php\/wp-json\/wp\/v2\/tags?post=4179"}],"curies":[{"name":"wp","href":"https:\/\/api.w.org\/{rel}","templated":true}]}}