{"id":4181,"date":"2015-08-07T21:23:17","date_gmt":"2015-08-07T19:23:17","guid":{"rendered":"http:\/\/evertonfc.cz\/?p=4181"},"modified":"2019-02-12T23:11:02","modified_gmt":"2019-02-12T22:11:02","slug":"preview-everton-watford-4","status":"publish","type":"post","link":"https:\/\/evertonfc.cz\/index.php\/2015\/08\/07\/preview-everton-watford-4\/","title":{"rendered":"Preview: Everton &#8211; Watford"},"content":{"rendered":"<h4 id=\"NewsPostDetailSummary\">Na Goodison Park p\u0159il\u00e9taj\u00ed \u201csr\u0161ni\u201c. Je t\u0159eba je zchladit a zaevidovat prvn\u00ed v\u00edt\u011bzstv\u00ed nov\u00e9ho ro\u010dn\u00edku.<\/h4>\n<div id=\"NewsPostDetailContent\">\n<p>Z\u00edtra se kon\u00e1 dal\u0161\u00ed repr\u00edza jednoho ze slavn\u011bj\u0161\u00edch z\u00e1pas\u016f v historii Evertonu. Ten se v\u00edt\u011bzstv\u00edm ve fin\u00e1lov\u00e9m z\u00e1pase odrazil p\u0159es l\u00e9to k nejslavn\u011bj\u0161\u00ed sez\u00f3n\u011b v historii klubu.<\/p>\n<p>Co se v\u00e1m vybav\u00ed, kdy\u017e se \u0159ekne Watford a fotbal? Pudil? Vydra? To, \u017ee klub kdysi vlastnil zp\u011bv\u00e1k Elton John? V\u0161e je spr\u00e1vn\u011b. Nov\u00e1\u010dek je na\u017ehaven\u00fd a jist\u011b neprod\u00e1 svou k\u016f\u017ei lacino. Nav\u00edc, jak v\u0161ichni v\u00edme, existuj\u00ed pro prvn\u00ed kolo ligy snadn\u011bj\u0161\u00ed soupe\u0159i ne\u017e zrovna ti akor\u00e1t postoupiv\u0161\u00ed.<\/p>\n<p>T\u00fdm z p\u0159edm\u011bst\u00ed Lond\u00fdna v\u00fdrazn\u011b pos\u00edlil, ze zn\u00e1m\u011bj\u0161\u00edch jmen p\u0159i\u0161el t\u0159eba Capoue z Tottenhamu a Behram\u00ed z West Hamu. Samoz\u0159ejm\u011b je nutn\u00e9 zm\u00ednit i podeps\u00e1n\u00ed Vydry z Udine natrvalo (to zas tak slo\u017eit\u00e9 b\u00fdt nemohlo, kdy\u017e maj\u00ed oba t\u00fdmy stejn\u00e9ho vlastn\u00edka). Zaj\u00edmavost\u00ed je, \u017ee se t\u00fdmu loni povedlo postoupit z druh\u00e9 ligy, a\u010d ho b\u011bhem sez\u00f3ny vedli \u010dty\u0159i tren\u00e9\u0159i. Nakonec t\u00fdm do Premier League dovedl Quigue Sanchez Flores.\u00a0V \u00fatoku bude nutn\u00e9 d\u00e1t si pozor na klasickou dev\u00edtku, velmi dob\u0159e fyzicky vybaven\u00e9ho Troye Deeneyho.<\/p>\n<p>U Evertonu se zabydlela jedna nemoc. Tou je p\u0159itahova\u010d stehenn\u00edho svalu a padlo j\u00ed za ob\u011b\u0165 p\u011bt hr\u00e1\u010d\u016f. No a kdy\u017e se k tomu p\u0159idaj\u00ed dal\u0161\u00ed hr\u00e1\u010di, tak hned p\u011btice do z\u00edt\u0159ej\u0161\u00edho z\u00e1pasu jist\u011b nezas\u00e1hne, konkr\u00e9tn\u011b to jsou Besi\u0107, Gibson, Hibbert, McGeady a Pienaar. Hr\u00e1t skoro ur\u010dit\u011b nebude ani Deulofeu a o startu Lukaka se rozhodne p\u0159ed z\u00e1pasem. Na lev\u00e9 z\u00e1loze se tak nejsp\u00ed\u0161 Mart\u00ednez rozhoduje mezi Osmanem a Cleverleym.<\/p>\n<p>P\u0159edpokl\u00e1dan\u00e1 sestava: Howard &#8211; Baines, Stones, Jagielka, Coleman &#8211; Barry &#8211; Cleverley, Barkley, McCarthy, Mirallas &#8211; Lukaku.<\/p>\n<div id=\"NewsPostDetailContent\">\n<p><strong>Co:<\/strong> Everton FC &#8211; Watford FC, 1. kolo Premier League<br \/>\n<strong>Kdy: <\/strong>8. 8. 2015 od 16:00 SE\u010c<br \/>\n<strong>Kde:<\/strong> Goodison Park, Liverpool (kapacita: 40 157)<br \/>\n<strong>Rozhod\u010d\u00ed:<\/strong> Mike Jones<\/p>\n<\/div>\n<\/div>\n","protected":false},"excerpt":{"rendered":"<p>Na Goodison Park p\u0159il\u00e9taj\u00ed \u201csr\u0161ni\u201c. Je t\u0159eba je zchladit a zaevidovat prvn\u00ed v\u00edt\u011bzstv\u00ed nov\u00e9ho ro\u010dn\u00edku. Z\u00edtra se kon\u00e1 dal\u0161\u00ed repr\u00edza&hellip;<\/p>\n","protected":false},"author":12,"featured_media":1314,"comment_status":"open","ping_status":"closed","sticky":false,"template":"","format":"standard","meta":{"_eb_attr":"","_monsterinsights_skip_tracking":false,"_monsterinsights_sitenote_active":false,"_monsterinsights_sitenote_note":"","_monsterinsights_sitenote_category":0,"footnotes":""},"categories":[4],"tags":[],"yoast_head":"<!-- This site is optimized with the Yoast SEO plugin v23.4 - https:\/\/yoast.com\/wordpress\/plugins\/seo\/ -->\n<title>Preview: Everton - Watford - Official Czech &amp; Slovak Everton Supporters&#039; Club<\/title>\n<meta name=\"robots\" content=\"index, follow, max-snippet:-1, max-image-preview:large, max-video-preview:-1\" \/>\n<link rel=\"canonical\" href=\"https:\/\/evertonfc.cz\/index.php\/2015\/08\/07\/preview-everton-watford-4\/\" \/>\n<meta property=\"og:locale\" content=\"cs_CZ\" \/>\n<meta property=\"og:type\" content=\"article\" \/>\n<meta property=\"og:title\" content=\"Preview: Everton - Watford - Official Czech &amp; Slovak Everton Supporters&#039; Club\" \/>\n<meta property=\"og:description\" content=\"Na Goodison Park p\u0159il\u00e9taj\u00ed \u201csr\u0161ni\u201c. Je t\u0159eba je zchladit a zaevidovat prvn\u00ed v\u00edt\u011bzstv\u00ed nov\u00e9ho ro\u010dn\u00edku. Z\u00edtra se kon\u00e1 dal\u0161\u00ed repr\u00edza&hellip;\" \/>\n<meta property=\"og:url\" content=\"https:\/\/evertonfc.cz\/index.php\/2015\/08\/07\/preview-everton-watford-4\/\" \/>\n<meta property=\"og:site_name\" content=\"Official Czech &amp; Slovak Everton Supporters&#039; Club\" \/>\n<meta property=\"article:publisher\" content=\"https:\/\/www.facebook.com\/everton.fans.cz.sk\" \/>\n<meta property=\"article:published_time\" content=\"2015-08-07T19:23:17+00:00\" \/>\n<meta property=\"article:modified_time\" content=\"2019-02-12T22:11:02+00:00\" \/>\n<meta property=\"og:image\" content=\"https:\/\/evertonfc.cz\/wp-content\/uploads\/2019\/01\/preview.jpg\" \/>\n\t<meta property=\"og:image:width\" content=\"720\" \/>\n\t<meta property=\"og:image:height\" content=\"405\" \/>\n\t<meta property=\"og:image:type\" content=\"image\/jpeg\" \/>\n<meta name=\"author\" content=\"Javor\" \/>\n<meta name=\"twitter:card\" content=\"summary_large_image\" \/>\n<meta name=\"twitter:creator\" content=\"@LoudinJan\" \/>\n<meta name=\"twitter:label1\" content=\"Napsal(a)\" \/>\n\t<meta name=\"twitter:data1\" content=\"Javor\" \/>\n\t<meta name=\"twitter:label2\" content=\"Odhadovan\u00e1 doba \u010dten\u00ed\" \/>\n\t<meta name=\"twitter:data2\" content=\"2 minuty\" \/>\n<script type=\"application\/ld+json\" class=\"yoast-schema-graph\">{\"@context\":\"https:\/\/schema.org\",\"@graph\":[{\"@type\":\"Article\",\"@id\":\"https:\/\/evertonfc.cz\/index.php\/2015\/08\/07\/preview-everton-watford-4\/#article\",\"isPartOf\":{\"@id\":\"https:\/\/evertonfc.cz\/index.php\/2015\/08\/07\/preview-everton-watford-4\/\"},\"author\":{\"name\":\"Javor\",\"@id\":\"https:\/\/evertonfc.cz\/#\/schema\/person\/b30daf6a5852f4811f8207a17ec1bf78\"},\"headline\":\"Preview: Everton &#8211; Watford\",\"datePublished\":\"2015-08-07T19:23:17+00:00\",\"dateModified\":\"2019-02-12T22:11:02+00:00\",\"mainEntityOfPage\":{\"@id\":\"https:\/\/evertonfc.cz\/index.php\/2015\/08\/07\/preview-everton-watford-4\/\"},\"wordCount\":374,\"commentCount\":0,\"publisher\":{\"@id\":\"https:\/\/evertonfc.cz\/#organization\"},\"image\":{\"@id\":\"https:\/\/evertonfc.cz\/index.php\/2015\/08\/07\/preview-everton-watford-4\/#primaryimage\"},\"thumbnailUrl\":\"https:\/\/evertonfc.cz\/wp-content\/uploads\/2019\/01\/preview.jpg\",\"articleSection\":[\"Z\u00e1pasy\"],\"inLanguage\":\"cs\",\"potentialAction\":[{\"@type\":\"CommentAction\",\"name\":\"Comment\",\"target\":[\"https:\/\/evertonfc.cz\/index.php\/2015\/08\/07\/preview-everton-watford-4\/#respond\"]}]},{\"@type\":\"WebPage\",\"@id\":\"https:\/\/evertonfc.cz\/index.php\/2015\/08\/07\/preview-everton-watford-4\/\",\"url\":\"https:\/\/evertonfc.cz\/index.php\/2015\/08\/07\/preview-everton-watford-4\/\",\"name\":\"Preview: Everton - Watford - Official Czech &amp; Slovak Everton Supporters&#039; Club\",\"isPartOf\":{\"@id\":\"https:\/\/evertonfc.cz\/#website\"},\"primaryImageOfPage\":{\"@id\":\"https:\/\/evertonfc.cz\/index.php\/2015\/08\/07\/preview-everton-watford-4\/#primaryimage\"},\"image\":{\"@id\":\"https:\/\/evertonfc.cz\/index.php\/2015\/08\/07\/preview-everton-watford-4\/#primaryimage\"},\"thumbnailUrl\":\"https:\/\/evertonfc.cz\/wp-content\/uploads\/2019\/01\/preview.jpg\",\"datePublished\":\"2015-08-07T19:23:17+00:00\",\"dateModified\":\"2019-02-12T22:11:02+00:00\",\"breadcrumb\":{\"@id\":\"https:\/\/evertonfc.cz\/index.php\/2015\/08\/07\/preview-everton-watford-4\/#breadcrumb\"},\"inLanguage\":\"cs\",\"potentialAction\":[{\"@type\":\"ReadAction\",\"target\":[\"https:\/\/evertonfc.cz\/index.php\/2015\/08\/07\/preview-everton-watford-4\/\"]}]},{\"@type\":\"ImageObject\",\"inLanguage\":\"cs\",\"@id\":\"https:\/\/evertonfc.cz\/index.php\/2015\/08\/07\/preview-everton-watford-4\/#primaryimage\",\"url\":\"https:\/\/evertonfc.cz\/wp-content\/uploads\/2019\/01\/preview.jpg\",\"contentUrl\":\"https:\/\/evertonfc.cz\/wp-content\/uploads\/2019\/01\/preview.jpg\",\"width\":720,\"height\":405},{\"@type\":\"BreadcrumbList\",\"@id\":\"https:\/\/evertonfc.cz\/index.php\/2015\/08\/07\/preview-everton-watford-4\/#breadcrumb\",\"itemListElement\":[{\"@type\":\"ListItem\",\"position\":1,\"name\":\"Home\",\"item\":\"https:\/\/evertonfc.cz\/\"},{\"@type\":\"ListItem\",\"position\":2,\"name\":\"Preview: Everton &#8211; Watford\"}]},{\"@type\":\"WebSite\",\"@id\":\"https:\/\/evertonfc.cz\/#website\",\"url\":\"https:\/\/evertonfc.cz\/\",\"name\":\"Official Czech &amp; Slovak Everton Supporters&#039; Club\",\"description\":\"\",\"publisher\":{\"@id\":\"https:\/\/evertonfc.cz\/#organization\"},\"potentialAction\":[{\"@type\":\"SearchAction\",\"target\":{\"@type\":\"EntryPoint\",\"urlTemplate\":\"https:\/\/evertonfc.cz\/?s={search_term_string}\"},\"query-input\":{\"@type\":\"PropertyValueSpecification\",\"valueRequired\":true,\"valueName\":\"search_term_string\"}}],\"inLanguage\":\"cs\"},{\"@type\":\"Organization\",\"@id\":\"https:\/\/evertonfc.cz\/#organization\",\"name\":\"Official Czech & Slovak Everton Supporters' Club\",\"url\":\"https:\/\/evertonfc.cz\/\",\"logo\":{\"@type\":\"ImageObject\",\"inLanguage\":\"cs\",\"@id\":\"https:\/\/evertonfc.cz\/#\/schema\/logo\/image\/\",\"url\":\"https:\/\/evertonfc.cz\/wp-content\/uploads\/2019\/05\/logo.png\",\"contentUrl\":\"https:\/\/evertonfc.cz\/wp-content\/uploads\/2019\/05\/logo.png\",\"width\":112,\"height\":112,\"caption\":\"Official Czech & Slovak Everton Supporters' Club\"},\"image\":{\"@id\":\"https:\/\/evertonfc.cz\/#\/schema\/logo\/image\/\"},\"sameAs\":[\"https:\/\/www.facebook.com\/everton.fans.cz.sk\"]},{\"@type\":\"Person\",\"@id\":\"https:\/\/evertonfc.cz\/#\/schema\/person\/b30daf6a5852f4811f8207a17ec1bf78\",\"name\":\"Javor\",\"sameAs\":[\"https:\/\/x.com\/LoudinJan\"],\"url\":\"https:\/\/evertonfc.cz\/index.php\/author\/javor\/\"}]}<\/script>\n<!-- \/ Yoast SEO plugin. -->","yoast_head_json":{"title":"Preview: Everton - Watford - Official Czech &amp; Slovak Everton Supporters&#039; Club","robots":{"index":"index","follow":"follow","max-snippet":"max-snippet:-1","max-image-preview":"max-image-preview:large","max-video-preview":"max-video-preview:-1"},"canonical":"https:\/\/evertonfc.cz\/index.php\/2015\/08\/07\/preview-everton-watford-4\/","og_locale":"cs_CZ","og_type":"article","og_title":"Preview: Everton - Watford - Official Czech &amp; Slovak Everton Supporters&#039; Club","og_description":"Na Goodison Park p\u0159il\u00e9taj\u00ed \u201csr\u0161ni\u201c. Je t\u0159eba je zchladit a zaevidovat prvn\u00ed v\u00edt\u011bzstv\u00ed nov\u00e9ho ro\u010dn\u00edku. Z\u00edtra se kon\u00e1 dal\u0161\u00ed repr\u00edza&hellip;","og_url":"https:\/\/evertonfc.cz\/index.php\/2015\/08\/07\/preview-everton-watford-4\/","og_site_name":"Official Czech &amp; Slovak Everton Supporters&#039; Club","article_publisher":"https:\/\/www.facebook.com\/everton.fans.cz.sk","article_published_time":"2015-08-07T19:23:17+00:00","article_modified_time":"2019-02-12T22:11:02+00:00","og_image":[{"width":720,"height":405,"url":"https:\/\/evertonfc.cz\/wp-content\/uploads\/2019\/01\/preview.jpg","type":"image\/jpeg"}],"author":"Javor","twitter_card":"summary_large_image","twitter_creator":"@LoudinJan","twitter_misc":{"Napsal(a)":"Javor","Odhadovan\u00e1 doba \u010dten\u00ed":"2 minuty"},"schema":{"@context":"https:\/\/schema.org","@graph":[{"@type":"Article","@id":"https:\/\/evertonfc.cz\/index.php\/2015\/08\/07\/preview-everton-watford-4\/#article","isPartOf":{"@id":"https:\/\/evertonfc.cz\/index.php\/2015\/08\/07\/preview-everton-watford-4\/"},"author":{"name":"Javor","@id":"https:\/\/evertonfc.cz\/#\/schema\/person\/b30daf6a5852f4811f8207a17ec1bf78"},"headline":"Preview: Everton &#8211; Watford","datePublished":"2015-08-07T19:23:17+00:00","dateModified":"2019-02-12T22:11:02+00:00","mainEntityOfPage":{"@id":"https:\/\/evertonfc.cz\/index.php\/2015\/08\/07\/preview-everton-watford-4\/"},"wordCount":374,"commentCount":0,"publisher":{"@id":"https:\/\/evertonfc.cz\/#organization"},"image":{"@id":"https:\/\/evertonfc.cz\/index.php\/2015\/08\/07\/preview-everton-watford-4\/#primaryimage"},"thumbnailUrl":"https:\/\/evertonfc.cz\/wp-content\/uploads\/2019\/01\/preview.jpg","articleSection":["Z\u00e1pasy"],"inLanguage":"cs","potentialAction":[{"@type":"CommentAction","name":"Comment","target":["https:\/\/evertonfc.cz\/index.php\/2015\/08\/07\/preview-everton-watford-4\/#respond"]}]},{"@type":"WebPage","@id":"https:\/\/evertonfc.cz\/index.php\/2015\/08\/07\/preview-everton-watford-4\/","url":"https:\/\/evertonfc.cz\/index.php\/2015\/08\/07\/preview-everton-watford-4\/","name":"Preview: Everton - Watford - Official Czech &amp; Slovak Everton Supporters&#039; Club","isPartOf":{"@id":"https:\/\/evertonfc.cz\/#website"},"primaryImageOfPage":{"@id":"https:\/\/evertonfc.cz\/index.php\/2015\/08\/07\/preview-everton-watford-4\/#primaryimage"},"image":{"@id":"https:\/\/evertonfc.cz\/index.php\/2015\/08\/07\/preview-everton-watford-4\/#primaryimage"},"thumbnailUrl":"https:\/\/evertonfc.cz\/wp-content\/uploads\/2019\/01\/preview.jpg","datePublished":"2015-08-07T19:23:17+00:00","dateModified":"2019-02-12T22:11:02+00:00","breadcrumb":{"@id":"https:\/\/evertonfc.cz\/index.php\/2015\/08\/07\/preview-everton-watford-4\/#breadcrumb"},"inLanguage":"cs","potentialAction":[{"@type":"ReadAction","target":["https:\/\/evertonfc.cz\/index.php\/2015\/08\/07\/preview-everton-watford-4\/"]}]},{"@type":"ImageObject","inLanguage":"cs","@id":"https:\/\/evertonfc.cz\/index.php\/2015\/08\/07\/preview-everton-watford-4\/#primaryimage","url":"https:\/\/evertonfc.cz\/wp-content\/uploads\/2019\/01\/preview.jpg","contentUrl":"https:\/\/evertonfc.cz\/wp-content\/uploads\/2019\/01\/preview.jpg","width":720,"height":405},{"@type":"BreadcrumbList","@id":"https:\/\/evertonfc.cz\/index.php\/2015\/08\/07\/preview-everton-watford-4\/#breadcrumb","itemListElement":[{"@type":"ListItem","position":1,"name":"Home","item":"https:\/\/evertonfc.cz\/"},{"@type":"ListItem","position":2,"name":"Preview: Everton &#8211; Watford"}]},{"@type":"WebSite","@id":"https:\/\/evertonfc.cz\/#website","url":"https:\/\/evertonfc.cz\/","name":"Official Czech &amp; Slovak Everton Supporters&#039; Club","description":"","publisher":{"@id":"https:\/\/evertonfc.cz\/#organization"},"potentialAction":[{"@type":"SearchAction","target":{"@type":"EntryPoint","urlTemplate":"https:\/\/evertonfc.cz\/?s={search_term_string}"},"query-input":{"@type":"PropertyValueSpecification","valueRequired":true,"valueName":"search_term_string"}}],"inLanguage":"cs"},{"@type":"Organization","@id":"https:\/\/evertonfc.cz\/#organization","name":"Official Czech & Slovak Everton Supporters' Club","url":"https:\/\/evertonfc.cz\/","logo":{"@type":"ImageObject","inLanguage":"cs","@id":"https:\/\/evertonfc.cz\/#\/schema\/logo\/image\/","url":"https:\/\/evertonfc.cz\/wp-content\/uploads\/2019\/05\/logo.png","contentUrl":"https:\/\/evertonfc.cz\/wp-content\/uploads\/2019\/05\/logo.png","width":112,"height":112,"caption":"Official Czech & Slovak Everton Supporters' Club"},"image":{"@id":"https:\/\/evertonfc.cz\/#\/schema\/logo\/image\/"},"sameAs":["https:\/\/www.facebook.com\/everton.fans.cz.sk"]},{"@type":"Person","@id":"https:\/\/evertonfc.cz\/#\/schema\/person\/b30daf6a5852f4811f8207a17ec1bf78","name":"Javor","sameAs":["https:\/\/x.com\/LoudinJan"],"url":"https:\/\/evertonfc.cz\/index.php\/author\/javor\/"}]}},"_links":{"self":[{"href":"https:\/\/evertonfc.cz\/index.php\/wp-json\/wp\/v2\/posts\/4181"}],"collection":[{"href":"https:\/\/evertonfc.cz\/index.php\/wp-json\/wp\/v2\/posts"}],"about":[{"href":"https:\/\/evertonfc.cz\/index.php\/wp-json\/wp\/v2\/types\/post"}],"author":[{"embeddable":true,"href":"https:\/\/evertonfc.cz\/index.php\/wp-json\/wp\/v2\/users\/12"}],"replies":[{"embeddable":true,"href":"https:\/\/evertonfc.cz\/index.php\/wp-json\/wp\/v2\/comments?post=4181"}],"version-history":[{"count":3,"href":"https:\/\/evertonfc.cz\/index.php\/wp-json\/wp\/v2\/posts\/4181\/revisions"}],"predecessor-version":[{"id":4322,"href":"https:\/\/evertonfc.cz\/index.php\/wp-json\/wp\/v2\/posts\/4181\/revisions\/4322"}],"wp:featuredmedia":[{"embeddable":true,"href":"https:\/\/evertonfc.cz\/index.php\/wp-json\/wp\/v2\/media\/1314"}],"wp:attachment":[{"href":"https:\/\/evertonfc.cz\/index.php\/wp-json\/wp\/v2\/media?parent=4181"}],"wp:term":[{"taxonomy":"category","embeddable":true,"href":"https:\/\/evertonfc.cz\/index.php\/wp-json\/wp\/v2\/categories?post=4181"},{"taxonomy":"post_tag","embeddable":true,"href":"https:\/\/evertonfc.cz\/index.php\/wp-json\/wp\/v2\/tags?post=4181"}],"curies":[{"name":"wp","href":"https:\/\/api.w.org\/{rel}","templated":true}]}}