{"id":4231,"date":"2015-04-27T22:13:57","date_gmt":"2015-04-27T20:13:57","guid":{"rendered":"http:\/\/evertonfc.cz\/?p=4231"},"modified":"2019-02-12T22:15:19","modified_gmt":"2019-02-12T21:15:19","slug":"everton-manchester-united-30","status":"publish","type":"post","link":"https:\/\/evertonfc.cz\/index.php\/2015\/04\/27\/everton-manchester-united-30\/","title":{"rendered":"Everton &#8211; Manchester United 3:0"},"content":{"rendered":"<h4 id=\"NewsPostDetailSummary\">Pam\u00e1tka Sira Philipa Cartera se uctila opravdu par\u00e1dn\u011b. \u00da\u010dka odj\u00ed\u017ed\u011bla s opo\u017ed\u011bnou velikono\u010dn\u00ed poml\u00e1zkou a forma, se kterou bychom hr\u00e1li o titul (5 v\u00fdher a rem\u00edza z posledn\u00edch 6 utk\u00e1n\u00ed, tedy 16 bod\u016f z 18 mo\u017en\u00fdch), pokra\u010duje.<\/h4>\n<div id=\"NewsPostDetailContent\">\n<p>V sestav\u011b dom\u00e1c\u00edch do\u0161lo ke dv\u011bma zm\u011bn\u00e1m oproti posledn\u00edmu z\u00e1pasu, Osman hr\u00e1l vpravo m\u00edsto Mirallase a na hrot se vr\u00e1til Lukaku, m\u00edsto mu uvolnil Kon\u00e9. V t\u00fdmu host\u016f hr\u00e1l Rooney vep\u0159edu zcela s\u00e1m, Falcao se podadil na lavi\u010dku a v z\u00e1kladu nastoupil Blind.<\/p>\n<p>Utk\u00e1n\u00ed za\u010dalo minutou ticha za Philipa Cartera a brzy se Goodison Park do\u010dkal branky &#8211; do t\u00e9 spr\u00e1vn\u00e9 s\u00edt\u011b. Roh \u00da\u010dek odkopl Barry, Valencia byl p\u0159ehlavi\u010dkov\u00e1n a m\u00ed\u010d se dostal k McCarthymu. Ten \u00fatok t\u0159i na t\u0159i zvl\u00e1dl a pot\u00e9, co si udr\u017eel m\u00ed\u010d po \u00a0ned\u016frazn\u00fdch atac\u00edch McNaira s Blindem, zvl\u00e1dl zakon\u010dit pod padaj\u00edc\u00edm a vyb\u011bhnuv\u0161\u00edm De Geou &#8211; 1:0 pro dom\u00e1c\u00ed. Vz\u00e1p\u011bt\u00ed mohlo b\u00fdt srovn\u00e1no, Fellaini obral Barryho o m\u00ed\u010d a vyst\u0159elil kousek za v\u00e1pnem, ale nad. Dva nab\u00edhaj\u00edc\u00ed spoluhr\u00e1\u010di by zakon\u010dovali do pr\u00e1zdn\u00e9&#8230; O chvilku pozd\u011bji pr\u00e1v\u011b belgick\u00fd z\u00e1lo\u017en\u00edk dostal \u017elutou, kdy\u017e v kr\u00e1tk\u00e9m sledu zfauloval Colemana s Barkleym, napomenut\u00ed bylo ud\u011bleno za ten druh\u00fd faul.<\/p>\n<p>Man U se sna\u017eil vyrovnat, Blind vyst\u0159elil vedle, Smalling hlavi\u010dkoval p\u0159\u00edmo do Howarda, kter\u00fd mezit\u00edm musel vyb\u011bhnout proti Rooneymu a vz\u00edt mu m\u00ed\u010d z nohy. Po nar\u00e1\u017ee\u010dce s n\u00edm st\u0159\u00edlel na konci prvn\u00ed p\u016flhodiny nad Young. Obr\u00e1zek v t\u00e9hle \u010d\u00e1sti hry byl stejn\u00fd &#8211; \u010derven\u00ed maj\u00ed m\u00ed\u010d a zdol\u00e1vaj\u00ed dob\u0159e organizovanou obranu modr\u00fdch, ale jsou schopni si vypracovat pouze p\u0159\u00edle\u017eitosti, ne \u0161ance. A po chvilce se op\u011bt m\u011bnilo sk\u00f3re. Colemanovo varov\u00e1n\u00ed nesta\u010dilo (\u0161patn\u00e1 p\u0159ihr\u00e1vka na Lukaka) a tak dom\u00e1c\u00ed zv\u00fd\u0161ili n\u00e1skok. Po t\u0159et\u00edm rohu v \u0159ad\u011b posadil Baines m\u00ed\u010d na hlavu Stonese, kter\u00e9ho neuhl\u00eddal Valencia a mlad\u00fd stoper se z rohu mal\u00e9ho v\u00e1pna trefil p\u0159esn\u011b. Young se st\u0159ele na brankov\u00e9 \u010d\u00e1\u0159e sna\u017eil zabr\u00e1nit, ale nepovedlo se mu to &#8211; 2:0. Posledn\u00edch deset minut prvn\u00ed p\u016fle byli lep\u0161\u00ed dom\u00e1c\u00ed, Lennon p\u011bkn\u011b p\u0159ihr\u00e1l pod sebe Barkleymu, ale ten p\u0159est\u0159elil. Man U m\u011bl 62% dr\u017een\u00ed m\u00ed\u010de, ale bylo mu to k ni\u010demu. (V z\u00e1pase celkov\u011b 66%.)<\/p>\n<p>Do druh\u00e9 p\u016fle ji\u017e nenastoupil Fellaini, kter\u00e9ho vyst\u0159\u00eddal Falcao. A hned ve 47. minut\u011b p\u0159i\u0161la opravdu \u0161ance. Smalling po rohu hlavou sklepl m\u00ed\u010d na Rooneyho u vzd\u00e1len\u011bj\u0161\u00ed ty\u010de, ten si m\u00ed\u010d zpracoval a vyst\u0159elil. Howard zareagoval skv\u011ble, rychle se p\u0159em\u00edstil a m\u00ed\u010d ho trefil do hrudn\u00edku. Sk\u00f3re z\u016fst\u00e1valo st\u00e1le stejn\u00e9 a tak u host\u016f do\u0161lo k dal\u0161\u00edmu st\u0159\u00edd\u00e1n\u00ed, Di Mar\u00eda za Matu. Kr\u00e1tce nato dostal Shaw jasnou \u017elutou za faul na Lennona. Na posledn\u00edch 20 minut poslal Mart\u00ednez na h\u0159i\u0161t\u011b Mirallase, kter\u00fd vyst\u0159\u00eddal Lennona. A bylo to poveden\u00e9 st\u0159\u00edd\u00e1n\u00ed. Barkley p\u0159ihr\u00e1val Lukakovi, kter\u00fd byl v ofsajdu. M\u00ed\u010d ale propadl doleva na Mirallase, kter\u00fd si ho celkem bez probl\u00e9m\u016f zpracoval, popob\u011bhl p\u00e1r metr\u016f a cca z \u00farovn\u011b penalty prost\u0159elil De Geu k bli\u017e\u0161\u00ed ty\u010di &#8211; 3:0! Z\u0159ejm\u011b n\u011bkdo obran\u011b United nevysv\u011btlil, \u017ee kdy\u017e rozhod\u010d\u00ed nep\u00edskne, tak se hraje.:)<\/p>\n<p>A zaj\u00edmav\u00e1 byla i posledn\u00ed desetiminutovka. Nejd\u0159\u00edv zav\u011bsil Falcao, ale z ofsajdu, tak\u017ee branka neplatila. O t\u0159i minuty pozd\u011bji m\u00e1lem zv\u00fd\u0161il Mirallas na 4:0, ale De Gea vyrazil povedenou st\u0159elu nem\u00e9n\u011b poveden\u00fdm z\u00e1krokem na roh. A po troj\u00edm st\u0159\u00edd\u00e1n\u00ed (Kon\u00e9 za Lukaka, Naismith za Barkleyho, van Persie za Rooneyho) n\u00e1sledoval u\u017e jen fin\u00e1ln\u00ed hvizd rozhod\u010d\u00edho. T\u00fdm vyzn\u00e1vaj\u00edc\u00ed kr\u00e1lovskou mod\u0159 si zaslou\u017een\u011b vyslechl ovace vestoje. A n\u011bkde na obl\u00e1\u010dku se Sir Carter usm\u00e1l.<\/p>\n<p><strong>Branky: <\/strong>5. James McCarthy, 35. John Stones, 74. Kevin Mirallas<br \/>\n<strong>\u017dK:<\/strong> 12. Marouane Fellaini, 64. Luke Shaw<br \/>\n<strong>Everton FC: <\/strong>Tim Howard, S\u00e9amus Coleman, John Stones, Phil Jagielka, Leighton Baines, Gareth Barry, Aaron Lennon, Ross Barkley (88. Steven Naismith), James McCarthy, Leon Osman (69. Kevin Mirallas), Romelu Lukaku (87. Arouna Kon\u00e9)<br \/>\n<strong>Manchester United:<\/strong> David de Gea, Luis Valencia, Chris Smalling, Paddy McNair, Luke Shaw, Daley Blind, Ander Herrera, Marouane Fellaini (46. Falcao), Juan Manuel Mata (63. \u00c1ngel Di Mar\u00eda), Wayne Rooney (88. Robin van Persie), Ashley Young<br \/>\n<strong>Rozhod\u010d\u00ed: <\/strong>Andre Marriner<br \/>\n<strong>Div\u00e1ci: <\/strong>39 497<\/p>\n<\/div>\n","protected":false},"excerpt":{"rendered":"<p>Pam\u00e1tka Sira Philipa Cartera se uctila opravdu par\u00e1dn\u011b. \u00da\u010dka odj\u00ed\u017ed\u011bla s opo\u017ed\u011bnou velikono\u010dn\u00ed poml\u00e1zkou a forma, se kterou bychom hr\u00e1li&hellip;<\/p>\n","protected":false},"author":12,"featured_media":1315,"comment_status":"open","ping_status":"closed","sticky":false,"template":"","format":"standard","meta":{"_eb_attr":"","_monsterinsights_skip_tracking":false,"_monsterinsights_sitenote_active":false,"_monsterinsights_sitenote_note":"","_monsterinsights_sitenote_category":0,"footnotes":""},"categories":[4],"tags":[],"yoast_head":"<!-- This site is optimized with the Yoast SEO plugin v23.4 - https:\/\/yoast.com\/wordpress\/plugins\/seo\/ -->\n<title>Everton - Manchester United 3:0 - Official Czech &amp; Slovak Everton Supporters&#039; Club<\/title>\n<meta name=\"robots\" content=\"index, follow, max-snippet:-1, max-image-preview:large, max-video-preview:-1\" \/>\n<link rel=\"canonical\" href=\"https:\/\/evertonfc.cz\/index.php\/2015\/04\/27\/everton-manchester-united-30\/\" \/>\n<meta property=\"og:locale\" content=\"cs_CZ\" \/>\n<meta property=\"og:type\" content=\"article\" \/>\n<meta property=\"og:title\" content=\"Everton - Manchester United 3:0 - Official Czech &amp; Slovak Everton Supporters&#039; Club\" \/>\n<meta property=\"og:description\" content=\"Pam\u00e1tka Sira Philipa Cartera se uctila opravdu par\u00e1dn\u011b. \u00da\u010dka odj\u00ed\u017ed\u011bla s opo\u017ed\u011bnou velikono\u010dn\u00ed poml\u00e1zkou a forma, se kterou bychom hr\u00e1li&hellip;\" \/>\n<meta property=\"og:url\" content=\"https:\/\/evertonfc.cz\/index.php\/2015\/04\/27\/everton-manchester-united-30\/\" \/>\n<meta property=\"og:site_name\" content=\"Official Czech &amp; Slovak Everton Supporters&#039; Club\" \/>\n<meta property=\"article:publisher\" content=\"https:\/\/www.facebook.com\/everton.fans.cz.sk\" \/>\n<meta property=\"article:published_time\" content=\"2015-04-27T20:13:57+00:00\" \/>\n<meta property=\"article:modified_time\" content=\"2019-02-12T21:15:19+00:00\" \/>\n<meta property=\"og:image\" content=\"https:\/\/evertonfc.cz\/wp-content\/uploads\/2019\/01\/report.jpg\" \/>\n\t<meta property=\"og:image:width\" content=\"720\" \/>\n\t<meta property=\"og:image:height\" content=\"405\" \/>\n\t<meta property=\"og:image:type\" content=\"image\/jpeg\" \/>\n<meta name=\"author\" content=\"Javor\" \/>\n<meta name=\"twitter:card\" content=\"summary_large_image\" \/>\n<meta name=\"twitter:creator\" content=\"@LoudinJan\" \/>\n<meta name=\"twitter:label1\" content=\"Napsal(a)\" \/>\n\t<meta name=\"twitter:data1\" content=\"Javor\" \/>\n\t<meta name=\"twitter:label2\" content=\"Odhadovan\u00e1 doba \u010dten\u00ed\" \/>\n\t<meta name=\"twitter:data2\" content=\"4 minuty\" \/>\n<script type=\"application\/ld+json\" class=\"yoast-schema-graph\">{\"@context\":\"https:\/\/schema.org\",\"@graph\":[{\"@type\":\"Article\",\"@id\":\"https:\/\/evertonfc.cz\/index.php\/2015\/04\/27\/everton-manchester-united-30\/#article\",\"isPartOf\":{\"@id\":\"https:\/\/evertonfc.cz\/index.php\/2015\/04\/27\/everton-manchester-united-30\/\"},\"author\":{\"name\":\"Javor\",\"@id\":\"https:\/\/evertonfc.cz\/#\/schema\/person\/b30daf6a5852f4811f8207a17ec1bf78\"},\"headline\":\"Everton &#8211; Manchester United 3:0\",\"datePublished\":\"2015-04-27T20:13:57+00:00\",\"dateModified\":\"2019-02-12T21:15:19+00:00\",\"mainEntityOfPage\":{\"@id\":\"https:\/\/evertonfc.cz\/index.php\/2015\/04\/27\/everton-manchester-united-30\/\"},\"wordCount\":818,\"commentCount\":0,\"publisher\":{\"@id\":\"https:\/\/evertonfc.cz\/#organization\"},\"image\":{\"@id\":\"https:\/\/evertonfc.cz\/index.php\/2015\/04\/27\/everton-manchester-united-30\/#primaryimage\"},\"thumbnailUrl\":\"https:\/\/evertonfc.cz\/wp-content\/uploads\/2019\/01\/report.jpg\",\"articleSection\":[\"Z\u00e1pasy\"],\"inLanguage\":\"cs\",\"potentialAction\":[{\"@type\":\"CommentAction\",\"name\":\"Comment\",\"target\":[\"https:\/\/evertonfc.cz\/index.php\/2015\/04\/27\/everton-manchester-united-30\/#respond\"]}]},{\"@type\":\"WebPage\",\"@id\":\"https:\/\/evertonfc.cz\/index.php\/2015\/04\/27\/everton-manchester-united-30\/\",\"url\":\"https:\/\/evertonfc.cz\/index.php\/2015\/04\/27\/everton-manchester-united-30\/\",\"name\":\"Everton - Manchester United 3:0 - Official Czech &amp; Slovak Everton Supporters&#039; Club\",\"isPartOf\":{\"@id\":\"https:\/\/evertonfc.cz\/#website\"},\"primaryImageOfPage\":{\"@id\":\"https:\/\/evertonfc.cz\/index.php\/2015\/04\/27\/everton-manchester-united-30\/#primaryimage\"},\"image\":{\"@id\":\"https:\/\/evertonfc.cz\/index.php\/2015\/04\/27\/everton-manchester-united-30\/#primaryimage\"},\"thumbnailUrl\":\"https:\/\/evertonfc.cz\/wp-content\/uploads\/2019\/01\/report.jpg\",\"datePublished\":\"2015-04-27T20:13:57+00:00\",\"dateModified\":\"2019-02-12T21:15:19+00:00\",\"breadcrumb\":{\"@id\":\"https:\/\/evertonfc.cz\/index.php\/2015\/04\/27\/everton-manchester-united-30\/#breadcrumb\"},\"inLanguage\":\"cs\",\"potentialAction\":[{\"@type\":\"ReadAction\",\"target\":[\"https:\/\/evertonfc.cz\/index.php\/2015\/04\/27\/everton-manchester-united-30\/\"]}]},{\"@type\":\"ImageObject\",\"inLanguage\":\"cs\",\"@id\":\"https:\/\/evertonfc.cz\/index.php\/2015\/04\/27\/everton-manchester-united-30\/#primaryimage\",\"url\":\"https:\/\/evertonfc.cz\/wp-content\/uploads\/2019\/01\/report.jpg\",\"contentUrl\":\"https:\/\/evertonfc.cz\/wp-content\/uploads\/2019\/01\/report.jpg\",\"width\":720,\"height\":405},{\"@type\":\"BreadcrumbList\",\"@id\":\"https:\/\/evertonfc.cz\/index.php\/2015\/04\/27\/everton-manchester-united-30\/#breadcrumb\",\"itemListElement\":[{\"@type\":\"ListItem\",\"position\":1,\"name\":\"Home\",\"item\":\"https:\/\/evertonfc.cz\/\"},{\"@type\":\"ListItem\",\"position\":2,\"name\":\"Everton &#8211; Manchester United 3:0\"}]},{\"@type\":\"WebSite\",\"@id\":\"https:\/\/evertonfc.cz\/#website\",\"url\":\"https:\/\/evertonfc.cz\/\",\"name\":\"Official Czech &amp; Slovak Everton Supporters&#039; Club\",\"description\":\"\",\"publisher\":{\"@id\":\"https:\/\/evertonfc.cz\/#organization\"},\"potentialAction\":[{\"@type\":\"SearchAction\",\"target\":{\"@type\":\"EntryPoint\",\"urlTemplate\":\"https:\/\/evertonfc.cz\/?s={search_term_string}\"},\"query-input\":{\"@type\":\"PropertyValueSpecification\",\"valueRequired\":true,\"valueName\":\"search_term_string\"}}],\"inLanguage\":\"cs\"},{\"@type\":\"Organization\",\"@id\":\"https:\/\/evertonfc.cz\/#organization\",\"name\":\"Official Czech & Slovak Everton Supporters' Club\",\"url\":\"https:\/\/evertonfc.cz\/\",\"logo\":{\"@type\":\"ImageObject\",\"inLanguage\":\"cs\",\"@id\":\"https:\/\/evertonfc.cz\/#\/schema\/logo\/image\/\",\"url\":\"https:\/\/evertonfc.cz\/wp-content\/uploads\/2019\/05\/logo.png\",\"contentUrl\":\"https:\/\/evertonfc.cz\/wp-content\/uploads\/2019\/05\/logo.png\",\"width\":112,\"height\":112,\"caption\":\"Official Czech & Slovak Everton Supporters' Club\"},\"image\":{\"@id\":\"https:\/\/evertonfc.cz\/#\/schema\/logo\/image\/\"},\"sameAs\":[\"https:\/\/www.facebook.com\/everton.fans.cz.sk\"]},{\"@type\":\"Person\",\"@id\":\"https:\/\/evertonfc.cz\/#\/schema\/person\/b30daf6a5852f4811f8207a17ec1bf78\",\"name\":\"Javor\",\"sameAs\":[\"https:\/\/x.com\/LoudinJan\"],\"url\":\"https:\/\/evertonfc.cz\/index.php\/author\/javor\/\"}]}<\/script>\n<!-- \/ Yoast SEO plugin. -->","yoast_head_json":{"title":"Everton - Manchester United 3:0 - Official Czech &amp; Slovak Everton Supporters&#039; Club","robots":{"index":"index","follow":"follow","max-snippet":"max-snippet:-1","max-image-preview":"max-image-preview:large","max-video-preview":"max-video-preview:-1"},"canonical":"https:\/\/evertonfc.cz\/index.php\/2015\/04\/27\/everton-manchester-united-30\/","og_locale":"cs_CZ","og_type":"article","og_title":"Everton - Manchester United 3:0 - Official Czech &amp; Slovak Everton Supporters&#039; Club","og_description":"Pam\u00e1tka Sira Philipa Cartera se uctila opravdu par\u00e1dn\u011b. \u00da\u010dka odj\u00ed\u017ed\u011bla s opo\u017ed\u011bnou velikono\u010dn\u00ed poml\u00e1zkou a forma, se kterou bychom hr\u00e1li&hellip;","og_url":"https:\/\/evertonfc.cz\/index.php\/2015\/04\/27\/everton-manchester-united-30\/","og_site_name":"Official Czech &amp; Slovak Everton Supporters&#039; Club","article_publisher":"https:\/\/www.facebook.com\/everton.fans.cz.sk","article_published_time":"2015-04-27T20:13:57+00:00","article_modified_time":"2019-02-12T21:15:19+00:00","og_image":[{"width":720,"height":405,"url":"https:\/\/evertonfc.cz\/wp-content\/uploads\/2019\/01\/report.jpg","type":"image\/jpeg"}],"author":"Javor","twitter_card":"summary_large_image","twitter_creator":"@LoudinJan","twitter_misc":{"Napsal(a)":"Javor","Odhadovan\u00e1 doba \u010dten\u00ed":"4 minuty"},"schema":{"@context":"https:\/\/schema.org","@graph":[{"@type":"Article","@id":"https:\/\/evertonfc.cz\/index.php\/2015\/04\/27\/everton-manchester-united-30\/#article","isPartOf":{"@id":"https:\/\/evertonfc.cz\/index.php\/2015\/04\/27\/everton-manchester-united-30\/"},"author":{"name":"Javor","@id":"https:\/\/evertonfc.cz\/#\/schema\/person\/b30daf6a5852f4811f8207a17ec1bf78"},"headline":"Everton &#8211; Manchester United 3:0","datePublished":"2015-04-27T20:13:57+00:00","dateModified":"2019-02-12T21:15:19+00:00","mainEntityOfPage":{"@id":"https:\/\/evertonfc.cz\/index.php\/2015\/04\/27\/everton-manchester-united-30\/"},"wordCount":818,"commentCount":0,"publisher":{"@id":"https:\/\/evertonfc.cz\/#organization"},"image":{"@id":"https:\/\/evertonfc.cz\/index.php\/2015\/04\/27\/everton-manchester-united-30\/#primaryimage"},"thumbnailUrl":"https:\/\/evertonfc.cz\/wp-content\/uploads\/2019\/01\/report.jpg","articleSection":["Z\u00e1pasy"],"inLanguage":"cs","potentialAction":[{"@type":"CommentAction","name":"Comment","target":["https:\/\/evertonfc.cz\/index.php\/2015\/04\/27\/everton-manchester-united-30\/#respond"]}]},{"@type":"WebPage","@id":"https:\/\/evertonfc.cz\/index.php\/2015\/04\/27\/everton-manchester-united-30\/","url":"https:\/\/evertonfc.cz\/index.php\/2015\/04\/27\/everton-manchester-united-30\/","name":"Everton - Manchester United 3:0 - Official Czech &amp; Slovak Everton Supporters&#039; Club","isPartOf":{"@id":"https:\/\/evertonfc.cz\/#website"},"primaryImageOfPage":{"@id":"https:\/\/evertonfc.cz\/index.php\/2015\/04\/27\/everton-manchester-united-30\/#primaryimage"},"image":{"@id":"https:\/\/evertonfc.cz\/index.php\/2015\/04\/27\/everton-manchester-united-30\/#primaryimage"},"thumbnailUrl":"https:\/\/evertonfc.cz\/wp-content\/uploads\/2019\/01\/report.jpg","datePublished":"2015-04-27T20:13:57+00:00","dateModified":"2019-02-12T21:15:19+00:00","breadcrumb":{"@id":"https:\/\/evertonfc.cz\/index.php\/2015\/04\/27\/everton-manchester-united-30\/#breadcrumb"},"inLanguage":"cs","potentialAction":[{"@type":"ReadAction","target":["https:\/\/evertonfc.cz\/index.php\/2015\/04\/27\/everton-manchester-united-30\/"]}]},{"@type":"ImageObject","inLanguage":"cs","@id":"https:\/\/evertonfc.cz\/index.php\/2015\/04\/27\/everton-manchester-united-30\/#primaryimage","url":"https:\/\/evertonfc.cz\/wp-content\/uploads\/2019\/01\/report.jpg","contentUrl":"https:\/\/evertonfc.cz\/wp-content\/uploads\/2019\/01\/report.jpg","width":720,"height":405},{"@type":"BreadcrumbList","@id":"https:\/\/evertonfc.cz\/index.php\/2015\/04\/27\/everton-manchester-united-30\/#breadcrumb","itemListElement":[{"@type":"ListItem","position":1,"name":"Home","item":"https:\/\/evertonfc.cz\/"},{"@type":"ListItem","position":2,"name":"Everton &#8211; Manchester United 3:0"}]},{"@type":"WebSite","@id":"https:\/\/evertonfc.cz\/#website","url":"https:\/\/evertonfc.cz\/","name":"Official Czech &amp; Slovak Everton Supporters&#039; Club","description":"","publisher":{"@id":"https:\/\/evertonfc.cz\/#organization"},"potentialAction":[{"@type":"SearchAction","target":{"@type":"EntryPoint","urlTemplate":"https:\/\/evertonfc.cz\/?s={search_term_string}"},"query-input":{"@type":"PropertyValueSpecification","valueRequired":true,"valueName":"search_term_string"}}],"inLanguage":"cs"},{"@type":"Organization","@id":"https:\/\/evertonfc.cz\/#organization","name":"Official Czech & Slovak Everton Supporters' Club","url":"https:\/\/evertonfc.cz\/","logo":{"@type":"ImageObject","inLanguage":"cs","@id":"https:\/\/evertonfc.cz\/#\/schema\/logo\/image\/","url":"https:\/\/evertonfc.cz\/wp-content\/uploads\/2019\/05\/logo.png","contentUrl":"https:\/\/evertonfc.cz\/wp-content\/uploads\/2019\/05\/logo.png","width":112,"height":112,"caption":"Official Czech & Slovak Everton Supporters' Club"},"image":{"@id":"https:\/\/evertonfc.cz\/#\/schema\/logo\/image\/"},"sameAs":["https:\/\/www.facebook.com\/everton.fans.cz.sk"]},{"@type":"Person","@id":"https:\/\/evertonfc.cz\/#\/schema\/person\/b30daf6a5852f4811f8207a17ec1bf78","name":"Javor","sameAs":["https:\/\/x.com\/LoudinJan"],"url":"https:\/\/evertonfc.cz\/index.php\/author\/javor\/"}]}},"_links":{"self":[{"href":"https:\/\/evertonfc.cz\/index.php\/wp-json\/wp\/v2\/posts\/4231"}],"collection":[{"href":"https:\/\/evertonfc.cz\/index.php\/wp-json\/wp\/v2\/posts"}],"about":[{"href":"https:\/\/evertonfc.cz\/index.php\/wp-json\/wp\/v2\/types\/post"}],"author":[{"embeddable":true,"href":"https:\/\/evertonfc.cz\/index.php\/wp-json\/wp\/v2\/users\/12"}],"replies":[{"embeddable":true,"href":"https:\/\/evertonfc.cz\/index.php\/wp-json\/wp\/v2\/comments?post=4231"}],"version-history":[{"count":1,"href":"https:\/\/evertonfc.cz\/index.php\/wp-json\/wp\/v2\/posts\/4231\/revisions"}],"predecessor-version":[{"id":4232,"href":"https:\/\/evertonfc.cz\/index.php\/wp-json\/wp\/v2\/posts\/4231\/revisions\/4232"}],"wp:featuredmedia":[{"embeddable":true,"href":"https:\/\/evertonfc.cz\/index.php\/wp-json\/wp\/v2\/media\/1315"}],"wp:attachment":[{"href":"https:\/\/evertonfc.cz\/index.php\/wp-json\/wp\/v2\/media?parent=4231"}],"wp:term":[{"taxonomy":"category","embeddable":true,"href":"https:\/\/evertonfc.cz\/index.php\/wp-json\/wp\/v2\/categories?post=4231"},{"taxonomy":"post_tag","embeddable":true,"href":"https:\/\/evertonfc.cz\/index.php\/wp-json\/wp\/v2\/tags?post=4231"}],"curies":[{"name":"wp","href":"https:\/\/api.w.org\/{rel}","templated":true}]}}