{"id":4233,"date":"2015-04-24T22:16:01","date_gmt":"2015-04-24T20:16:01","guid":{"rendered":"http:\/\/evertonfc.cz\/?p=4233"},"modified":"2020-11-06T12:37:06","modified_gmt":"2020-11-06T11:37:06","slug":"preview-everton-manchester-united-6","status":"publish","type":"post","link":"https:\/\/evertonfc.cz\/index.php\/2015\/04\/24\/preview-everton-manchester-united-6\/","title":{"rendered":"Preview: Everton &#8211; Manchester United"},"content":{"rendered":"<h4 id=\"NewsPostDetailSummary\">V ned\u011bln\u00edm odpoledni se Everton bude sna\u017eit p\u0159ekazit \u00da\u010dk\u00e1m p\u0159ibl\u00ed\u017een\u00ed se k evropsk\u00fdm poh\u00e1r\u016fm. S\u00e1m je docela ve form\u011b. Povede se to?<\/h4>\n<div id=\"NewsPostDetailContent\">\n<p>Manchester United za\u017e\u00edv\u00e1 turbulentn\u00ed sez\u00f3nu se z\u0159ejm\u011b dobr\u00fdm koncem. Na za\u010d\u00e1tku se neda\u0159ilo, prohra s MK Dons ve druh\u00e9m kole Ligov\u00e9ho poh\u00e1ru 0:4 byla z\u0159ejm\u011b opravdov\u00fdm dnem t\u00e9to sez\u00f3ny. Ale z n\u011bj vede cesta pouze vzh\u016fru a t\u00fdm profitoval z ne\u00fa\u010dasti v evropsk\u00fdch poh\u00e1rech (tak\u017ee k n\u011b\u010demu ta nepoveden\u00e1 sez\u00f3na, kdy t\u00fdm vedl Moyes, p\u0159ece jen byla:-)). Mohl se po vypadnut\u00ed ve \u010dtvrtfin\u00e1le Anglick\u00e9ho poh\u00e1ru soust\u0159edit na ligu. V\u00fdsledek? V sou\u010dasnosti se nach\u00e1z\u00ed \u010derven\u00ed \u010f\u00e1blov\u00e9 na t\u0159et\u00edm m\u00edst\u011b a sv\u00e1d\u00ed vyrovnan\u00fd soboj s Arsenalem a Manchestrem City o m\u00edsto druh\u00e9. Nav\u00edc v p\u0159edposledn\u00edm kole maj\u00ed Kanon\u00fdry doma. Pokud by van Gaal ve sv\u00e9 prvn\u00ed sez\u00f3n\u011b zvl\u00e1dl b\u00fdt druh\u00fd, tak by byli Glazerovci, majitel\u00e9 klubu, spokojeni.<\/p>\n<p>To dokazuje i forma, se kterou do svatost\u00e1nku Evertonu soupe\u0159 p\u0159ij\u00ed\u017ed\u00ed. Z posledn\u00edch p\u011bti z\u00e1pas\u016f \u010dty\u0159i v\u00fdhry. Pravda, minule prohr\u00e1li, ale to na Chelsea nen\u00ed ostuda. Zaj\u00edmav\u00e9 je, \u017ee symbolem jejich vzep\u011bt\u00ed je Fellaini. Ten m\u011bl (a dosud m\u00e1) z\u00e1pasy, kdy se mu opravdu hodn\u011b neda\u0159\u00ed, ale ty n\u011bjak pod van Gaalem zmizely. V sou\u010dasnosti je nepostradateln\u00fdm \u010dl\u00e1nkem z\u00e1kladn\u00ed sestavy a vzpom\u00ednky na lo\u0148skou sezonu, kdy byl asi nejkritizovan\u011bj\u0161\u00edm \u010dlenem t\u00fdmu, jsou d\u00e1vno pry\u010d. Sv\u016fj pod\u00edl na tom m\u00e1 i to, \u017ee se obrana dala kone\u010dn\u011b zdravotn\u011b do po\u0159\u00e1dku.<\/p>\n<p>Na stavu zdravotn\u00edho k\u00e1dru Evertonu se moc nem\u011bn\u00ed, st\u00e1le bude chyb\u011bti trojice Gibson-Hibbert-Oviedo. Velmi pravd\u011bpodobn\u011b bude chyb\u011bt i Pienaar, kter\u00fd zva\u017eoval ukon\u010den\u00ed kari\u00e9ry, nakonec tak neud\u011blal. Naopak zcela zdrav\u00fd je ji\u017e Lukaku a minim\u00e1ln\u011b na lavi\u010dku by se m\u011bla u\u017e vej\u00edt dvojice McCarthy-Osman.<\/p>\n<p>Host\u016fm bude chyb\u011bt zran\u011bn\u00e1 \u010dtve\u0159ice Carrick-Jones-Rojo a Rafael. Ten si zlomil \u017eebra a bude chyb\u011bt do konce sezony. Van Persie mus\u00ed nabrat kondici a zat\u00edm z\u016fst\u00e1v\u00e1 v tamn\u00ed jednadvac\u00edtce. Naopak se po odpyk\u00e1n\u00ed \u0161estiz\u00e1pasov\u00e9ho trestu za plivnut\u00ed vrac\u00ed Evans.<\/p>\n<p><strong>Co:<\/strong> Everton FC &#8211; Manchester United FC, 34. kolo Premier League<br \/>\n<strong>Kdy: <\/strong>26. 04. 2015 od 13:30 SE\u010c<br \/>\n<strong>Kde:<\/strong> Goodison Park, Liverpool (kapacita: 40 157)<br \/>\n<strong>Rozhod\u010d\u00ed:<\/strong> Andre Marriner<\/p>\n<\/div>\n","protected":false},"excerpt":{"rendered":"<p>V ned\u011bln\u00edm odpoledni se Everton bude sna\u017eit p\u0159ekazit \u00da\u010dk\u00e1m p\u0159ibl\u00ed\u017een\u00ed se k evropsk\u00fdm poh\u00e1r\u016fm. S\u00e1m je docela ve form\u011b. Povede&hellip;<\/p>\n","protected":false},"author":12,"featured_media":12849,"comment_status":"open","ping_status":"closed","sticky":false,"template":"","format":"standard","meta":{"_eb_attr":"","_monsterinsights_skip_tracking":false,"_monsterinsights_sitenote_active":false,"_monsterinsights_sitenote_note":"","_monsterinsights_sitenote_category":0,"footnotes":""},"categories":[4],"tags":[],"yoast_head":"<!-- This site is optimized with the Yoast SEO plugin v23.4 - https:\/\/yoast.com\/wordpress\/plugins\/seo\/ -->\n<title>Preview: Everton - Manchester United - Official Czech &amp; Slovak Everton Supporters&#039; Club<\/title>\n<meta name=\"robots\" content=\"index, follow, max-snippet:-1, max-image-preview:large, max-video-preview:-1\" \/>\n<link rel=\"canonical\" href=\"https:\/\/evertonfc.cz\/index.php\/2015\/04\/24\/preview-everton-manchester-united-6\/\" \/>\n<meta property=\"og:locale\" content=\"cs_CZ\" \/>\n<meta property=\"og:type\" content=\"article\" \/>\n<meta property=\"og:title\" content=\"Preview: Everton - Manchester United - Official Czech &amp; Slovak Everton Supporters&#039; Club\" \/>\n<meta property=\"og:description\" content=\"V ned\u011bln\u00edm odpoledni se Everton bude sna\u017eit p\u0159ekazit \u00da\u010dk\u00e1m p\u0159ibl\u00ed\u017een\u00ed se k evropsk\u00fdm poh\u00e1r\u016fm. S\u00e1m je docela ve form\u011b. Povede&hellip;\" \/>\n<meta property=\"og:url\" content=\"https:\/\/evertonfc.cz\/index.php\/2015\/04\/24\/preview-everton-manchester-united-6\/\" \/>\n<meta property=\"og:site_name\" content=\"Official Czech &amp; Slovak Everton Supporters&#039; Club\" \/>\n<meta property=\"article:publisher\" content=\"https:\/\/www.facebook.com\/everton.fans.cz.sk\" \/>\n<meta property=\"article:published_time\" content=\"2015-04-24T20:16:01+00:00\" \/>\n<meta property=\"article:modified_time\" content=\"2020-11-06T11:37:06+00:00\" \/>\n<meta property=\"og:image\" content=\"https:\/\/evertonfc.cz\/wp-content\/uploads\/2020\/11\/Everton-VS-Manchester-United-7-11-2020.jpg.jpg\" \/>\n\t<meta property=\"og:image:width\" content=\"720\" \/>\n\t<meta property=\"og:image:height\" content=\"405\" \/>\n\t<meta property=\"og:image:type\" content=\"image\/jpeg\" \/>\n<meta name=\"author\" content=\"Javor\" \/>\n<meta name=\"twitter:card\" content=\"summary_large_image\" \/>\n<meta name=\"twitter:creator\" content=\"@LoudinJan\" \/>\n<meta name=\"twitter:label1\" content=\"Napsal(a)\" \/>\n\t<meta name=\"twitter:data1\" content=\"Javor\" \/>\n\t<meta name=\"twitter:label2\" content=\"Odhadovan\u00e1 doba \u010dten\u00ed\" \/>\n\t<meta name=\"twitter:data2\" content=\"2 minuty\" \/>\n<script type=\"application\/ld+json\" class=\"yoast-schema-graph\">{\"@context\":\"https:\/\/schema.org\",\"@graph\":[{\"@type\":\"Article\",\"@id\":\"https:\/\/evertonfc.cz\/index.php\/2015\/04\/24\/preview-everton-manchester-united-6\/#article\",\"isPartOf\":{\"@id\":\"https:\/\/evertonfc.cz\/index.php\/2015\/04\/24\/preview-everton-manchester-united-6\/\"},\"author\":{\"name\":\"Javor\",\"@id\":\"https:\/\/evertonfc.cz\/#\/schema\/person\/b30daf6a5852f4811f8207a17ec1bf78\"},\"headline\":\"Preview: Everton &#8211; Manchester United\",\"datePublished\":\"2015-04-24T20:16:01+00:00\",\"dateModified\":\"2020-11-06T11:37:06+00:00\",\"mainEntityOfPage\":{\"@id\":\"https:\/\/evertonfc.cz\/index.php\/2015\/04\/24\/preview-everton-manchester-united-6\/\"},\"wordCount\":443,\"commentCount\":0,\"publisher\":{\"@id\":\"https:\/\/evertonfc.cz\/#organization\"},\"image\":{\"@id\":\"https:\/\/evertonfc.cz\/index.php\/2015\/04\/24\/preview-everton-manchester-united-6\/#primaryimage\"},\"thumbnailUrl\":\"https:\/\/evertonfc.cz\/wp-content\/uploads\/2020\/11\/Everton-VS-Manchester-United-7-11-2020.jpg.jpg\",\"articleSection\":[\"Z\u00e1pasy\"],\"inLanguage\":\"cs\",\"potentialAction\":[{\"@type\":\"CommentAction\",\"name\":\"Comment\",\"target\":[\"https:\/\/evertonfc.cz\/index.php\/2015\/04\/24\/preview-everton-manchester-united-6\/#respond\"]}]},{\"@type\":\"WebPage\",\"@id\":\"https:\/\/evertonfc.cz\/index.php\/2015\/04\/24\/preview-everton-manchester-united-6\/\",\"url\":\"https:\/\/evertonfc.cz\/index.php\/2015\/04\/24\/preview-everton-manchester-united-6\/\",\"name\":\"Preview: Everton - Manchester United - Official Czech &amp; Slovak Everton Supporters&#039; Club\",\"isPartOf\":{\"@id\":\"https:\/\/evertonfc.cz\/#website\"},\"primaryImageOfPage\":{\"@id\":\"https:\/\/evertonfc.cz\/index.php\/2015\/04\/24\/preview-everton-manchester-united-6\/#primaryimage\"},\"image\":{\"@id\":\"https:\/\/evertonfc.cz\/index.php\/2015\/04\/24\/preview-everton-manchester-united-6\/#primaryimage\"},\"thumbnailUrl\":\"https:\/\/evertonfc.cz\/wp-content\/uploads\/2020\/11\/Everton-VS-Manchester-United-7-11-2020.jpg.jpg\",\"datePublished\":\"2015-04-24T20:16:01+00:00\",\"dateModified\":\"2020-11-06T11:37:06+00:00\",\"breadcrumb\":{\"@id\":\"https:\/\/evertonfc.cz\/index.php\/2015\/04\/24\/preview-everton-manchester-united-6\/#breadcrumb\"},\"inLanguage\":\"cs\",\"potentialAction\":[{\"@type\":\"ReadAction\",\"target\":[\"https:\/\/evertonfc.cz\/index.php\/2015\/04\/24\/preview-everton-manchester-united-6\/\"]}]},{\"@type\":\"ImageObject\",\"inLanguage\":\"cs\",\"@id\":\"https:\/\/evertonfc.cz\/index.php\/2015\/04\/24\/preview-everton-manchester-united-6\/#primaryimage\",\"url\":\"https:\/\/evertonfc.cz\/wp-content\/uploads\/2020\/11\/Everton-VS-Manchester-United-7-11-2020.jpg.jpg\",\"contentUrl\":\"https:\/\/evertonfc.cz\/wp-content\/uploads\/2020\/11\/Everton-VS-Manchester-United-7-11-2020.jpg.jpg\",\"width\":720,\"height\":405},{\"@type\":\"BreadcrumbList\",\"@id\":\"https:\/\/evertonfc.cz\/index.php\/2015\/04\/24\/preview-everton-manchester-united-6\/#breadcrumb\",\"itemListElement\":[{\"@type\":\"ListItem\",\"position\":1,\"name\":\"Home\",\"item\":\"https:\/\/evertonfc.cz\/\"},{\"@type\":\"ListItem\",\"position\":2,\"name\":\"Preview: Everton &#8211; Manchester United\"}]},{\"@type\":\"WebSite\",\"@id\":\"https:\/\/evertonfc.cz\/#website\",\"url\":\"https:\/\/evertonfc.cz\/\",\"name\":\"Official Czech &amp; Slovak Everton Supporters&#039; Club\",\"description\":\"\",\"publisher\":{\"@id\":\"https:\/\/evertonfc.cz\/#organization\"},\"potentialAction\":[{\"@type\":\"SearchAction\",\"target\":{\"@type\":\"EntryPoint\",\"urlTemplate\":\"https:\/\/evertonfc.cz\/?s={search_term_string}\"},\"query-input\":{\"@type\":\"PropertyValueSpecification\",\"valueRequired\":true,\"valueName\":\"search_term_string\"}}],\"inLanguage\":\"cs\"},{\"@type\":\"Organization\",\"@id\":\"https:\/\/evertonfc.cz\/#organization\",\"name\":\"Official Czech & Slovak Everton Supporters' Club\",\"url\":\"https:\/\/evertonfc.cz\/\",\"logo\":{\"@type\":\"ImageObject\",\"inLanguage\":\"cs\",\"@id\":\"https:\/\/evertonfc.cz\/#\/schema\/logo\/image\/\",\"url\":\"https:\/\/evertonfc.cz\/wp-content\/uploads\/2019\/05\/logo.png\",\"contentUrl\":\"https:\/\/evertonfc.cz\/wp-content\/uploads\/2019\/05\/logo.png\",\"width\":112,\"height\":112,\"caption\":\"Official Czech & Slovak Everton Supporters' Club\"},\"image\":{\"@id\":\"https:\/\/evertonfc.cz\/#\/schema\/logo\/image\/\"},\"sameAs\":[\"https:\/\/www.facebook.com\/everton.fans.cz.sk\"]},{\"@type\":\"Person\",\"@id\":\"https:\/\/evertonfc.cz\/#\/schema\/person\/b30daf6a5852f4811f8207a17ec1bf78\",\"name\":\"Javor\",\"sameAs\":[\"https:\/\/x.com\/LoudinJan\"],\"url\":\"https:\/\/evertonfc.cz\/index.php\/author\/javor\/\"}]}<\/script>\n<!-- \/ Yoast SEO plugin. -->","yoast_head_json":{"title":"Preview: Everton - Manchester United - Official Czech &amp; Slovak Everton Supporters&#039; Club","robots":{"index":"index","follow":"follow","max-snippet":"max-snippet:-1","max-image-preview":"max-image-preview:large","max-video-preview":"max-video-preview:-1"},"canonical":"https:\/\/evertonfc.cz\/index.php\/2015\/04\/24\/preview-everton-manchester-united-6\/","og_locale":"cs_CZ","og_type":"article","og_title":"Preview: Everton - Manchester United - Official Czech &amp; Slovak Everton Supporters&#039; Club","og_description":"V ned\u011bln\u00edm odpoledni se Everton bude sna\u017eit p\u0159ekazit \u00da\u010dk\u00e1m p\u0159ibl\u00ed\u017een\u00ed se k evropsk\u00fdm poh\u00e1r\u016fm. S\u00e1m je docela ve form\u011b. Povede&hellip;","og_url":"https:\/\/evertonfc.cz\/index.php\/2015\/04\/24\/preview-everton-manchester-united-6\/","og_site_name":"Official Czech &amp; Slovak Everton Supporters&#039; Club","article_publisher":"https:\/\/www.facebook.com\/everton.fans.cz.sk","article_published_time":"2015-04-24T20:16:01+00:00","article_modified_time":"2020-11-06T11:37:06+00:00","og_image":[{"width":720,"height":405,"url":"https:\/\/evertonfc.cz\/wp-content\/uploads\/2020\/11\/Everton-VS-Manchester-United-7-11-2020.jpg.jpg","type":"image\/jpeg"}],"author":"Javor","twitter_card":"summary_large_image","twitter_creator":"@LoudinJan","twitter_misc":{"Napsal(a)":"Javor","Odhadovan\u00e1 doba \u010dten\u00ed":"2 minuty"},"schema":{"@context":"https:\/\/schema.org","@graph":[{"@type":"Article","@id":"https:\/\/evertonfc.cz\/index.php\/2015\/04\/24\/preview-everton-manchester-united-6\/#article","isPartOf":{"@id":"https:\/\/evertonfc.cz\/index.php\/2015\/04\/24\/preview-everton-manchester-united-6\/"},"author":{"name":"Javor","@id":"https:\/\/evertonfc.cz\/#\/schema\/person\/b30daf6a5852f4811f8207a17ec1bf78"},"headline":"Preview: Everton &#8211; Manchester United","datePublished":"2015-04-24T20:16:01+00:00","dateModified":"2020-11-06T11:37:06+00:00","mainEntityOfPage":{"@id":"https:\/\/evertonfc.cz\/index.php\/2015\/04\/24\/preview-everton-manchester-united-6\/"},"wordCount":443,"commentCount":0,"publisher":{"@id":"https:\/\/evertonfc.cz\/#organization"},"image":{"@id":"https:\/\/evertonfc.cz\/index.php\/2015\/04\/24\/preview-everton-manchester-united-6\/#primaryimage"},"thumbnailUrl":"https:\/\/evertonfc.cz\/wp-content\/uploads\/2020\/11\/Everton-VS-Manchester-United-7-11-2020.jpg.jpg","articleSection":["Z\u00e1pasy"],"inLanguage":"cs","potentialAction":[{"@type":"CommentAction","name":"Comment","target":["https:\/\/evertonfc.cz\/index.php\/2015\/04\/24\/preview-everton-manchester-united-6\/#respond"]}]},{"@type":"WebPage","@id":"https:\/\/evertonfc.cz\/index.php\/2015\/04\/24\/preview-everton-manchester-united-6\/","url":"https:\/\/evertonfc.cz\/index.php\/2015\/04\/24\/preview-everton-manchester-united-6\/","name":"Preview: Everton - Manchester United - Official Czech &amp; Slovak Everton Supporters&#039; Club","isPartOf":{"@id":"https:\/\/evertonfc.cz\/#website"},"primaryImageOfPage":{"@id":"https:\/\/evertonfc.cz\/index.php\/2015\/04\/24\/preview-everton-manchester-united-6\/#primaryimage"},"image":{"@id":"https:\/\/evertonfc.cz\/index.php\/2015\/04\/24\/preview-everton-manchester-united-6\/#primaryimage"},"thumbnailUrl":"https:\/\/evertonfc.cz\/wp-content\/uploads\/2020\/11\/Everton-VS-Manchester-United-7-11-2020.jpg.jpg","datePublished":"2015-04-24T20:16:01+00:00","dateModified":"2020-11-06T11:37:06+00:00","breadcrumb":{"@id":"https:\/\/evertonfc.cz\/index.php\/2015\/04\/24\/preview-everton-manchester-united-6\/#breadcrumb"},"inLanguage":"cs","potentialAction":[{"@type":"ReadAction","target":["https:\/\/evertonfc.cz\/index.php\/2015\/04\/24\/preview-everton-manchester-united-6\/"]}]},{"@type":"ImageObject","inLanguage":"cs","@id":"https:\/\/evertonfc.cz\/index.php\/2015\/04\/24\/preview-everton-manchester-united-6\/#primaryimage","url":"https:\/\/evertonfc.cz\/wp-content\/uploads\/2020\/11\/Everton-VS-Manchester-United-7-11-2020.jpg.jpg","contentUrl":"https:\/\/evertonfc.cz\/wp-content\/uploads\/2020\/11\/Everton-VS-Manchester-United-7-11-2020.jpg.jpg","width":720,"height":405},{"@type":"BreadcrumbList","@id":"https:\/\/evertonfc.cz\/index.php\/2015\/04\/24\/preview-everton-manchester-united-6\/#breadcrumb","itemListElement":[{"@type":"ListItem","position":1,"name":"Home","item":"https:\/\/evertonfc.cz\/"},{"@type":"ListItem","position":2,"name":"Preview: Everton &#8211; Manchester United"}]},{"@type":"WebSite","@id":"https:\/\/evertonfc.cz\/#website","url":"https:\/\/evertonfc.cz\/","name":"Official Czech &amp; Slovak Everton Supporters&#039; Club","description":"","publisher":{"@id":"https:\/\/evertonfc.cz\/#organization"},"potentialAction":[{"@type":"SearchAction","target":{"@type":"EntryPoint","urlTemplate":"https:\/\/evertonfc.cz\/?s={search_term_string}"},"query-input":{"@type":"PropertyValueSpecification","valueRequired":true,"valueName":"search_term_string"}}],"inLanguage":"cs"},{"@type":"Organization","@id":"https:\/\/evertonfc.cz\/#organization","name":"Official Czech & Slovak Everton Supporters' Club","url":"https:\/\/evertonfc.cz\/","logo":{"@type":"ImageObject","inLanguage":"cs","@id":"https:\/\/evertonfc.cz\/#\/schema\/logo\/image\/","url":"https:\/\/evertonfc.cz\/wp-content\/uploads\/2019\/05\/logo.png","contentUrl":"https:\/\/evertonfc.cz\/wp-content\/uploads\/2019\/05\/logo.png","width":112,"height":112,"caption":"Official Czech & Slovak Everton Supporters' Club"},"image":{"@id":"https:\/\/evertonfc.cz\/#\/schema\/logo\/image\/"},"sameAs":["https:\/\/www.facebook.com\/everton.fans.cz.sk"]},{"@type":"Person","@id":"https:\/\/evertonfc.cz\/#\/schema\/person\/b30daf6a5852f4811f8207a17ec1bf78","name":"Javor","sameAs":["https:\/\/x.com\/LoudinJan"],"url":"https:\/\/evertonfc.cz\/index.php\/author\/javor\/"}]}},"_links":{"self":[{"href":"https:\/\/evertonfc.cz\/index.php\/wp-json\/wp\/v2\/posts\/4233"}],"collection":[{"href":"https:\/\/evertonfc.cz\/index.php\/wp-json\/wp\/v2\/posts"}],"about":[{"href":"https:\/\/evertonfc.cz\/index.php\/wp-json\/wp\/v2\/types\/post"}],"author":[{"embeddable":true,"href":"https:\/\/evertonfc.cz\/index.php\/wp-json\/wp\/v2\/users\/12"}],"replies":[{"embeddable":true,"href":"https:\/\/evertonfc.cz\/index.php\/wp-json\/wp\/v2\/comments?post=4233"}],"version-history":[{"count":1,"href":"https:\/\/evertonfc.cz\/index.php\/wp-json\/wp\/v2\/posts\/4233\/revisions"}],"predecessor-version":[{"id":4234,"href":"https:\/\/evertonfc.cz\/index.php\/wp-json\/wp\/v2\/posts\/4233\/revisions\/4234"}],"wp:featuredmedia":[{"embeddable":true,"href":"https:\/\/evertonfc.cz\/index.php\/wp-json\/wp\/v2\/media\/12849"}],"wp:attachment":[{"href":"https:\/\/evertonfc.cz\/index.php\/wp-json\/wp\/v2\/media?parent=4233"}],"wp:term":[{"taxonomy":"category","embeddable":true,"href":"https:\/\/evertonfc.cz\/index.php\/wp-json\/wp\/v2\/categories?post=4233"},{"taxonomy":"post_tag","embeddable":true,"href":"https:\/\/evertonfc.cz\/index.php\/wp-json\/wp\/v2\/tags?post=4233"}],"curies":[{"name":"wp","href":"https:\/\/api.w.org\/{rel}","templated":true}]}}