{"id":4237,"date":"2015-04-17T22:24:39","date_gmt":"2015-04-17T20:24:39","guid":{"rendered":"http:\/\/evertonfc.cz\/?p=4237"},"modified":"2021-03-12T10:49:43","modified_gmt":"2021-03-12T09:49:43","slug":"preview-everton-burnley-3","status":"publish","type":"post","link":"https:\/\/evertonfc.cz\/index.php\/2015\/04\/17\/preview-everton-burnley-3\/","title":{"rendered":"Preview: Everton &#8211; Burnley"},"content":{"rendered":"<h4 id=\"NewsPostDetailSummary\">Existen\u010dn\u00ed z\u00e1pas pro hosty na Grand Old Lady. Doufejme, \u017ee nebudeme hodn\u00fdmi dom\u00e1c\u00edmi.<\/h4>\n<div id=\"NewsPostDetailContent\">\n<p>Burnley jako\u017eto nov\u00e1\u010dek t\u00e9to sez\u00f3ny m\u011blo a st\u00e1le m\u00e1 jedin\u00fd c\u00edl. Zachr\u00e1nit se. Bu\u010fme up\u0159\u00edmn\u00ed, nevede se to a moment\u00e1ln\u011b to vypad\u00e1 opravdu na sestup. Ale nen\u00ed v\u0161em dn\u016fm konec a z\u00e1pasy o \u0161est bod\u016f je\u0161t\u011b p\u0159ijdou. A t\u0159eba se nakonec bude rozhodovat v posledn\u00edm kole, kdy Clarets budou hr\u00e1t ve Villa Parku. (Z poh\u00e1r\u016f v obou p\u0159\u00edpadech pro jistotu vypadli hned p\u0159i prvn\u00ed p\u0159\u00edle\u017eitosti.)<\/p>\n<p>Forma na\u0161eho z\u00edt\u0159ej\u0161\u00edho soupe\u0159e je kol\u00edsav\u00e1. Ale co je st\u00e1l\u00e9, jsou v\u00fdsledky venku. Burnley vyhr\u00e1lo na stadionech soupe\u0159\u016f pouze jednou &#8211; ve Stoke. \u0160\u00e9fov\u00e9 klubu v\u011bd\u00ed, \u017ee tam je zakopan\u00fd pes a spln\u011bn\u00ed hlavn\u00edho c\u00edle vede p\u0159es import bod\u016f. \u010cast\u00e9 rem\u00edzy neguj\u00ed ob\u010dasn\u00e9 chv\u00edle sl\u00e1vy, co\u017e zamrz\u00ed dvojn\u00e1sobn\u011b. V posledn\u00ed dob\u011b uznale pok\u00fdvali fanou\u0161ci ostatn\u00edch t\u00fdm\u016f nad v\u00fdhrou Burnley v dom\u00e1c\u00edm utk\u00e1n\u00ed proti Manchesteru City.<\/p>\n<p>A jak je na tom t\u00fdm ze zdravotn\u00edho hlediska? V\u00fdborn\u011b. Trojice Wallace-Reid-Taylor se uzdravila a tak mana\u017eer Dyche si na p\u0159edz\u00e1pasov\u00e9 tiskov\u00e9 konferenci pr\u00e1vem pochvaloval, \u017ee vyb\u00edr\u00e1 sestavu z t\u00e9m\u011b\u0159 \u00fapln\u00e9ho k\u00e1dru (chyb\u00ed pouze dlouhodob\u011b zran\u011bn\u00ed).<\/p>\n<p>Dobr\u00e9 zpr\u00e1vy bylo sly\u0161et i od Toffees. Uzdravila se trojice Lukaku-McGeady-Mirallas, k dispozici je po dlouh\u00e9 dob\u011b zase zdrav\u00fd Pienaar, kter\u00fd musel ve Swansea st\u0159\u00eddat Osmana. Ten si zranil t\u0159\u00edslo a o jeho startu se rozhodne p\u0159ed utk\u00e1n\u00edm. I nad\u00e1le budou chyb\u011bt obr\u00e1nci Oviedo a Hibbert, z\u00e1lo\u017en\u00ed \u0159ada bude postr\u00e1dat Gibsona. N\u00e1vrat kostarick\u00e9ho univerz\u00e1la byl odhadnut na utk\u00e1n\u00ed proti Sunderlandu doma, tedy za t\u0159i t\u00fddny.<\/p>\n<p>Tip na sestavu: Howard &#8211;\u00a0Coleman, Stones, Jagielka, Baines &#8211; Barry, McCarthy &#8211; Mirallas, Naismith, Pienaar &#8211; Lukaku.<\/p>\n<p><strong>Co:<\/strong> Everton FC &#8211; Burnley FC, 33. kolo Premier League<br \/>\n<strong>Kdy:<\/strong> 18. 04. 2015 od 16:00 SE\u010c<br \/>\n<strong>Kde:<\/strong> Goodison Park, Liverpool (kapacita: 40 157)<br \/>\n<strong>Rozhod\u010d\u00ed:<\/strong> Mike Jones<\/p>\n<\/div>\n","protected":false},"excerpt":{"rendered":"<p>Existen\u010dn\u00ed z\u00e1pas pro hosty na Grand Old Lady. Doufejme, \u017ee nebudeme hodn\u00fdmi dom\u00e1c\u00edmi.<\/p>\n","protected":false},"author":12,"featured_media":14586,"comment_status":"open","ping_status":"closed","sticky":false,"template":"","format":"standard","meta":{"_eb_attr":"","_monsterinsights_skip_tracking":false,"_monsterinsights_sitenote_active":false,"_monsterinsights_sitenote_note":"","_monsterinsights_sitenote_category":0,"footnotes":""},"categories":[4],"tags":[],"yoast_head":"<!-- This site is optimized with the Yoast SEO plugin v23.4 - https:\/\/yoast.com\/wordpress\/plugins\/seo\/ -->\n<title>Preview: Everton - Burnley - Official Czech &amp; Slovak Everton Supporters&#039; Club<\/title>\n<meta name=\"robots\" content=\"index, follow, max-snippet:-1, max-image-preview:large, max-video-preview:-1\" \/>\n<link rel=\"canonical\" href=\"https:\/\/evertonfc.cz\/index.php\/2015\/04\/17\/preview-everton-burnley-3\/\" \/>\n<meta property=\"og:locale\" content=\"cs_CZ\" \/>\n<meta property=\"og:type\" content=\"article\" \/>\n<meta property=\"og:title\" content=\"Preview: Everton - Burnley - Official Czech &amp; Slovak Everton Supporters&#039; Club\" \/>\n<meta property=\"og:description\" content=\"Existen\u010dn\u00ed z\u00e1pas pro hosty na Grand Old Lady. Doufejme, \u017ee nebudeme hodn\u00fdmi dom\u00e1c\u00edmi.\" \/>\n<meta property=\"og:url\" content=\"https:\/\/evertonfc.cz\/index.php\/2015\/04\/17\/preview-everton-burnley-3\/\" \/>\n<meta property=\"og:site_name\" content=\"Official Czech &amp; Slovak Everton Supporters&#039; Club\" \/>\n<meta property=\"article:publisher\" content=\"https:\/\/www.facebook.com\/everton.fans.cz.sk\" \/>\n<meta property=\"article:published_time\" content=\"2015-04-17T20:24:39+00:00\" \/>\n<meta property=\"article:modified_time\" content=\"2021-03-12T09:49:43+00:00\" \/>\n<meta property=\"og:image\" content=\"https:\/\/evertonfc.cz\/wp-content\/uploads\/2021\/03\/Everton-VS-Burnley.jpg\" \/>\n\t<meta property=\"og:image:width\" content=\"720\" \/>\n\t<meta property=\"og:image:height\" content=\"405\" \/>\n\t<meta property=\"og:image:type\" content=\"image\/jpeg\" \/>\n<meta name=\"author\" content=\"Javor\" \/>\n<meta name=\"twitter:card\" content=\"summary_large_image\" \/>\n<meta name=\"twitter:creator\" content=\"@LoudinJan\" \/>\n<meta name=\"twitter:label1\" content=\"Napsal(a)\" \/>\n\t<meta name=\"twitter:data1\" content=\"Javor\" \/>\n\t<meta name=\"twitter:label2\" content=\"Odhadovan\u00e1 doba \u010dten\u00ed\" \/>\n\t<meta name=\"twitter:data2\" content=\"2 minuty\" \/>\n<script type=\"application\/ld+json\" class=\"yoast-schema-graph\">{\"@context\":\"https:\/\/schema.org\",\"@graph\":[{\"@type\":\"Article\",\"@id\":\"https:\/\/evertonfc.cz\/index.php\/2015\/04\/17\/preview-everton-burnley-3\/#article\",\"isPartOf\":{\"@id\":\"https:\/\/evertonfc.cz\/index.php\/2015\/04\/17\/preview-everton-burnley-3\/\"},\"author\":{\"name\":\"Javor\",\"@id\":\"https:\/\/evertonfc.cz\/#\/schema\/person\/b30daf6a5852f4811f8207a17ec1bf78\"},\"headline\":\"Preview: Everton &#8211; Burnley\",\"datePublished\":\"2015-04-17T20:24:39+00:00\",\"dateModified\":\"2021-03-12T09:49:43+00:00\",\"mainEntityOfPage\":{\"@id\":\"https:\/\/evertonfc.cz\/index.php\/2015\/04\/17\/preview-everton-burnley-3\/\"},\"wordCount\":373,\"commentCount\":0,\"publisher\":{\"@id\":\"https:\/\/evertonfc.cz\/#organization\"},\"image\":{\"@id\":\"https:\/\/evertonfc.cz\/index.php\/2015\/04\/17\/preview-everton-burnley-3\/#primaryimage\"},\"thumbnailUrl\":\"https:\/\/evertonfc.cz\/wp-content\/uploads\/2021\/03\/Everton-VS-Burnley.jpg\",\"articleSection\":[\"Z\u00e1pasy\"],\"inLanguage\":\"cs\",\"potentialAction\":[{\"@type\":\"CommentAction\",\"name\":\"Comment\",\"target\":[\"https:\/\/evertonfc.cz\/index.php\/2015\/04\/17\/preview-everton-burnley-3\/#respond\"]}]},{\"@type\":\"WebPage\",\"@id\":\"https:\/\/evertonfc.cz\/index.php\/2015\/04\/17\/preview-everton-burnley-3\/\",\"url\":\"https:\/\/evertonfc.cz\/index.php\/2015\/04\/17\/preview-everton-burnley-3\/\",\"name\":\"Preview: Everton - Burnley - Official Czech &amp; Slovak Everton Supporters&#039; Club\",\"isPartOf\":{\"@id\":\"https:\/\/evertonfc.cz\/#website\"},\"primaryImageOfPage\":{\"@id\":\"https:\/\/evertonfc.cz\/index.php\/2015\/04\/17\/preview-everton-burnley-3\/#primaryimage\"},\"image\":{\"@id\":\"https:\/\/evertonfc.cz\/index.php\/2015\/04\/17\/preview-everton-burnley-3\/#primaryimage\"},\"thumbnailUrl\":\"https:\/\/evertonfc.cz\/wp-content\/uploads\/2021\/03\/Everton-VS-Burnley.jpg\",\"datePublished\":\"2015-04-17T20:24:39+00:00\",\"dateModified\":\"2021-03-12T09:49:43+00:00\",\"breadcrumb\":{\"@id\":\"https:\/\/evertonfc.cz\/index.php\/2015\/04\/17\/preview-everton-burnley-3\/#breadcrumb\"},\"inLanguage\":\"cs\",\"potentialAction\":[{\"@type\":\"ReadAction\",\"target\":[\"https:\/\/evertonfc.cz\/index.php\/2015\/04\/17\/preview-everton-burnley-3\/\"]}]},{\"@type\":\"ImageObject\",\"inLanguage\":\"cs\",\"@id\":\"https:\/\/evertonfc.cz\/index.php\/2015\/04\/17\/preview-everton-burnley-3\/#primaryimage\",\"url\":\"https:\/\/evertonfc.cz\/wp-content\/uploads\/2021\/03\/Everton-VS-Burnley.jpg\",\"contentUrl\":\"https:\/\/evertonfc.cz\/wp-content\/uploads\/2021\/03\/Everton-VS-Burnley.jpg\",\"width\":720,\"height\":405},{\"@type\":\"BreadcrumbList\",\"@id\":\"https:\/\/evertonfc.cz\/index.php\/2015\/04\/17\/preview-everton-burnley-3\/#breadcrumb\",\"itemListElement\":[{\"@type\":\"ListItem\",\"position\":1,\"name\":\"Home\",\"item\":\"https:\/\/evertonfc.cz\/\"},{\"@type\":\"ListItem\",\"position\":2,\"name\":\"Preview: Everton &#8211; Burnley\"}]},{\"@type\":\"WebSite\",\"@id\":\"https:\/\/evertonfc.cz\/#website\",\"url\":\"https:\/\/evertonfc.cz\/\",\"name\":\"Official Czech &amp; Slovak Everton Supporters&#039; Club\",\"description\":\"\",\"publisher\":{\"@id\":\"https:\/\/evertonfc.cz\/#organization\"},\"potentialAction\":[{\"@type\":\"SearchAction\",\"target\":{\"@type\":\"EntryPoint\",\"urlTemplate\":\"https:\/\/evertonfc.cz\/?s={search_term_string}\"},\"query-input\":{\"@type\":\"PropertyValueSpecification\",\"valueRequired\":true,\"valueName\":\"search_term_string\"}}],\"inLanguage\":\"cs\"},{\"@type\":\"Organization\",\"@id\":\"https:\/\/evertonfc.cz\/#organization\",\"name\":\"Official Czech & Slovak Everton Supporters' Club\",\"url\":\"https:\/\/evertonfc.cz\/\",\"logo\":{\"@type\":\"ImageObject\",\"inLanguage\":\"cs\",\"@id\":\"https:\/\/evertonfc.cz\/#\/schema\/logo\/image\/\",\"url\":\"https:\/\/evertonfc.cz\/wp-content\/uploads\/2019\/05\/logo.png\",\"contentUrl\":\"https:\/\/evertonfc.cz\/wp-content\/uploads\/2019\/05\/logo.png\",\"width\":112,\"height\":112,\"caption\":\"Official Czech & Slovak Everton Supporters' Club\"},\"image\":{\"@id\":\"https:\/\/evertonfc.cz\/#\/schema\/logo\/image\/\"},\"sameAs\":[\"https:\/\/www.facebook.com\/everton.fans.cz.sk\"]},{\"@type\":\"Person\",\"@id\":\"https:\/\/evertonfc.cz\/#\/schema\/person\/b30daf6a5852f4811f8207a17ec1bf78\",\"name\":\"Javor\",\"sameAs\":[\"https:\/\/x.com\/LoudinJan\"],\"url\":\"https:\/\/evertonfc.cz\/index.php\/author\/javor\/\"}]}<\/script>\n<!-- \/ Yoast SEO plugin. -->","yoast_head_json":{"title":"Preview: Everton - Burnley - Official Czech &amp; Slovak Everton Supporters&#039; Club","robots":{"index":"index","follow":"follow","max-snippet":"max-snippet:-1","max-image-preview":"max-image-preview:large","max-video-preview":"max-video-preview:-1"},"canonical":"https:\/\/evertonfc.cz\/index.php\/2015\/04\/17\/preview-everton-burnley-3\/","og_locale":"cs_CZ","og_type":"article","og_title":"Preview: Everton - Burnley - Official Czech &amp; Slovak Everton Supporters&#039; Club","og_description":"Existen\u010dn\u00ed z\u00e1pas pro hosty na Grand Old Lady. Doufejme, \u017ee nebudeme hodn\u00fdmi dom\u00e1c\u00edmi.","og_url":"https:\/\/evertonfc.cz\/index.php\/2015\/04\/17\/preview-everton-burnley-3\/","og_site_name":"Official Czech &amp; Slovak Everton Supporters&#039; Club","article_publisher":"https:\/\/www.facebook.com\/everton.fans.cz.sk","article_published_time":"2015-04-17T20:24:39+00:00","article_modified_time":"2021-03-12T09:49:43+00:00","og_image":[{"width":720,"height":405,"url":"https:\/\/evertonfc.cz\/wp-content\/uploads\/2021\/03\/Everton-VS-Burnley.jpg","type":"image\/jpeg"}],"author":"Javor","twitter_card":"summary_large_image","twitter_creator":"@LoudinJan","twitter_misc":{"Napsal(a)":"Javor","Odhadovan\u00e1 doba \u010dten\u00ed":"2 minuty"},"schema":{"@context":"https:\/\/schema.org","@graph":[{"@type":"Article","@id":"https:\/\/evertonfc.cz\/index.php\/2015\/04\/17\/preview-everton-burnley-3\/#article","isPartOf":{"@id":"https:\/\/evertonfc.cz\/index.php\/2015\/04\/17\/preview-everton-burnley-3\/"},"author":{"name":"Javor","@id":"https:\/\/evertonfc.cz\/#\/schema\/person\/b30daf6a5852f4811f8207a17ec1bf78"},"headline":"Preview: Everton &#8211; Burnley","datePublished":"2015-04-17T20:24:39+00:00","dateModified":"2021-03-12T09:49:43+00:00","mainEntityOfPage":{"@id":"https:\/\/evertonfc.cz\/index.php\/2015\/04\/17\/preview-everton-burnley-3\/"},"wordCount":373,"commentCount":0,"publisher":{"@id":"https:\/\/evertonfc.cz\/#organization"},"image":{"@id":"https:\/\/evertonfc.cz\/index.php\/2015\/04\/17\/preview-everton-burnley-3\/#primaryimage"},"thumbnailUrl":"https:\/\/evertonfc.cz\/wp-content\/uploads\/2021\/03\/Everton-VS-Burnley.jpg","articleSection":["Z\u00e1pasy"],"inLanguage":"cs","potentialAction":[{"@type":"CommentAction","name":"Comment","target":["https:\/\/evertonfc.cz\/index.php\/2015\/04\/17\/preview-everton-burnley-3\/#respond"]}]},{"@type":"WebPage","@id":"https:\/\/evertonfc.cz\/index.php\/2015\/04\/17\/preview-everton-burnley-3\/","url":"https:\/\/evertonfc.cz\/index.php\/2015\/04\/17\/preview-everton-burnley-3\/","name":"Preview: Everton - Burnley - Official Czech &amp; Slovak Everton Supporters&#039; Club","isPartOf":{"@id":"https:\/\/evertonfc.cz\/#website"},"primaryImageOfPage":{"@id":"https:\/\/evertonfc.cz\/index.php\/2015\/04\/17\/preview-everton-burnley-3\/#primaryimage"},"image":{"@id":"https:\/\/evertonfc.cz\/index.php\/2015\/04\/17\/preview-everton-burnley-3\/#primaryimage"},"thumbnailUrl":"https:\/\/evertonfc.cz\/wp-content\/uploads\/2021\/03\/Everton-VS-Burnley.jpg","datePublished":"2015-04-17T20:24:39+00:00","dateModified":"2021-03-12T09:49:43+00:00","breadcrumb":{"@id":"https:\/\/evertonfc.cz\/index.php\/2015\/04\/17\/preview-everton-burnley-3\/#breadcrumb"},"inLanguage":"cs","potentialAction":[{"@type":"ReadAction","target":["https:\/\/evertonfc.cz\/index.php\/2015\/04\/17\/preview-everton-burnley-3\/"]}]},{"@type":"ImageObject","inLanguage":"cs","@id":"https:\/\/evertonfc.cz\/index.php\/2015\/04\/17\/preview-everton-burnley-3\/#primaryimage","url":"https:\/\/evertonfc.cz\/wp-content\/uploads\/2021\/03\/Everton-VS-Burnley.jpg","contentUrl":"https:\/\/evertonfc.cz\/wp-content\/uploads\/2021\/03\/Everton-VS-Burnley.jpg","width":720,"height":405},{"@type":"BreadcrumbList","@id":"https:\/\/evertonfc.cz\/index.php\/2015\/04\/17\/preview-everton-burnley-3\/#breadcrumb","itemListElement":[{"@type":"ListItem","position":1,"name":"Home","item":"https:\/\/evertonfc.cz\/"},{"@type":"ListItem","position":2,"name":"Preview: Everton &#8211; Burnley"}]},{"@type":"WebSite","@id":"https:\/\/evertonfc.cz\/#website","url":"https:\/\/evertonfc.cz\/","name":"Official Czech &amp; Slovak Everton Supporters&#039; Club","description":"","publisher":{"@id":"https:\/\/evertonfc.cz\/#organization"},"potentialAction":[{"@type":"SearchAction","target":{"@type":"EntryPoint","urlTemplate":"https:\/\/evertonfc.cz\/?s={search_term_string}"},"query-input":{"@type":"PropertyValueSpecification","valueRequired":true,"valueName":"search_term_string"}}],"inLanguage":"cs"},{"@type":"Organization","@id":"https:\/\/evertonfc.cz\/#organization","name":"Official Czech & Slovak Everton Supporters' Club","url":"https:\/\/evertonfc.cz\/","logo":{"@type":"ImageObject","inLanguage":"cs","@id":"https:\/\/evertonfc.cz\/#\/schema\/logo\/image\/","url":"https:\/\/evertonfc.cz\/wp-content\/uploads\/2019\/05\/logo.png","contentUrl":"https:\/\/evertonfc.cz\/wp-content\/uploads\/2019\/05\/logo.png","width":112,"height":112,"caption":"Official Czech & Slovak Everton Supporters' Club"},"image":{"@id":"https:\/\/evertonfc.cz\/#\/schema\/logo\/image\/"},"sameAs":["https:\/\/www.facebook.com\/everton.fans.cz.sk"]},{"@type":"Person","@id":"https:\/\/evertonfc.cz\/#\/schema\/person\/b30daf6a5852f4811f8207a17ec1bf78","name":"Javor","sameAs":["https:\/\/x.com\/LoudinJan"],"url":"https:\/\/evertonfc.cz\/index.php\/author\/javor\/"}]}},"_links":{"self":[{"href":"https:\/\/evertonfc.cz\/index.php\/wp-json\/wp\/v2\/posts\/4237"}],"collection":[{"href":"https:\/\/evertonfc.cz\/index.php\/wp-json\/wp\/v2\/posts"}],"about":[{"href":"https:\/\/evertonfc.cz\/index.php\/wp-json\/wp\/v2\/types\/post"}],"author":[{"embeddable":true,"href":"https:\/\/evertonfc.cz\/index.php\/wp-json\/wp\/v2\/users\/12"}],"replies":[{"embeddable":true,"href":"https:\/\/evertonfc.cz\/index.php\/wp-json\/wp\/v2\/comments?post=4237"}],"version-history":[{"count":2,"href":"https:\/\/evertonfc.cz\/index.php\/wp-json\/wp\/v2\/posts\/4237\/revisions"}],"predecessor-version":[{"id":14596,"href":"https:\/\/evertonfc.cz\/index.php\/wp-json\/wp\/v2\/posts\/4237\/revisions\/14596"}],"wp:featuredmedia":[{"embeddable":true,"href":"https:\/\/evertonfc.cz\/index.php\/wp-json\/wp\/v2\/media\/14586"}],"wp:attachment":[{"href":"https:\/\/evertonfc.cz\/index.php\/wp-json\/wp\/v2\/media?parent=4237"}],"wp:term":[{"taxonomy":"category","embeddable":true,"href":"https:\/\/evertonfc.cz\/index.php\/wp-json\/wp\/v2\/categories?post=4237"},{"taxonomy":"post_tag","embeddable":true,"href":"https:\/\/evertonfc.cz\/index.php\/wp-json\/wp\/v2\/tags?post=4237"}],"curies":[{"name":"wp","href":"https:\/\/api.w.org\/{rel}","templated":true}]}}