{"id":4239,"date":"2015-04-11T22:25:48","date_gmt":"2015-04-11T20:25:48","guid":{"rendered":"http:\/\/evertonfc.cz\/?p=4239"},"modified":"2019-02-12T22:26:45","modified_gmt":"2019-02-12T21:26:45","slug":"swansea-everton-11","status":"publish","type":"post","link":"https:\/\/evertonfc.cz\/index.php\/2015\/04\/11\/swansea-everton-11\/","title":{"rendered":"Swansea &#8211; Everton 1:1"},"content":{"rendered":"<h4 id=\"NewsPostDetailSummary\">Ligov\u00e1 neporazitelnost proti Swans udr\u017eena, v\u00edt\u011bzstv\u00ed zabr\u00e1nila penalta prom\u011bn\u011bn\u00e1 exRS Shelveym.<\/h4>\n<div id=\"NewsPostDetailContent\">\n<p>Lukaku nebyl nominov\u00e1n k z\u00e1pasu, povinnosti hro\u0165\u00e1ka obstar\u00e1val tedy Kon\u00e9. Lev\u00e9ho z\u00e1lo\u017en\u00edka tentokr\u00e1t hr\u00e1l Osman, na podhrotu Barkley a vpravo dostal p\u0159ed Mirallasem p\u0159ednost Lennon. V dresu dom\u00e1c\u00edch nebyl Montero ani na lavi\u010dce.<\/p>\n<p>Prvn\u00ed zazamen\u00e1n\u00edhodn\u00e1 ud\u00e1lost z\u00e1pasu se ud\u00e1la v 15. minut\u011b, Shelvey rozehr\u00e1l trestn\u00fd kop rychl\u00fdm p\u0159i\u0165uknut\u00edm Gomisovi, ten se oto\u010dil kousek za v\u00e1pnem kolem Jagielky a Howard m\u011bl co d\u011blat, aby st\u0159elu, kter\u00e1 m\u00ed\u0159ila k jeho lev\u00e9 ty\u010di, vyrazil. Z n\u011bj Williams hlavi\u010dkoval vedle. To ale bylo to posledn\u00ed, co francouzsk\u00fd \u00fato\u010dn\u00edk zvl\u00e1dl, proto\u017ee ho p\u00edchlo ve stehn\u011b a vyst\u0159\u00eddal ho Emnes. O 10 minut pozd\u011bji vym\u011bnil Pienaar Osmana, kter\u00fd si zranil t\u0159\u00edslo. Kr\u00e1tce pot\u00e9 m\u011bl nejv\u011bt\u0161\u00ed \u0161anci Evertonu do t\u00e9 doby Coleman, kter\u00fd zd\u00e1lky hodn\u011b prov\u011b\u0159il Fabianskiho, ale ten zvl\u00e1dl vyrazit na roh. Host\u00e9 byli v posledn\u00ed \u010dtvrthodin\u011b prvn\u00edho polo\u010dasu aktivn\u011bj\u0161\u00ed a po Barkleyho st\u0159ele, kterou trefil Taylora, ji\u017e ude\u0159ilo. McCarthy se ocitl na pro n\u011bj velmi neobvykl\u00e9m m\u00edst\u011b, u lev\u00e9ho rohov\u00e9ho praporku. Poslal p\u011bkn\u00fd centr, kter\u00fd propadl a\u017e k Lennonovi na penalt\u011b. Ten m\u011bl \u010das m\u00ed\u010d si zpracovat a k\u0159\u00ed\u017enou st\u0159elou k prav\u00e9 ty\u010di Fabianskiho branky poslal hosty do veden\u00ed. Prvn\u00ed pole skon\u010dila nep\u0159esnou hlavi\u010dkou Shelveyho po centru Rangela.<\/p>\n<p>Druh\u00e1 p\u016fle za\u010dala n\u00e1porem Evertonu, v\u00fdsledkem byly \u017elut\u00e9 karty pro Taylora s Emnesem, ale \u0161ance nep\u0159i\u0161ly. A tak za\u010dali o\u017e\u00edvat dom\u00e1c\u00ed, p\u00e1dy obou karetn\u00edch provinilc\u016f rozhod\u010d\u00ed Oliver nezba\u0161til, ale po ruce Colemana na &#8222;p\u011btku&#8220; uk\u00e1zal. Irsk\u00fd obr\u00e1nce byl na hranici faulu atakov\u00e1n Emneym, hr\u00e1\u010di Evertonu protestovali, ale v\u00fdsledkem byla pouze \u017elut\u00e1 karta pro americk\u00e9ho brank\u00e1\u0159e. Shelvey poslal Howarda k druh\u00e9 ty\u010di a bylo vyrovn\u00e1no. Prakticky z proti\u00fatoku st\u0159\u00edlel Barkley k ty\u010di, ale Fabianski bez probl\u00e9m\u016f kryl. Na posledn\u00edch 15 minut p\u0159i\u0161el na h\u0159i\u0161t\u011b Naismith, vyst\u0159\u00eddal Kon\u00e9ho, kter\u00fd taky u\u017e m\u011bl \u017elutou kartu. Z\u00e1v\u011bre\u010dn\u00e1 desetiminutovka p\u0159inesla \u017elut\u00e9 karty pro Williamse s Lennonem, po jeho faulu vid\u011bli div\u00e1ci posledn\u00ed \u0161anci z\u00e1pasu, kdy\u017e Sigurdsson zato\u010dil trest\u0148\u00e1k pod b\u0159evno. Howard m\u00ed\u010d vyt\u00e1hl na roh. Nu a posledn\u00edch p\u011bt minut si zahr\u00e1l i Mirallas, vyst\u0159\u00eddal Barkleyho.<\/p>\n<p>Everton tak minis\u00e9rii ligov\u00e9 neporazitelnosti nat\u00e1hl na \u010dty\u0159i z\u00e1pasy.<\/p>\n<p><strong>Branky:<\/strong> 69. Jonjo Shelvey (pen.) &#8211; 41. Aaron Lennon<br \/>\n<strong>\u017dK:<\/strong> 52. Neil Taylor, 56. Marvin Emnes, 80. Ashley Williams &#8211; 25. Arouna Kon\u00e9, 68. Tim Howard, 84. Aaron Lennon<br \/>\n<strong>Swansea City:<\/strong> \u0141ukasz Fabia\u0144ski, Angel Rangel, Federico Fern\u00e1ndez, Ashley Williams, Neil Taylor, Sung-Yueng Ki, Jack Cork, Jonjo Shelvey (84. Nathan Dyer), Gylfi Sigurdsson, Wayne Routledge, Bafetimbi Gomis (17. Marvin Emnes<br \/>\n<strong>Everton FC:<\/strong> Tim Howard, S\u00e9amus Coleman, John Stones, Phil Jagielka, Leighton Baines, Gareth Barry, Aaron Lennon, James McCarthy, Ross Barkley (86. Kevin Mirallas), Leon Osman (28. Steven Pienaar), Arouna Kon\u00e9 (76. Steven Naismith)<br \/>\n<strong>Rozhod\u010d\u00ed:<\/strong> Michael Oliver<br \/>\n<strong>Div\u00e1ci:<\/strong> 20 468<\/p>\n<\/div>\n","protected":false},"excerpt":{"rendered":"<p>Ligov\u00e1 neporazitelnost proti Swans udr\u017eena, v\u00edt\u011bzstv\u00ed zabr\u00e1nila penalta prom\u011bn\u011bn\u00e1 exRS Shelveym. Lukaku nebyl nominov\u00e1n k z\u00e1pasu, povinnosti hro\u0165\u00e1ka obstar\u00e1val tedy&hellip;<\/p>\n","protected":false},"author":12,"featured_media":1315,"comment_status":"open","ping_status":"closed","sticky":false,"template":"","format":"standard","meta":{"_eb_attr":"","_monsterinsights_skip_tracking":false,"_monsterinsights_sitenote_active":false,"_monsterinsights_sitenote_note":"","_monsterinsights_sitenote_category":0,"footnotes":""},"categories":[4],"tags":[],"yoast_head":"<!-- This site is optimized with the Yoast SEO plugin v23.4 - https:\/\/yoast.com\/wordpress\/plugins\/seo\/ -->\n<title>Swansea - Everton 1:1 - Official Czech &amp; Slovak Everton Supporters&#039; Club<\/title>\n<meta name=\"robots\" content=\"index, follow, max-snippet:-1, max-image-preview:large, max-video-preview:-1\" \/>\n<link rel=\"canonical\" href=\"https:\/\/evertonfc.cz\/index.php\/2015\/04\/11\/swansea-everton-11\/\" \/>\n<meta property=\"og:locale\" content=\"cs_CZ\" \/>\n<meta property=\"og:type\" content=\"article\" \/>\n<meta property=\"og:title\" content=\"Swansea - Everton 1:1 - Official Czech &amp; Slovak Everton Supporters&#039; Club\" \/>\n<meta property=\"og:description\" content=\"Ligov\u00e1 neporazitelnost proti Swans udr\u017eena, v\u00edt\u011bzstv\u00ed zabr\u00e1nila penalta prom\u011bn\u011bn\u00e1 exRS Shelveym. Lukaku nebyl nominov\u00e1n k z\u00e1pasu, povinnosti hro\u0165\u00e1ka obstar\u00e1val tedy&hellip;\" \/>\n<meta property=\"og:url\" content=\"https:\/\/evertonfc.cz\/index.php\/2015\/04\/11\/swansea-everton-11\/\" \/>\n<meta property=\"og:site_name\" content=\"Official Czech &amp; Slovak Everton Supporters&#039; Club\" \/>\n<meta property=\"article:publisher\" content=\"https:\/\/www.facebook.com\/everton.fans.cz.sk\" \/>\n<meta property=\"article:published_time\" content=\"2015-04-11T20:25:48+00:00\" \/>\n<meta property=\"article:modified_time\" content=\"2019-02-12T21:26:45+00:00\" \/>\n<meta property=\"og:image\" content=\"https:\/\/evertonfc.cz\/wp-content\/uploads\/2019\/01\/report.jpg\" \/>\n\t<meta property=\"og:image:width\" content=\"720\" \/>\n\t<meta property=\"og:image:height\" content=\"405\" \/>\n\t<meta property=\"og:image:type\" content=\"image\/jpeg\" \/>\n<meta name=\"author\" content=\"Javor\" \/>\n<meta name=\"twitter:card\" content=\"summary_large_image\" \/>\n<meta name=\"twitter:creator\" content=\"@LoudinJan\" \/>\n<meta name=\"twitter:label1\" content=\"Napsal(a)\" \/>\n\t<meta name=\"twitter:data1\" content=\"Javor\" \/>\n\t<meta name=\"twitter:label2\" content=\"Odhadovan\u00e1 doba \u010dten\u00ed\" \/>\n\t<meta name=\"twitter:data2\" content=\"3 minuty\" \/>\n<script type=\"application\/ld+json\" class=\"yoast-schema-graph\">{\"@context\":\"https:\/\/schema.org\",\"@graph\":[{\"@type\":\"Article\",\"@id\":\"https:\/\/evertonfc.cz\/index.php\/2015\/04\/11\/swansea-everton-11\/#article\",\"isPartOf\":{\"@id\":\"https:\/\/evertonfc.cz\/index.php\/2015\/04\/11\/swansea-everton-11\/\"},\"author\":{\"name\":\"Javor\",\"@id\":\"https:\/\/evertonfc.cz\/#\/schema\/person\/b30daf6a5852f4811f8207a17ec1bf78\"},\"headline\":\"Swansea &#8211; Everton 1:1\",\"datePublished\":\"2015-04-11T20:25:48+00:00\",\"dateModified\":\"2019-02-12T21:26:45+00:00\",\"mainEntityOfPage\":{\"@id\":\"https:\/\/evertonfc.cz\/index.php\/2015\/04\/11\/swansea-everton-11\/\"},\"wordCount\":557,\"commentCount\":0,\"publisher\":{\"@id\":\"https:\/\/evertonfc.cz\/#organization\"},\"image\":{\"@id\":\"https:\/\/evertonfc.cz\/index.php\/2015\/04\/11\/swansea-everton-11\/#primaryimage\"},\"thumbnailUrl\":\"https:\/\/evertonfc.cz\/wp-content\/uploads\/2019\/01\/report.jpg\",\"articleSection\":[\"Z\u00e1pasy\"],\"inLanguage\":\"cs\",\"potentialAction\":[{\"@type\":\"CommentAction\",\"name\":\"Comment\",\"target\":[\"https:\/\/evertonfc.cz\/index.php\/2015\/04\/11\/swansea-everton-11\/#respond\"]}]},{\"@type\":\"WebPage\",\"@id\":\"https:\/\/evertonfc.cz\/index.php\/2015\/04\/11\/swansea-everton-11\/\",\"url\":\"https:\/\/evertonfc.cz\/index.php\/2015\/04\/11\/swansea-everton-11\/\",\"name\":\"Swansea - Everton 1:1 - Official Czech &amp; Slovak Everton Supporters&#039; Club\",\"isPartOf\":{\"@id\":\"https:\/\/evertonfc.cz\/#website\"},\"primaryImageOfPage\":{\"@id\":\"https:\/\/evertonfc.cz\/index.php\/2015\/04\/11\/swansea-everton-11\/#primaryimage\"},\"image\":{\"@id\":\"https:\/\/evertonfc.cz\/index.php\/2015\/04\/11\/swansea-everton-11\/#primaryimage\"},\"thumbnailUrl\":\"https:\/\/evertonfc.cz\/wp-content\/uploads\/2019\/01\/report.jpg\",\"datePublished\":\"2015-04-11T20:25:48+00:00\",\"dateModified\":\"2019-02-12T21:26:45+00:00\",\"breadcrumb\":{\"@id\":\"https:\/\/evertonfc.cz\/index.php\/2015\/04\/11\/swansea-everton-11\/#breadcrumb\"},\"inLanguage\":\"cs\",\"potentialAction\":[{\"@type\":\"ReadAction\",\"target\":[\"https:\/\/evertonfc.cz\/index.php\/2015\/04\/11\/swansea-everton-11\/\"]}]},{\"@type\":\"ImageObject\",\"inLanguage\":\"cs\",\"@id\":\"https:\/\/evertonfc.cz\/index.php\/2015\/04\/11\/swansea-everton-11\/#primaryimage\",\"url\":\"https:\/\/evertonfc.cz\/wp-content\/uploads\/2019\/01\/report.jpg\",\"contentUrl\":\"https:\/\/evertonfc.cz\/wp-content\/uploads\/2019\/01\/report.jpg\",\"width\":720,\"height\":405},{\"@type\":\"BreadcrumbList\",\"@id\":\"https:\/\/evertonfc.cz\/index.php\/2015\/04\/11\/swansea-everton-11\/#breadcrumb\",\"itemListElement\":[{\"@type\":\"ListItem\",\"position\":1,\"name\":\"Home\",\"item\":\"https:\/\/evertonfc.cz\/\"},{\"@type\":\"ListItem\",\"position\":2,\"name\":\"Swansea &#8211; Everton 1:1\"}]},{\"@type\":\"WebSite\",\"@id\":\"https:\/\/evertonfc.cz\/#website\",\"url\":\"https:\/\/evertonfc.cz\/\",\"name\":\"Official Czech &amp; Slovak Everton Supporters&#039; Club\",\"description\":\"\",\"publisher\":{\"@id\":\"https:\/\/evertonfc.cz\/#organization\"},\"potentialAction\":[{\"@type\":\"SearchAction\",\"target\":{\"@type\":\"EntryPoint\",\"urlTemplate\":\"https:\/\/evertonfc.cz\/?s={search_term_string}\"},\"query-input\":{\"@type\":\"PropertyValueSpecification\",\"valueRequired\":true,\"valueName\":\"search_term_string\"}}],\"inLanguage\":\"cs\"},{\"@type\":\"Organization\",\"@id\":\"https:\/\/evertonfc.cz\/#organization\",\"name\":\"Official Czech & Slovak Everton Supporters' Club\",\"url\":\"https:\/\/evertonfc.cz\/\",\"logo\":{\"@type\":\"ImageObject\",\"inLanguage\":\"cs\",\"@id\":\"https:\/\/evertonfc.cz\/#\/schema\/logo\/image\/\",\"url\":\"https:\/\/evertonfc.cz\/wp-content\/uploads\/2019\/05\/logo.png\",\"contentUrl\":\"https:\/\/evertonfc.cz\/wp-content\/uploads\/2019\/05\/logo.png\",\"width\":112,\"height\":112,\"caption\":\"Official Czech & Slovak Everton Supporters' Club\"},\"image\":{\"@id\":\"https:\/\/evertonfc.cz\/#\/schema\/logo\/image\/\"},\"sameAs\":[\"https:\/\/www.facebook.com\/everton.fans.cz.sk\"]},{\"@type\":\"Person\",\"@id\":\"https:\/\/evertonfc.cz\/#\/schema\/person\/b30daf6a5852f4811f8207a17ec1bf78\",\"name\":\"Javor\",\"sameAs\":[\"https:\/\/x.com\/LoudinJan\"],\"url\":\"https:\/\/evertonfc.cz\/index.php\/author\/javor\/\"}]}<\/script>\n<!-- \/ Yoast SEO plugin. -->","yoast_head_json":{"title":"Swansea - Everton 1:1 - Official Czech &amp; Slovak Everton Supporters&#039; Club","robots":{"index":"index","follow":"follow","max-snippet":"max-snippet:-1","max-image-preview":"max-image-preview:large","max-video-preview":"max-video-preview:-1"},"canonical":"https:\/\/evertonfc.cz\/index.php\/2015\/04\/11\/swansea-everton-11\/","og_locale":"cs_CZ","og_type":"article","og_title":"Swansea - Everton 1:1 - Official Czech &amp; Slovak Everton Supporters&#039; Club","og_description":"Ligov\u00e1 neporazitelnost proti Swans udr\u017eena, v\u00edt\u011bzstv\u00ed zabr\u00e1nila penalta prom\u011bn\u011bn\u00e1 exRS Shelveym. Lukaku nebyl nominov\u00e1n k z\u00e1pasu, povinnosti hro\u0165\u00e1ka obstar\u00e1val tedy&hellip;","og_url":"https:\/\/evertonfc.cz\/index.php\/2015\/04\/11\/swansea-everton-11\/","og_site_name":"Official Czech &amp; Slovak Everton Supporters&#039; Club","article_publisher":"https:\/\/www.facebook.com\/everton.fans.cz.sk","article_published_time":"2015-04-11T20:25:48+00:00","article_modified_time":"2019-02-12T21:26:45+00:00","og_image":[{"width":720,"height":405,"url":"https:\/\/evertonfc.cz\/wp-content\/uploads\/2019\/01\/report.jpg","type":"image\/jpeg"}],"author":"Javor","twitter_card":"summary_large_image","twitter_creator":"@LoudinJan","twitter_misc":{"Napsal(a)":"Javor","Odhadovan\u00e1 doba \u010dten\u00ed":"3 minuty"},"schema":{"@context":"https:\/\/schema.org","@graph":[{"@type":"Article","@id":"https:\/\/evertonfc.cz\/index.php\/2015\/04\/11\/swansea-everton-11\/#article","isPartOf":{"@id":"https:\/\/evertonfc.cz\/index.php\/2015\/04\/11\/swansea-everton-11\/"},"author":{"name":"Javor","@id":"https:\/\/evertonfc.cz\/#\/schema\/person\/b30daf6a5852f4811f8207a17ec1bf78"},"headline":"Swansea &#8211; Everton 1:1","datePublished":"2015-04-11T20:25:48+00:00","dateModified":"2019-02-12T21:26:45+00:00","mainEntityOfPage":{"@id":"https:\/\/evertonfc.cz\/index.php\/2015\/04\/11\/swansea-everton-11\/"},"wordCount":557,"commentCount":0,"publisher":{"@id":"https:\/\/evertonfc.cz\/#organization"},"image":{"@id":"https:\/\/evertonfc.cz\/index.php\/2015\/04\/11\/swansea-everton-11\/#primaryimage"},"thumbnailUrl":"https:\/\/evertonfc.cz\/wp-content\/uploads\/2019\/01\/report.jpg","articleSection":["Z\u00e1pasy"],"inLanguage":"cs","potentialAction":[{"@type":"CommentAction","name":"Comment","target":["https:\/\/evertonfc.cz\/index.php\/2015\/04\/11\/swansea-everton-11\/#respond"]}]},{"@type":"WebPage","@id":"https:\/\/evertonfc.cz\/index.php\/2015\/04\/11\/swansea-everton-11\/","url":"https:\/\/evertonfc.cz\/index.php\/2015\/04\/11\/swansea-everton-11\/","name":"Swansea - Everton 1:1 - Official Czech &amp; Slovak Everton Supporters&#039; Club","isPartOf":{"@id":"https:\/\/evertonfc.cz\/#website"},"primaryImageOfPage":{"@id":"https:\/\/evertonfc.cz\/index.php\/2015\/04\/11\/swansea-everton-11\/#primaryimage"},"image":{"@id":"https:\/\/evertonfc.cz\/index.php\/2015\/04\/11\/swansea-everton-11\/#primaryimage"},"thumbnailUrl":"https:\/\/evertonfc.cz\/wp-content\/uploads\/2019\/01\/report.jpg","datePublished":"2015-04-11T20:25:48+00:00","dateModified":"2019-02-12T21:26:45+00:00","breadcrumb":{"@id":"https:\/\/evertonfc.cz\/index.php\/2015\/04\/11\/swansea-everton-11\/#breadcrumb"},"inLanguage":"cs","potentialAction":[{"@type":"ReadAction","target":["https:\/\/evertonfc.cz\/index.php\/2015\/04\/11\/swansea-everton-11\/"]}]},{"@type":"ImageObject","inLanguage":"cs","@id":"https:\/\/evertonfc.cz\/index.php\/2015\/04\/11\/swansea-everton-11\/#primaryimage","url":"https:\/\/evertonfc.cz\/wp-content\/uploads\/2019\/01\/report.jpg","contentUrl":"https:\/\/evertonfc.cz\/wp-content\/uploads\/2019\/01\/report.jpg","width":720,"height":405},{"@type":"BreadcrumbList","@id":"https:\/\/evertonfc.cz\/index.php\/2015\/04\/11\/swansea-everton-11\/#breadcrumb","itemListElement":[{"@type":"ListItem","position":1,"name":"Home","item":"https:\/\/evertonfc.cz\/"},{"@type":"ListItem","position":2,"name":"Swansea &#8211; Everton 1:1"}]},{"@type":"WebSite","@id":"https:\/\/evertonfc.cz\/#website","url":"https:\/\/evertonfc.cz\/","name":"Official Czech &amp; Slovak Everton Supporters&#039; Club","description":"","publisher":{"@id":"https:\/\/evertonfc.cz\/#organization"},"potentialAction":[{"@type":"SearchAction","target":{"@type":"EntryPoint","urlTemplate":"https:\/\/evertonfc.cz\/?s={search_term_string}"},"query-input":{"@type":"PropertyValueSpecification","valueRequired":true,"valueName":"search_term_string"}}],"inLanguage":"cs"},{"@type":"Organization","@id":"https:\/\/evertonfc.cz\/#organization","name":"Official Czech & Slovak Everton Supporters' Club","url":"https:\/\/evertonfc.cz\/","logo":{"@type":"ImageObject","inLanguage":"cs","@id":"https:\/\/evertonfc.cz\/#\/schema\/logo\/image\/","url":"https:\/\/evertonfc.cz\/wp-content\/uploads\/2019\/05\/logo.png","contentUrl":"https:\/\/evertonfc.cz\/wp-content\/uploads\/2019\/05\/logo.png","width":112,"height":112,"caption":"Official Czech & Slovak Everton Supporters' Club"},"image":{"@id":"https:\/\/evertonfc.cz\/#\/schema\/logo\/image\/"},"sameAs":["https:\/\/www.facebook.com\/everton.fans.cz.sk"]},{"@type":"Person","@id":"https:\/\/evertonfc.cz\/#\/schema\/person\/b30daf6a5852f4811f8207a17ec1bf78","name":"Javor","sameAs":["https:\/\/x.com\/LoudinJan"],"url":"https:\/\/evertonfc.cz\/index.php\/author\/javor\/"}]}},"_links":{"self":[{"href":"https:\/\/evertonfc.cz\/index.php\/wp-json\/wp\/v2\/posts\/4239"}],"collection":[{"href":"https:\/\/evertonfc.cz\/index.php\/wp-json\/wp\/v2\/posts"}],"about":[{"href":"https:\/\/evertonfc.cz\/index.php\/wp-json\/wp\/v2\/types\/post"}],"author":[{"embeddable":true,"href":"https:\/\/evertonfc.cz\/index.php\/wp-json\/wp\/v2\/users\/12"}],"replies":[{"embeddable":true,"href":"https:\/\/evertonfc.cz\/index.php\/wp-json\/wp\/v2\/comments?post=4239"}],"version-history":[{"count":1,"href":"https:\/\/evertonfc.cz\/index.php\/wp-json\/wp\/v2\/posts\/4239\/revisions"}],"predecessor-version":[{"id":4240,"href":"https:\/\/evertonfc.cz\/index.php\/wp-json\/wp\/v2\/posts\/4239\/revisions\/4240"}],"wp:featuredmedia":[{"embeddable":true,"href":"https:\/\/evertonfc.cz\/index.php\/wp-json\/wp\/v2\/media\/1315"}],"wp:attachment":[{"href":"https:\/\/evertonfc.cz\/index.php\/wp-json\/wp\/v2\/media?parent=4239"}],"wp:term":[{"taxonomy":"category","embeddable":true,"href":"https:\/\/evertonfc.cz\/index.php\/wp-json\/wp\/v2\/categories?post=4239"},{"taxonomy":"post_tag","embeddable":true,"href":"https:\/\/evertonfc.cz\/index.php\/wp-json\/wp\/v2\/tags?post=4239"}],"curies":[{"name":"wp","href":"https:\/\/api.w.org\/{rel}","templated":true}]}}