{"id":4241,"date":"2015-04-09T22:26:55","date_gmt":"2015-04-09T20:26:55","guid":{"rendered":"http:\/\/evertonfc.cz\/?p=4241"},"modified":"2019-02-12T22:27:49","modified_gmt":"2019-02-12T21:27:49","slug":"preview-swansea-city-everton-4","status":"publish","type":"post","link":"https:\/\/evertonfc.cz\/index.php\/2015\/04\/09\/preview-swansea-city-everton-4\/","title":{"rendered":"Preview: Swansea City &#8211; Everton"},"content":{"rendered":"<h4 id=\"NewsPostDetailSummary\">Labut\u011b maj\u00ed na dosah ruky p\u0159ekon\u00e1n\u00ed klubov\u00e9ho rekordu v po\u010dtu bod\u016f &#8211; chyb\u00ed jim dva. Everton bude cht\u00edt roz\u0161\u00ed\u0159it s\u00e9rii t\u0159\u00ed ligov\u00fdch v\u00edt\u011bzstv\u00ed v \u0159ad\u011b. \u010c\u00ed ni\u0165 se p\u0159etrhne? To n\u00e1m \u0159ekne sobotn\u00ed popoledn\u00ed na jihu Walesu.<\/h4>\n<div id=\"NewsPostDetailContent\">\n<p>Swans jsou jedn\u00edm z p\u0159\u00edjemn\u00fdch p\u0159ekvapen\u00ed sez\u00f3ny. Moment\u00e1ln\u011b osm\u00fd t\u00fdm ligy knihuje u\u017e te\u010f \u00fasp\u011b\u0161nou sezonu (a\u010d v obou poh\u00e1rech zvl\u00e1dl vyhr\u00e1t jen prvn\u00ed z\u00e1pas) a extr\u00e9mn\u00ed optimist\u00e9 pom\u00fd\u0161lej\u00ed i na postup do EL. To se asi nepovede (ztr\u00e1ta 8 bod\u016f p\u0159i sedmi z\u00e1pasech do konce je p\u0159\u00edli\u0161), ale na dosah je klubov\u00fd rekord, kter\u00fd jist\u011b padne. Nu a my budeme doufat, \u017ee to nebude hned v tom dal\u0161\u00edm z\u00e1pase. V\u0161ichni nav\u00edc je\u0161t\u011b m\u00e1me v \u010derstv\u00e9 pam\u011bti posledn\u00ed z\u00e1pas ve Swansea, kter\u00fd skon\u010dil potupnou prohrou 0:3 a karamelky tak byly vy\u0159azeny z Ligov\u00e9ho poh\u00e1ru.<\/p>\n<p>Everton chytil slinu a za\u010dal sb\u00edrat kone\u010dn\u011b body. Pot\u011b\u0161uj\u00edc\u00ed je i to, \u017ee se za\u010dalo da\u0159it obran\u011b, jedna inkasovan\u00e1 branka v t\u00e9hle ligov\u00e9 minis\u00e9rii je toho d\u016fkazem. Toffees tak odj\u00ed\u017ed\u011bj\u00ed k sobotn\u00edmu z\u00e1pasu v lep\u0161\u00ed n\u00e1lad\u011b. A v jak\u00e9 sestav\u011b? Lukak\u016fv start je nejist\u00fd (p\u0159itahova\u010d stehenn\u00edho svalu), Martinez ho odhadl slovy 50:50. Do konce sezony je mimo hru i Gibson, ten potvrdil pov\u011bst sklen\u011bn\u00e9ho mu\u017ee a zlomil si kost vedouc\u00ed k mal\u00ed\u010dku nohy. K marod\u00edc\u00ed dvojici Hibbert-Oviedo se p\u0159idal s bolav\u00fdmi z\u00e1dy McGeady. Na hrotu by tedy mohl pokra\u010dovat Kone a vpravo po n\u011bjak\u00e9 dob\u011b op\u011bt nastoupit Mirallas.<\/p>\n<p>U dom\u00e1c\u00edch je s otazn\u00edkem start Montera, ten m\u00e1 svalov\u00e9 zran\u011bn\u00ed a minul\u00fd t\u00fdden proti Hullu nehr\u00e1l. Naughton si poranil vazy v kotn\u00edku a je vy\u0159azen do konce sezony, naopak se po v\u00edce ne\u017e dvou m\u011bs\u00edc\u00edch vrac\u00ed hr\u00e1\u010d s nejlep\u0161\u00edm jm\u00e9nem v cel\u00e9 lize, obr\u00e1nce Angel Rangel.<\/p>\n<p><strong>Co:<\/strong> Swansea City AFC &#8211; Everton FC, 32. kolo Premier League<br \/>\n<strong>Kdy:<\/strong> 11. 04. 2015 od 13:45 SE\u010c<br \/>\n<strong>Kde:<\/strong> Liberty Stadium, Swansea (kapacita: 20 520)<br \/>\n<strong>Rozhod\u010d\u00ed:<\/strong> Michael Oliver<\/p>\n<\/div>\n","protected":false},"excerpt":{"rendered":"<p>Labut\u011b maj\u00ed na dosah ruky p\u0159ekon\u00e1n\u00ed klubov\u00e9ho rekordu v po\u010dtu bod\u016f &#8211; chyb\u00ed jim dva. Everton bude cht\u00edt roz\u0161\u00ed\u0159it s\u00e9rii&hellip;<\/p>\n","protected":false},"author":12,"featured_media":1314,"comment_status":"open","ping_status":"closed","sticky":false,"template":"","format":"standard","meta":{"_eb_attr":"","_monsterinsights_skip_tracking":false,"_monsterinsights_sitenote_active":false,"_monsterinsights_sitenote_note":"","_monsterinsights_sitenote_category":0,"footnotes":""},"categories":[4],"tags":[],"yoast_head":"<!-- This site is optimized with the Yoast SEO plugin v23.4 - https:\/\/yoast.com\/wordpress\/plugins\/seo\/ -->\n<title>Preview: Swansea City - Everton - Official Czech &amp; Slovak Everton Supporters&#039; Club<\/title>\n<meta name=\"robots\" content=\"index, follow, max-snippet:-1, max-image-preview:large, max-video-preview:-1\" \/>\n<link rel=\"canonical\" href=\"https:\/\/evertonfc.cz\/index.php\/2015\/04\/09\/preview-swansea-city-everton-4\/\" \/>\n<meta property=\"og:locale\" content=\"cs_CZ\" \/>\n<meta property=\"og:type\" content=\"article\" \/>\n<meta property=\"og:title\" content=\"Preview: Swansea City - Everton - Official Czech &amp; Slovak Everton Supporters&#039; Club\" \/>\n<meta property=\"og:description\" content=\"Labut\u011b maj\u00ed na dosah ruky p\u0159ekon\u00e1n\u00ed klubov\u00e9ho rekordu v po\u010dtu bod\u016f &#8211; chyb\u00ed jim dva. Everton bude cht\u00edt roz\u0161\u00ed\u0159it s\u00e9rii&hellip;\" \/>\n<meta property=\"og:url\" content=\"https:\/\/evertonfc.cz\/index.php\/2015\/04\/09\/preview-swansea-city-everton-4\/\" \/>\n<meta property=\"og:site_name\" content=\"Official Czech &amp; Slovak Everton Supporters&#039; Club\" \/>\n<meta property=\"article:publisher\" content=\"https:\/\/www.facebook.com\/everton.fans.cz.sk\" \/>\n<meta property=\"article:published_time\" content=\"2015-04-09T20:26:55+00:00\" \/>\n<meta property=\"article:modified_time\" content=\"2019-02-12T21:27:49+00:00\" \/>\n<meta property=\"og:image\" content=\"https:\/\/evertonfc.cz\/wp-content\/uploads\/2019\/01\/preview.jpg\" \/>\n\t<meta property=\"og:image:width\" content=\"720\" \/>\n\t<meta property=\"og:image:height\" content=\"405\" \/>\n\t<meta property=\"og:image:type\" content=\"image\/jpeg\" \/>\n<meta name=\"author\" content=\"Javor\" \/>\n<meta name=\"twitter:card\" content=\"summary_large_image\" \/>\n<meta name=\"twitter:creator\" content=\"@LoudinJan\" \/>\n<meta name=\"twitter:label1\" content=\"Napsal(a)\" \/>\n\t<meta name=\"twitter:data1\" content=\"Javor\" \/>\n\t<meta name=\"twitter:label2\" content=\"Odhadovan\u00e1 doba \u010dten\u00ed\" \/>\n\t<meta name=\"twitter:data2\" content=\"2 minuty\" \/>\n<script type=\"application\/ld+json\" class=\"yoast-schema-graph\">{\"@context\":\"https:\/\/schema.org\",\"@graph\":[{\"@type\":\"Article\",\"@id\":\"https:\/\/evertonfc.cz\/index.php\/2015\/04\/09\/preview-swansea-city-everton-4\/#article\",\"isPartOf\":{\"@id\":\"https:\/\/evertonfc.cz\/index.php\/2015\/04\/09\/preview-swansea-city-everton-4\/\"},\"author\":{\"name\":\"Javor\",\"@id\":\"https:\/\/evertonfc.cz\/#\/schema\/person\/b30daf6a5852f4811f8207a17ec1bf78\"},\"headline\":\"Preview: Swansea City &#8211; Everton\",\"datePublished\":\"2015-04-09T20:26:55+00:00\",\"dateModified\":\"2019-02-12T21:27:49+00:00\",\"mainEntityOfPage\":{\"@id\":\"https:\/\/evertonfc.cz\/index.php\/2015\/04\/09\/preview-swansea-city-everton-4\/\"},\"wordCount\":385,\"commentCount\":0,\"publisher\":{\"@id\":\"https:\/\/evertonfc.cz\/#organization\"},\"image\":{\"@id\":\"https:\/\/evertonfc.cz\/index.php\/2015\/04\/09\/preview-swansea-city-everton-4\/#primaryimage\"},\"thumbnailUrl\":\"https:\/\/evertonfc.cz\/wp-content\/uploads\/2019\/01\/preview.jpg\",\"articleSection\":[\"Z\u00e1pasy\"],\"inLanguage\":\"cs\",\"potentialAction\":[{\"@type\":\"CommentAction\",\"name\":\"Comment\",\"target\":[\"https:\/\/evertonfc.cz\/index.php\/2015\/04\/09\/preview-swansea-city-everton-4\/#respond\"]}]},{\"@type\":\"WebPage\",\"@id\":\"https:\/\/evertonfc.cz\/index.php\/2015\/04\/09\/preview-swansea-city-everton-4\/\",\"url\":\"https:\/\/evertonfc.cz\/index.php\/2015\/04\/09\/preview-swansea-city-everton-4\/\",\"name\":\"Preview: Swansea City - Everton - Official Czech &amp; Slovak Everton Supporters&#039; Club\",\"isPartOf\":{\"@id\":\"https:\/\/evertonfc.cz\/#website\"},\"primaryImageOfPage\":{\"@id\":\"https:\/\/evertonfc.cz\/index.php\/2015\/04\/09\/preview-swansea-city-everton-4\/#primaryimage\"},\"image\":{\"@id\":\"https:\/\/evertonfc.cz\/index.php\/2015\/04\/09\/preview-swansea-city-everton-4\/#primaryimage\"},\"thumbnailUrl\":\"https:\/\/evertonfc.cz\/wp-content\/uploads\/2019\/01\/preview.jpg\",\"datePublished\":\"2015-04-09T20:26:55+00:00\",\"dateModified\":\"2019-02-12T21:27:49+00:00\",\"breadcrumb\":{\"@id\":\"https:\/\/evertonfc.cz\/index.php\/2015\/04\/09\/preview-swansea-city-everton-4\/#breadcrumb\"},\"inLanguage\":\"cs\",\"potentialAction\":[{\"@type\":\"ReadAction\",\"target\":[\"https:\/\/evertonfc.cz\/index.php\/2015\/04\/09\/preview-swansea-city-everton-4\/\"]}]},{\"@type\":\"ImageObject\",\"inLanguage\":\"cs\",\"@id\":\"https:\/\/evertonfc.cz\/index.php\/2015\/04\/09\/preview-swansea-city-everton-4\/#primaryimage\",\"url\":\"https:\/\/evertonfc.cz\/wp-content\/uploads\/2019\/01\/preview.jpg\",\"contentUrl\":\"https:\/\/evertonfc.cz\/wp-content\/uploads\/2019\/01\/preview.jpg\",\"width\":720,\"height\":405},{\"@type\":\"BreadcrumbList\",\"@id\":\"https:\/\/evertonfc.cz\/index.php\/2015\/04\/09\/preview-swansea-city-everton-4\/#breadcrumb\",\"itemListElement\":[{\"@type\":\"ListItem\",\"position\":1,\"name\":\"Home\",\"item\":\"https:\/\/evertonfc.cz\/\"},{\"@type\":\"ListItem\",\"position\":2,\"name\":\"Preview: Swansea City &#8211; Everton\"}]},{\"@type\":\"WebSite\",\"@id\":\"https:\/\/evertonfc.cz\/#website\",\"url\":\"https:\/\/evertonfc.cz\/\",\"name\":\"Official Czech &amp; Slovak Everton Supporters&#039; Club\",\"description\":\"\",\"publisher\":{\"@id\":\"https:\/\/evertonfc.cz\/#organization\"},\"potentialAction\":[{\"@type\":\"SearchAction\",\"target\":{\"@type\":\"EntryPoint\",\"urlTemplate\":\"https:\/\/evertonfc.cz\/?s={search_term_string}\"},\"query-input\":{\"@type\":\"PropertyValueSpecification\",\"valueRequired\":true,\"valueName\":\"search_term_string\"}}],\"inLanguage\":\"cs\"},{\"@type\":\"Organization\",\"@id\":\"https:\/\/evertonfc.cz\/#organization\",\"name\":\"Official Czech & Slovak Everton Supporters' Club\",\"url\":\"https:\/\/evertonfc.cz\/\",\"logo\":{\"@type\":\"ImageObject\",\"inLanguage\":\"cs\",\"@id\":\"https:\/\/evertonfc.cz\/#\/schema\/logo\/image\/\",\"url\":\"https:\/\/evertonfc.cz\/wp-content\/uploads\/2019\/05\/logo.png\",\"contentUrl\":\"https:\/\/evertonfc.cz\/wp-content\/uploads\/2019\/05\/logo.png\",\"width\":112,\"height\":112,\"caption\":\"Official Czech & Slovak Everton Supporters' Club\"},\"image\":{\"@id\":\"https:\/\/evertonfc.cz\/#\/schema\/logo\/image\/\"},\"sameAs\":[\"https:\/\/www.facebook.com\/everton.fans.cz.sk\"]},{\"@type\":\"Person\",\"@id\":\"https:\/\/evertonfc.cz\/#\/schema\/person\/b30daf6a5852f4811f8207a17ec1bf78\",\"name\":\"Javor\",\"sameAs\":[\"https:\/\/x.com\/LoudinJan\"],\"url\":\"https:\/\/evertonfc.cz\/index.php\/author\/javor\/\"}]}<\/script>\n<!-- \/ Yoast SEO plugin. -->","yoast_head_json":{"title":"Preview: Swansea City - Everton - Official Czech &amp; Slovak Everton Supporters&#039; Club","robots":{"index":"index","follow":"follow","max-snippet":"max-snippet:-1","max-image-preview":"max-image-preview:large","max-video-preview":"max-video-preview:-1"},"canonical":"https:\/\/evertonfc.cz\/index.php\/2015\/04\/09\/preview-swansea-city-everton-4\/","og_locale":"cs_CZ","og_type":"article","og_title":"Preview: Swansea City - Everton - Official Czech &amp; Slovak Everton Supporters&#039; Club","og_description":"Labut\u011b maj\u00ed na dosah ruky p\u0159ekon\u00e1n\u00ed klubov\u00e9ho rekordu v po\u010dtu bod\u016f &#8211; chyb\u00ed jim dva. Everton bude cht\u00edt roz\u0161\u00ed\u0159it s\u00e9rii&hellip;","og_url":"https:\/\/evertonfc.cz\/index.php\/2015\/04\/09\/preview-swansea-city-everton-4\/","og_site_name":"Official Czech &amp; Slovak Everton Supporters&#039; Club","article_publisher":"https:\/\/www.facebook.com\/everton.fans.cz.sk","article_published_time":"2015-04-09T20:26:55+00:00","article_modified_time":"2019-02-12T21:27:49+00:00","og_image":[{"width":720,"height":405,"url":"https:\/\/evertonfc.cz\/wp-content\/uploads\/2019\/01\/preview.jpg","type":"image\/jpeg"}],"author":"Javor","twitter_card":"summary_large_image","twitter_creator":"@LoudinJan","twitter_misc":{"Napsal(a)":"Javor","Odhadovan\u00e1 doba \u010dten\u00ed":"2 minuty"},"schema":{"@context":"https:\/\/schema.org","@graph":[{"@type":"Article","@id":"https:\/\/evertonfc.cz\/index.php\/2015\/04\/09\/preview-swansea-city-everton-4\/#article","isPartOf":{"@id":"https:\/\/evertonfc.cz\/index.php\/2015\/04\/09\/preview-swansea-city-everton-4\/"},"author":{"name":"Javor","@id":"https:\/\/evertonfc.cz\/#\/schema\/person\/b30daf6a5852f4811f8207a17ec1bf78"},"headline":"Preview: Swansea City &#8211; Everton","datePublished":"2015-04-09T20:26:55+00:00","dateModified":"2019-02-12T21:27:49+00:00","mainEntityOfPage":{"@id":"https:\/\/evertonfc.cz\/index.php\/2015\/04\/09\/preview-swansea-city-everton-4\/"},"wordCount":385,"commentCount":0,"publisher":{"@id":"https:\/\/evertonfc.cz\/#organization"},"image":{"@id":"https:\/\/evertonfc.cz\/index.php\/2015\/04\/09\/preview-swansea-city-everton-4\/#primaryimage"},"thumbnailUrl":"https:\/\/evertonfc.cz\/wp-content\/uploads\/2019\/01\/preview.jpg","articleSection":["Z\u00e1pasy"],"inLanguage":"cs","potentialAction":[{"@type":"CommentAction","name":"Comment","target":["https:\/\/evertonfc.cz\/index.php\/2015\/04\/09\/preview-swansea-city-everton-4\/#respond"]}]},{"@type":"WebPage","@id":"https:\/\/evertonfc.cz\/index.php\/2015\/04\/09\/preview-swansea-city-everton-4\/","url":"https:\/\/evertonfc.cz\/index.php\/2015\/04\/09\/preview-swansea-city-everton-4\/","name":"Preview: Swansea City - Everton - Official Czech &amp; Slovak Everton Supporters&#039; Club","isPartOf":{"@id":"https:\/\/evertonfc.cz\/#website"},"primaryImageOfPage":{"@id":"https:\/\/evertonfc.cz\/index.php\/2015\/04\/09\/preview-swansea-city-everton-4\/#primaryimage"},"image":{"@id":"https:\/\/evertonfc.cz\/index.php\/2015\/04\/09\/preview-swansea-city-everton-4\/#primaryimage"},"thumbnailUrl":"https:\/\/evertonfc.cz\/wp-content\/uploads\/2019\/01\/preview.jpg","datePublished":"2015-04-09T20:26:55+00:00","dateModified":"2019-02-12T21:27:49+00:00","breadcrumb":{"@id":"https:\/\/evertonfc.cz\/index.php\/2015\/04\/09\/preview-swansea-city-everton-4\/#breadcrumb"},"inLanguage":"cs","potentialAction":[{"@type":"ReadAction","target":["https:\/\/evertonfc.cz\/index.php\/2015\/04\/09\/preview-swansea-city-everton-4\/"]}]},{"@type":"ImageObject","inLanguage":"cs","@id":"https:\/\/evertonfc.cz\/index.php\/2015\/04\/09\/preview-swansea-city-everton-4\/#primaryimage","url":"https:\/\/evertonfc.cz\/wp-content\/uploads\/2019\/01\/preview.jpg","contentUrl":"https:\/\/evertonfc.cz\/wp-content\/uploads\/2019\/01\/preview.jpg","width":720,"height":405},{"@type":"BreadcrumbList","@id":"https:\/\/evertonfc.cz\/index.php\/2015\/04\/09\/preview-swansea-city-everton-4\/#breadcrumb","itemListElement":[{"@type":"ListItem","position":1,"name":"Home","item":"https:\/\/evertonfc.cz\/"},{"@type":"ListItem","position":2,"name":"Preview: Swansea City &#8211; Everton"}]},{"@type":"WebSite","@id":"https:\/\/evertonfc.cz\/#website","url":"https:\/\/evertonfc.cz\/","name":"Official Czech &amp; Slovak Everton Supporters&#039; Club","description":"","publisher":{"@id":"https:\/\/evertonfc.cz\/#organization"},"potentialAction":[{"@type":"SearchAction","target":{"@type":"EntryPoint","urlTemplate":"https:\/\/evertonfc.cz\/?s={search_term_string}"},"query-input":{"@type":"PropertyValueSpecification","valueRequired":true,"valueName":"search_term_string"}}],"inLanguage":"cs"},{"@type":"Organization","@id":"https:\/\/evertonfc.cz\/#organization","name":"Official Czech & Slovak Everton Supporters' Club","url":"https:\/\/evertonfc.cz\/","logo":{"@type":"ImageObject","inLanguage":"cs","@id":"https:\/\/evertonfc.cz\/#\/schema\/logo\/image\/","url":"https:\/\/evertonfc.cz\/wp-content\/uploads\/2019\/05\/logo.png","contentUrl":"https:\/\/evertonfc.cz\/wp-content\/uploads\/2019\/05\/logo.png","width":112,"height":112,"caption":"Official Czech & Slovak Everton Supporters' Club"},"image":{"@id":"https:\/\/evertonfc.cz\/#\/schema\/logo\/image\/"},"sameAs":["https:\/\/www.facebook.com\/everton.fans.cz.sk"]},{"@type":"Person","@id":"https:\/\/evertonfc.cz\/#\/schema\/person\/b30daf6a5852f4811f8207a17ec1bf78","name":"Javor","sameAs":["https:\/\/x.com\/LoudinJan"],"url":"https:\/\/evertonfc.cz\/index.php\/author\/javor\/"}]}},"_links":{"self":[{"href":"https:\/\/evertonfc.cz\/index.php\/wp-json\/wp\/v2\/posts\/4241"}],"collection":[{"href":"https:\/\/evertonfc.cz\/index.php\/wp-json\/wp\/v2\/posts"}],"about":[{"href":"https:\/\/evertonfc.cz\/index.php\/wp-json\/wp\/v2\/types\/post"}],"author":[{"embeddable":true,"href":"https:\/\/evertonfc.cz\/index.php\/wp-json\/wp\/v2\/users\/12"}],"replies":[{"embeddable":true,"href":"https:\/\/evertonfc.cz\/index.php\/wp-json\/wp\/v2\/comments?post=4241"}],"version-history":[{"count":1,"href":"https:\/\/evertonfc.cz\/index.php\/wp-json\/wp\/v2\/posts\/4241\/revisions"}],"predecessor-version":[{"id":4242,"href":"https:\/\/evertonfc.cz\/index.php\/wp-json\/wp\/v2\/posts\/4241\/revisions\/4242"}],"wp:featuredmedia":[{"embeddable":true,"href":"https:\/\/evertonfc.cz\/index.php\/wp-json\/wp\/v2\/media\/1314"}],"wp:attachment":[{"href":"https:\/\/evertonfc.cz\/index.php\/wp-json\/wp\/v2\/media?parent=4241"}],"wp:term":[{"taxonomy":"category","embeddable":true,"href":"https:\/\/evertonfc.cz\/index.php\/wp-json\/wp\/v2\/categories?post=4241"},{"taxonomy":"post_tag","embeddable":true,"href":"https:\/\/evertonfc.cz\/index.php\/wp-json\/wp\/v2\/tags?post=4241"}],"curies":[{"name":"wp","href":"https:\/\/api.w.org\/{rel}","templated":true}]}}