{"id":4249,"date":"2015-03-21T22:34:41","date_gmt":"2015-03-21T21:34:41","guid":{"rendered":"http:\/\/evertonfc.cz\/?p=4249"},"modified":"2021-09-20T13:35:45","modified_gmt":"2021-09-20T11:35:45","slug":"preview-queens-park-rangers-everton","status":"publish","type":"post","link":"https:\/\/evertonfc.cz\/index.php\/2015\/03\/21\/preview-queens-park-rangers-everton\/","title":{"rendered":"Preview: Queens Park Rangers &#8211; Everton"},"content":{"rendered":"<h4>Dev\u011bt kol p\u0159ed koncem sout\u011b\u017ee devaten\u00e1ct\u00fd celek tabulky host\u00ed \u010dtrn\u00e1ct\u00e9ho a Everton si nem\u016f\u017ee dovolit zav\u00e1hat, fanou\u0161ci o\u010dek\u00e1vaj\u00ed odpov\u011b\u010f na nepoveden\u00e9 p\u0159edstaven\u00ed z Kyjeva.<\/h4>\n<p>Hoops zoufale vyhl\u00ed\u017e\u00ed body, v posledn\u00ed t\u0159etin\u011b Premier League se nach\u00e1zej\u00ed na sestupov\u00fdch pozic\u00edch, optimismus nav\u00edc nedod\u00e1v\u00e1 ani zoufal\u00e1 forma, v posledn\u00edch deseti z\u00e1pasech zv\u00edt\u011bzili pouze jednou, zbyl\u00e9 utk\u00e1n\u00ed prohr\u00e1li. K\u00fd\u017een\u00fd nov\u00fd impuls nep\u0159inesla ani zm\u011bna mana\u017eera na za\u010d\u00e1tku \u00fanora, t\u0159eba\u017ee Harry Redknapp na svou pozici rezignoval, su\u017euje je ho operace kolena a n\u00e1sledn\u00e1 rekonvalescence, aspo\u0148 tak zku\u0161en\u00fd matador vysv\u011btlil ne\u010dekan\u00fd krok.<\/p>\n<p>Do pozice hlavn\u00edho kou\u010de pov\u00fd\u0161il Chris Ramsey, kter\u00fd p\u0159edt\u00edm vedl akademii. Dvaapades\u00e1tilet\u00fd uzn\u00e1van\u00fd tren\u00e9r spolupracuje s Lesem Ferdinandem, sportovn\u00edm \u0159editelem a poradcem prvn\u00edho t\u00fdmu. Tato p\u0159ekvapiv\u00e1 dvojice za\u010dala anga\u017em\u00e1 triumfem na Sunderlandu, ov\u0161em na dal\u0161\u00ed \u00fasp\u011bch \u010dek\u00e1 u\u017e v\u00edce ne\u017e m\u011bs\u00edc.<\/p>\n<p>Toffees a hlavn\u011b Roberto Mart\u00ednez pot\u0159ebuj\u00ed plodn\u00e9 ned\u011bln\u00ed odpoledne. \u0160pan\u011blsk\u00fd lodivod se svou skvadrou hern\u011b nezvl\u00e1dli odvetu osmifin\u00e1le Evropsk\u00e9 ligy proti Dynamu Kyjev, p\u0159esto\u017ee bylo mu\u017estvo psychicky pos\u00edleno poda\u0159en\u00fdm vystoupen\u00edm proti Newcastlu. Funguj\u00edc\u00ed syst\u00e9m 4-4-2 nahradila formace s jedn\u00edm \u00fato\u010dn\u00edkem, fin\u00e1ln\u00ed v\u00fdsledek jist\u011b v\u00edte.<\/p>\n<p>Pochopiteln\u011b o obrazu hry nerozhoduje jenom rozestaven\u00ed, p\u0159esto bude zaj\u00edmav\u00e9 sledovat, v jak\u00e9m slo\u017een\u00ed vyb\u011bhnou hr\u00e1\u010di na tr\u00e1vn\u00edk, a zda se vr\u00e1t\u00ed do z\u00e1kladn\u00ed sestavy trojice Gibson, Osman, Kon\u00e9, kter\u00e1 se p\u0159i\u010dinila o debaklu Newcastlu, a na Ukrajin\u011b se od prvn\u00ed minuty posadila na lavi\u010dku. Osobn\u011b bych r\u00e1d v\u011bd\u011bl, jestli \u0161lo o rozhodnut\u00ed ud\u011blan\u00e9 na b\u00e1zi taktick\u00e9, \u010di fyzick\u00e9 p\u0159ipravenosti hr\u00e1\u010d\u016f.<\/p>\n<h4><strong>Z\u00e1pasov\u00e1 fakta<\/strong><\/h4>\n<p>Vz\u00e1jemn\u00e1<br \/>\n\u2022 Everton vyhr\u00e1l posledn\u00ed t\u0159i souboje s QPR a je nepora\u017een v posledn\u00edch p\u011bti<br \/>\n\u2022 v posledn\u00edch t\u0159ech ligov\u00fdch setk\u00e1n\u00ed padli t\u0159i vlastn\u00ed g\u00f3ly.<\/p>\n<p>Queens Park Rangers<br \/>\n\u2022 19. m\u00edsto s 22 body<br \/>\n\u2022 p\u0159ipsali si por\u00e1\u017eku ve v\u0161ech \u010dty\u0159ech posledn\u00edch dom\u00e1c\u00edch duelech, na v\u00fdhru na Loftus Road potom \u010dekaj\u00ed o dv\u011b kola v\u00edce<br \/>\n\u2022 jako prvn\u00ed inkasovali v 22 p\u0159\u00edpadech ligov\u00e9 sez\u00f3ny, nejv\u00edce ze v\u0161ech v Premier League<br \/>\n\u2022 jsou jedin\u00fdm t\u00fdmem, jemu\u017e se nepoda\u0159ilo v leto\u0161n\u00edm ro\u010dn\u00edku sk\u00f3rovat v \u00favodn\u00edch patn\u00e1ctiminutovce<br \/>\n\u2022 Matt Phillips se jednou st\u0159elecky prosadil a zaznamenal \u010dty\u0159i asistence v posledn\u00edch p\u011bti ligov\u00fdch kolech.<\/p>\n<p>Everton<br \/>\n\u2022 14. m\u00edsto s 31 body<br \/>\n\u2022 vst\u0159elil jednu branku v posledn\u00edch p\u011bti ligov\u00fdch v\u00fdjezdech<br \/>\n\u2022 z h\u0159i\u0161\u0165 soupe\u0159\u016f odjel dev\u011btkr\u00e1t pora\u017een, v\u00edce nul si vezli dom\u016f jen QPR (13) a Leicester (11)<br \/>\n\u2022 t\u0159i body sebral t\u0159ikr\u00e1t z dev\u00edti ligov\u00fdch vystoupen\u00ed hran\u00fdch po \u010dtvrte\u010dn\u00ed Evropsk\u00e9 lize.<\/p>\n<h4><strong>T\u00fdmov\u00e9 novinky<\/strong><\/h4>\n<p>Rio Ferdinand se uzdravuje z nemoci a mohl by se objevit na h\u0159i\u0161ti, a\u017e posledn\u00ed test ur\u010d\u00ed p\u0159ipravenost Mauricia Isly a Darnella Furlonga, oba tr\u00e1p\u00ed zdravotn\u00ed probl\u00e9my. Del\u0161\u00ed dobu absentuj\u00ed zran\u011bn\u00ed Richard Dunne, Leroy Fer a Alejandro Faurl\u00edn.<\/p>\n<p><strong>QPR:<\/strong> Green, McCarthy, Caulker, Ferdinand, Hill, Isla, Onuoha, Traor\u00e9, Yun, Furlong (?), Barton, Doughty, Henry, Hoilett, Kranj\u010dar, Phillips, Isla (?) Sandro, Wright-Phillips, Austin, Taarabt, Vargas, Zamora, Z\u00e1rate.<\/p>\n<p>Bryan Oviedo, Tony Hibbert, Steven Pienaar a Kevin Mirallas jsou tipov\u00e1ni na n\u00e1vrat do pln\u00e9ho zat\u00ed\u017een\u00ed po reprezenta\u010dn\u00ed p\u0159est\u00e1vce. Garreth Barry si odpyk\u00e1v\u00e1 trest za \u017elut\u00e9 karty, naopak uzdraven\u00fd John Stones se snad u\u017e objev\u00ed ve vyvolen\u00e9 jeden\u00e1ctce.<\/p>\n<p><strong>EFC:<\/strong> Howard, Joel, Alcaraz, Baines, Browning, Coleman, Distin, Garbutt, Jagielka, Stones, Atsu, Barkley, Be\u0161i\u0107, Gibson, Lennon, McCarthy, Osman, McGeady, Kon\u00e9, Lukaku, Naismith.<\/p>\n<p><strong>Co:<\/strong> Queens Park Rangers FC &#8211; Everton FC, 30. kolo Premier League<br \/>\n<strong>Kdy:<\/strong> 22. 03. 2015 od 17:00 SE\u010c<br \/>\n<strong>Kde:<\/strong> Loftus Road Stadium, South Africa Road, Shepherd&#8217;s Bush, Lond\u00fdn (kapacita: 18 439)<br \/>\n<strong>Rozhod\u010d\u00ed:<\/strong> Jonathan Moss<\/p>\n","protected":false},"excerpt":{"rendered":"<p>Dev\u011bt kol p\u0159ed koncem sout\u011b\u017ee devaten\u00e1ct\u00fd celek tabulky host\u00ed \u010dtrn\u00e1ct\u00e9ho a Everton si nem\u016f\u017ee dovolit zav\u00e1hat, fanou\u0161ci o\u010dek\u00e1vaj\u00ed odpov\u011b\u010f na nepoveden\u00e9 p\u0159edstaven\u00ed z Kyjeva.<\/p>\n","protected":false},"author":6,"featured_media":16516,"comment_status":"open","ping_status":"closed","sticky":false,"template":"","format":"standard","meta":{"_eb_attr":"","_monsterinsights_skip_tracking":false,"_monsterinsights_sitenote_active":false,"_monsterinsights_sitenote_note":"","_monsterinsights_sitenote_category":0,"footnotes":""},"categories":[4],"tags":[],"yoast_head":"<!-- This site is optimized with the Yoast SEO plugin v23.4 - https:\/\/yoast.com\/wordpress\/plugins\/seo\/ -->\n<title>Preview: Queens Park Rangers - Everton - Official Czech &amp; Slovak Everton Supporters&#039; Club<\/title>\n<meta name=\"robots\" content=\"index, follow, max-snippet:-1, max-image-preview:large, max-video-preview:-1\" \/>\n<link rel=\"canonical\" href=\"https:\/\/evertonfc.cz\/index.php\/2015\/03\/21\/preview-queens-park-rangers-everton\/\" \/>\n<meta property=\"og:locale\" content=\"cs_CZ\" \/>\n<meta property=\"og:type\" content=\"article\" \/>\n<meta property=\"og:title\" content=\"Preview: Queens Park Rangers - Everton - Official Czech &amp; Slovak Everton Supporters&#039; Club\" \/>\n<meta property=\"og:description\" content=\"Dev\u011bt kol p\u0159ed koncem sout\u011b\u017ee devaten\u00e1ct\u00fd celek tabulky host\u00ed \u010dtrn\u00e1ct\u00e9ho a Everton si nem\u016f\u017ee dovolit zav\u00e1hat, fanou\u0161ci o\u010dek\u00e1vaj\u00ed odpov\u011b\u010f na nepoveden\u00e9 p\u0159edstaven\u00ed z Kyjeva.\" \/>\n<meta property=\"og:url\" content=\"https:\/\/evertonfc.cz\/index.php\/2015\/03\/21\/preview-queens-park-rangers-everton\/\" \/>\n<meta property=\"og:site_name\" content=\"Official Czech &amp; Slovak Everton Supporters&#039; Club\" \/>\n<meta property=\"article:publisher\" content=\"https:\/\/www.facebook.com\/everton.fans.cz.sk\" \/>\n<meta property=\"article:published_time\" content=\"2015-03-21T21:34:41+00:00\" \/>\n<meta property=\"article:modified_time\" content=\"2021-09-20T11:35:45+00:00\" \/>\n<meta property=\"og:image\" content=\"https:\/\/evertonfc.cz\/wp-content\/uploads\/2021\/09\/Queens-Park-Rangers-VS-Everton.png\" \/>\n\t<meta property=\"og:image:width\" content=\"720\" \/>\n\t<meta property=\"og:image:height\" content=\"405\" \/>\n\t<meta property=\"og:image:type\" content=\"image\/png\" \/>\n<meta name=\"author\" content=\"Ri\u010di\" \/>\n<meta name=\"twitter:card\" content=\"summary_large_image\" \/>\n<meta name=\"twitter:creator\" content=\"@rbrejsa\" \/>\n<meta name=\"twitter:label1\" content=\"Napsal(a)\" \/>\n\t<meta name=\"twitter:data1\" content=\"Ri\u010di\" \/>\n\t<meta name=\"twitter:label2\" content=\"Odhadovan\u00e1 doba \u010dten\u00ed\" \/>\n\t<meta name=\"twitter:data2\" content=\"3 minuty\" \/>\n<script type=\"application\/ld+json\" class=\"yoast-schema-graph\">{\"@context\":\"https:\/\/schema.org\",\"@graph\":[{\"@type\":\"Article\",\"@id\":\"https:\/\/evertonfc.cz\/index.php\/2015\/03\/21\/preview-queens-park-rangers-everton\/#article\",\"isPartOf\":{\"@id\":\"https:\/\/evertonfc.cz\/index.php\/2015\/03\/21\/preview-queens-park-rangers-everton\/\"},\"author\":{\"name\":\"Ri\u010di\",\"@id\":\"https:\/\/evertonfc.cz\/#\/schema\/person\/f7a5daedb2ffee98480bc70e191aaef1\"},\"headline\":\"Preview: Queens Park Rangers &#8211; Everton\",\"datePublished\":\"2015-03-21T21:34:41+00:00\",\"dateModified\":\"2021-09-20T11:35:45+00:00\",\"mainEntityOfPage\":{\"@id\":\"https:\/\/evertonfc.cz\/index.php\/2015\/03\/21\/preview-queens-park-rangers-everton\/\"},\"wordCount\":700,\"commentCount\":0,\"publisher\":{\"@id\":\"https:\/\/evertonfc.cz\/#organization\"},\"image\":{\"@id\":\"https:\/\/evertonfc.cz\/index.php\/2015\/03\/21\/preview-queens-park-rangers-everton\/#primaryimage\"},\"thumbnailUrl\":\"https:\/\/evertonfc.cz\/wp-content\/uploads\/2021\/09\/Queens-Park-Rangers-VS-Everton.png\",\"articleSection\":[\"Z\u00e1pasy\"],\"inLanguage\":\"cs\",\"potentialAction\":[{\"@type\":\"CommentAction\",\"name\":\"Comment\",\"target\":[\"https:\/\/evertonfc.cz\/index.php\/2015\/03\/21\/preview-queens-park-rangers-everton\/#respond\"]}]},{\"@type\":\"WebPage\",\"@id\":\"https:\/\/evertonfc.cz\/index.php\/2015\/03\/21\/preview-queens-park-rangers-everton\/\",\"url\":\"https:\/\/evertonfc.cz\/index.php\/2015\/03\/21\/preview-queens-park-rangers-everton\/\",\"name\":\"Preview: Queens Park Rangers - Everton - Official Czech &amp; Slovak Everton Supporters&#039; Club\",\"isPartOf\":{\"@id\":\"https:\/\/evertonfc.cz\/#website\"},\"primaryImageOfPage\":{\"@id\":\"https:\/\/evertonfc.cz\/index.php\/2015\/03\/21\/preview-queens-park-rangers-everton\/#primaryimage\"},\"image\":{\"@id\":\"https:\/\/evertonfc.cz\/index.php\/2015\/03\/21\/preview-queens-park-rangers-everton\/#primaryimage\"},\"thumbnailUrl\":\"https:\/\/evertonfc.cz\/wp-content\/uploads\/2021\/09\/Queens-Park-Rangers-VS-Everton.png\",\"datePublished\":\"2015-03-21T21:34:41+00:00\",\"dateModified\":\"2021-09-20T11:35:45+00:00\",\"breadcrumb\":{\"@id\":\"https:\/\/evertonfc.cz\/index.php\/2015\/03\/21\/preview-queens-park-rangers-everton\/#breadcrumb\"},\"inLanguage\":\"cs\",\"potentialAction\":[{\"@type\":\"ReadAction\",\"target\":[\"https:\/\/evertonfc.cz\/index.php\/2015\/03\/21\/preview-queens-park-rangers-everton\/\"]}]},{\"@type\":\"ImageObject\",\"inLanguage\":\"cs\",\"@id\":\"https:\/\/evertonfc.cz\/index.php\/2015\/03\/21\/preview-queens-park-rangers-everton\/#primaryimage\",\"url\":\"https:\/\/evertonfc.cz\/wp-content\/uploads\/2021\/09\/Queens-Park-Rangers-VS-Everton.png\",\"contentUrl\":\"https:\/\/evertonfc.cz\/wp-content\/uploads\/2021\/09\/Queens-Park-Rangers-VS-Everton.png\",\"width\":720,\"height\":405},{\"@type\":\"BreadcrumbList\",\"@id\":\"https:\/\/evertonfc.cz\/index.php\/2015\/03\/21\/preview-queens-park-rangers-everton\/#breadcrumb\",\"itemListElement\":[{\"@type\":\"ListItem\",\"position\":1,\"name\":\"Home\",\"item\":\"https:\/\/evertonfc.cz\/\"},{\"@type\":\"ListItem\",\"position\":2,\"name\":\"Preview: Queens Park Rangers &#8211; Everton\"}]},{\"@type\":\"WebSite\",\"@id\":\"https:\/\/evertonfc.cz\/#website\",\"url\":\"https:\/\/evertonfc.cz\/\",\"name\":\"Official Czech &amp; Slovak Everton Supporters&#039; Club\",\"description\":\"\",\"publisher\":{\"@id\":\"https:\/\/evertonfc.cz\/#organization\"},\"potentialAction\":[{\"@type\":\"SearchAction\",\"target\":{\"@type\":\"EntryPoint\",\"urlTemplate\":\"https:\/\/evertonfc.cz\/?s={search_term_string}\"},\"query-input\":{\"@type\":\"PropertyValueSpecification\",\"valueRequired\":true,\"valueName\":\"search_term_string\"}}],\"inLanguage\":\"cs\"},{\"@type\":\"Organization\",\"@id\":\"https:\/\/evertonfc.cz\/#organization\",\"name\":\"Official Czech & Slovak Everton Supporters' Club\",\"url\":\"https:\/\/evertonfc.cz\/\",\"logo\":{\"@type\":\"ImageObject\",\"inLanguage\":\"cs\",\"@id\":\"https:\/\/evertonfc.cz\/#\/schema\/logo\/image\/\",\"url\":\"https:\/\/evertonfc.cz\/wp-content\/uploads\/2019\/05\/logo.png\",\"contentUrl\":\"https:\/\/evertonfc.cz\/wp-content\/uploads\/2019\/05\/logo.png\",\"width\":112,\"height\":112,\"caption\":\"Official Czech & Slovak Everton Supporters' Club\"},\"image\":{\"@id\":\"https:\/\/evertonfc.cz\/#\/schema\/logo\/image\/\"},\"sameAs\":[\"https:\/\/www.facebook.com\/everton.fans.cz.sk\"]},{\"@type\":\"Person\",\"@id\":\"https:\/\/evertonfc.cz\/#\/schema\/person\/f7a5daedb2ffee98480bc70e191aaef1\",\"name\":\"Ri\u010di\",\"sameAs\":[\"https:\/\/x.com\/rbrejsa\"],\"url\":\"https:\/\/evertonfc.cz\/index.php\/author\/rici\/\"}]}<\/script>\n<!-- \/ Yoast SEO plugin. -->","yoast_head_json":{"title":"Preview: Queens Park Rangers - Everton - Official Czech &amp; Slovak Everton Supporters&#039; Club","robots":{"index":"index","follow":"follow","max-snippet":"max-snippet:-1","max-image-preview":"max-image-preview:large","max-video-preview":"max-video-preview:-1"},"canonical":"https:\/\/evertonfc.cz\/index.php\/2015\/03\/21\/preview-queens-park-rangers-everton\/","og_locale":"cs_CZ","og_type":"article","og_title":"Preview: Queens Park Rangers - Everton - Official Czech &amp; Slovak Everton Supporters&#039; Club","og_description":"Dev\u011bt kol p\u0159ed koncem sout\u011b\u017ee devaten\u00e1ct\u00fd celek tabulky host\u00ed \u010dtrn\u00e1ct\u00e9ho a Everton si nem\u016f\u017ee dovolit zav\u00e1hat, fanou\u0161ci o\u010dek\u00e1vaj\u00ed odpov\u011b\u010f na nepoveden\u00e9 p\u0159edstaven\u00ed z Kyjeva.","og_url":"https:\/\/evertonfc.cz\/index.php\/2015\/03\/21\/preview-queens-park-rangers-everton\/","og_site_name":"Official Czech &amp; Slovak Everton Supporters&#039; Club","article_publisher":"https:\/\/www.facebook.com\/everton.fans.cz.sk","article_published_time":"2015-03-21T21:34:41+00:00","article_modified_time":"2021-09-20T11:35:45+00:00","og_image":[{"width":720,"height":405,"url":"https:\/\/evertonfc.cz\/wp-content\/uploads\/2021\/09\/Queens-Park-Rangers-VS-Everton.png","type":"image\/png"}],"author":"Ri\u010di","twitter_card":"summary_large_image","twitter_creator":"@rbrejsa","twitter_misc":{"Napsal(a)":"Ri\u010di","Odhadovan\u00e1 doba \u010dten\u00ed":"3 minuty"},"schema":{"@context":"https:\/\/schema.org","@graph":[{"@type":"Article","@id":"https:\/\/evertonfc.cz\/index.php\/2015\/03\/21\/preview-queens-park-rangers-everton\/#article","isPartOf":{"@id":"https:\/\/evertonfc.cz\/index.php\/2015\/03\/21\/preview-queens-park-rangers-everton\/"},"author":{"name":"Ri\u010di","@id":"https:\/\/evertonfc.cz\/#\/schema\/person\/f7a5daedb2ffee98480bc70e191aaef1"},"headline":"Preview: Queens Park Rangers &#8211; Everton","datePublished":"2015-03-21T21:34:41+00:00","dateModified":"2021-09-20T11:35:45+00:00","mainEntityOfPage":{"@id":"https:\/\/evertonfc.cz\/index.php\/2015\/03\/21\/preview-queens-park-rangers-everton\/"},"wordCount":700,"commentCount":0,"publisher":{"@id":"https:\/\/evertonfc.cz\/#organization"},"image":{"@id":"https:\/\/evertonfc.cz\/index.php\/2015\/03\/21\/preview-queens-park-rangers-everton\/#primaryimage"},"thumbnailUrl":"https:\/\/evertonfc.cz\/wp-content\/uploads\/2021\/09\/Queens-Park-Rangers-VS-Everton.png","articleSection":["Z\u00e1pasy"],"inLanguage":"cs","potentialAction":[{"@type":"CommentAction","name":"Comment","target":["https:\/\/evertonfc.cz\/index.php\/2015\/03\/21\/preview-queens-park-rangers-everton\/#respond"]}]},{"@type":"WebPage","@id":"https:\/\/evertonfc.cz\/index.php\/2015\/03\/21\/preview-queens-park-rangers-everton\/","url":"https:\/\/evertonfc.cz\/index.php\/2015\/03\/21\/preview-queens-park-rangers-everton\/","name":"Preview: Queens Park Rangers - Everton - Official Czech &amp; Slovak Everton Supporters&#039; Club","isPartOf":{"@id":"https:\/\/evertonfc.cz\/#website"},"primaryImageOfPage":{"@id":"https:\/\/evertonfc.cz\/index.php\/2015\/03\/21\/preview-queens-park-rangers-everton\/#primaryimage"},"image":{"@id":"https:\/\/evertonfc.cz\/index.php\/2015\/03\/21\/preview-queens-park-rangers-everton\/#primaryimage"},"thumbnailUrl":"https:\/\/evertonfc.cz\/wp-content\/uploads\/2021\/09\/Queens-Park-Rangers-VS-Everton.png","datePublished":"2015-03-21T21:34:41+00:00","dateModified":"2021-09-20T11:35:45+00:00","breadcrumb":{"@id":"https:\/\/evertonfc.cz\/index.php\/2015\/03\/21\/preview-queens-park-rangers-everton\/#breadcrumb"},"inLanguage":"cs","potentialAction":[{"@type":"ReadAction","target":["https:\/\/evertonfc.cz\/index.php\/2015\/03\/21\/preview-queens-park-rangers-everton\/"]}]},{"@type":"ImageObject","inLanguage":"cs","@id":"https:\/\/evertonfc.cz\/index.php\/2015\/03\/21\/preview-queens-park-rangers-everton\/#primaryimage","url":"https:\/\/evertonfc.cz\/wp-content\/uploads\/2021\/09\/Queens-Park-Rangers-VS-Everton.png","contentUrl":"https:\/\/evertonfc.cz\/wp-content\/uploads\/2021\/09\/Queens-Park-Rangers-VS-Everton.png","width":720,"height":405},{"@type":"BreadcrumbList","@id":"https:\/\/evertonfc.cz\/index.php\/2015\/03\/21\/preview-queens-park-rangers-everton\/#breadcrumb","itemListElement":[{"@type":"ListItem","position":1,"name":"Home","item":"https:\/\/evertonfc.cz\/"},{"@type":"ListItem","position":2,"name":"Preview: Queens Park Rangers &#8211; Everton"}]},{"@type":"WebSite","@id":"https:\/\/evertonfc.cz\/#website","url":"https:\/\/evertonfc.cz\/","name":"Official Czech &amp; Slovak Everton Supporters&#039; Club","description":"","publisher":{"@id":"https:\/\/evertonfc.cz\/#organization"},"potentialAction":[{"@type":"SearchAction","target":{"@type":"EntryPoint","urlTemplate":"https:\/\/evertonfc.cz\/?s={search_term_string}"},"query-input":{"@type":"PropertyValueSpecification","valueRequired":true,"valueName":"search_term_string"}}],"inLanguage":"cs"},{"@type":"Organization","@id":"https:\/\/evertonfc.cz\/#organization","name":"Official Czech & Slovak Everton Supporters' Club","url":"https:\/\/evertonfc.cz\/","logo":{"@type":"ImageObject","inLanguage":"cs","@id":"https:\/\/evertonfc.cz\/#\/schema\/logo\/image\/","url":"https:\/\/evertonfc.cz\/wp-content\/uploads\/2019\/05\/logo.png","contentUrl":"https:\/\/evertonfc.cz\/wp-content\/uploads\/2019\/05\/logo.png","width":112,"height":112,"caption":"Official Czech & Slovak Everton Supporters' Club"},"image":{"@id":"https:\/\/evertonfc.cz\/#\/schema\/logo\/image\/"},"sameAs":["https:\/\/www.facebook.com\/everton.fans.cz.sk"]},{"@type":"Person","@id":"https:\/\/evertonfc.cz\/#\/schema\/person\/f7a5daedb2ffee98480bc70e191aaef1","name":"Ri\u010di","sameAs":["https:\/\/x.com\/rbrejsa"],"url":"https:\/\/evertonfc.cz\/index.php\/author\/rici\/"}]}},"_links":{"self":[{"href":"https:\/\/evertonfc.cz\/index.php\/wp-json\/wp\/v2\/posts\/4249"}],"collection":[{"href":"https:\/\/evertonfc.cz\/index.php\/wp-json\/wp\/v2\/posts"}],"about":[{"href":"https:\/\/evertonfc.cz\/index.php\/wp-json\/wp\/v2\/types\/post"}],"author":[{"embeddable":true,"href":"https:\/\/evertonfc.cz\/index.php\/wp-json\/wp\/v2\/users\/6"}],"replies":[{"embeddable":true,"href":"https:\/\/evertonfc.cz\/index.php\/wp-json\/wp\/v2\/comments?post=4249"}],"version-history":[{"count":4,"href":"https:\/\/evertonfc.cz\/index.php\/wp-json\/wp\/v2\/posts\/4249\/revisions"}],"predecessor-version":[{"id":16517,"href":"https:\/\/evertonfc.cz\/index.php\/wp-json\/wp\/v2\/posts\/4249\/revisions\/16517"}],"wp:featuredmedia":[{"embeddable":true,"href":"https:\/\/evertonfc.cz\/index.php\/wp-json\/wp\/v2\/media\/16516"}],"wp:attachment":[{"href":"https:\/\/evertonfc.cz\/index.php\/wp-json\/wp\/v2\/media?parent=4249"}],"wp:term":[{"taxonomy":"category","embeddable":true,"href":"https:\/\/evertonfc.cz\/index.php\/wp-json\/wp\/v2\/categories?post=4249"},{"taxonomy":"post_tag","embeddable":true,"href":"https:\/\/evertonfc.cz\/index.php\/wp-json\/wp\/v2\/tags?post=4249"}],"curies":[{"name":"wp","href":"https:\/\/api.w.org\/{rel}","templated":true}]}}