{"id":4255,"date":"2015-03-19T22:37:44","date_gmt":"2015-03-19T21:37:44","guid":{"rendered":"http:\/\/evertonfc.cz\/?p=4255"},"modified":"2019-02-12T22:38:52","modified_gmt":"2019-02-12T21:38:52","slug":"dynamo-kyjev-everton-52","status":"publish","type":"post","link":"https:\/\/evertonfc.cz\/index.php\/2015\/03\/19\/dynamo-kyjev-everton-52\/","title":{"rendered":"Dynamo Kyjev &#8211; Everton 5:2"},"content":{"rendered":"<h4 id=\"NewsPostDetailSummary\">V\u00a0osmifin\u00e1lov\u00e9 odvet\u011b Toffees vyho\u0159eli a po nepoveden\u00e9m p\u0159edstaven\u00ed dali sbohem Evropsk\u00e9 lize. Aspo\u0148 se mohou soust\u0159edit na ligov\u00e9 z\u00e1chran\u00e1\u0159sk\u00e9 boje, \u017ee\u2026<\/h4>\n<div id=\"NewsPostDetailContent\">\n<p>Roberto Mart\u00ednez provedl t\u0159i zm\u011bny v z\u00e1kladn\u00ed sestav\u011b, Aaron Lennon nen\u00ed zp\u016fsobil\u00fd pro EL, a tak ho nahradil Christian Atsu. M\u00edsto Darrona Gibsona se postavil do st\u0159edu pole zku\u0161en\u00fd Gareth Barry, Leona Osman vym\u011bnil Ross Barkley a Arounu Kon\u00e9ho pro zm\u011bnu Steven Naismith, co\u017e znamenalo n\u00e1vrat k rozestaven\u00ed 4-5-1.<\/p>\n<p>Dom\u00e1c\u00ed vstoupili do z\u00e1pasu aktivn\u011b, po s\u00e9rii nebezpe\u010dn\u00fdch akc\u00ed prvn\u011b po\u0159\u00e1dn\u011b zahrozil Vitorino Antunes, br\u00e1nu z \u00fahlu minul zhruba o metr. A \u00favodn\u00ed plo\u0161nou p\u0159evahu Dynamo p\u0159etavilo v g\u00f3l, v 21. minut\u011b Andrij Jarmolenko p\u0159ebral p\u0159ihr\u00e1vku, roztancoval Barryho a kr\u00e1sn\u00fdm obst\u0159elem p\u0159ekonal p\u0159ekvapen\u00e9ho Tima Howarda &#8211; <strong>1:0<\/strong>.<\/p>\n<p>Everton odpov\u011bd\u011bl za \u010dty\u0159i minuty, Steven Naismith vysunul na p\u016fl\u00edc\u00ed \u010d\u00e1\u0159e Rosse Barkleyho a mlad\u00fd Angli\u010dan po rychl\u00e9m brejku trefil ty\u010d. Zahanbit se ov\u0161em nenechal hv\u011bzdn\u00fd Jarmolenko, z proti\u00fatoku vyu\u017eil ned\u016fslednosti Alcaraze a Jagielky a g\u00f3lovou \u0161anci m\u00ed\u010d p\u0159ekazil a\u017e v\u00fdborn\u00fd Howard. Jarmolenka zahozen\u00e1 p\u0159\u00edle\u017eitost mrzela za chvilku je\u0161t\u011b v\u00edce, kdy\u017e se na druh\u00e9 stran\u011b se \u0161t\u011bst\u00edm dostal m\u00ed\u010d k Romelu Lukakovi, kter\u00fd technick\u00fdm zakon\u010den\u00edm z d\u00e1lky napnul roh s\u00edt\u011b &#8211; <strong>1:1<\/strong>.<\/p>\n<p>Toffees vyrovn\u00e1n\u00ed povzbudilo, Lukaku uvolnil Naismithe a jeho st\u0159elu na posledn\u00ed chv\u00edli zablokoval skluzuj\u00edc\u00ed Danilo Silva. Jen\u017ee nad\u0161en\u00ed dlouho nevydr\u017eelo, hra se op\u011bt p\u0159elila na opa\u010dn\u00fd konec a dezorientovan\u00e1 obrana Blues nedok\u00e1zala odvr\u00e1tit centr do v\u00e1pna, \u010deho\u017e vyu\u017eil \u0141ukasz Teodorczyk, zbl\u00edzka se nem\u00fdlil &#8211; <strong>2:1<\/strong>. A v 37. minut\u011b, jen dv\u011b minuty posledn\u00ed tref\u011b, bylo je\u0161t\u011b h\u016f\u0159e, na hranici v\u00e1pna p\u0159ipraven\u00fd Miguel Veloso zajistil te\u010dovan\u00fdm volejem u\u017e dvoug\u00f3lov\u00e9 veden\u00ed &#8211; <strong>3:1<\/strong>. B\u00fdt ve \u0161kole, defenziva Evertonu si za prvn\u00ed polo\u010das vyslou\u017eila za p\u011bt.<\/p>\n<p>55. minuta p\u0159inesla dal\u0161\u00ed mizern\u00e9 br\u00e1n\u011bn\u00ed, po centru do v\u00e1pna Oleh Husjev dostal trestuhodn\u011b dostatek prostoru a \u010dasu na dvojit\u00e9 zakon\u010den\u00ed &#8211; <strong>4:1<\/strong>. Za t\u00e9to situace bylo pot\u0159eba k postupu sk\u00f3rovat dvakr\u00e1t. O prvn\u00ed smaz\u00e1n\u00ed manka se sna\u017eil Christian Atsu, ztroskotal ov\u0161em na p\u0159ipraven\u00e9m branka\u0159ovi \u0160ovkovskyj. Je\u0161t\u011b bl\u00ed\u017ee k \u00fasp\u011bchu se ocitl Ross Barkley, uta\u017eenou plac\u00edrkou podruh\u00e9 v utk\u00e1n\u00ed oraz\u00edtkoval ty\u010d.<\/p>\n<p>Akce st\u0159\u00eddala akci, do otev\u0159en\u00e9 obrany si nab\u011bhl Miguel Veloso a z \u00factyhodn\u00e9 vzd\u00e1lenosti mu k ide\u00e1lu sch\u00e1zelo jen p\u00e1r decimetr\u016f. V 65. minut\u011b se Roberto Mart\u00ednez sna\u017eil o zvrat st\u0159\u00edd\u00e1n\u00edmi, na tr\u00e1vn\u00edk poslal Leona Osmana a Arouneho Kon\u00e9, odpo\u010dinout si ode\u0161li Atsu a Naismith.<\/p>\n<p>V 71. minut\u011b Kyjev\u0161t\u00ed op\u011bt vyu\u017eili vystoupen\u00e9 (nebo ned\u016fsledn\u00e9?) obrany soupe\u0159e a proti \u0141ukaszovi Teodorczykovi zachra\u0148oval Tim Howard. Definitivn\u00ed konec nad\u011bj\u00ed za\u0159\u00eddil Vitorino Antunes, v 76. minut\u011b vyst\u0159ihl neuv\u011b\u0159itelnou k\u0159\u00ed\u017enou d\u011blovku do r\u016f\u017eku n\u00e1dhernou branku <strong>&#8211; 5:1<\/strong>. Toffees byli tot\u00e1ln\u011b na odpis, v dal\u0161\u00ed akci Jarmolenko m\u00ed\u0159il do b\u0159evna.<\/p>\n<p>Kosmetickou \u00fapravu sk\u00f3re znamenala 82. minuta, po Bainesov\u011b rohu se hlavi\u010dkou prosadil Phil Jagielka &#8211; <strong>5:2<\/strong>. Vz\u00e1p\u011bt\u00ed se Leighton Baines dostal k trestn\u00e9mu kopu z optim\u00e1ln\u00ed pozice, ov\u0161em ani na dvakr\u00e1t se v\u00fdrazn\u011bji nep\u0159ibl\u00ed\u017eil ke sk\u00f3rov\u00e1n\u00ed. Romelu Lukaku zam\u011bstnal \u0160ovkovskyje v nastaven\u00ed, ukrajinsk\u00fd branka\u0159 si v\u0161ak poradil. V\u00edce se ji\u017e nep\u0159ihodilo a EFC se tak ostudn\u011b rozlou\u010dil s Evropskou ligou.<\/p>\n<p><strong>Branky:<\/strong> 21. Andrij Jarmolenko, 35. \u0141ukasz Teodorczyk, 37. Miguel Veloso, 56. Oleh Husjev, 76. Vitorino Antunes &#8211; 29. Romelu Lukaku, 82. Phil Jagielka<br \/>\n<strong>\u017dK:<\/strong> 83. Serhij Rybalka, 85. Aleksandar Dragovi\u0107, 90+1. Vitorino Antunes\u00a0 &#8211; 83. Romelu Lukaku, 90+4. Muhamed Be\u0161i\u0107<br \/>\n<strong>Dynamo Kyjev:<\/strong> Oleksandr \u0160ovkovskyj, Danilo Silva, Jevhen Cha\u010deridi, Aleksandar Dragovi\u0107, Vitorino Antunes, Serhij Rybalka, Miguel Veloso, Serhij Sydor\u010duk (64. Vitalij Bujalskyj), Oleh Husjev (90. Vladyslav Kalytvyncev), Andrij Jarmolenko, \u0141ukasz Teodorczyk (75. Artem Kravec)<br \/>\n<strong>Everton FC:<\/strong> Tim Howard, S\u00e9amus Coleman, Antolin Alcaraz, Phil Jagielka, Leighton Baines, James McCarthy (78. Muhamed Be\u0161i\u0107), Gareth Barry, Ross Barkley, Steven Naismith (65. Arouna Kon\u00e9), Christian Atsu (65. Leon Osman), Romelu Lukaku<br \/>\n<strong>Rozhod\u010d\u00ed:<\/strong> Deniz Aytekin<\/p>\n<\/div>\n","protected":false},"excerpt":{"rendered":"<p>V\u00a0osmifin\u00e1lov\u00e9 odvet\u011b Toffees vyho\u0159eli a po nepoveden\u00e9m p\u0159edstaven\u00ed dali sbohem Evropsk\u00e9 lize. Aspo\u0148 se mohou soust\u0159edit na ligov\u00e9 z\u00e1chran\u00e1\u0159sk\u00e9 boje,&hellip;<\/p>\n","protected":false},"author":6,"featured_media":1315,"comment_status":"open","ping_status":"closed","sticky":false,"template":"","format":"standard","meta":{"_eb_attr":"","_monsterinsights_skip_tracking":false,"_monsterinsights_sitenote_active":false,"_monsterinsights_sitenote_note":"","_monsterinsights_sitenote_category":0,"footnotes":""},"categories":[4],"tags":[],"yoast_head":"<!-- This site is optimized with the Yoast SEO plugin v23.4 - https:\/\/yoast.com\/wordpress\/plugins\/seo\/ -->\n<title>Dynamo Kyjev - Everton 5:2 - Official Czech &amp; Slovak Everton Supporters&#039; Club<\/title>\n<meta name=\"robots\" content=\"index, follow, max-snippet:-1, max-image-preview:large, max-video-preview:-1\" \/>\n<link rel=\"canonical\" href=\"https:\/\/evertonfc.cz\/index.php\/2015\/03\/19\/dynamo-kyjev-everton-52\/\" \/>\n<meta property=\"og:locale\" content=\"cs_CZ\" \/>\n<meta property=\"og:type\" content=\"article\" \/>\n<meta property=\"og:title\" content=\"Dynamo Kyjev - Everton 5:2 - Official Czech &amp; Slovak Everton Supporters&#039; Club\" \/>\n<meta property=\"og:description\" content=\"V\u00a0osmifin\u00e1lov\u00e9 odvet\u011b Toffees vyho\u0159eli a po nepoveden\u00e9m p\u0159edstaven\u00ed dali sbohem Evropsk\u00e9 lize. Aspo\u0148 se mohou soust\u0159edit na ligov\u00e9 z\u00e1chran\u00e1\u0159sk\u00e9 boje,&hellip;\" \/>\n<meta property=\"og:url\" content=\"https:\/\/evertonfc.cz\/index.php\/2015\/03\/19\/dynamo-kyjev-everton-52\/\" \/>\n<meta property=\"og:site_name\" content=\"Official Czech &amp; Slovak Everton Supporters&#039; Club\" \/>\n<meta property=\"article:publisher\" content=\"https:\/\/www.facebook.com\/everton.fans.cz.sk\" \/>\n<meta property=\"article:published_time\" content=\"2015-03-19T21:37:44+00:00\" \/>\n<meta property=\"article:modified_time\" content=\"2019-02-12T21:38:52+00:00\" \/>\n<meta property=\"og:image\" content=\"https:\/\/evertonfc.cz\/wp-content\/uploads\/2019\/01\/report.jpg\" \/>\n\t<meta property=\"og:image:width\" content=\"720\" \/>\n\t<meta property=\"og:image:height\" content=\"405\" \/>\n\t<meta property=\"og:image:type\" content=\"image\/jpeg\" \/>\n<meta name=\"author\" content=\"Ri\u010di\" \/>\n<meta name=\"twitter:card\" content=\"summary_large_image\" \/>\n<meta name=\"twitter:creator\" content=\"@rbrejsa\" \/>\n<meta name=\"twitter:label1\" content=\"Napsal(a)\" \/>\n\t<meta name=\"twitter:data1\" content=\"Ri\u010di\" \/>\n\t<meta name=\"twitter:label2\" content=\"Odhadovan\u00e1 doba \u010dten\u00ed\" \/>\n\t<meta name=\"twitter:data2\" content=\"4 minuty\" \/>\n<script type=\"application\/ld+json\" class=\"yoast-schema-graph\">{\"@context\":\"https:\/\/schema.org\",\"@graph\":[{\"@type\":\"Article\",\"@id\":\"https:\/\/evertonfc.cz\/index.php\/2015\/03\/19\/dynamo-kyjev-everton-52\/#article\",\"isPartOf\":{\"@id\":\"https:\/\/evertonfc.cz\/index.php\/2015\/03\/19\/dynamo-kyjev-everton-52\/\"},\"author\":{\"name\":\"Ri\u010di\",\"@id\":\"https:\/\/evertonfc.cz\/#\/schema\/person\/f7a5daedb2ffee98480bc70e191aaef1\"},\"headline\":\"Dynamo Kyjev &#8211; Everton 5:2\",\"datePublished\":\"2015-03-19T21:37:44+00:00\",\"dateModified\":\"2019-02-12T21:38:52+00:00\",\"mainEntityOfPage\":{\"@id\":\"https:\/\/evertonfc.cz\/index.php\/2015\/03\/19\/dynamo-kyjev-everton-52\/\"},\"wordCount\":741,\"commentCount\":0,\"publisher\":{\"@id\":\"https:\/\/evertonfc.cz\/#organization\"},\"image\":{\"@id\":\"https:\/\/evertonfc.cz\/index.php\/2015\/03\/19\/dynamo-kyjev-everton-52\/#primaryimage\"},\"thumbnailUrl\":\"https:\/\/evertonfc.cz\/wp-content\/uploads\/2019\/01\/report.jpg\",\"articleSection\":[\"Z\u00e1pasy\"],\"inLanguage\":\"cs\",\"potentialAction\":[{\"@type\":\"CommentAction\",\"name\":\"Comment\",\"target\":[\"https:\/\/evertonfc.cz\/index.php\/2015\/03\/19\/dynamo-kyjev-everton-52\/#respond\"]}]},{\"@type\":\"WebPage\",\"@id\":\"https:\/\/evertonfc.cz\/index.php\/2015\/03\/19\/dynamo-kyjev-everton-52\/\",\"url\":\"https:\/\/evertonfc.cz\/index.php\/2015\/03\/19\/dynamo-kyjev-everton-52\/\",\"name\":\"Dynamo Kyjev - Everton 5:2 - Official Czech &amp; Slovak Everton Supporters&#039; Club\",\"isPartOf\":{\"@id\":\"https:\/\/evertonfc.cz\/#website\"},\"primaryImageOfPage\":{\"@id\":\"https:\/\/evertonfc.cz\/index.php\/2015\/03\/19\/dynamo-kyjev-everton-52\/#primaryimage\"},\"image\":{\"@id\":\"https:\/\/evertonfc.cz\/index.php\/2015\/03\/19\/dynamo-kyjev-everton-52\/#primaryimage\"},\"thumbnailUrl\":\"https:\/\/evertonfc.cz\/wp-content\/uploads\/2019\/01\/report.jpg\",\"datePublished\":\"2015-03-19T21:37:44+00:00\",\"dateModified\":\"2019-02-12T21:38:52+00:00\",\"breadcrumb\":{\"@id\":\"https:\/\/evertonfc.cz\/index.php\/2015\/03\/19\/dynamo-kyjev-everton-52\/#breadcrumb\"},\"inLanguage\":\"cs\",\"potentialAction\":[{\"@type\":\"ReadAction\",\"target\":[\"https:\/\/evertonfc.cz\/index.php\/2015\/03\/19\/dynamo-kyjev-everton-52\/\"]}]},{\"@type\":\"ImageObject\",\"inLanguage\":\"cs\",\"@id\":\"https:\/\/evertonfc.cz\/index.php\/2015\/03\/19\/dynamo-kyjev-everton-52\/#primaryimage\",\"url\":\"https:\/\/evertonfc.cz\/wp-content\/uploads\/2019\/01\/report.jpg\",\"contentUrl\":\"https:\/\/evertonfc.cz\/wp-content\/uploads\/2019\/01\/report.jpg\",\"width\":720,\"height\":405},{\"@type\":\"BreadcrumbList\",\"@id\":\"https:\/\/evertonfc.cz\/index.php\/2015\/03\/19\/dynamo-kyjev-everton-52\/#breadcrumb\",\"itemListElement\":[{\"@type\":\"ListItem\",\"position\":1,\"name\":\"Home\",\"item\":\"https:\/\/evertonfc.cz\/\"},{\"@type\":\"ListItem\",\"position\":2,\"name\":\"Dynamo Kyjev &#8211; Everton 5:2\"}]},{\"@type\":\"WebSite\",\"@id\":\"https:\/\/evertonfc.cz\/#website\",\"url\":\"https:\/\/evertonfc.cz\/\",\"name\":\"Official Czech &amp; Slovak Everton Supporters&#039; Club\",\"description\":\"\",\"publisher\":{\"@id\":\"https:\/\/evertonfc.cz\/#organization\"},\"potentialAction\":[{\"@type\":\"SearchAction\",\"target\":{\"@type\":\"EntryPoint\",\"urlTemplate\":\"https:\/\/evertonfc.cz\/?s={search_term_string}\"},\"query-input\":{\"@type\":\"PropertyValueSpecification\",\"valueRequired\":true,\"valueName\":\"search_term_string\"}}],\"inLanguage\":\"cs\"},{\"@type\":\"Organization\",\"@id\":\"https:\/\/evertonfc.cz\/#organization\",\"name\":\"Official Czech & Slovak Everton Supporters' Club\",\"url\":\"https:\/\/evertonfc.cz\/\",\"logo\":{\"@type\":\"ImageObject\",\"inLanguage\":\"cs\",\"@id\":\"https:\/\/evertonfc.cz\/#\/schema\/logo\/image\/\",\"url\":\"https:\/\/evertonfc.cz\/wp-content\/uploads\/2019\/05\/logo.png\",\"contentUrl\":\"https:\/\/evertonfc.cz\/wp-content\/uploads\/2019\/05\/logo.png\",\"width\":112,\"height\":112,\"caption\":\"Official Czech & Slovak Everton Supporters' Club\"},\"image\":{\"@id\":\"https:\/\/evertonfc.cz\/#\/schema\/logo\/image\/\"},\"sameAs\":[\"https:\/\/www.facebook.com\/everton.fans.cz.sk\"]},{\"@type\":\"Person\",\"@id\":\"https:\/\/evertonfc.cz\/#\/schema\/person\/f7a5daedb2ffee98480bc70e191aaef1\",\"name\":\"Ri\u010di\",\"sameAs\":[\"https:\/\/x.com\/rbrejsa\"],\"url\":\"https:\/\/evertonfc.cz\/index.php\/author\/rici\/\"}]}<\/script>\n<!-- \/ Yoast SEO plugin. -->","yoast_head_json":{"title":"Dynamo Kyjev - Everton 5:2 - Official Czech &amp; Slovak Everton Supporters&#039; Club","robots":{"index":"index","follow":"follow","max-snippet":"max-snippet:-1","max-image-preview":"max-image-preview:large","max-video-preview":"max-video-preview:-1"},"canonical":"https:\/\/evertonfc.cz\/index.php\/2015\/03\/19\/dynamo-kyjev-everton-52\/","og_locale":"cs_CZ","og_type":"article","og_title":"Dynamo Kyjev - Everton 5:2 - Official Czech &amp; Slovak Everton Supporters&#039; Club","og_description":"V\u00a0osmifin\u00e1lov\u00e9 odvet\u011b Toffees vyho\u0159eli a po nepoveden\u00e9m p\u0159edstaven\u00ed dali sbohem Evropsk\u00e9 lize. Aspo\u0148 se mohou soust\u0159edit na ligov\u00e9 z\u00e1chran\u00e1\u0159sk\u00e9 boje,&hellip;","og_url":"https:\/\/evertonfc.cz\/index.php\/2015\/03\/19\/dynamo-kyjev-everton-52\/","og_site_name":"Official Czech &amp; Slovak Everton Supporters&#039; Club","article_publisher":"https:\/\/www.facebook.com\/everton.fans.cz.sk","article_published_time":"2015-03-19T21:37:44+00:00","article_modified_time":"2019-02-12T21:38:52+00:00","og_image":[{"width":720,"height":405,"url":"https:\/\/evertonfc.cz\/wp-content\/uploads\/2019\/01\/report.jpg","type":"image\/jpeg"}],"author":"Ri\u010di","twitter_card":"summary_large_image","twitter_creator":"@rbrejsa","twitter_misc":{"Napsal(a)":"Ri\u010di","Odhadovan\u00e1 doba \u010dten\u00ed":"4 minuty"},"schema":{"@context":"https:\/\/schema.org","@graph":[{"@type":"Article","@id":"https:\/\/evertonfc.cz\/index.php\/2015\/03\/19\/dynamo-kyjev-everton-52\/#article","isPartOf":{"@id":"https:\/\/evertonfc.cz\/index.php\/2015\/03\/19\/dynamo-kyjev-everton-52\/"},"author":{"name":"Ri\u010di","@id":"https:\/\/evertonfc.cz\/#\/schema\/person\/f7a5daedb2ffee98480bc70e191aaef1"},"headline":"Dynamo Kyjev &#8211; Everton 5:2","datePublished":"2015-03-19T21:37:44+00:00","dateModified":"2019-02-12T21:38:52+00:00","mainEntityOfPage":{"@id":"https:\/\/evertonfc.cz\/index.php\/2015\/03\/19\/dynamo-kyjev-everton-52\/"},"wordCount":741,"commentCount":0,"publisher":{"@id":"https:\/\/evertonfc.cz\/#organization"},"image":{"@id":"https:\/\/evertonfc.cz\/index.php\/2015\/03\/19\/dynamo-kyjev-everton-52\/#primaryimage"},"thumbnailUrl":"https:\/\/evertonfc.cz\/wp-content\/uploads\/2019\/01\/report.jpg","articleSection":["Z\u00e1pasy"],"inLanguage":"cs","potentialAction":[{"@type":"CommentAction","name":"Comment","target":["https:\/\/evertonfc.cz\/index.php\/2015\/03\/19\/dynamo-kyjev-everton-52\/#respond"]}]},{"@type":"WebPage","@id":"https:\/\/evertonfc.cz\/index.php\/2015\/03\/19\/dynamo-kyjev-everton-52\/","url":"https:\/\/evertonfc.cz\/index.php\/2015\/03\/19\/dynamo-kyjev-everton-52\/","name":"Dynamo Kyjev - Everton 5:2 - Official Czech &amp; Slovak Everton Supporters&#039; Club","isPartOf":{"@id":"https:\/\/evertonfc.cz\/#website"},"primaryImageOfPage":{"@id":"https:\/\/evertonfc.cz\/index.php\/2015\/03\/19\/dynamo-kyjev-everton-52\/#primaryimage"},"image":{"@id":"https:\/\/evertonfc.cz\/index.php\/2015\/03\/19\/dynamo-kyjev-everton-52\/#primaryimage"},"thumbnailUrl":"https:\/\/evertonfc.cz\/wp-content\/uploads\/2019\/01\/report.jpg","datePublished":"2015-03-19T21:37:44+00:00","dateModified":"2019-02-12T21:38:52+00:00","breadcrumb":{"@id":"https:\/\/evertonfc.cz\/index.php\/2015\/03\/19\/dynamo-kyjev-everton-52\/#breadcrumb"},"inLanguage":"cs","potentialAction":[{"@type":"ReadAction","target":["https:\/\/evertonfc.cz\/index.php\/2015\/03\/19\/dynamo-kyjev-everton-52\/"]}]},{"@type":"ImageObject","inLanguage":"cs","@id":"https:\/\/evertonfc.cz\/index.php\/2015\/03\/19\/dynamo-kyjev-everton-52\/#primaryimage","url":"https:\/\/evertonfc.cz\/wp-content\/uploads\/2019\/01\/report.jpg","contentUrl":"https:\/\/evertonfc.cz\/wp-content\/uploads\/2019\/01\/report.jpg","width":720,"height":405},{"@type":"BreadcrumbList","@id":"https:\/\/evertonfc.cz\/index.php\/2015\/03\/19\/dynamo-kyjev-everton-52\/#breadcrumb","itemListElement":[{"@type":"ListItem","position":1,"name":"Home","item":"https:\/\/evertonfc.cz\/"},{"@type":"ListItem","position":2,"name":"Dynamo Kyjev &#8211; Everton 5:2"}]},{"@type":"WebSite","@id":"https:\/\/evertonfc.cz\/#website","url":"https:\/\/evertonfc.cz\/","name":"Official Czech &amp; Slovak Everton Supporters&#039; Club","description":"","publisher":{"@id":"https:\/\/evertonfc.cz\/#organization"},"potentialAction":[{"@type":"SearchAction","target":{"@type":"EntryPoint","urlTemplate":"https:\/\/evertonfc.cz\/?s={search_term_string}"},"query-input":{"@type":"PropertyValueSpecification","valueRequired":true,"valueName":"search_term_string"}}],"inLanguage":"cs"},{"@type":"Organization","@id":"https:\/\/evertonfc.cz\/#organization","name":"Official Czech & Slovak Everton Supporters' Club","url":"https:\/\/evertonfc.cz\/","logo":{"@type":"ImageObject","inLanguage":"cs","@id":"https:\/\/evertonfc.cz\/#\/schema\/logo\/image\/","url":"https:\/\/evertonfc.cz\/wp-content\/uploads\/2019\/05\/logo.png","contentUrl":"https:\/\/evertonfc.cz\/wp-content\/uploads\/2019\/05\/logo.png","width":112,"height":112,"caption":"Official Czech & Slovak Everton Supporters' Club"},"image":{"@id":"https:\/\/evertonfc.cz\/#\/schema\/logo\/image\/"},"sameAs":["https:\/\/www.facebook.com\/everton.fans.cz.sk"]},{"@type":"Person","@id":"https:\/\/evertonfc.cz\/#\/schema\/person\/f7a5daedb2ffee98480bc70e191aaef1","name":"Ri\u010di","sameAs":["https:\/\/x.com\/rbrejsa"],"url":"https:\/\/evertonfc.cz\/index.php\/author\/rici\/"}]}},"_links":{"self":[{"href":"https:\/\/evertonfc.cz\/index.php\/wp-json\/wp\/v2\/posts\/4255"}],"collection":[{"href":"https:\/\/evertonfc.cz\/index.php\/wp-json\/wp\/v2\/posts"}],"about":[{"href":"https:\/\/evertonfc.cz\/index.php\/wp-json\/wp\/v2\/types\/post"}],"author":[{"embeddable":true,"href":"https:\/\/evertonfc.cz\/index.php\/wp-json\/wp\/v2\/users\/6"}],"replies":[{"embeddable":true,"href":"https:\/\/evertonfc.cz\/index.php\/wp-json\/wp\/v2\/comments?post=4255"}],"version-history":[{"count":1,"href":"https:\/\/evertonfc.cz\/index.php\/wp-json\/wp\/v2\/posts\/4255\/revisions"}],"predecessor-version":[{"id":4266,"href":"https:\/\/evertonfc.cz\/index.php\/wp-json\/wp\/v2\/posts\/4255\/revisions\/4266"}],"wp:featuredmedia":[{"embeddable":true,"href":"https:\/\/evertonfc.cz\/index.php\/wp-json\/wp\/v2\/media\/1315"}],"wp:attachment":[{"href":"https:\/\/evertonfc.cz\/index.php\/wp-json\/wp\/v2\/media?parent=4255"}],"wp:term":[{"taxonomy":"category","embeddable":true,"href":"https:\/\/evertonfc.cz\/index.php\/wp-json\/wp\/v2\/categories?post=4255"},{"taxonomy":"post_tag","embeddable":true,"href":"https:\/\/evertonfc.cz\/index.php\/wp-json\/wp\/v2\/tags?post=4255"}],"curies":[{"name":"wp","href":"https:\/\/api.w.org\/{rel}","templated":true}]}}