{"id":4267,"date":"2015-03-18T22:39:02","date_gmt":"2015-03-18T21:39:02","guid":{"rendered":"http:\/\/evertonfc.cz\/?p=4267"},"modified":"2019-02-12T23:29:05","modified_gmt":"2019-02-12T22:29:05","slug":"preview-dynamo-kyjev-everton","status":"publish","type":"post","link":"https:\/\/evertonfc.cz\/index.php\/2015\/03\/18\/preview-dynamo-kyjev-everton\/","title":{"rendered":"Preview: Dynamo Kyjev &#8211; Everton"},"content":{"rendered":"<h4>K odvetn\u00e9mu ma\u010di v ukrajinsk\u00e9 metropoli odl\u00e9t\u00e1 Everton s m\u00edrn\u00fdm optimismem. EL mu jde a doma se zvl\u00e1dlo o jeden g\u00f3l vyhr\u00e1t.<\/h4>\n<p>V posledn\u00edm ligov\u00e9m utk\u00e1n\u00ed se zada\u0159ilo, Goodison Park vid\u011bl jasn\u00e9 v\u00edt\u011bzstv\u00ed nad Newcastlem 3:0 po v\u00fdkonu, na kter\u00fd se dalo fakt koukat. Dynamovci taky mohou b\u00fdt s gener\u00e1lkou v lize spokojeni, p\u0159edposledn\u00ed Mariupol dostal v Kyjev\u011b popul\u00e1rn\u00edho b\u016fra. N\u00e1skok v \u010dele z\u016fstal p\u0159ed \u0160ach\u0165orem Don\u011bck tedy sedmibodov\u00fd.<\/p>\n<p>Host\u00e9 byli v prvn\u00edm z\u00e1pase p\u0159ehr\u00e1ni a lze s uspokojen\u00edm konstatovat, \u017ee veden\u00ed o g\u00f3l po prvn\u00edm z\u00e1pase je zaslou\u017een\u00e9, a\u010d optimist\u00e9 by cht\u011bli v\u00edce. To se ale nepovedlo a mus\u00ed sta\u010dit Lukakem prom\u011bn\u011bn\u00e1 penalta k n\u00e1skoku 2:1. Kyjevan\u00e9 se opravdu m\u016f\u017eou spolehnout na solidn\u00ed obranu a v kombinaci s dom\u00e1c\u00ed neporazitelnost\u00ed celkov\u011b v t\u00e9to sez\u00f3n\u011b ur\u010dit\u011b nep\u016fjde o proch\u00e1zku \u017elut\u00fdm l\u00e1nem obil\u00ed.<\/p>\n<p>Co se t\u00fdk\u00e1 novinek ohledn\u011b hr\u00e1\u010d\u016f a jejich (ne)schopnosti nastoupit, tak Rybalka si ji\u017e trest odpykal a bude z\u00edtra k dispozici. Naopak st\u00e1le stoj\u00ed Belhanda a zran\u011bn\u00ed nedovol\u00ed nastoupit dvojici Lens-Makarenko. U Evertonu jsou dv\u011b pozitivn\u00ed zpr\u00e1vy &#8211; s t\u00fdmem odlet\u011bl k z\u00e1pasu McGeady a Stones je u\u017e vyl\u00e9\u010den\u00fd. V Liverpoolu z\u016fstal Mirallas, kter\u00fd kv\u016fli lehk\u00e9mu zran\u011bn\u00ed nebyl nominov\u00e1n do ned\u011bln\u00edho z\u00e1pasu. Samoz\u0159ejm\u011b se po\u010d\u00edt\u00e1 s Bainesem v z\u00e1kladn\u00ed sestav\u011b, mezi rekonvalescenty st\u00e1le jsou Hibbert, Oviedo a Pienaar. I nad\u00e1le plat\u00ed, \u017ee Lennon je posila pouze pro ligu.<\/p>\n<p>Sestava by tedy mohla vypadat n\u011bjak takto: Howard &#8211; Baines, Stones, Jagielka, Coleman &#8211; Atsu, Barry, Naismith, McCarthy, McGeady &#8211; Lukaku. T\u011bch mo\u017enost\u00ed je samoz\u0159ejm\u011b v\u00edce, hlavn\u011b na podhrotu mohou nastoupit v\u0161ichni t\u0159i, nav\u00edc Barkley dal strak\u00e1m p\u011bknou branku a i Osmanovi se z\u00e1pas povedl.<\/p>\n<p>Ve \u0161patn\u00e9m stavu je tr\u00e1vn\u00edk na Olympijsk\u00e9m stadionu, Everton kv\u016fli tomu nemohl na n\u011bm dnes ve\u010der tr\u00e9novat. Ale podm\u00ednky budou stejn\u00e9 pro oba t\u00fdmy, nav\u00edc Dynamo Kyjev dostalo pokutu 70 tis\u00edc \u0161v\u00fdcarsk\u00fdch frank\u016f a mus\u00ed uzav\u0159\u00edt \u010d\u00e1st stadionu kv\u016fli v\u00fdtr\u017enostem fanou\u0161k\u016f, kdy\u017e tam v p\u0159edchoz\u00edm kole hr\u00e1l Guingamp.<\/p>\n<p>A na z\u00e1v\u011br n\u011bkolik v\u011bt od tren\u00e9r\u016f samotn\u00fdch p\u0159ed z\u00e1pasem. Rebrov (Dynamo Kyjev): <em>\u201ePochopiteln\u011b, \u017ee mus\u00edme hr\u00e1t jinak. Bereme v \u00favahu chyby, kter\u00e9 jsme (v prvn\u00edm z\u00e1pase) ud\u011blali v Liverpoolu. Mus\u00edme hr\u00e1t agresivn\u011bji, s v\u011bt\u0161\u00edm sebev\u011bdom\u00edm. Na\u0161\u00edm c\u00edlem je vyhr\u00e1t a postoupit do dal\u0161\u00edho kola. Romelu Lukaku je velmi d\u016fle\u017eit\u00fd hr\u00e1\u010d, ale nem\u016f\u017eeme se zam\u011b\u0159it pouze na n\u011bj. Vrac\u00ed se Baines, Garbuttovy trestn\u00e9 kopy jsou nebezpe\u010dn\u00e9. Everton m\u00e1 hodn\u011b dobr\u00fdch hr\u00e1\u010d\u016f.\u201c<\/em><\/p>\n<p>Mart\u00ednez (Everton): <em>\u201eV\u00edme, \u017ee to bude velmi n\u00e1ro\u010dn\u00fd z\u00e1pas. Jist\u011b, Dynamo uzn\u00e1v\u00e1me, je to siln\u00fd t\u00fdm, kter\u00fd doma je\u0161t\u011b letos neprohr\u00e1l. Jsme na z\u00e1pas p\u0159ipraveni. Nep\u0159ijeli jsme pro rem\u00edzu. Jsme hrd\u00ed reprezentanti Anglie v evropsk\u00fdch poh\u00e1rech.\u201c<\/em><\/p>\n<p><strong>Co:<\/strong> FK Dynamo Kyjev &#8211; Everton FC, 2. z\u00e1pas osmifin\u00e1le Evropsk\u00e9 ligy<br \/>\n<strong>Kdy:<\/strong> 19. 03. 2015 od 19:00 SE\u010c<br \/>\n<strong>Kde:<\/strong> Olympijsk\u00fd stadion, Kyjev, Ukrajina (kapacita: 70 050)<br \/>\n<strong>Rozhod\u010d\u00ed:<\/strong> Deniz Aytekin (N\u011bmecko)<\/p>\n","protected":false},"excerpt":{"rendered":"<p>K odvetn\u00e9mu ma\u010di v ukrajinsk\u00e9 metropoli odl\u00e9t\u00e1 Everton s m\u00edrn\u00fdm optimismem. EL mu jde a doma se zvl\u00e1dlo o jeden&hellip;<\/p>\n","protected":false},"author":12,"featured_media":1314,"comment_status":"open","ping_status":"closed","sticky":false,"template":"","format":"standard","meta":{"_eb_attr":"","_monsterinsights_skip_tracking":false,"_monsterinsights_sitenote_active":false,"_monsterinsights_sitenote_note":"","_monsterinsights_sitenote_category":0,"footnotes":""},"categories":[4],"tags":[],"yoast_head":"<!-- This site is optimized with the Yoast SEO plugin v23.4 - https:\/\/yoast.com\/wordpress\/plugins\/seo\/ -->\n<title>Preview: Dynamo Kyjev - Everton - Official Czech &amp; Slovak Everton Supporters&#039; Club<\/title>\n<meta name=\"robots\" content=\"index, follow, max-snippet:-1, max-image-preview:large, max-video-preview:-1\" \/>\n<link rel=\"canonical\" href=\"https:\/\/evertonfc.cz\/index.php\/2015\/03\/18\/preview-dynamo-kyjev-everton\/\" \/>\n<meta property=\"og:locale\" content=\"cs_CZ\" \/>\n<meta property=\"og:type\" content=\"article\" \/>\n<meta property=\"og:title\" content=\"Preview: Dynamo Kyjev - Everton - Official Czech &amp; Slovak Everton Supporters&#039; Club\" \/>\n<meta property=\"og:description\" content=\"K odvetn\u00e9mu ma\u010di v ukrajinsk\u00e9 metropoli odl\u00e9t\u00e1 Everton s m\u00edrn\u00fdm optimismem. EL mu jde a doma se zvl\u00e1dlo o jeden&hellip;\" \/>\n<meta property=\"og:url\" content=\"https:\/\/evertonfc.cz\/index.php\/2015\/03\/18\/preview-dynamo-kyjev-everton\/\" \/>\n<meta property=\"og:site_name\" content=\"Official Czech &amp; Slovak Everton Supporters&#039; Club\" \/>\n<meta property=\"article:publisher\" content=\"https:\/\/www.facebook.com\/everton.fans.cz.sk\" \/>\n<meta property=\"article:published_time\" content=\"2015-03-18T21:39:02+00:00\" \/>\n<meta property=\"article:modified_time\" content=\"2019-02-12T22:29:05+00:00\" \/>\n<meta property=\"og:image\" content=\"https:\/\/evertonfc.cz\/wp-content\/uploads\/2019\/01\/preview.jpg\" \/>\n\t<meta property=\"og:image:width\" content=\"720\" \/>\n\t<meta property=\"og:image:height\" content=\"405\" \/>\n\t<meta property=\"og:image:type\" content=\"image\/jpeg\" \/>\n<meta name=\"author\" content=\"Javor\" \/>\n<meta name=\"twitter:card\" content=\"summary_large_image\" \/>\n<meta name=\"twitter:creator\" content=\"@LoudinJan\" \/>\n<meta name=\"twitter:label1\" content=\"Napsal(a)\" \/>\n\t<meta name=\"twitter:data1\" content=\"Javor\" \/>\n\t<meta name=\"twitter:label2\" content=\"Odhadovan\u00e1 doba \u010dten\u00ed\" \/>\n\t<meta name=\"twitter:data2\" content=\"3 minuty\" \/>\n<script type=\"application\/ld+json\" class=\"yoast-schema-graph\">{\"@context\":\"https:\/\/schema.org\",\"@graph\":[{\"@type\":\"Article\",\"@id\":\"https:\/\/evertonfc.cz\/index.php\/2015\/03\/18\/preview-dynamo-kyjev-everton\/#article\",\"isPartOf\":{\"@id\":\"https:\/\/evertonfc.cz\/index.php\/2015\/03\/18\/preview-dynamo-kyjev-everton\/\"},\"author\":{\"name\":\"Javor\",\"@id\":\"https:\/\/evertonfc.cz\/#\/schema\/person\/b30daf6a5852f4811f8207a17ec1bf78\"},\"headline\":\"Preview: Dynamo Kyjev &#8211; Everton\",\"datePublished\":\"2015-03-18T21:39:02+00:00\",\"dateModified\":\"2019-02-12T22:29:05+00:00\",\"mainEntityOfPage\":{\"@id\":\"https:\/\/evertonfc.cz\/index.php\/2015\/03\/18\/preview-dynamo-kyjev-everton\/\"},\"wordCount\":603,\"commentCount\":0,\"publisher\":{\"@id\":\"https:\/\/evertonfc.cz\/#organization\"},\"image\":{\"@id\":\"https:\/\/evertonfc.cz\/index.php\/2015\/03\/18\/preview-dynamo-kyjev-everton\/#primaryimage\"},\"thumbnailUrl\":\"https:\/\/evertonfc.cz\/wp-content\/uploads\/2019\/01\/preview.jpg\",\"articleSection\":[\"Z\u00e1pasy\"],\"inLanguage\":\"cs\",\"potentialAction\":[{\"@type\":\"CommentAction\",\"name\":\"Comment\",\"target\":[\"https:\/\/evertonfc.cz\/index.php\/2015\/03\/18\/preview-dynamo-kyjev-everton\/#respond\"]}]},{\"@type\":\"WebPage\",\"@id\":\"https:\/\/evertonfc.cz\/index.php\/2015\/03\/18\/preview-dynamo-kyjev-everton\/\",\"url\":\"https:\/\/evertonfc.cz\/index.php\/2015\/03\/18\/preview-dynamo-kyjev-everton\/\",\"name\":\"Preview: Dynamo Kyjev - Everton - Official Czech &amp; Slovak Everton Supporters&#039; Club\",\"isPartOf\":{\"@id\":\"https:\/\/evertonfc.cz\/#website\"},\"primaryImageOfPage\":{\"@id\":\"https:\/\/evertonfc.cz\/index.php\/2015\/03\/18\/preview-dynamo-kyjev-everton\/#primaryimage\"},\"image\":{\"@id\":\"https:\/\/evertonfc.cz\/index.php\/2015\/03\/18\/preview-dynamo-kyjev-everton\/#primaryimage\"},\"thumbnailUrl\":\"https:\/\/evertonfc.cz\/wp-content\/uploads\/2019\/01\/preview.jpg\",\"datePublished\":\"2015-03-18T21:39:02+00:00\",\"dateModified\":\"2019-02-12T22:29:05+00:00\",\"breadcrumb\":{\"@id\":\"https:\/\/evertonfc.cz\/index.php\/2015\/03\/18\/preview-dynamo-kyjev-everton\/#breadcrumb\"},\"inLanguage\":\"cs\",\"potentialAction\":[{\"@type\":\"ReadAction\",\"target\":[\"https:\/\/evertonfc.cz\/index.php\/2015\/03\/18\/preview-dynamo-kyjev-everton\/\"]}]},{\"@type\":\"ImageObject\",\"inLanguage\":\"cs\",\"@id\":\"https:\/\/evertonfc.cz\/index.php\/2015\/03\/18\/preview-dynamo-kyjev-everton\/#primaryimage\",\"url\":\"https:\/\/evertonfc.cz\/wp-content\/uploads\/2019\/01\/preview.jpg\",\"contentUrl\":\"https:\/\/evertonfc.cz\/wp-content\/uploads\/2019\/01\/preview.jpg\",\"width\":720,\"height\":405},{\"@type\":\"BreadcrumbList\",\"@id\":\"https:\/\/evertonfc.cz\/index.php\/2015\/03\/18\/preview-dynamo-kyjev-everton\/#breadcrumb\",\"itemListElement\":[{\"@type\":\"ListItem\",\"position\":1,\"name\":\"Home\",\"item\":\"https:\/\/evertonfc.cz\/\"},{\"@type\":\"ListItem\",\"position\":2,\"name\":\"Preview: Dynamo Kyjev &#8211; Everton\"}]},{\"@type\":\"WebSite\",\"@id\":\"https:\/\/evertonfc.cz\/#website\",\"url\":\"https:\/\/evertonfc.cz\/\",\"name\":\"Official Czech &amp; Slovak Everton Supporters&#039; Club\",\"description\":\"\",\"publisher\":{\"@id\":\"https:\/\/evertonfc.cz\/#organization\"},\"potentialAction\":[{\"@type\":\"SearchAction\",\"target\":{\"@type\":\"EntryPoint\",\"urlTemplate\":\"https:\/\/evertonfc.cz\/?s={search_term_string}\"},\"query-input\":{\"@type\":\"PropertyValueSpecification\",\"valueRequired\":true,\"valueName\":\"search_term_string\"}}],\"inLanguage\":\"cs\"},{\"@type\":\"Organization\",\"@id\":\"https:\/\/evertonfc.cz\/#organization\",\"name\":\"Official Czech & Slovak Everton Supporters' Club\",\"url\":\"https:\/\/evertonfc.cz\/\",\"logo\":{\"@type\":\"ImageObject\",\"inLanguage\":\"cs\",\"@id\":\"https:\/\/evertonfc.cz\/#\/schema\/logo\/image\/\",\"url\":\"https:\/\/evertonfc.cz\/wp-content\/uploads\/2019\/05\/logo.png\",\"contentUrl\":\"https:\/\/evertonfc.cz\/wp-content\/uploads\/2019\/05\/logo.png\",\"width\":112,\"height\":112,\"caption\":\"Official Czech & Slovak Everton Supporters' Club\"},\"image\":{\"@id\":\"https:\/\/evertonfc.cz\/#\/schema\/logo\/image\/\"},\"sameAs\":[\"https:\/\/www.facebook.com\/everton.fans.cz.sk\"]},{\"@type\":\"Person\",\"@id\":\"https:\/\/evertonfc.cz\/#\/schema\/person\/b30daf6a5852f4811f8207a17ec1bf78\",\"name\":\"Javor\",\"sameAs\":[\"https:\/\/x.com\/LoudinJan\"],\"url\":\"https:\/\/evertonfc.cz\/index.php\/author\/javor\/\"}]}<\/script>\n<!-- \/ Yoast SEO plugin. -->","yoast_head_json":{"title":"Preview: Dynamo Kyjev - Everton - Official Czech &amp; Slovak Everton Supporters&#039; Club","robots":{"index":"index","follow":"follow","max-snippet":"max-snippet:-1","max-image-preview":"max-image-preview:large","max-video-preview":"max-video-preview:-1"},"canonical":"https:\/\/evertonfc.cz\/index.php\/2015\/03\/18\/preview-dynamo-kyjev-everton\/","og_locale":"cs_CZ","og_type":"article","og_title":"Preview: Dynamo Kyjev - Everton - Official Czech &amp; Slovak Everton Supporters&#039; Club","og_description":"K odvetn\u00e9mu ma\u010di v ukrajinsk\u00e9 metropoli odl\u00e9t\u00e1 Everton s m\u00edrn\u00fdm optimismem. EL mu jde a doma se zvl\u00e1dlo o jeden&hellip;","og_url":"https:\/\/evertonfc.cz\/index.php\/2015\/03\/18\/preview-dynamo-kyjev-everton\/","og_site_name":"Official Czech &amp; Slovak Everton Supporters&#039; Club","article_publisher":"https:\/\/www.facebook.com\/everton.fans.cz.sk","article_published_time":"2015-03-18T21:39:02+00:00","article_modified_time":"2019-02-12T22:29:05+00:00","og_image":[{"width":720,"height":405,"url":"https:\/\/evertonfc.cz\/wp-content\/uploads\/2019\/01\/preview.jpg","type":"image\/jpeg"}],"author":"Javor","twitter_card":"summary_large_image","twitter_creator":"@LoudinJan","twitter_misc":{"Napsal(a)":"Javor","Odhadovan\u00e1 doba \u010dten\u00ed":"3 minuty"},"schema":{"@context":"https:\/\/schema.org","@graph":[{"@type":"Article","@id":"https:\/\/evertonfc.cz\/index.php\/2015\/03\/18\/preview-dynamo-kyjev-everton\/#article","isPartOf":{"@id":"https:\/\/evertonfc.cz\/index.php\/2015\/03\/18\/preview-dynamo-kyjev-everton\/"},"author":{"name":"Javor","@id":"https:\/\/evertonfc.cz\/#\/schema\/person\/b30daf6a5852f4811f8207a17ec1bf78"},"headline":"Preview: Dynamo Kyjev &#8211; Everton","datePublished":"2015-03-18T21:39:02+00:00","dateModified":"2019-02-12T22:29:05+00:00","mainEntityOfPage":{"@id":"https:\/\/evertonfc.cz\/index.php\/2015\/03\/18\/preview-dynamo-kyjev-everton\/"},"wordCount":603,"commentCount":0,"publisher":{"@id":"https:\/\/evertonfc.cz\/#organization"},"image":{"@id":"https:\/\/evertonfc.cz\/index.php\/2015\/03\/18\/preview-dynamo-kyjev-everton\/#primaryimage"},"thumbnailUrl":"https:\/\/evertonfc.cz\/wp-content\/uploads\/2019\/01\/preview.jpg","articleSection":["Z\u00e1pasy"],"inLanguage":"cs","potentialAction":[{"@type":"CommentAction","name":"Comment","target":["https:\/\/evertonfc.cz\/index.php\/2015\/03\/18\/preview-dynamo-kyjev-everton\/#respond"]}]},{"@type":"WebPage","@id":"https:\/\/evertonfc.cz\/index.php\/2015\/03\/18\/preview-dynamo-kyjev-everton\/","url":"https:\/\/evertonfc.cz\/index.php\/2015\/03\/18\/preview-dynamo-kyjev-everton\/","name":"Preview: Dynamo Kyjev - Everton - Official Czech &amp; Slovak Everton Supporters&#039; Club","isPartOf":{"@id":"https:\/\/evertonfc.cz\/#website"},"primaryImageOfPage":{"@id":"https:\/\/evertonfc.cz\/index.php\/2015\/03\/18\/preview-dynamo-kyjev-everton\/#primaryimage"},"image":{"@id":"https:\/\/evertonfc.cz\/index.php\/2015\/03\/18\/preview-dynamo-kyjev-everton\/#primaryimage"},"thumbnailUrl":"https:\/\/evertonfc.cz\/wp-content\/uploads\/2019\/01\/preview.jpg","datePublished":"2015-03-18T21:39:02+00:00","dateModified":"2019-02-12T22:29:05+00:00","breadcrumb":{"@id":"https:\/\/evertonfc.cz\/index.php\/2015\/03\/18\/preview-dynamo-kyjev-everton\/#breadcrumb"},"inLanguage":"cs","potentialAction":[{"@type":"ReadAction","target":["https:\/\/evertonfc.cz\/index.php\/2015\/03\/18\/preview-dynamo-kyjev-everton\/"]}]},{"@type":"ImageObject","inLanguage":"cs","@id":"https:\/\/evertonfc.cz\/index.php\/2015\/03\/18\/preview-dynamo-kyjev-everton\/#primaryimage","url":"https:\/\/evertonfc.cz\/wp-content\/uploads\/2019\/01\/preview.jpg","contentUrl":"https:\/\/evertonfc.cz\/wp-content\/uploads\/2019\/01\/preview.jpg","width":720,"height":405},{"@type":"BreadcrumbList","@id":"https:\/\/evertonfc.cz\/index.php\/2015\/03\/18\/preview-dynamo-kyjev-everton\/#breadcrumb","itemListElement":[{"@type":"ListItem","position":1,"name":"Home","item":"https:\/\/evertonfc.cz\/"},{"@type":"ListItem","position":2,"name":"Preview: Dynamo Kyjev &#8211; Everton"}]},{"@type":"WebSite","@id":"https:\/\/evertonfc.cz\/#website","url":"https:\/\/evertonfc.cz\/","name":"Official Czech &amp; Slovak Everton Supporters&#039; Club","description":"","publisher":{"@id":"https:\/\/evertonfc.cz\/#organization"},"potentialAction":[{"@type":"SearchAction","target":{"@type":"EntryPoint","urlTemplate":"https:\/\/evertonfc.cz\/?s={search_term_string}"},"query-input":{"@type":"PropertyValueSpecification","valueRequired":true,"valueName":"search_term_string"}}],"inLanguage":"cs"},{"@type":"Organization","@id":"https:\/\/evertonfc.cz\/#organization","name":"Official Czech & Slovak Everton Supporters' Club","url":"https:\/\/evertonfc.cz\/","logo":{"@type":"ImageObject","inLanguage":"cs","@id":"https:\/\/evertonfc.cz\/#\/schema\/logo\/image\/","url":"https:\/\/evertonfc.cz\/wp-content\/uploads\/2019\/05\/logo.png","contentUrl":"https:\/\/evertonfc.cz\/wp-content\/uploads\/2019\/05\/logo.png","width":112,"height":112,"caption":"Official Czech & Slovak Everton Supporters' Club"},"image":{"@id":"https:\/\/evertonfc.cz\/#\/schema\/logo\/image\/"},"sameAs":["https:\/\/www.facebook.com\/everton.fans.cz.sk"]},{"@type":"Person","@id":"https:\/\/evertonfc.cz\/#\/schema\/person\/b30daf6a5852f4811f8207a17ec1bf78","name":"Javor","sameAs":["https:\/\/x.com\/LoudinJan"],"url":"https:\/\/evertonfc.cz\/index.php\/author\/javor\/"}]}},"_links":{"self":[{"href":"https:\/\/evertonfc.cz\/index.php\/wp-json\/wp\/v2\/posts\/4267"}],"collection":[{"href":"https:\/\/evertonfc.cz\/index.php\/wp-json\/wp\/v2\/posts"}],"about":[{"href":"https:\/\/evertonfc.cz\/index.php\/wp-json\/wp\/v2\/types\/post"}],"author":[{"embeddable":true,"href":"https:\/\/evertonfc.cz\/index.php\/wp-json\/wp\/v2\/users\/12"}],"replies":[{"embeddable":true,"href":"https:\/\/evertonfc.cz\/index.php\/wp-json\/wp\/v2\/comments?post=4267"}],"version-history":[{"count":3,"href":"https:\/\/evertonfc.cz\/index.php\/wp-json\/wp\/v2\/posts\/4267\/revisions"}],"predecessor-version":[{"id":4369,"href":"https:\/\/evertonfc.cz\/index.php\/wp-json\/wp\/v2\/posts\/4267\/revisions\/4369"}],"wp:featuredmedia":[{"embeddable":true,"href":"https:\/\/evertonfc.cz\/index.php\/wp-json\/wp\/v2\/media\/1314"}],"wp:attachment":[{"href":"https:\/\/evertonfc.cz\/index.php\/wp-json\/wp\/v2\/media?parent=4267"}],"wp:term":[{"taxonomy":"category","embeddable":true,"href":"https:\/\/evertonfc.cz\/index.php\/wp-json\/wp\/v2\/categories?post=4267"},{"taxonomy":"post_tag","embeddable":true,"href":"https:\/\/evertonfc.cz\/index.php\/wp-json\/wp\/v2\/tags?post=4267"}],"curies":[{"name":"wp","href":"https:\/\/api.w.org\/{rel}","templated":true}]}}