{"id":4277,"date":"2015-03-12T22:43:10","date_gmt":"2015-03-12T21:43:10","guid":{"rendered":"http:\/\/evertonfc.cz\/?p=4277"},"modified":"2019-02-12T22:44:12","modified_gmt":"2019-02-12T21:44:12","slug":"everton-dynamo-kyjev-21","status":"publish","type":"post","link":"https:\/\/evertonfc.cz\/index.php\/2015\/03\/12\/everton-dynamo-kyjev-21\/","title":{"rendered":"Everton &#8211; Dynamo Kyjev 2:1"},"content":{"rendered":"<h4 id=\"NewsPostDetailSummary\">Everton se oklepal z nevyda\u0159en\u00e9ho \u00favodu duelu poznamenan\u00e9ho obdr\u017eenou brankou, je\u0161t\u011b v prvn\u00ed p\u016fli za\u0159adil vy\u0161\u0161\u00ed obr\u00e1tky a na\u010dal obrat, kter\u00fd Romelu Lukaku dokonal prom\u011bnou penaltou v 82. minut\u011b.<\/h4>\n<div id=\"NewsPostDetailContent\">\n<p>Oproti z\u00e1pasu na Stoke City Roberto Mart\u00ednez provedl t\u0159i zm\u011bny v z\u00e1kladn\u00ed sestav\u011b, p\u0159i\u010dem\u017e z toho dv\u011b vynucen\u00e9, nezp\u016fsobil\u00e9ho Lennona nahradil Kevin Mirallas, zran\u011bn\u00e9ho Stonese Antol\u00edn Alcaraz. A posledn\u011b Darrona Gibsona na postu kreativn\u00edho z\u00e1lo\u017en\u00edka vym\u011bnil Ross Barkley.<\/p>\n<p>Duel hran\u00fd za hust\u00e9ho de\u0161t\u011b odstartovali l\u00e9pe host\u00e9 z Ukrajiny, aktivn\u00ed a p\u0159\u00edmo\u010darou hrou d\u011blali Toffees probl\u00e9my, c\u00edtit byla hlavn\u011b nesehranost stopersk\u00e9 dvojice, Alcarazovi trvalo p\u00e1r minut, ne\u017e si uv\u011bdomil, kde \u017ee se to vlastn\u011b nach\u00e1z\u00ed. Ka\u017edop\u00e1dn\u011b to u\u017e Dynamo vedlo, Andrij Jarmolenko nacentroval z rohov\u00e9ho kopu a zku\u0161en\u00fd Oleh Husjev prop\u00e1lil Howarda &#8211; <strong>0:1<\/strong>. V z\u00f3nov\u00e9m br\u00e1n\u011bn\u00ed selhal James McCarthy.<\/p>\n<p>Everton dostala do z\u00e1pasu po p\u016flhodin\u011b hry chyba branka\u0159e \u0160ovskovsk\u00e9ho, ten vyb\u011bhl daleko z br\u00e1ny, ov\u0161em nedok\u00e1zal odvr\u00e1tit m\u00ed\u010d do bezpe\u010dn\u00fdch m\u00edst, naopak se ho zmocnil Romelu Lukaku a zkou\u0161el trefit odkrytou br\u00e1nu. Jen\u017ee v\u016fbec nepochodil, ide\u00e1ln\u011bj\u0161\u00ed by asi byla p\u0159ihr\u00e1vka na nab\u00edhaj\u00edc\u00edho Jagielku.<\/p>\n<p>O p\u00e1r minut pozd\u011bji se Lukaku uvedl v lep\u0161\u00edm sv\u011btle, trestn\u00fd kop dob\u0159e kroutil a s pomoc\u00ed te\u010de g\u00f3lmana ho ot\u0159el o b\u0159evno. V 39. minut\u011b ji\u017e diktovali hru angli\u010dt\u00ed Blues a op\u011bt se uk\u00e1zal Romelu Lukaku, v\u00fdborn\u011b pot\u00e1hl akci, ust\u00e1l atak n\u011bkolika protivn\u00edk\u016f a vysunul Stevena Naismithe, kter\u00fd si pohotov\u011b zpracoval m\u00ed\u010d na siln\u011bj\u0161\u00ed pravou nohuu a rozvlnil s\u00ed\u0165 &#8211; <strong>1:1<\/strong>.<\/p>\n<p>Cel\u00e1 druh\u00e1 p\u016fle pat\u0159ila Evertonu, dobrou p\u011bta\u010dty\u0159iceti minutovku odstartoval st\u0159elou z d\u00e1lky Antol\u00edn Alcaraz, v dal\u0161\u00edch \u0161anc\u00edch minul hlavi\u010dkou Steven Naismith \u010di Luke Garbutt vyzkou\u0161el pozornost t\u011b\u017ece zkou\u0161en\u00e9ho branka\u0159e soupe\u0159e po trestn\u00e9m kopu z \u00fahlu. V 64. minut\u011b Mart\u00ednez ide\u00e1ln\u011b vyhodnotil situaci a st\u00e1hl otr\u00e1ven\u00e9ho Mirallase, na h\u0159i\u0161t\u011b poslal Arounu Kon\u00e9ho. A\u010dkoliv Mirallas pat\u0159\u00ed k nejlep\u0161\u00edm hr\u00e1\u010d\u016fm v k\u00e1dru, jeho frustrace a my\u0161lenky na odchod jsou z\u0159ejm\u00e9. Jestli\u017ee nezna\u010dne na tr\u00e1vn\u00edku projevovat snahu, bude lep\u0161\u00ed m\u00edsto n\u011bj stav\u011bt dorostence.<\/p>\n<p>Kon\u00e9 se z\u00e1hy uvedl hlavi\u010dkov\u00fdm pokusem doprost\u0159ed br\u00e1ny a tlak p\u0159in\u00e1\u0161el dal\u0161\u00ed mo\u017enosti. Gareth Barry v ide\u00e1ln\u00ed pozici m\u00ed\u0159il hodn\u011b nep\u0159esn\u011b, a tak pomohl a\u017e st\u0159\u00eddaj\u00edc\u00ed Leon Osman. V\u00a081. minut\u011b jeho centr zas\u00e1hl Danila Silvu do ruky a sud\u00ed Carballo na\u0159\u00eddil pokutov\u00fd kop. K n\u011bmu se postavil Romelu Lukaku a se \u0161t\u011bst\u00edm sk\u00f3roval &#8211; <strong>2:1<\/strong>.<\/p>\n<p>V z\u00e1v\u011bru se Toffees sna\u017eili o t\u0159et\u00ed trefu, bohu\u017eel Osmanovi sch\u00e1zelo k p\u0159esn\u011bj\u0161\u00edmu zakon\u010den\u00ed hlavi\u010dkou p\u00e1r centimetr\u016f.<\/p>\n<p><strong>Branky: <\/strong>39. Steven Naismith, 82. Romelu Lukaku (pen.) &#8211; 14. Oleh Husjev<br \/>\n<strong>\u017dK:<\/strong> 16. Kevin Mirallas &#8211; 90. Dieumerci Mbokani<br \/>\n<strong>Everton FC: <\/strong>Tim Howard, S\u00e9amus Coleman, Antolin Alcaraz, Phil Jagielka, Luke Garbutt, James McCarthy, Gareth Barry, Ross Barkley (74. Leon Osman), Steven Naismith, Kevin Mirallas (64. Arouna Kon\u00e9), Romelu Lukaku<br \/>\n<strong>Dynamo Kyjev:<\/strong> Oleksandr \u0160ovkovskyj, Domagoj Vida, Aleksandar Dragovi\u0107, Danilo Silva, Vitorino Antunes, Miguel Veloso (84. Jevhen \u010cumak), Serhij Sydor\u010duk, Oleh Husjev (76. Artem Kravec), Andrij Jarmolenko, Dieumerci Mbokani, Vitalij Bujalskyj (67. Denys Harma\u0161)<br \/>\n<strong>Rozhod\u010d\u00ed: <\/strong>Carlos Velasco Carballo<\/p>\n<\/div>\n","protected":false},"excerpt":{"rendered":"<p>Everton se oklepal z nevyda\u0159en\u00e9ho \u00favodu duelu poznamenan\u00e9ho obdr\u017eenou brankou, je\u0161t\u011b v prvn\u00ed p\u016fli za\u0159adil vy\u0161\u0161\u00ed obr\u00e1tky a na\u010dal obrat,&hellip;<\/p>\n","protected":false},"author":6,"featured_media":1315,"comment_status":"open","ping_status":"closed","sticky":false,"template":"","format":"standard","meta":{"_eb_attr":"","_monsterinsights_skip_tracking":false,"_monsterinsights_sitenote_active":false,"_monsterinsights_sitenote_note":"","_monsterinsights_sitenote_category":0,"footnotes":""},"categories":[4],"tags":[],"yoast_head":"<!-- This site is optimized with the Yoast SEO plugin v23.4 - https:\/\/yoast.com\/wordpress\/plugins\/seo\/ -->\n<title>Everton - Dynamo Kyjev 2:1 - Official Czech &amp; Slovak Everton Supporters&#039; Club<\/title>\n<meta name=\"robots\" content=\"index, follow, max-snippet:-1, max-image-preview:large, max-video-preview:-1\" \/>\n<link rel=\"canonical\" href=\"https:\/\/evertonfc.cz\/index.php\/2015\/03\/12\/everton-dynamo-kyjev-21\/\" \/>\n<meta property=\"og:locale\" content=\"cs_CZ\" \/>\n<meta property=\"og:type\" content=\"article\" \/>\n<meta property=\"og:title\" content=\"Everton - Dynamo Kyjev 2:1 - Official Czech &amp; Slovak Everton Supporters&#039; Club\" \/>\n<meta property=\"og:description\" content=\"Everton se oklepal z nevyda\u0159en\u00e9ho \u00favodu duelu poznamenan\u00e9ho obdr\u017eenou brankou, je\u0161t\u011b v prvn\u00ed p\u016fli za\u0159adil vy\u0161\u0161\u00ed obr\u00e1tky a na\u010dal obrat,&hellip;\" \/>\n<meta property=\"og:url\" content=\"https:\/\/evertonfc.cz\/index.php\/2015\/03\/12\/everton-dynamo-kyjev-21\/\" \/>\n<meta property=\"og:site_name\" content=\"Official Czech &amp; Slovak Everton Supporters&#039; Club\" \/>\n<meta property=\"article:publisher\" content=\"https:\/\/www.facebook.com\/everton.fans.cz.sk\" \/>\n<meta property=\"article:published_time\" content=\"2015-03-12T21:43:10+00:00\" \/>\n<meta property=\"article:modified_time\" content=\"2019-02-12T21:44:12+00:00\" \/>\n<meta property=\"og:image\" content=\"https:\/\/evertonfc.cz\/wp-content\/uploads\/2019\/01\/report.jpg\" \/>\n\t<meta property=\"og:image:width\" content=\"720\" \/>\n\t<meta property=\"og:image:height\" content=\"405\" \/>\n\t<meta property=\"og:image:type\" content=\"image\/jpeg\" \/>\n<meta name=\"author\" content=\"Ri\u010di\" \/>\n<meta name=\"twitter:card\" content=\"summary_large_image\" \/>\n<meta name=\"twitter:creator\" content=\"@rbrejsa\" \/>\n<meta name=\"twitter:label1\" content=\"Napsal(a)\" \/>\n\t<meta name=\"twitter:data1\" content=\"Ri\u010di\" \/>\n\t<meta name=\"twitter:label2\" content=\"Odhadovan\u00e1 doba \u010dten\u00ed\" \/>\n\t<meta name=\"twitter:data2\" content=\"3 minuty\" \/>\n<script type=\"application\/ld+json\" class=\"yoast-schema-graph\">{\"@context\":\"https:\/\/schema.org\",\"@graph\":[{\"@type\":\"Article\",\"@id\":\"https:\/\/evertonfc.cz\/index.php\/2015\/03\/12\/everton-dynamo-kyjev-21\/#article\",\"isPartOf\":{\"@id\":\"https:\/\/evertonfc.cz\/index.php\/2015\/03\/12\/everton-dynamo-kyjev-21\/\"},\"author\":{\"name\":\"Ri\u010di\",\"@id\":\"https:\/\/evertonfc.cz\/#\/schema\/person\/f7a5daedb2ffee98480bc70e191aaef1\"},\"headline\":\"Everton &#8211; Dynamo Kyjev 2:1\",\"datePublished\":\"2015-03-12T21:43:10+00:00\",\"dateModified\":\"2019-02-12T21:44:12+00:00\",\"mainEntityOfPage\":{\"@id\":\"https:\/\/evertonfc.cz\/index.php\/2015\/03\/12\/everton-dynamo-kyjev-21\/\"},\"wordCount\":620,\"commentCount\":0,\"publisher\":{\"@id\":\"https:\/\/evertonfc.cz\/#organization\"},\"image\":{\"@id\":\"https:\/\/evertonfc.cz\/index.php\/2015\/03\/12\/everton-dynamo-kyjev-21\/#primaryimage\"},\"thumbnailUrl\":\"https:\/\/evertonfc.cz\/wp-content\/uploads\/2019\/01\/report.jpg\",\"articleSection\":[\"Z\u00e1pasy\"],\"inLanguage\":\"cs\",\"potentialAction\":[{\"@type\":\"CommentAction\",\"name\":\"Comment\",\"target\":[\"https:\/\/evertonfc.cz\/index.php\/2015\/03\/12\/everton-dynamo-kyjev-21\/#respond\"]}]},{\"@type\":\"WebPage\",\"@id\":\"https:\/\/evertonfc.cz\/index.php\/2015\/03\/12\/everton-dynamo-kyjev-21\/\",\"url\":\"https:\/\/evertonfc.cz\/index.php\/2015\/03\/12\/everton-dynamo-kyjev-21\/\",\"name\":\"Everton - Dynamo Kyjev 2:1 - Official Czech &amp; Slovak Everton Supporters&#039; Club\",\"isPartOf\":{\"@id\":\"https:\/\/evertonfc.cz\/#website\"},\"primaryImageOfPage\":{\"@id\":\"https:\/\/evertonfc.cz\/index.php\/2015\/03\/12\/everton-dynamo-kyjev-21\/#primaryimage\"},\"image\":{\"@id\":\"https:\/\/evertonfc.cz\/index.php\/2015\/03\/12\/everton-dynamo-kyjev-21\/#primaryimage\"},\"thumbnailUrl\":\"https:\/\/evertonfc.cz\/wp-content\/uploads\/2019\/01\/report.jpg\",\"datePublished\":\"2015-03-12T21:43:10+00:00\",\"dateModified\":\"2019-02-12T21:44:12+00:00\",\"breadcrumb\":{\"@id\":\"https:\/\/evertonfc.cz\/index.php\/2015\/03\/12\/everton-dynamo-kyjev-21\/#breadcrumb\"},\"inLanguage\":\"cs\",\"potentialAction\":[{\"@type\":\"ReadAction\",\"target\":[\"https:\/\/evertonfc.cz\/index.php\/2015\/03\/12\/everton-dynamo-kyjev-21\/\"]}]},{\"@type\":\"ImageObject\",\"inLanguage\":\"cs\",\"@id\":\"https:\/\/evertonfc.cz\/index.php\/2015\/03\/12\/everton-dynamo-kyjev-21\/#primaryimage\",\"url\":\"https:\/\/evertonfc.cz\/wp-content\/uploads\/2019\/01\/report.jpg\",\"contentUrl\":\"https:\/\/evertonfc.cz\/wp-content\/uploads\/2019\/01\/report.jpg\",\"width\":720,\"height\":405},{\"@type\":\"BreadcrumbList\",\"@id\":\"https:\/\/evertonfc.cz\/index.php\/2015\/03\/12\/everton-dynamo-kyjev-21\/#breadcrumb\",\"itemListElement\":[{\"@type\":\"ListItem\",\"position\":1,\"name\":\"Home\",\"item\":\"https:\/\/evertonfc.cz\/\"},{\"@type\":\"ListItem\",\"position\":2,\"name\":\"Everton &#8211; Dynamo Kyjev 2:1\"}]},{\"@type\":\"WebSite\",\"@id\":\"https:\/\/evertonfc.cz\/#website\",\"url\":\"https:\/\/evertonfc.cz\/\",\"name\":\"Official Czech &amp; Slovak Everton Supporters&#039; Club\",\"description\":\"\",\"publisher\":{\"@id\":\"https:\/\/evertonfc.cz\/#organization\"},\"potentialAction\":[{\"@type\":\"SearchAction\",\"target\":{\"@type\":\"EntryPoint\",\"urlTemplate\":\"https:\/\/evertonfc.cz\/?s={search_term_string}\"},\"query-input\":{\"@type\":\"PropertyValueSpecification\",\"valueRequired\":true,\"valueName\":\"search_term_string\"}}],\"inLanguage\":\"cs\"},{\"@type\":\"Organization\",\"@id\":\"https:\/\/evertonfc.cz\/#organization\",\"name\":\"Official Czech & Slovak Everton Supporters' Club\",\"url\":\"https:\/\/evertonfc.cz\/\",\"logo\":{\"@type\":\"ImageObject\",\"inLanguage\":\"cs\",\"@id\":\"https:\/\/evertonfc.cz\/#\/schema\/logo\/image\/\",\"url\":\"https:\/\/evertonfc.cz\/wp-content\/uploads\/2019\/05\/logo.png\",\"contentUrl\":\"https:\/\/evertonfc.cz\/wp-content\/uploads\/2019\/05\/logo.png\",\"width\":112,\"height\":112,\"caption\":\"Official Czech & Slovak Everton Supporters' Club\"},\"image\":{\"@id\":\"https:\/\/evertonfc.cz\/#\/schema\/logo\/image\/\"},\"sameAs\":[\"https:\/\/www.facebook.com\/everton.fans.cz.sk\"]},{\"@type\":\"Person\",\"@id\":\"https:\/\/evertonfc.cz\/#\/schema\/person\/f7a5daedb2ffee98480bc70e191aaef1\",\"name\":\"Ri\u010di\",\"sameAs\":[\"https:\/\/x.com\/rbrejsa\"],\"url\":\"https:\/\/evertonfc.cz\/index.php\/author\/rici\/\"}]}<\/script>\n<!-- \/ Yoast SEO plugin. -->","yoast_head_json":{"title":"Everton - Dynamo Kyjev 2:1 - Official Czech &amp; Slovak Everton Supporters&#039; Club","robots":{"index":"index","follow":"follow","max-snippet":"max-snippet:-1","max-image-preview":"max-image-preview:large","max-video-preview":"max-video-preview:-1"},"canonical":"https:\/\/evertonfc.cz\/index.php\/2015\/03\/12\/everton-dynamo-kyjev-21\/","og_locale":"cs_CZ","og_type":"article","og_title":"Everton - Dynamo Kyjev 2:1 - Official Czech &amp; Slovak Everton Supporters&#039; Club","og_description":"Everton se oklepal z nevyda\u0159en\u00e9ho \u00favodu duelu poznamenan\u00e9ho obdr\u017eenou brankou, je\u0161t\u011b v prvn\u00ed p\u016fli za\u0159adil vy\u0161\u0161\u00ed obr\u00e1tky a na\u010dal obrat,&hellip;","og_url":"https:\/\/evertonfc.cz\/index.php\/2015\/03\/12\/everton-dynamo-kyjev-21\/","og_site_name":"Official Czech &amp; Slovak Everton Supporters&#039; Club","article_publisher":"https:\/\/www.facebook.com\/everton.fans.cz.sk","article_published_time":"2015-03-12T21:43:10+00:00","article_modified_time":"2019-02-12T21:44:12+00:00","og_image":[{"width":720,"height":405,"url":"https:\/\/evertonfc.cz\/wp-content\/uploads\/2019\/01\/report.jpg","type":"image\/jpeg"}],"author":"Ri\u010di","twitter_card":"summary_large_image","twitter_creator":"@rbrejsa","twitter_misc":{"Napsal(a)":"Ri\u010di","Odhadovan\u00e1 doba \u010dten\u00ed":"3 minuty"},"schema":{"@context":"https:\/\/schema.org","@graph":[{"@type":"Article","@id":"https:\/\/evertonfc.cz\/index.php\/2015\/03\/12\/everton-dynamo-kyjev-21\/#article","isPartOf":{"@id":"https:\/\/evertonfc.cz\/index.php\/2015\/03\/12\/everton-dynamo-kyjev-21\/"},"author":{"name":"Ri\u010di","@id":"https:\/\/evertonfc.cz\/#\/schema\/person\/f7a5daedb2ffee98480bc70e191aaef1"},"headline":"Everton &#8211; Dynamo Kyjev 2:1","datePublished":"2015-03-12T21:43:10+00:00","dateModified":"2019-02-12T21:44:12+00:00","mainEntityOfPage":{"@id":"https:\/\/evertonfc.cz\/index.php\/2015\/03\/12\/everton-dynamo-kyjev-21\/"},"wordCount":620,"commentCount":0,"publisher":{"@id":"https:\/\/evertonfc.cz\/#organization"},"image":{"@id":"https:\/\/evertonfc.cz\/index.php\/2015\/03\/12\/everton-dynamo-kyjev-21\/#primaryimage"},"thumbnailUrl":"https:\/\/evertonfc.cz\/wp-content\/uploads\/2019\/01\/report.jpg","articleSection":["Z\u00e1pasy"],"inLanguage":"cs","potentialAction":[{"@type":"CommentAction","name":"Comment","target":["https:\/\/evertonfc.cz\/index.php\/2015\/03\/12\/everton-dynamo-kyjev-21\/#respond"]}]},{"@type":"WebPage","@id":"https:\/\/evertonfc.cz\/index.php\/2015\/03\/12\/everton-dynamo-kyjev-21\/","url":"https:\/\/evertonfc.cz\/index.php\/2015\/03\/12\/everton-dynamo-kyjev-21\/","name":"Everton - Dynamo Kyjev 2:1 - Official Czech &amp; Slovak Everton Supporters&#039; Club","isPartOf":{"@id":"https:\/\/evertonfc.cz\/#website"},"primaryImageOfPage":{"@id":"https:\/\/evertonfc.cz\/index.php\/2015\/03\/12\/everton-dynamo-kyjev-21\/#primaryimage"},"image":{"@id":"https:\/\/evertonfc.cz\/index.php\/2015\/03\/12\/everton-dynamo-kyjev-21\/#primaryimage"},"thumbnailUrl":"https:\/\/evertonfc.cz\/wp-content\/uploads\/2019\/01\/report.jpg","datePublished":"2015-03-12T21:43:10+00:00","dateModified":"2019-02-12T21:44:12+00:00","breadcrumb":{"@id":"https:\/\/evertonfc.cz\/index.php\/2015\/03\/12\/everton-dynamo-kyjev-21\/#breadcrumb"},"inLanguage":"cs","potentialAction":[{"@type":"ReadAction","target":["https:\/\/evertonfc.cz\/index.php\/2015\/03\/12\/everton-dynamo-kyjev-21\/"]}]},{"@type":"ImageObject","inLanguage":"cs","@id":"https:\/\/evertonfc.cz\/index.php\/2015\/03\/12\/everton-dynamo-kyjev-21\/#primaryimage","url":"https:\/\/evertonfc.cz\/wp-content\/uploads\/2019\/01\/report.jpg","contentUrl":"https:\/\/evertonfc.cz\/wp-content\/uploads\/2019\/01\/report.jpg","width":720,"height":405},{"@type":"BreadcrumbList","@id":"https:\/\/evertonfc.cz\/index.php\/2015\/03\/12\/everton-dynamo-kyjev-21\/#breadcrumb","itemListElement":[{"@type":"ListItem","position":1,"name":"Home","item":"https:\/\/evertonfc.cz\/"},{"@type":"ListItem","position":2,"name":"Everton &#8211; Dynamo Kyjev 2:1"}]},{"@type":"WebSite","@id":"https:\/\/evertonfc.cz\/#website","url":"https:\/\/evertonfc.cz\/","name":"Official Czech &amp; Slovak Everton Supporters&#039; Club","description":"","publisher":{"@id":"https:\/\/evertonfc.cz\/#organization"},"potentialAction":[{"@type":"SearchAction","target":{"@type":"EntryPoint","urlTemplate":"https:\/\/evertonfc.cz\/?s={search_term_string}"},"query-input":{"@type":"PropertyValueSpecification","valueRequired":true,"valueName":"search_term_string"}}],"inLanguage":"cs"},{"@type":"Organization","@id":"https:\/\/evertonfc.cz\/#organization","name":"Official Czech & Slovak Everton Supporters' Club","url":"https:\/\/evertonfc.cz\/","logo":{"@type":"ImageObject","inLanguage":"cs","@id":"https:\/\/evertonfc.cz\/#\/schema\/logo\/image\/","url":"https:\/\/evertonfc.cz\/wp-content\/uploads\/2019\/05\/logo.png","contentUrl":"https:\/\/evertonfc.cz\/wp-content\/uploads\/2019\/05\/logo.png","width":112,"height":112,"caption":"Official Czech & Slovak Everton Supporters' Club"},"image":{"@id":"https:\/\/evertonfc.cz\/#\/schema\/logo\/image\/"},"sameAs":["https:\/\/www.facebook.com\/everton.fans.cz.sk"]},{"@type":"Person","@id":"https:\/\/evertonfc.cz\/#\/schema\/person\/f7a5daedb2ffee98480bc70e191aaef1","name":"Ri\u010di","sameAs":["https:\/\/x.com\/rbrejsa"],"url":"https:\/\/evertonfc.cz\/index.php\/author\/rici\/"}]}},"_links":{"self":[{"href":"https:\/\/evertonfc.cz\/index.php\/wp-json\/wp\/v2\/posts\/4277"}],"collection":[{"href":"https:\/\/evertonfc.cz\/index.php\/wp-json\/wp\/v2\/posts"}],"about":[{"href":"https:\/\/evertonfc.cz\/index.php\/wp-json\/wp\/v2\/types\/post"}],"author":[{"embeddable":true,"href":"https:\/\/evertonfc.cz\/index.php\/wp-json\/wp\/v2\/users\/6"}],"replies":[{"embeddable":true,"href":"https:\/\/evertonfc.cz\/index.php\/wp-json\/wp\/v2\/comments?post=4277"}],"version-history":[{"count":1,"href":"https:\/\/evertonfc.cz\/index.php\/wp-json\/wp\/v2\/posts\/4277\/revisions"}],"predecessor-version":[{"id":4278,"href":"https:\/\/evertonfc.cz\/index.php\/wp-json\/wp\/v2\/posts\/4277\/revisions\/4278"}],"wp:featuredmedia":[{"embeddable":true,"href":"https:\/\/evertonfc.cz\/index.php\/wp-json\/wp\/v2\/media\/1315"}],"wp:attachment":[{"href":"https:\/\/evertonfc.cz\/index.php\/wp-json\/wp\/v2\/media?parent=4277"}],"wp:term":[{"taxonomy":"category","embeddable":true,"href":"https:\/\/evertonfc.cz\/index.php\/wp-json\/wp\/v2\/categories?post=4277"},{"taxonomy":"post_tag","embeddable":true,"href":"https:\/\/evertonfc.cz\/index.php\/wp-json\/wp\/v2\/tags?post=4277"}],"curies":[{"name":"wp","href":"https:\/\/api.w.org\/{rel}","templated":true}]}}