{"id":4280,"date":"2015-03-11T22:44:22","date_gmt":"2015-03-11T21:44:22","guid":{"rendered":"http:\/\/evertonfc.cz\/?p=4280"},"modified":"2019-02-12T23:29:42","modified_gmt":"2019-02-12T22:29:42","slug":"preview-everton-dynamo-kyjev","status":"publish","type":"post","link":"https:\/\/evertonfc.cz\/index.php\/2015\/03\/11\/preview-everton-dynamo-kyjev\/","title":{"rendered":"Preview: Everton &#8211; Dynamo Kyjev"},"content":{"rendered":"<h4 id=\"NewsPostDetailSummary\">Evropsk\u00e1 liga Evertonu v t\u00e9hle sez\u00f3n\u011b jde. Na potvrzen\u00ed tohoto tvrzen\u00ed si po\u010dk\u00e1me snad jen do z\u00edt\u0159ka, kdy v Goodison Parku hraj\u00ed Toffees proti Dynamu Kyjev.<\/h4>\n<div id=\"NewsPostDetailContent\">\n<p>Prvn\u00ed osmifin\u00e1lov\u00fd z\u00e1pas p\u0159ich\u00e1z\u00ed v pro Everton \u0161patn\u00fd \u010das. Po proh\u0159e a \u0161patn\u00e9m v\u00fdkonu na Stoke chce \u010d\u00e1st fanou\u0161k\u016f odchod mana\u017eera Mart\u00edneze. Ten aspo\u0148 ve\u0159ejn\u011b p\u0159iznal, \u017ee v lize se hraje o z\u00e1chranu.<\/p>\n<p>Prava\u010dka b\u00fdval\u00e9ho RS Dudka byla p\u0159i losu milostiv\u00e1 &#8211; t\u00fdm z ukrajinsk\u00e9ho hlavn\u00edho m\u011bsta je zcela ur\u010dit\u011b zdolateln\u00fd soupe\u0159. Ale sez\u00f3na mu vych\u00e1z\u00ed, v lize vede, v n\u00e1rodn\u00edm poh\u00e1ru je ve \u010dtvrtfin\u00e1le a tren\u00e9r Sergej Rebrov si ur\u010dit\u011b nest\u011b\u017euje, \u017ee i v Evropsk\u00e9 lize jsou v osmifin\u00e1le. K siln\u00fdm str\u00e1nk\u00e1m t\u00fdmu pat\u0159\u00ed obrana, sedm inkasovan\u00fdch branek v \u0161estn\u00e1cti ligov\u00fdch z\u00e1pasech je toho d\u016fkazem.<\/p>\n<p>Stru\u010dn\u011b si \u0159ekn\u011bme n\u011bco k historii. Dynamo bylo zalo\u017eeno v roce 1927 a od konce 60. let za\u010dalo pat\u0159it k sov\u011btsk\u00e9 \u0161pi\u010dce. Pravideln\u011b sb\u00edralo tituly a dvakr\u00e1t zvl\u00e1dlo vyhr\u00e1t i PVP. V prvn\u00edm p\u0159\u00edpad\u011b se jim dokonce povedlo vyhr\u00e1t Superpoh\u00e1r nad Bayernem Mnichov. Opravdu pouze nam\u00e1tkou n\u011bkolik jmen z historie klubu &#8211; Blochin, Rudakov, Oni\u0161\u010denko, Rac, B\u011blanov, Zavarov. Na tren\u00e9rsk\u00e9 lavi\u010dce dohl\u00ed\u017eel na slavnou \u00e9ru Valerij Lobanovskij. Po p\u00e1du re\u017eimu je asi nejslavn\u011bj\u0161\u00ed trojice Rebrov-\u0160ev\u010denko-\u0160ovkovskij. A pr\u00e1v\u011b \u010dty\u0159icetilet\u00fd brank\u00e1\u0159 a \u017eij\u00edc\u00ed klubov\u00e1 (a nejsp\u00ed\u0161 i ukrajinsk\u00e1) legenda d\u011bl\u00e1 sou\u010dasn\u00e9mu t\u00fdmu kapit\u00e1na.<\/p>\n<p>Ale zrovna nad jeho startem je otazn\u00edk (v minul\u00e9m ligov\u00e9m z\u00e1pase nenastoupil), stejn\u011b jako nad \u00fa\u010dast\u00ed z\u00e1lo\u017en\u00edka Sidor\u010duka. Kdo za hosty nenastoup\u00ed zcela ur\u010dit\u011b je z\u00e1lo\u017en\u00edk Belhanda, kter\u00fd pyk\u00e1 za vylou\u010den\u00ed v prvn\u00edm z\u00e1pase minul\u00e9ho kola proti Guingampu. Kv\u016fli kart\u00e1m nenastoup\u00ed ani Rybalka, b\u00fdval\u00fd hr\u00e1\u010d Liberce. V\u00e1\u017en\u00e9 zran\u011bn\u00ed utrp\u011bl i nizozemsk\u00fd \u00fato\u010dn\u00edk Lens a lazaret dopl\u0148uje trojice Haruna-Makarenko-Selin. Naopak se klubu poda\u0159ilo odvol\u00e1n\u00ed ohledn\u011b Jarmolenkova trestu, ten ur\u010dit\u011b nastoup\u00ed v z\u00e1kladn\u00ed sestav\u011b.<\/p>\n<p>Absent\u00e9ry za Everton budou z d\u016fvodu zran\u011bn\u00ed Baines-Hibbert-McGeady-Oviedo-Pienaar. Z d\u016fvodu hran\u00ed za Tottenham nem\u016f\u017ee v Evropsk\u00e9 lize nastupovat Lennon a o startu dvojice Osman-Stones se rozhodne p\u0159ed z\u00e1pasem.<\/p>\n<p>Utk\u00e1n\u00ed vys\u00edl\u00e1 p\u0159\u00edm\u00fdm p\u0159enosem stanice Nova sport.<\/p>\n<p><strong>Co:<\/strong> Everton FC &#8211; FK Dynamo Kyjev, 1. z\u00e1pas osmifin\u00e1le Evropsk\u00e9 ligy<br \/>\n<strong>Kdy:<\/strong> 12. 03. 2015 od 21:05 SE\u010c<br \/>\n<strong>Kde:<\/strong> Goodison Park, Liverpool, Anglie (kapacita: 40 157)<br \/>\n<strong>Rozhod\u010d\u00ed:<\/strong> Carlos Velasco Carballo (\u0160pan\u011blsko)<\/p>\n<\/div>\n","protected":false},"excerpt":{"rendered":"<p>Evropsk\u00e1 liga Evertonu v t\u00e9hle sez\u00f3n\u011b jde. Na potvrzen\u00ed tohoto tvrzen\u00ed si po\u010dk\u00e1me snad jen do z\u00edt\u0159ka, kdy v Goodison&hellip;<\/p>\n","protected":false},"author":12,"featured_media":1314,"comment_status":"open","ping_status":"closed","sticky":false,"template":"","format":"standard","meta":{"_eb_attr":"","_monsterinsights_skip_tracking":false,"_monsterinsights_sitenote_active":false,"_monsterinsights_sitenote_note":"","_monsterinsights_sitenote_category":0,"footnotes":""},"categories":[4],"tags":[],"yoast_head":"<!-- This site is optimized with the Yoast SEO plugin v23.4 - https:\/\/yoast.com\/wordpress\/plugins\/seo\/ -->\n<title>Preview: Everton - Dynamo Kyjev - Official Czech &amp; Slovak Everton Supporters&#039; Club<\/title>\n<meta name=\"robots\" content=\"index, follow, max-snippet:-1, max-image-preview:large, max-video-preview:-1\" \/>\n<link rel=\"canonical\" href=\"https:\/\/evertonfc.cz\/index.php\/2015\/03\/11\/preview-everton-dynamo-kyjev\/\" \/>\n<meta property=\"og:locale\" content=\"cs_CZ\" \/>\n<meta property=\"og:type\" content=\"article\" \/>\n<meta property=\"og:title\" content=\"Preview: Everton - Dynamo Kyjev - Official Czech &amp; Slovak Everton Supporters&#039; Club\" \/>\n<meta property=\"og:description\" content=\"Evropsk\u00e1 liga Evertonu v t\u00e9hle sez\u00f3n\u011b jde. Na potvrzen\u00ed tohoto tvrzen\u00ed si po\u010dk\u00e1me snad jen do z\u00edt\u0159ka, kdy v Goodison&hellip;\" \/>\n<meta property=\"og:url\" content=\"https:\/\/evertonfc.cz\/index.php\/2015\/03\/11\/preview-everton-dynamo-kyjev\/\" \/>\n<meta property=\"og:site_name\" content=\"Official Czech &amp; Slovak Everton Supporters&#039; Club\" \/>\n<meta property=\"article:publisher\" content=\"https:\/\/www.facebook.com\/everton.fans.cz.sk\" \/>\n<meta property=\"article:published_time\" content=\"2015-03-11T21:44:22+00:00\" \/>\n<meta property=\"article:modified_time\" content=\"2019-02-12T22:29:42+00:00\" \/>\n<meta property=\"og:image\" content=\"https:\/\/evertonfc.cz\/wp-content\/uploads\/2019\/01\/preview.jpg\" \/>\n\t<meta property=\"og:image:width\" content=\"720\" \/>\n\t<meta property=\"og:image:height\" content=\"405\" \/>\n\t<meta property=\"og:image:type\" content=\"image\/jpeg\" \/>\n<meta name=\"author\" content=\"Javor\" \/>\n<meta name=\"twitter:card\" content=\"summary_large_image\" \/>\n<meta name=\"twitter:creator\" content=\"@LoudinJan\" \/>\n<meta name=\"twitter:label1\" content=\"Napsal(a)\" \/>\n\t<meta name=\"twitter:data1\" content=\"Javor\" \/>\n\t<meta name=\"twitter:label2\" content=\"Odhadovan\u00e1 doba \u010dten\u00ed\" \/>\n\t<meta name=\"twitter:data2\" content=\"2 minuty\" \/>\n<script type=\"application\/ld+json\" class=\"yoast-schema-graph\">{\"@context\":\"https:\/\/schema.org\",\"@graph\":[{\"@type\":\"Article\",\"@id\":\"https:\/\/evertonfc.cz\/index.php\/2015\/03\/11\/preview-everton-dynamo-kyjev\/#article\",\"isPartOf\":{\"@id\":\"https:\/\/evertonfc.cz\/index.php\/2015\/03\/11\/preview-everton-dynamo-kyjev\/\"},\"author\":{\"name\":\"Javor\",\"@id\":\"https:\/\/evertonfc.cz\/#\/schema\/person\/b30daf6a5852f4811f8207a17ec1bf78\"},\"headline\":\"Preview: Everton &#8211; Dynamo Kyjev\",\"datePublished\":\"2015-03-11T21:44:22+00:00\",\"dateModified\":\"2019-02-12T22:29:42+00:00\",\"mainEntityOfPage\":{\"@id\":\"https:\/\/evertonfc.cz\/index.php\/2015\/03\/11\/preview-everton-dynamo-kyjev\/\"},\"wordCount\":476,\"commentCount\":0,\"publisher\":{\"@id\":\"https:\/\/evertonfc.cz\/#organization\"},\"image\":{\"@id\":\"https:\/\/evertonfc.cz\/index.php\/2015\/03\/11\/preview-everton-dynamo-kyjev\/#primaryimage\"},\"thumbnailUrl\":\"https:\/\/evertonfc.cz\/wp-content\/uploads\/2019\/01\/preview.jpg\",\"articleSection\":[\"Z\u00e1pasy\"],\"inLanguage\":\"cs\",\"potentialAction\":[{\"@type\":\"CommentAction\",\"name\":\"Comment\",\"target\":[\"https:\/\/evertonfc.cz\/index.php\/2015\/03\/11\/preview-everton-dynamo-kyjev\/#respond\"]}]},{\"@type\":\"WebPage\",\"@id\":\"https:\/\/evertonfc.cz\/index.php\/2015\/03\/11\/preview-everton-dynamo-kyjev\/\",\"url\":\"https:\/\/evertonfc.cz\/index.php\/2015\/03\/11\/preview-everton-dynamo-kyjev\/\",\"name\":\"Preview: Everton - Dynamo Kyjev - Official Czech &amp; Slovak Everton Supporters&#039; Club\",\"isPartOf\":{\"@id\":\"https:\/\/evertonfc.cz\/#website\"},\"primaryImageOfPage\":{\"@id\":\"https:\/\/evertonfc.cz\/index.php\/2015\/03\/11\/preview-everton-dynamo-kyjev\/#primaryimage\"},\"image\":{\"@id\":\"https:\/\/evertonfc.cz\/index.php\/2015\/03\/11\/preview-everton-dynamo-kyjev\/#primaryimage\"},\"thumbnailUrl\":\"https:\/\/evertonfc.cz\/wp-content\/uploads\/2019\/01\/preview.jpg\",\"datePublished\":\"2015-03-11T21:44:22+00:00\",\"dateModified\":\"2019-02-12T22:29:42+00:00\",\"breadcrumb\":{\"@id\":\"https:\/\/evertonfc.cz\/index.php\/2015\/03\/11\/preview-everton-dynamo-kyjev\/#breadcrumb\"},\"inLanguage\":\"cs\",\"potentialAction\":[{\"@type\":\"ReadAction\",\"target\":[\"https:\/\/evertonfc.cz\/index.php\/2015\/03\/11\/preview-everton-dynamo-kyjev\/\"]}]},{\"@type\":\"ImageObject\",\"inLanguage\":\"cs\",\"@id\":\"https:\/\/evertonfc.cz\/index.php\/2015\/03\/11\/preview-everton-dynamo-kyjev\/#primaryimage\",\"url\":\"https:\/\/evertonfc.cz\/wp-content\/uploads\/2019\/01\/preview.jpg\",\"contentUrl\":\"https:\/\/evertonfc.cz\/wp-content\/uploads\/2019\/01\/preview.jpg\",\"width\":720,\"height\":405},{\"@type\":\"BreadcrumbList\",\"@id\":\"https:\/\/evertonfc.cz\/index.php\/2015\/03\/11\/preview-everton-dynamo-kyjev\/#breadcrumb\",\"itemListElement\":[{\"@type\":\"ListItem\",\"position\":1,\"name\":\"Home\",\"item\":\"https:\/\/evertonfc.cz\/\"},{\"@type\":\"ListItem\",\"position\":2,\"name\":\"Preview: Everton &#8211; Dynamo Kyjev\"}]},{\"@type\":\"WebSite\",\"@id\":\"https:\/\/evertonfc.cz\/#website\",\"url\":\"https:\/\/evertonfc.cz\/\",\"name\":\"Official Czech &amp; Slovak Everton Supporters&#039; Club\",\"description\":\"\",\"publisher\":{\"@id\":\"https:\/\/evertonfc.cz\/#organization\"},\"potentialAction\":[{\"@type\":\"SearchAction\",\"target\":{\"@type\":\"EntryPoint\",\"urlTemplate\":\"https:\/\/evertonfc.cz\/?s={search_term_string}\"},\"query-input\":{\"@type\":\"PropertyValueSpecification\",\"valueRequired\":true,\"valueName\":\"search_term_string\"}}],\"inLanguage\":\"cs\"},{\"@type\":\"Organization\",\"@id\":\"https:\/\/evertonfc.cz\/#organization\",\"name\":\"Official Czech & Slovak Everton Supporters' Club\",\"url\":\"https:\/\/evertonfc.cz\/\",\"logo\":{\"@type\":\"ImageObject\",\"inLanguage\":\"cs\",\"@id\":\"https:\/\/evertonfc.cz\/#\/schema\/logo\/image\/\",\"url\":\"https:\/\/evertonfc.cz\/wp-content\/uploads\/2019\/05\/logo.png\",\"contentUrl\":\"https:\/\/evertonfc.cz\/wp-content\/uploads\/2019\/05\/logo.png\",\"width\":112,\"height\":112,\"caption\":\"Official Czech & Slovak Everton Supporters' Club\"},\"image\":{\"@id\":\"https:\/\/evertonfc.cz\/#\/schema\/logo\/image\/\"},\"sameAs\":[\"https:\/\/www.facebook.com\/everton.fans.cz.sk\"]},{\"@type\":\"Person\",\"@id\":\"https:\/\/evertonfc.cz\/#\/schema\/person\/b30daf6a5852f4811f8207a17ec1bf78\",\"name\":\"Javor\",\"sameAs\":[\"https:\/\/x.com\/LoudinJan\"],\"url\":\"https:\/\/evertonfc.cz\/index.php\/author\/javor\/\"}]}<\/script>\n<!-- \/ Yoast SEO plugin. -->","yoast_head_json":{"title":"Preview: Everton - Dynamo Kyjev - Official Czech &amp; Slovak Everton Supporters&#039; Club","robots":{"index":"index","follow":"follow","max-snippet":"max-snippet:-1","max-image-preview":"max-image-preview:large","max-video-preview":"max-video-preview:-1"},"canonical":"https:\/\/evertonfc.cz\/index.php\/2015\/03\/11\/preview-everton-dynamo-kyjev\/","og_locale":"cs_CZ","og_type":"article","og_title":"Preview: Everton - Dynamo Kyjev - Official Czech &amp; Slovak Everton Supporters&#039; Club","og_description":"Evropsk\u00e1 liga Evertonu v t\u00e9hle sez\u00f3n\u011b jde. Na potvrzen\u00ed tohoto tvrzen\u00ed si po\u010dk\u00e1me snad jen do z\u00edt\u0159ka, kdy v Goodison&hellip;","og_url":"https:\/\/evertonfc.cz\/index.php\/2015\/03\/11\/preview-everton-dynamo-kyjev\/","og_site_name":"Official Czech &amp; Slovak Everton Supporters&#039; Club","article_publisher":"https:\/\/www.facebook.com\/everton.fans.cz.sk","article_published_time":"2015-03-11T21:44:22+00:00","article_modified_time":"2019-02-12T22:29:42+00:00","og_image":[{"width":720,"height":405,"url":"https:\/\/evertonfc.cz\/wp-content\/uploads\/2019\/01\/preview.jpg","type":"image\/jpeg"}],"author":"Javor","twitter_card":"summary_large_image","twitter_creator":"@LoudinJan","twitter_misc":{"Napsal(a)":"Javor","Odhadovan\u00e1 doba \u010dten\u00ed":"2 minuty"},"schema":{"@context":"https:\/\/schema.org","@graph":[{"@type":"Article","@id":"https:\/\/evertonfc.cz\/index.php\/2015\/03\/11\/preview-everton-dynamo-kyjev\/#article","isPartOf":{"@id":"https:\/\/evertonfc.cz\/index.php\/2015\/03\/11\/preview-everton-dynamo-kyjev\/"},"author":{"name":"Javor","@id":"https:\/\/evertonfc.cz\/#\/schema\/person\/b30daf6a5852f4811f8207a17ec1bf78"},"headline":"Preview: Everton &#8211; Dynamo Kyjev","datePublished":"2015-03-11T21:44:22+00:00","dateModified":"2019-02-12T22:29:42+00:00","mainEntityOfPage":{"@id":"https:\/\/evertonfc.cz\/index.php\/2015\/03\/11\/preview-everton-dynamo-kyjev\/"},"wordCount":476,"commentCount":0,"publisher":{"@id":"https:\/\/evertonfc.cz\/#organization"},"image":{"@id":"https:\/\/evertonfc.cz\/index.php\/2015\/03\/11\/preview-everton-dynamo-kyjev\/#primaryimage"},"thumbnailUrl":"https:\/\/evertonfc.cz\/wp-content\/uploads\/2019\/01\/preview.jpg","articleSection":["Z\u00e1pasy"],"inLanguage":"cs","potentialAction":[{"@type":"CommentAction","name":"Comment","target":["https:\/\/evertonfc.cz\/index.php\/2015\/03\/11\/preview-everton-dynamo-kyjev\/#respond"]}]},{"@type":"WebPage","@id":"https:\/\/evertonfc.cz\/index.php\/2015\/03\/11\/preview-everton-dynamo-kyjev\/","url":"https:\/\/evertonfc.cz\/index.php\/2015\/03\/11\/preview-everton-dynamo-kyjev\/","name":"Preview: Everton - Dynamo Kyjev - Official Czech &amp; Slovak Everton Supporters&#039; Club","isPartOf":{"@id":"https:\/\/evertonfc.cz\/#website"},"primaryImageOfPage":{"@id":"https:\/\/evertonfc.cz\/index.php\/2015\/03\/11\/preview-everton-dynamo-kyjev\/#primaryimage"},"image":{"@id":"https:\/\/evertonfc.cz\/index.php\/2015\/03\/11\/preview-everton-dynamo-kyjev\/#primaryimage"},"thumbnailUrl":"https:\/\/evertonfc.cz\/wp-content\/uploads\/2019\/01\/preview.jpg","datePublished":"2015-03-11T21:44:22+00:00","dateModified":"2019-02-12T22:29:42+00:00","breadcrumb":{"@id":"https:\/\/evertonfc.cz\/index.php\/2015\/03\/11\/preview-everton-dynamo-kyjev\/#breadcrumb"},"inLanguage":"cs","potentialAction":[{"@type":"ReadAction","target":["https:\/\/evertonfc.cz\/index.php\/2015\/03\/11\/preview-everton-dynamo-kyjev\/"]}]},{"@type":"ImageObject","inLanguage":"cs","@id":"https:\/\/evertonfc.cz\/index.php\/2015\/03\/11\/preview-everton-dynamo-kyjev\/#primaryimage","url":"https:\/\/evertonfc.cz\/wp-content\/uploads\/2019\/01\/preview.jpg","contentUrl":"https:\/\/evertonfc.cz\/wp-content\/uploads\/2019\/01\/preview.jpg","width":720,"height":405},{"@type":"BreadcrumbList","@id":"https:\/\/evertonfc.cz\/index.php\/2015\/03\/11\/preview-everton-dynamo-kyjev\/#breadcrumb","itemListElement":[{"@type":"ListItem","position":1,"name":"Home","item":"https:\/\/evertonfc.cz\/"},{"@type":"ListItem","position":2,"name":"Preview: Everton &#8211; Dynamo Kyjev"}]},{"@type":"WebSite","@id":"https:\/\/evertonfc.cz\/#website","url":"https:\/\/evertonfc.cz\/","name":"Official Czech &amp; Slovak Everton Supporters&#039; Club","description":"","publisher":{"@id":"https:\/\/evertonfc.cz\/#organization"},"potentialAction":[{"@type":"SearchAction","target":{"@type":"EntryPoint","urlTemplate":"https:\/\/evertonfc.cz\/?s={search_term_string}"},"query-input":{"@type":"PropertyValueSpecification","valueRequired":true,"valueName":"search_term_string"}}],"inLanguage":"cs"},{"@type":"Organization","@id":"https:\/\/evertonfc.cz\/#organization","name":"Official Czech & Slovak Everton Supporters' Club","url":"https:\/\/evertonfc.cz\/","logo":{"@type":"ImageObject","inLanguage":"cs","@id":"https:\/\/evertonfc.cz\/#\/schema\/logo\/image\/","url":"https:\/\/evertonfc.cz\/wp-content\/uploads\/2019\/05\/logo.png","contentUrl":"https:\/\/evertonfc.cz\/wp-content\/uploads\/2019\/05\/logo.png","width":112,"height":112,"caption":"Official Czech & Slovak Everton Supporters' Club"},"image":{"@id":"https:\/\/evertonfc.cz\/#\/schema\/logo\/image\/"},"sameAs":["https:\/\/www.facebook.com\/everton.fans.cz.sk"]},{"@type":"Person","@id":"https:\/\/evertonfc.cz\/#\/schema\/person\/b30daf6a5852f4811f8207a17ec1bf78","name":"Javor","sameAs":["https:\/\/x.com\/LoudinJan"],"url":"https:\/\/evertonfc.cz\/index.php\/author\/javor\/"}]}},"_links":{"self":[{"href":"https:\/\/evertonfc.cz\/index.php\/wp-json\/wp\/v2\/posts\/4280"}],"collection":[{"href":"https:\/\/evertonfc.cz\/index.php\/wp-json\/wp\/v2\/posts"}],"about":[{"href":"https:\/\/evertonfc.cz\/index.php\/wp-json\/wp\/v2\/types\/post"}],"author":[{"embeddable":true,"href":"https:\/\/evertonfc.cz\/index.php\/wp-json\/wp\/v2\/users\/12"}],"replies":[{"embeddable":true,"href":"https:\/\/evertonfc.cz\/index.php\/wp-json\/wp\/v2\/comments?post=4280"}],"version-history":[{"count":2,"href":"https:\/\/evertonfc.cz\/index.php\/wp-json\/wp\/v2\/posts\/4280\/revisions"}],"predecessor-version":[{"id":4372,"href":"https:\/\/evertonfc.cz\/index.php\/wp-json\/wp\/v2\/posts\/4280\/revisions\/4372"}],"wp:featuredmedia":[{"embeddable":true,"href":"https:\/\/evertonfc.cz\/index.php\/wp-json\/wp\/v2\/media\/1314"}],"wp:attachment":[{"href":"https:\/\/evertonfc.cz\/index.php\/wp-json\/wp\/v2\/media?parent=4280"}],"wp:term":[{"taxonomy":"category","embeddable":true,"href":"https:\/\/evertonfc.cz\/index.php\/wp-json\/wp\/v2\/categories?post=4280"},{"taxonomy":"post_tag","embeddable":true,"href":"https:\/\/evertonfc.cz\/index.php\/wp-json\/wp\/v2\/tags?post=4280"}],"curies":[{"name":"wp","href":"https:\/\/api.w.org\/{rel}","templated":true}]}}