{"id":4361,"date":"2015-02-18T23:25:12","date_gmt":"2015-02-18T22:25:12","guid":{"rendered":"http:\/\/evertonfc.cz\/?p=4361"},"modified":"2019-02-12T23:33:57","modified_gmt":"2019-02-12T22:33:57","slug":"preview-young-boys-everton","status":"publish","type":"post","link":"https:\/\/evertonfc.cz\/index.php\/2015\/02\/18\/preview-young-boys-everton\/","title":{"rendered":"Preview: Young Boys &#8211; Everton"},"content":{"rendered":"<h4 id=\"NewsPostDetailSummary\">Evropsk\u00e1 liga z\u016fstala posledn\u00ed sout\u011b\u017e\u00ed, v n\u00ed\u017e by v leto\u0161n\u00ed sez\u00f3n\u011b Everton mohl zaznamenat v\u00fdrazn\u011bj\u0161\u00ed \u00fasp\u011bch. Po zvl\u00e1dnut\u00ed skupinov\u00e9 f\u00e1ze postoupil mezi 32 nejlep\u0161\u00edch a jako v prvn\u00ed mu v cest\u011b stoj\u00ed BSC Young Boys.<\/h4>\n<div id=\"NewsPostDetailContent\">\n<p>\u0160v\u00fdcarsk\u00fd celek si m\u00edstenku do jarn\u00edch odvet zajistil a\u017e v posledn\u00edm z\u00e1pase. Do Bernu p\u0159ijela pra\u017esk\u00e1 Sparta, kter\u00e9 by sta\u010dila k\u00a0postupu i rem\u00edza, jen\u017ee \u010desk\u00fd celek podal ustra\u0161en\u00fd a boj\u00e1cn\u00fd v\u00fdkon, a tak radovali dom\u00e1c\u00ed. Na druhou stranu s\u00edlu sv\u011b\u0159enc\u016f Uliho Forteho na Stade de Suisse nelze podce\u0148ovat, od prohry 3:5 s Liverpoolem z poh\u00e1ru UEFFA 2012\/13 v evropsk\u00fdch sout\u011b\u017e\u00ed vyhr\u00e1li v\u0161ech sedm kl\u00e1n\u00ed na vlastn\u00ed p\u016fd\u011b. Druh\u00fd nejv\u011bt\u0161\u00ed fotbalov\u00fd st\u00e1nek, s um\u011blou tr\u00e1vou mimochodem, tedy p\u0159edstavuje kl\u00ed\u010dovou p\u0159ek\u00e1\u017eku v boji o proklouznut\u00ed do osmifin\u00e1le.<\/p>\n<p>Young Boys se honos\u00ed anglick\u00fdm jm\u00e9nem, jeho p\u016fvod spad\u00e1 do zalo\u017een\u00ed v roce 1897 studenty z m\u00edstn\u00ed univerzity. Jeden\u00e1cti n\u00e1sobn\u00e9ho ligov\u00e9ho mistra v\u016fbec spojitost s Angli\u00ed prov\u00e1z\u00ed celou histori\u00ed, v minulosti na tradici navazovali tren\u00e9\u0159i z Ostrov\u016f, nyn\u00ed \u0161v\u00fdcarsk\u00fd reprezenta\u010dn\u00ed prav\u00fd bek Scott Sutter, narozen\u00fd v Enfieldu a od mala fanou\u0161ek Tottenhamu Hotspur.<\/p>\n<p>A na koho si d\u00e1t pozor ze sestavy YB? Nebezpe\u010d\u00ed ur\u010dit\u011b p\u0159edstavuje \u00fato\u010dn\u00edk Guillaume Hoarau, operuj\u00edc\u00ed na \u0161pici rozestaven\u00ed 4-2-3-1. V l\u00e9t\u011b p\u0159i\u0161el jako voln\u00fd hr\u00e1\u010d z Girondins de Bordeaux a i z\u00e1sluhou p\u011bti g\u00f3l\u016f ve skupin\u011b Evropsk\u00e9 ligy nenech\u00e1v\u00e1 nikoho na pochyb\u00e1ch o vyda\u0159enosti p\u0159estupu. Francouzovi z k\u0159\u00eddla pom\u00e1haj\u00ed Renato Steffen a Rapha\u00ebl Nuzzolo. O defenzivu se potom star\u00e1 sehran\u00e1 dvojice stoper\u016f Steven von Bergen a Milan Viloti\u0107, druh\u00fd jmenovan\u00fd se nav\u00edc dok\u00e1\u017ee prosadit i ve v\u00e1pn\u011b soupe\u0159e, letos v lize sk\u00f3roval u\u017e \u010dty\u0159ikr\u00e1t.<\/p>\n<p>Young Boys moment\u00e1ln\u011b zauj\u00edmaj\u00ed druhou p\u0159\u00ed\u010dku v lize za suver\u00e9nn\u00ed Basilej\u00ed. Po hor\u0161\u00edm startu za\u010dali \u0161plhat tabulkou nahoru, posledn\u00ed prohru utrp\u011bli na za\u010d\u00e1tku listopadu v Neapoli, n\u00e1sledn\u011b osmkr\u00e1t vyhr\u00e1li a jednou remizovali.<\/p>\n<p>Toffees zopakovali postup mezi vyvolen\u00fdch 32 man\u010daft\u016f z posledn\u00edho vystoupen\u00ed v evropsk\u00fdch poh\u00e1rech datovan\u00e9ho p\u011bt let zp\u00e1tky. Nyn\u00ed ale hled\u00ed d\u00e1le ne\u017e naposledy, kdy je vy\u0159adil z\u00e1sluhou nevyda\u0159en\u00e9 odvety v Lisabonu tam\u011bj\u0161\u00ed Sporting. A\u010dkoliv se obraz hry a v\u00fdsledky za\u010d\u00ednaj\u00ed pomalu zlep\u0161ovat, st\u00e1le chyb\u00ed po\u0159\u00e1dn\u00fd kus k dokonalosti. Co\u017e o to, obrana za\u010dala \u0161lapat, ruku v ruce v\u0161ak vyschnul st\u0159eleck\u00fd prach \u00fato\u010dn\u00edk\u016fm. Tedy konkr\u00e9tn\u011b my\u0161leno ten zbytkov\u00fd st\u0159eleck\u00fd prach.<\/p>\n<p>Bohu\u017eel vzhledem k \u010detn\u00fdm absenc\u00edm se Roberto Mart\u00ednez nem\u00e1 v ofenziv\u011b p\u0159\u00edli\u0161 na v\u00fdb\u011br. Nad\u011bji na o\u017eiven\u00ed udr\u017euje aspo\u0148 Christian Atsu, \u010derstv\u00fd vicemistr Afriky a nejlep\u0161\u00ed hr\u00e1\u010d Africk\u00e9ho poh\u00e1ru n\u00e1rod\u016f. Ve sv\u00e9 prvn\u00ed polovin\u011b hostov\u00e1n\u00ed z Chelsea toho p\u0159\u00edli\u0161 neuk\u00e1zal, minim\u00e1ln\u011b o motivaci m\u00e1 tedy do druh\u00e9 \u010d\u00e1sti postar\u00e1no. Ot\u00e1zkou k z\u00e1kladn\u00ed jeden\u00e1ctce pouze z\u016fst\u00e1v\u00e1, zda se do n\u00ed vejde Ross Barkley \u010di pr\u00e1v\u011b Atsu, a kdo z trojice Barry, McCarthy, Be\u0161i\u0107 nastoup\u00ed ve st\u0159edu pole.<\/p>\n<h4><strong>T\u00fdmov\u00e9 novinky<\/strong><\/h4>\n<p>Young Boys chyb\u011bj\u00ed kv\u016fli zran\u011bn\u00ed n\u00e1hradn\u00ed branka\u0159 David von Ballmoos a z\u00e1lo\u017en\u00edk Matias Vitkieviez.<\/p>\n<p><strong>YBB:<\/strong> Mvogo, W\u00f6lfli, B\u00fcrki, Hadegjonaj, Lecjaks, Rochat, Sutter, Viloti\u0107, von Bergen, W\u00fcthrich, Bertone, Gaji\u0107, Nuzzolo, Sanogo Junior, Steffen, Sulejmanov, Afun, Gerndt, Hoarau, Kubo, Zarate.<\/p>\n<p>Leon Osman, Steven Pienaar a Arouna Kon\u00e9 odehr\u00e1li v\u011bt\u0161\u00ed \u010d\u00e1st bezbrankov\u00e9ho utk\u00e1n\u00ed za U21 v \u00fater\u00fd proti Manchesteru United. P\u0159ibl\u00ed\u017eili se n\u00e1vratu do prvn\u00edho t\u00fdmu, ov\u0161em do \u0160v\u00fdcarska je\u0161t\u011b neodcestovali, na Finch Farm z\u016fstali se zdravotn\u011b indisponovan\u00fdmi Tony Hibbertem, Leightonem Bainesem a Aiden McGeadym.<\/p>\n<p><strong>EFC:<\/strong> Howard, Robles, Griffiths, Alcaraz, Browning, Coleman, Jagielka, Stones, Oviedo, Gibson, Garbutt, McCarthy, Barkley, Be\u0161i\u0107, Barry, Atsu, Mirallas, Lukaku, Naismith, C. Duffus.<\/p>\n<p><strong>Co:<\/strong> Berner Sport Club Young Boys 1898 &#8211; Everton FC, 1. vy\u0159azovac\u00ed kolo<br \/>\n<strong>Kdy:<\/strong> 19. 02. 2015 od 19:00 SE\u010c<br \/>\n<strong>Kde:<\/strong> Stade de Suisse, Bern, \u0160v\u00fdcarsko (kapacita: 32 000)<br \/>\n<strong>Rozhod\u010d\u00ed:<\/strong> Manuel De Sousa (Portugalsko)<\/p>\n<\/div>\n","protected":false},"excerpt":{"rendered":"<p>Evropsk\u00e1 liga z\u016fstala posledn\u00ed sout\u011b\u017e\u00ed, v n\u00ed\u017e by v leto\u0161n\u00ed sez\u00f3n\u011b Everton mohl zaznamenat v\u00fdrazn\u011bj\u0161\u00ed \u00fasp\u011bch. Po zvl\u00e1dnut\u00ed skupinov\u00e9 f\u00e1ze&hellip;<\/p>\n","protected":false},"author":6,"featured_media":1314,"comment_status":"open","ping_status":"closed","sticky":false,"template":"","format":"standard","meta":{"_eb_attr":"","_monsterinsights_skip_tracking":false,"_monsterinsights_sitenote_active":false,"_monsterinsights_sitenote_note":"","_monsterinsights_sitenote_category":0,"footnotes":""},"categories":[4],"tags":[],"yoast_head":"<!-- This site is optimized with the Yoast SEO plugin v23.4 - https:\/\/yoast.com\/wordpress\/plugins\/seo\/ -->\n<title>Preview: Young Boys - Everton - Official Czech &amp; Slovak Everton Supporters&#039; Club<\/title>\n<meta name=\"robots\" content=\"index, follow, max-snippet:-1, max-image-preview:large, max-video-preview:-1\" \/>\n<link rel=\"canonical\" href=\"https:\/\/evertonfc.cz\/index.php\/2015\/02\/18\/preview-young-boys-everton\/\" \/>\n<meta property=\"og:locale\" content=\"cs_CZ\" \/>\n<meta property=\"og:type\" content=\"article\" \/>\n<meta property=\"og:title\" content=\"Preview: Young Boys - Everton - Official Czech &amp; Slovak Everton Supporters&#039; Club\" \/>\n<meta property=\"og:description\" content=\"Evropsk\u00e1 liga z\u016fstala posledn\u00ed sout\u011b\u017e\u00ed, v n\u00ed\u017e by v leto\u0161n\u00ed sez\u00f3n\u011b Everton mohl zaznamenat v\u00fdrazn\u011bj\u0161\u00ed \u00fasp\u011bch. Po zvl\u00e1dnut\u00ed skupinov\u00e9 f\u00e1ze&hellip;\" \/>\n<meta property=\"og:url\" content=\"https:\/\/evertonfc.cz\/index.php\/2015\/02\/18\/preview-young-boys-everton\/\" \/>\n<meta property=\"og:site_name\" content=\"Official Czech &amp; Slovak Everton Supporters&#039; Club\" \/>\n<meta property=\"article:publisher\" content=\"https:\/\/www.facebook.com\/everton.fans.cz.sk\" \/>\n<meta property=\"article:published_time\" content=\"2015-02-18T22:25:12+00:00\" \/>\n<meta property=\"article:modified_time\" content=\"2019-02-12T22:33:57+00:00\" \/>\n<meta property=\"og:image\" content=\"https:\/\/evertonfc.cz\/wp-content\/uploads\/2019\/01\/preview.jpg\" \/>\n\t<meta property=\"og:image:width\" content=\"720\" \/>\n\t<meta property=\"og:image:height\" content=\"405\" \/>\n\t<meta property=\"og:image:type\" content=\"image\/jpeg\" \/>\n<meta name=\"author\" content=\"Ri\u010di\" \/>\n<meta name=\"twitter:card\" content=\"summary_large_image\" \/>\n<meta name=\"twitter:creator\" content=\"@rbrejsa\" \/>\n<meta name=\"twitter:label1\" content=\"Napsal(a)\" \/>\n\t<meta name=\"twitter:data1\" content=\"Ri\u010di\" \/>\n\t<meta name=\"twitter:label2\" content=\"Odhadovan\u00e1 doba \u010dten\u00ed\" \/>\n\t<meta name=\"twitter:data2\" content=\"4 minuty\" \/>\n<script type=\"application\/ld+json\" class=\"yoast-schema-graph\">{\"@context\":\"https:\/\/schema.org\",\"@graph\":[{\"@type\":\"Article\",\"@id\":\"https:\/\/evertonfc.cz\/index.php\/2015\/02\/18\/preview-young-boys-everton\/#article\",\"isPartOf\":{\"@id\":\"https:\/\/evertonfc.cz\/index.php\/2015\/02\/18\/preview-young-boys-everton\/\"},\"author\":{\"name\":\"Ri\u010di\",\"@id\":\"https:\/\/evertonfc.cz\/#\/schema\/person\/f7a5daedb2ffee98480bc70e191aaef1\"},\"headline\":\"Preview: Young Boys &#8211; Everton\",\"datePublished\":\"2015-02-18T22:25:12+00:00\",\"dateModified\":\"2019-02-12T22:33:57+00:00\",\"mainEntityOfPage\":{\"@id\":\"https:\/\/evertonfc.cz\/index.php\/2015\/02\/18\/preview-young-boys-everton\/\"},\"wordCount\":745,\"commentCount\":0,\"publisher\":{\"@id\":\"https:\/\/evertonfc.cz\/#organization\"},\"image\":{\"@id\":\"https:\/\/evertonfc.cz\/index.php\/2015\/02\/18\/preview-young-boys-everton\/#primaryimage\"},\"thumbnailUrl\":\"https:\/\/evertonfc.cz\/wp-content\/uploads\/2019\/01\/preview.jpg\",\"articleSection\":[\"Z\u00e1pasy\"],\"inLanguage\":\"cs\",\"potentialAction\":[{\"@type\":\"CommentAction\",\"name\":\"Comment\",\"target\":[\"https:\/\/evertonfc.cz\/index.php\/2015\/02\/18\/preview-young-boys-everton\/#respond\"]}]},{\"@type\":\"WebPage\",\"@id\":\"https:\/\/evertonfc.cz\/index.php\/2015\/02\/18\/preview-young-boys-everton\/\",\"url\":\"https:\/\/evertonfc.cz\/index.php\/2015\/02\/18\/preview-young-boys-everton\/\",\"name\":\"Preview: Young Boys - Everton - Official Czech &amp; Slovak Everton Supporters&#039; Club\",\"isPartOf\":{\"@id\":\"https:\/\/evertonfc.cz\/#website\"},\"primaryImageOfPage\":{\"@id\":\"https:\/\/evertonfc.cz\/index.php\/2015\/02\/18\/preview-young-boys-everton\/#primaryimage\"},\"image\":{\"@id\":\"https:\/\/evertonfc.cz\/index.php\/2015\/02\/18\/preview-young-boys-everton\/#primaryimage\"},\"thumbnailUrl\":\"https:\/\/evertonfc.cz\/wp-content\/uploads\/2019\/01\/preview.jpg\",\"datePublished\":\"2015-02-18T22:25:12+00:00\",\"dateModified\":\"2019-02-12T22:33:57+00:00\",\"breadcrumb\":{\"@id\":\"https:\/\/evertonfc.cz\/index.php\/2015\/02\/18\/preview-young-boys-everton\/#breadcrumb\"},\"inLanguage\":\"cs\",\"potentialAction\":[{\"@type\":\"ReadAction\",\"target\":[\"https:\/\/evertonfc.cz\/index.php\/2015\/02\/18\/preview-young-boys-everton\/\"]}]},{\"@type\":\"ImageObject\",\"inLanguage\":\"cs\",\"@id\":\"https:\/\/evertonfc.cz\/index.php\/2015\/02\/18\/preview-young-boys-everton\/#primaryimage\",\"url\":\"https:\/\/evertonfc.cz\/wp-content\/uploads\/2019\/01\/preview.jpg\",\"contentUrl\":\"https:\/\/evertonfc.cz\/wp-content\/uploads\/2019\/01\/preview.jpg\",\"width\":720,\"height\":405},{\"@type\":\"BreadcrumbList\",\"@id\":\"https:\/\/evertonfc.cz\/index.php\/2015\/02\/18\/preview-young-boys-everton\/#breadcrumb\",\"itemListElement\":[{\"@type\":\"ListItem\",\"position\":1,\"name\":\"Home\",\"item\":\"https:\/\/evertonfc.cz\/\"},{\"@type\":\"ListItem\",\"position\":2,\"name\":\"Preview: Young Boys &#8211; Everton\"}]},{\"@type\":\"WebSite\",\"@id\":\"https:\/\/evertonfc.cz\/#website\",\"url\":\"https:\/\/evertonfc.cz\/\",\"name\":\"Official Czech &amp; Slovak Everton Supporters&#039; Club\",\"description\":\"\",\"publisher\":{\"@id\":\"https:\/\/evertonfc.cz\/#organization\"},\"potentialAction\":[{\"@type\":\"SearchAction\",\"target\":{\"@type\":\"EntryPoint\",\"urlTemplate\":\"https:\/\/evertonfc.cz\/?s={search_term_string}\"},\"query-input\":{\"@type\":\"PropertyValueSpecification\",\"valueRequired\":true,\"valueName\":\"search_term_string\"}}],\"inLanguage\":\"cs\"},{\"@type\":\"Organization\",\"@id\":\"https:\/\/evertonfc.cz\/#organization\",\"name\":\"Official Czech & Slovak Everton Supporters' Club\",\"url\":\"https:\/\/evertonfc.cz\/\",\"logo\":{\"@type\":\"ImageObject\",\"inLanguage\":\"cs\",\"@id\":\"https:\/\/evertonfc.cz\/#\/schema\/logo\/image\/\",\"url\":\"https:\/\/evertonfc.cz\/wp-content\/uploads\/2019\/05\/logo.png\",\"contentUrl\":\"https:\/\/evertonfc.cz\/wp-content\/uploads\/2019\/05\/logo.png\",\"width\":112,\"height\":112,\"caption\":\"Official Czech & Slovak Everton Supporters' Club\"},\"image\":{\"@id\":\"https:\/\/evertonfc.cz\/#\/schema\/logo\/image\/\"},\"sameAs\":[\"https:\/\/www.facebook.com\/everton.fans.cz.sk\"]},{\"@type\":\"Person\",\"@id\":\"https:\/\/evertonfc.cz\/#\/schema\/person\/f7a5daedb2ffee98480bc70e191aaef1\",\"name\":\"Ri\u010di\",\"sameAs\":[\"https:\/\/x.com\/rbrejsa\"],\"url\":\"https:\/\/evertonfc.cz\/index.php\/author\/rici\/\"}]}<\/script>\n<!-- \/ Yoast SEO plugin. -->","yoast_head_json":{"title":"Preview: Young Boys - Everton - Official Czech &amp; Slovak Everton Supporters&#039; Club","robots":{"index":"index","follow":"follow","max-snippet":"max-snippet:-1","max-image-preview":"max-image-preview:large","max-video-preview":"max-video-preview:-1"},"canonical":"https:\/\/evertonfc.cz\/index.php\/2015\/02\/18\/preview-young-boys-everton\/","og_locale":"cs_CZ","og_type":"article","og_title":"Preview: Young Boys - Everton - Official Czech &amp; Slovak Everton Supporters&#039; Club","og_description":"Evropsk\u00e1 liga z\u016fstala posledn\u00ed sout\u011b\u017e\u00ed, v n\u00ed\u017e by v leto\u0161n\u00ed sez\u00f3n\u011b Everton mohl zaznamenat v\u00fdrazn\u011bj\u0161\u00ed \u00fasp\u011bch. Po zvl\u00e1dnut\u00ed skupinov\u00e9 f\u00e1ze&hellip;","og_url":"https:\/\/evertonfc.cz\/index.php\/2015\/02\/18\/preview-young-boys-everton\/","og_site_name":"Official Czech &amp; Slovak Everton Supporters&#039; Club","article_publisher":"https:\/\/www.facebook.com\/everton.fans.cz.sk","article_published_time":"2015-02-18T22:25:12+00:00","article_modified_time":"2019-02-12T22:33:57+00:00","og_image":[{"width":720,"height":405,"url":"https:\/\/evertonfc.cz\/wp-content\/uploads\/2019\/01\/preview.jpg","type":"image\/jpeg"}],"author":"Ri\u010di","twitter_card":"summary_large_image","twitter_creator":"@rbrejsa","twitter_misc":{"Napsal(a)":"Ri\u010di","Odhadovan\u00e1 doba \u010dten\u00ed":"4 minuty"},"schema":{"@context":"https:\/\/schema.org","@graph":[{"@type":"Article","@id":"https:\/\/evertonfc.cz\/index.php\/2015\/02\/18\/preview-young-boys-everton\/#article","isPartOf":{"@id":"https:\/\/evertonfc.cz\/index.php\/2015\/02\/18\/preview-young-boys-everton\/"},"author":{"name":"Ri\u010di","@id":"https:\/\/evertonfc.cz\/#\/schema\/person\/f7a5daedb2ffee98480bc70e191aaef1"},"headline":"Preview: Young Boys &#8211; Everton","datePublished":"2015-02-18T22:25:12+00:00","dateModified":"2019-02-12T22:33:57+00:00","mainEntityOfPage":{"@id":"https:\/\/evertonfc.cz\/index.php\/2015\/02\/18\/preview-young-boys-everton\/"},"wordCount":745,"commentCount":0,"publisher":{"@id":"https:\/\/evertonfc.cz\/#organization"},"image":{"@id":"https:\/\/evertonfc.cz\/index.php\/2015\/02\/18\/preview-young-boys-everton\/#primaryimage"},"thumbnailUrl":"https:\/\/evertonfc.cz\/wp-content\/uploads\/2019\/01\/preview.jpg","articleSection":["Z\u00e1pasy"],"inLanguage":"cs","potentialAction":[{"@type":"CommentAction","name":"Comment","target":["https:\/\/evertonfc.cz\/index.php\/2015\/02\/18\/preview-young-boys-everton\/#respond"]}]},{"@type":"WebPage","@id":"https:\/\/evertonfc.cz\/index.php\/2015\/02\/18\/preview-young-boys-everton\/","url":"https:\/\/evertonfc.cz\/index.php\/2015\/02\/18\/preview-young-boys-everton\/","name":"Preview: Young Boys - Everton - Official Czech &amp; Slovak Everton Supporters&#039; Club","isPartOf":{"@id":"https:\/\/evertonfc.cz\/#website"},"primaryImageOfPage":{"@id":"https:\/\/evertonfc.cz\/index.php\/2015\/02\/18\/preview-young-boys-everton\/#primaryimage"},"image":{"@id":"https:\/\/evertonfc.cz\/index.php\/2015\/02\/18\/preview-young-boys-everton\/#primaryimage"},"thumbnailUrl":"https:\/\/evertonfc.cz\/wp-content\/uploads\/2019\/01\/preview.jpg","datePublished":"2015-02-18T22:25:12+00:00","dateModified":"2019-02-12T22:33:57+00:00","breadcrumb":{"@id":"https:\/\/evertonfc.cz\/index.php\/2015\/02\/18\/preview-young-boys-everton\/#breadcrumb"},"inLanguage":"cs","potentialAction":[{"@type":"ReadAction","target":["https:\/\/evertonfc.cz\/index.php\/2015\/02\/18\/preview-young-boys-everton\/"]}]},{"@type":"ImageObject","inLanguage":"cs","@id":"https:\/\/evertonfc.cz\/index.php\/2015\/02\/18\/preview-young-boys-everton\/#primaryimage","url":"https:\/\/evertonfc.cz\/wp-content\/uploads\/2019\/01\/preview.jpg","contentUrl":"https:\/\/evertonfc.cz\/wp-content\/uploads\/2019\/01\/preview.jpg","width":720,"height":405},{"@type":"BreadcrumbList","@id":"https:\/\/evertonfc.cz\/index.php\/2015\/02\/18\/preview-young-boys-everton\/#breadcrumb","itemListElement":[{"@type":"ListItem","position":1,"name":"Home","item":"https:\/\/evertonfc.cz\/"},{"@type":"ListItem","position":2,"name":"Preview: Young Boys &#8211; Everton"}]},{"@type":"WebSite","@id":"https:\/\/evertonfc.cz\/#website","url":"https:\/\/evertonfc.cz\/","name":"Official Czech &amp; Slovak Everton Supporters&#039; Club","description":"","publisher":{"@id":"https:\/\/evertonfc.cz\/#organization"},"potentialAction":[{"@type":"SearchAction","target":{"@type":"EntryPoint","urlTemplate":"https:\/\/evertonfc.cz\/?s={search_term_string}"},"query-input":{"@type":"PropertyValueSpecification","valueRequired":true,"valueName":"search_term_string"}}],"inLanguage":"cs"},{"@type":"Organization","@id":"https:\/\/evertonfc.cz\/#organization","name":"Official Czech & Slovak Everton Supporters' Club","url":"https:\/\/evertonfc.cz\/","logo":{"@type":"ImageObject","inLanguage":"cs","@id":"https:\/\/evertonfc.cz\/#\/schema\/logo\/image\/","url":"https:\/\/evertonfc.cz\/wp-content\/uploads\/2019\/05\/logo.png","contentUrl":"https:\/\/evertonfc.cz\/wp-content\/uploads\/2019\/05\/logo.png","width":112,"height":112,"caption":"Official Czech & Slovak Everton Supporters' Club"},"image":{"@id":"https:\/\/evertonfc.cz\/#\/schema\/logo\/image\/"},"sameAs":["https:\/\/www.facebook.com\/everton.fans.cz.sk"]},{"@type":"Person","@id":"https:\/\/evertonfc.cz\/#\/schema\/person\/f7a5daedb2ffee98480bc70e191aaef1","name":"Ri\u010di","sameAs":["https:\/\/x.com\/rbrejsa"],"url":"https:\/\/evertonfc.cz\/index.php\/author\/rici\/"}]}},"_links":{"self":[{"href":"https:\/\/evertonfc.cz\/index.php\/wp-json\/wp\/v2\/posts\/4361"}],"collection":[{"href":"https:\/\/evertonfc.cz\/index.php\/wp-json\/wp\/v2\/posts"}],"about":[{"href":"https:\/\/evertonfc.cz\/index.php\/wp-json\/wp\/v2\/types\/post"}],"author":[{"embeddable":true,"href":"https:\/\/evertonfc.cz\/index.php\/wp-json\/wp\/v2\/users\/6"}],"replies":[{"embeddable":true,"href":"https:\/\/evertonfc.cz\/index.php\/wp-json\/wp\/v2\/comments?post=4361"}],"version-history":[{"count":3,"href":"https:\/\/evertonfc.cz\/index.php\/wp-json\/wp\/v2\/posts\/4361\/revisions"}],"predecessor-version":[{"id":4387,"href":"https:\/\/evertonfc.cz\/index.php\/wp-json\/wp\/v2\/posts\/4361\/revisions\/4387"}],"wp:featuredmedia":[{"embeddable":true,"href":"https:\/\/evertonfc.cz\/index.php\/wp-json\/wp\/v2\/media\/1314"}],"wp:attachment":[{"href":"https:\/\/evertonfc.cz\/index.php\/wp-json\/wp\/v2\/media?parent=4361"}],"wp:term":[{"taxonomy":"category","embeddable":true,"href":"https:\/\/evertonfc.cz\/index.php\/wp-json\/wp\/v2\/categories?post=4361"},{"taxonomy":"post_tag","embeddable":true,"href":"https:\/\/evertonfc.cz\/index.php\/wp-json\/wp\/v2\/tags?post=4361"}],"curies":[{"name":"wp","href":"https:\/\/api.w.org\/{rel}","templated":true}]}}