{"id":4371,"date":"2015-02-11T23:29:37","date_gmt":"2015-02-11T22:29:37","guid":{"rendered":"http:\/\/evertonfc.cz\/?p=4371"},"modified":"2019-02-12T23:30:24","modified_gmt":"2019-02-12T22:30:24","slug":"preview-chelsea-everton-6","status":"publish","type":"post","link":"https:\/\/evertonfc.cz\/index.php\/2015\/02\/11\/preview-chelsea-everton-6\/","title":{"rendered":"Preview: Chelsea &#8211; Everton"},"content":{"rendered":"<h4 id=\"NewsPostDetailSummary\">Dnes ve\u010der z\u0159ejm\u011b p\u0159edvedou Toffees, jak um\u00ed hr\u00e1t pre\u0161ovsk\u00fd beton. D\u016fvod? N\u00e1v\u0161t\u011bva h\u0159i\u0161t\u011b prvn\u00edho celku tabulky.<\/h4>\n<div id=\"NewsPostDetailContent\">\n<p>P\u0159edstavovat ambice Chelsea by bylo no\u0161en\u00edm sov do At\u00e9n, stejn\u011b jako jej\u00ed finan\u010dn\u00ed mo\u017enosti. Speci\u00e1ln\u00ed dod\u00e1vka m\u00e1 k dispozici velmi kvalitn\u00ed k\u00e1dr, kter\u00fd m\u00e1 v\u00fdsledky a nav\u00edc jejich nejbli\u017e\u0161\u00ed soupe\u0159 v tabulce, Manchester City, z\u0159ejm\u011b odvol\u00e1 Pellegriniho. To se u lond\u00fdnsk\u00fdch tmavomodr\u00fdch bude l\u00edbit&#8230;<\/p>\n<p>U\u017e od za\u010d\u00e1tku sezony se t\u00fdm ze Stamford Bridge dr\u017e\u00ed v pop\u0159ed\u00ed tabulky, prvn\u00ed p\u0159\u00ed\u010dka mu \u0159\u00edk\u00e1 pane ji\u017e n\u011bjak\u00fd ten m\u011bs\u00edc a je opravdu pro\u010d. Bilanci 2 por\u00e1\u017eek ze 24 z\u00e1pas\u016f t\u00fdm nenasb\u00edr\u00e1 n\u00e1hodou a doma v lize ztratila pouze dva body &#8211; v minul\u00e9m dom\u00e1c\u00edm kole nezvl\u00e1dla p\u0159etla\u010dit pr\u00e1v\u011b modrou \u010d\u00e1st Manchesteru. Optimismus jejich fanou\u0161k\u016f je velk\u00fd a po\u0161ilhav\u00e1 se po lep\u0161\u00edch, bl\u00fdskav\u011bj\u0161\u00edch trofej\u00edch ne\u017e je dom\u00e1c\u00ed titul. V posledn\u00edm vz\u00e1jemn\u00e9m z\u00e1pase v Goodisonu Parku spadlo host\u016fm do br\u00e1ny prakticky v\u0161e, do \u010deho kopli a odvezli si t\u0159i body. V\u00fdhra dom\u00e1c\u00edch (by\u0165 ne \u0161est vst\u0159elen\u00fdch branek) se \u010dek\u00e1 i dnes ve\u010der.<\/p>\n<p>Ligov\u00e1 forma Evertonu se <strong>velmi m\u00edrn\u011b<\/strong> zlep\u0161uje, od novoro\u010dn\u00ed prohry m\u00e1 bilanci t\u0159i rem\u00edzy a jedno v\u00edt\u011bzstv\u00ed, tedy 6 bod\u016f z 12 mo\u017en\u00fdch. Minul\u00fd z\u00e1pas, derby proti RS, byl obrannou bitvou a tak rem\u00edza 0:0 nemohla p\u0159ekvapit. Ned\u011blejme si n\u011bjak\u00e9 iluze, bod bychom brali v\u0161emi dvaceti&#8230;<\/p>\n<p>Dom\u00e1c\u00edm bude chyb\u011bt potrestan\u00fd Costa, kter\u00fd si odpyk\u00e1 posledn\u00ed z\u00e1pas t\u0159\u00edzapasov\u00e9ho trestu, naopak se vrac\u00ed Fabregas, le\u010d za\u010dne asi na lavi\u010dce. Mikel nebude hr\u00e1t kv\u016fli zran\u011bn\u00ed kolene a je mo\u017en\u00e9, \u017ee bude k dispozici Luis.<\/p>\n<p>U Evertonu je dobrou zpr\u00e1vou n\u00e1vrat Howarda, le\u010d ne do z\u00e1kladn\u00ed sestavy. Nicm\u00e9n\u011b Ameri\u010dan ji\u017e je p\u00e1r dn\u00ed v pln\u00e9m tr\u00e9ninku, tak\u017ee se d\u00e1 o\u010dek\u00e1vat jeho nasazen\u00ed v Bernu do z\u00e1kladn\u00ed sestavy. P\u0159es m\u00edrn\u00e9 zran\u011bn\u00ed by m\u011bli hr\u00e1t Besi\u0107 a Naismith, naopak bude absentovat p\u011btice Osman-Pienaar-Hibbert-Baines-McGeady. Atsu nem\u016f\u017ee hr\u00e1t kv\u016fli dohod\u011b klub\u016f, o nasazen\u00ed McCarthyho rozhodne fyzick\u00fd test p\u0159ed z\u00e1pasem. Nab\u00edz\u00ed se tak debut Lennona v z\u00e1kladn\u00ed sestav\u011b a utk\u00e1n\u00ed jist\u011b bude zaj\u00edmav\u00e9 pro Lukaka, jeho prvn\u00ed na stadionu Chelsea od letn\u00edho p\u0159estupu.<\/p>\n<p><strong>Co:<\/strong> Chelsea FC &#8211; Everton FC, 25. kolo Premier League<br \/>\n<strong>Kdy:<\/strong> 11. 2. 2015 od 20:45 SE\u010c<br \/>\n<strong>Kde:<\/strong> Stamford Bridge, Fulham Road, Lond\u00fdn (kapacita: 41 837)<br \/>\n<strong>Rozhod\u010d\u00ed:<\/strong> Jon Moss<\/p>\n<\/div>\n","protected":false},"excerpt":{"rendered":"<p>Dnes ve\u010der z\u0159ejm\u011b p\u0159edvedou Toffees, jak um\u00ed hr\u00e1t pre\u0161ovsk\u00fd beton. D\u016fvod? N\u00e1v\u0161t\u011bva h\u0159i\u0161t\u011b prvn\u00edho celku tabulky. P\u0159edstavovat ambice Chelsea by&hellip;<\/p>\n","protected":false},"author":12,"featured_media":1314,"comment_status":"open","ping_status":"closed","sticky":false,"template":"","format":"standard","meta":{"_eb_attr":"","_monsterinsights_skip_tracking":false,"_monsterinsights_sitenote_active":false,"_monsterinsights_sitenote_note":"","_monsterinsights_sitenote_category":0,"footnotes":""},"categories":[4],"tags":[],"yoast_head":"<!-- This site is optimized with the Yoast SEO plugin v23.4 - https:\/\/yoast.com\/wordpress\/plugins\/seo\/ -->\n<title>Preview: Chelsea - Everton - Official Czech &amp; Slovak Everton Supporters&#039; Club<\/title>\n<meta name=\"robots\" content=\"index, follow, max-snippet:-1, max-image-preview:large, max-video-preview:-1\" \/>\n<link rel=\"canonical\" href=\"https:\/\/evertonfc.cz\/index.php\/2015\/02\/11\/preview-chelsea-everton-6\/\" \/>\n<meta property=\"og:locale\" content=\"cs_CZ\" \/>\n<meta property=\"og:type\" content=\"article\" \/>\n<meta property=\"og:title\" content=\"Preview: Chelsea - Everton - Official Czech &amp; Slovak Everton Supporters&#039; Club\" \/>\n<meta property=\"og:description\" content=\"Dnes ve\u010der z\u0159ejm\u011b p\u0159edvedou Toffees, jak um\u00ed hr\u00e1t pre\u0161ovsk\u00fd beton. D\u016fvod? N\u00e1v\u0161t\u011bva h\u0159i\u0161t\u011b prvn\u00edho celku tabulky. P\u0159edstavovat ambice Chelsea by&hellip;\" \/>\n<meta property=\"og:url\" content=\"https:\/\/evertonfc.cz\/index.php\/2015\/02\/11\/preview-chelsea-everton-6\/\" \/>\n<meta property=\"og:site_name\" content=\"Official Czech &amp; Slovak Everton Supporters&#039; Club\" \/>\n<meta property=\"article:publisher\" content=\"https:\/\/www.facebook.com\/everton.fans.cz.sk\" \/>\n<meta property=\"article:published_time\" content=\"2015-02-11T22:29:37+00:00\" \/>\n<meta property=\"article:modified_time\" content=\"2019-02-12T22:30:24+00:00\" \/>\n<meta property=\"og:image\" content=\"https:\/\/evertonfc.cz\/wp-content\/uploads\/2019\/01\/preview.jpg\" \/>\n\t<meta property=\"og:image:width\" content=\"720\" \/>\n\t<meta property=\"og:image:height\" content=\"405\" \/>\n\t<meta property=\"og:image:type\" content=\"image\/jpeg\" \/>\n<meta name=\"author\" content=\"Javor\" \/>\n<meta name=\"twitter:card\" content=\"summary_large_image\" \/>\n<meta name=\"twitter:creator\" content=\"@LoudinJan\" \/>\n<meta name=\"twitter:label1\" content=\"Napsal(a)\" \/>\n\t<meta name=\"twitter:data1\" content=\"Javor\" \/>\n\t<meta name=\"twitter:label2\" content=\"Odhadovan\u00e1 doba \u010dten\u00ed\" \/>\n\t<meta name=\"twitter:data2\" content=\"2 minuty\" \/>\n<script type=\"application\/ld+json\" class=\"yoast-schema-graph\">{\"@context\":\"https:\/\/schema.org\",\"@graph\":[{\"@type\":\"Article\",\"@id\":\"https:\/\/evertonfc.cz\/index.php\/2015\/02\/11\/preview-chelsea-everton-6\/#article\",\"isPartOf\":{\"@id\":\"https:\/\/evertonfc.cz\/index.php\/2015\/02\/11\/preview-chelsea-everton-6\/\"},\"author\":{\"name\":\"Javor\",\"@id\":\"https:\/\/evertonfc.cz\/#\/schema\/person\/b30daf6a5852f4811f8207a17ec1bf78\"},\"headline\":\"Preview: Chelsea &#8211; Everton\",\"datePublished\":\"2015-02-11T22:29:37+00:00\",\"dateModified\":\"2019-02-12T22:30:24+00:00\",\"mainEntityOfPage\":{\"@id\":\"https:\/\/evertonfc.cz\/index.php\/2015\/02\/11\/preview-chelsea-everton-6\/\"},\"wordCount\":474,\"commentCount\":0,\"publisher\":{\"@id\":\"https:\/\/evertonfc.cz\/#organization\"},\"image\":{\"@id\":\"https:\/\/evertonfc.cz\/index.php\/2015\/02\/11\/preview-chelsea-everton-6\/#primaryimage\"},\"thumbnailUrl\":\"https:\/\/evertonfc.cz\/wp-content\/uploads\/2019\/01\/preview.jpg\",\"articleSection\":[\"Z\u00e1pasy\"],\"inLanguage\":\"cs\",\"potentialAction\":[{\"@type\":\"CommentAction\",\"name\":\"Comment\",\"target\":[\"https:\/\/evertonfc.cz\/index.php\/2015\/02\/11\/preview-chelsea-everton-6\/#respond\"]}]},{\"@type\":\"WebPage\",\"@id\":\"https:\/\/evertonfc.cz\/index.php\/2015\/02\/11\/preview-chelsea-everton-6\/\",\"url\":\"https:\/\/evertonfc.cz\/index.php\/2015\/02\/11\/preview-chelsea-everton-6\/\",\"name\":\"Preview: Chelsea - Everton - Official Czech &amp; Slovak Everton Supporters&#039; Club\",\"isPartOf\":{\"@id\":\"https:\/\/evertonfc.cz\/#website\"},\"primaryImageOfPage\":{\"@id\":\"https:\/\/evertonfc.cz\/index.php\/2015\/02\/11\/preview-chelsea-everton-6\/#primaryimage\"},\"image\":{\"@id\":\"https:\/\/evertonfc.cz\/index.php\/2015\/02\/11\/preview-chelsea-everton-6\/#primaryimage\"},\"thumbnailUrl\":\"https:\/\/evertonfc.cz\/wp-content\/uploads\/2019\/01\/preview.jpg\",\"datePublished\":\"2015-02-11T22:29:37+00:00\",\"dateModified\":\"2019-02-12T22:30:24+00:00\",\"breadcrumb\":{\"@id\":\"https:\/\/evertonfc.cz\/index.php\/2015\/02\/11\/preview-chelsea-everton-6\/#breadcrumb\"},\"inLanguage\":\"cs\",\"potentialAction\":[{\"@type\":\"ReadAction\",\"target\":[\"https:\/\/evertonfc.cz\/index.php\/2015\/02\/11\/preview-chelsea-everton-6\/\"]}]},{\"@type\":\"ImageObject\",\"inLanguage\":\"cs\",\"@id\":\"https:\/\/evertonfc.cz\/index.php\/2015\/02\/11\/preview-chelsea-everton-6\/#primaryimage\",\"url\":\"https:\/\/evertonfc.cz\/wp-content\/uploads\/2019\/01\/preview.jpg\",\"contentUrl\":\"https:\/\/evertonfc.cz\/wp-content\/uploads\/2019\/01\/preview.jpg\",\"width\":720,\"height\":405},{\"@type\":\"BreadcrumbList\",\"@id\":\"https:\/\/evertonfc.cz\/index.php\/2015\/02\/11\/preview-chelsea-everton-6\/#breadcrumb\",\"itemListElement\":[{\"@type\":\"ListItem\",\"position\":1,\"name\":\"Home\",\"item\":\"https:\/\/evertonfc.cz\/\"},{\"@type\":\"ListItem\",\"position\":2,\"name\":\"Preview: Chelsea &#8211; Everton\"}]},{\"@type\":\"WebSite\",\"@id\":\"https:\/\/evertonfc.cz\/#website\",\"url\":\"https:\/\/evertonfc.cz\/\",\"name\":\"Official Czech &amp; Slovak Everton Supporters&#039; Club\",\"description\":\"\",\"publisher\":{\"@id\":\"https:\/\/evertonfc.cz\/#organization\"},\"potentialAction\":[{\"@type\":\"SearchAction\",\"target\":{\"@type\":\"EntryPoint\",\"urlTemplate\":\"https:\/\/evertonfc.cz\/?s={search_term_string}\"},\"query-input\":{\"@type\":\"PropertyValueSpecification\",\"valueRequired\":true,\"valueName\":\"search_term_string\"}}],\"inLanguage\":\"cs\"},{\"@type\":\"Organization\",\"@id\":\"https:\/\/evertonfc.cz\/#organization\",\"name\":\"Official Czech & Slovak Everton Supporters' Club\",\"url\":\"https:\/\/evertonfc.cz\/\",\"logo\":{\"@type\":\"ImageObject\",\"inLanguage\":\"cs\",\"@id\":\"https:\/\/evertonfc.cz\/#\/schema\/logo\/image\/\",\"url\":\"https:\/\/evertonfc.cz\/wp-content\/uploads\/2019\/05\/logo.png\",\"contentUrl\":\"https:\/\/evertonfc.cz\/wp-content\/uploads\/2019\/05\/logo.png\",\"width\":112,\"height\":112,\"caption\":\"Official Czech & Slovak Everton Supporters' Club\"},\"image\":{\"@id\":\"https:\/\/evertonfc.cz\/#\/schema\/logo\/image\/\"},\"sameAs\":[\"https:\/\/www.facebook.com\/everton.fans.cz.sk\"]},{\"@type\":\"Person\",\"@id\":\"https:\/\/evertonfc.cz\/#\/schema\/person\/b30daf6a5852f4811f8207a17ec1bf78\",\"name\":\"Javor\",\"sameAs\":[\"https:\/\/x.com\/LoudinJan\"],\"url\":\"https:\/\/evertonfc.cz\/index.php\/author\/javor\/\"}]}<\/script>\n<!-- \/ Yoast SEO plugin. -->","yoast_head_json":{"title":"Preview: Chelsea - Everton - Official Czech &amp; Slovak Everton Supporters&#039; Club","robots":{"index":"index","follow":"follow","max-snippet":"max-snippet:-1","max-image-preview":"max-image-preview:large","max-video-preview":"max-video-preview:-1"},"canonical":"https:\/\/evertonfc.cz\/index.php\/2015\/02\/11\/preview-chelsea-everton-6\/","og_locale":"cs_CZ","og_type":"article","og_title":"Preview: Chelsea - Everton - Official Czech &amp; Slovak Everton Supporters&#039; Club","og_description":"Dnes ve\u010der z\u0159ejm\u011b p\u0159edvedou Toffees, jak um\u00ed hr\u00e1t pre\u0161ovsk\u00fd beton. D\u016fvod? N\u00e1v\u0161t\u011bva h\u0159i\u0161t\u011b prvn\u00edho celku tabulky. P\u0159edstavovat ambice Chelsea by&hellip;","og_url":"https:\/\/evertonfc.cz\/index.php\/2015\/02\/11\/preview-chelsea-everton-6\/","og_site_name":"Official Czech &amp; Slovak Everton Supporters&#039; Club","article_publisher":"https:\/\/www.facebook.com\/everton.fans.cz.sk","article_published_time":"2015-02-11T22:29:37+00:00","article_modified_time":"2019-02-12T22:30:24+00:00","og_image":[{"width":720,"height":405,"url":"https:\/\/evertonfc.cz\/wp-content\/uploads\/2019\/01\/preview.jpg","type":"image\/jpeg"}],"author":"Javor","twitter_card":"summary_large_image","twitter_creator":"@LoudinJan","twitter_misc":{"Napsal(a)":"Javor","Odhadovan\u00e1 doba \u010dten\u00ed":"2 minuty"},"schema":{"@context":"https:\/\/schema.org","@graph":[{"@type":"Article","@id":"https:\/\/evertonfc.cz\/index.php\/2015\/02\/11\/preview-chelsea-everton-6\/#article","isPartOf":{"@id":"https:\/\/evertonfc.cz\/index.php\/2015\/02\/11\/preview-chelsea-everton-6\/"},"author":{"name":"Javor","@id":"https:\/\/evertonfc.cz\/#\/schema\/person\/b30daf6a5852f4811f8207a17ec1bf78"},"headline":"Preview: Chelsea &#8211; Everton","datePublished":"2015-02-11T22:29:37+00:00","dateModified":"2019-02-12T22:30:24+00:00","mainEntityOfPage":{"@id":"https:\/\/evertonfc.cz\/index.php\/2015\/02\/11\/preview-chelsea-everton-6\/"},"wordCount":474,"commentCount":0,"publisher":{"@id":"https:\/\/evertonfc.cz\/#organization"},"image":{"@id":"https:\/\/evertonfc.cz\/index.php\/2015\/02\/11\/preview-chelsea-everton-6\/#primaryimage"},"thumbnailUrl":"https:\/\/evertonfc.cz\/wp-content\/uploads\/2019\/01\/preview.jpg","articleSection":["Z\u00e1pasy"],"inLanguage":"cs","potentialAction":[{"@type":"CommentAction","name":"Comment","target":["https:\/\/evertonfc.cz\/index.php\/2015\/02\/11\/preview-chelsea-everton-6\/#respond"]}]},{"@type":"WebPage","@id":"https:\/\/evertonfc.cz\/index.php\/2015\/02\/11\/preview-chelsea-everton-6\/","url":"https:\/\/evertonfc.cz\/index.php\/2015\/02\/11\/preview-chelsea-everton-6\/","name":"Preview: Chelsea - Everton - Official Czech &amp; Slovak Everton Supporters&#039; Club","isPartOf":{"@id":"https:\/\/evertonfc.cz\/#website"},"primaryImageOfPage":{"@id":"https:\/\/evertonfc.cz\/index.php\/2015\/02\/11\/preview-chelsea-everton-6\/#primaryimage"},"image":{"@id":"https:\/\/evertonfc.cz\/index.php\/2015\/02\/11\/preview-chelsea-everton-6\/#primaryimage"},"thumbnailUrl":"https:\/\/evertonfc.cz\/wp-content\/uploads\/2019\/01\/preview.jpg","datePublished":"2015-02-11T22:29:37+00:00","dateModified":"2019-02-12T22:30:24+00:00","breadcrumb":{"@id":"https:\/\/evertonfc.cz\/index.php\/2015\/02\/11\/preview-chelsea-everton-6\/#breadcrumb"},"inLanguage":"cs","potentialAction":[{"@type":"ReadAction","target":["https:\/\/evertonfc.cz\/index.php\/2015\/02\/11\/preview-chelsea-everton-6\/"]}]},{"@type":"ImageObject","inLanguage":"cs","@id":"https:\/\/evertonfc.cz\/index.php\/2015\/02\/11\/preview-chelsea-everton-6\/#primaryimage","url":"https:\/\/evertonfc.cz\/wp-content\/uploads\/2019\/01\/preview.jpg","contentUrl":"https:\/\/evertonfc.cz\/wp-content\/uploads\/2019\/01\/preview.jpg","width":720,"height":405},{"@type":"BreadcrumbList","@id":"https:\/\/evertonfc.cz\/index.php\/2015\/02\/11\/preview-chelsea-everton-6\/#breadcrumb","itemListElement":[{"@type":"ListItem","position":1,"name":"Home","item":"https:\/\/evertonfc.cz\/"},{"@type":"ListItem","position":2,"name":"Preview: Chelsea &#8211; Everton"}]},{"@type":"WebSite","@id":"https:\/\/evertonfc.cz\/#website","url":"https:\/\/evertonfc.cz\/","name":"Official Czech &amp; Slovak Everton Supporters&#039; Club","description":"","publisher":{"@id":"https:\/\/evertonfc.cz\/#organization"},"potentialAction":[{"@type":"SearchAction","target":{"@type":"EntryPoint","urlTemplate":"https:\/\/evertonfc.cz\/?s={search_term_string}"},"query-input":{"@type":"PropertyValueSpecification","valueRequired":true,"valueName":"search_term_string"}}],"inLanguage":"cs"},{"@type":"Organization","@id":"https:\/\/evertonfc.cz\/#organization","name":"Official Czech & Slovak Everton Supporters' Club","url":"https:\/\/evertonfc.cz\/","logo":{"@type":"ImageObject","inLanguage":"cs","@id":"https:\/\/evertonfc.cz\/#\/schema\/logo\/image\/","url":"https:\/\/evertonfc.cz\/wp-content\/uploads\/2019\/05\/logo.png","contentUrl":"https:\/\/evertonfc.cz\/wp-content\/uploads\/2019\/05\/logo.png","width":112,"height":112,"caption":"Official Czech & Slovak Everton Supporters' Club"},"image":{"@id":"https:\/\/evertonfc.cz\/#\/schema\/logo\/image\/"},"sameAs":["https:\/\/www.facebook.com\/everton.fans.cz.sk"]},{"@type":"Person","@id":"https:\/\/evertonfc.cz\/#\/schema\/person\/b30daf6a5852f4811f8207a17ec1bf78","name":"Javor","sameAs":["https:\/\/x.com\/LoudinJan"],"url":"https:\/\/evertonfc.cz\/index.php\/author\/javor\/"}]}},"_links":{"self":[{"href":"https:\/\/evertonfc.cz\/index.php\/wp-json\/wp\/v2\/posts\/4371"}],"collection":[{"href":"https:\/\/evertonfc.cz\/index.php\/wp-json\/wp\/v2\/posts"}],"about":[{"href":"https:\/\/evertonfc.cz\/index.php\/wp-json\/wp\/v2\/types\/post"}],"author":[{"embeddable":true,"href":"https:\/\/evertonfc.cz\/index.php\/wp-json\/wp\/v2\/users\/12"}],"replies":[{"embeddable":true,"href":"https:\/\/evertonfc.cz\/index.php\/wp-json\/wp\/v2\/comments?post=4371"}],"version-history":[{"count":1,"href":"https:\/\/evertonfc.cz\/index.php\/wp-json\/wp\/v2\/posts\/4371\/revisions"}],"predecessor-version":[{"id":4374,"href":"https:\/\/evertonfc.cz\/index.php\/wp-json\/wp\/v2\/posts\/4371\/revisions\/4374"}],"wp:featuredmedia":[{"embeddable":true,"href":"https:\/\/evertonfc.cz\/index.php\/wp-json\/wp\/v2\/media\/1314"}],"wp:attachment":[{"href":"https:\/\/evertonfc.cz\/index.php\/wp-json\/wp\/v2\/media?parent=4371"}],"wp:term":[{"taxonomy":"category","embeddable":true,"href":"https:\/\/evertonfc.cz\/index.php\/wp-json\/wp\/v2\/categories?post=4371"},{"taxonomy":"post_tag","embeddable":true,"href":"https:\/\/evertonfc.cz\/index.php\/wp-json\/wp\/v2\/tags?post=4371"}],"curies":[{"name":"wp","href":"https:\/\/api.w.org\/{rel}","templated":true}]}}