{"id":4378,"date":"2015-02-06T23:31:24","date_gmt":"2015-02-06T22:31:24","guid":{"rendered":"http:\/\/evertonfc.cz\/?p=4378"},"modified":"2019-02-12T23:38:51","modified_gmt":"2019-02-12T22:38:51","slug":"preview-everton-liverpool-5","status":"publish","type":"post","link":"https:\/\/evertonfc.cz\/index.php\/2015\/02\/06\/preview-everton-liverpool-5\/","title":{"rendered":"Preview: Everton &#8211; Liverpool"},"content":{"rendered":"<h4 id=\"NewsPostDetailSummary\">Pocit nad\u0161en\u00ed st\u0159\u00eddaj\u00edc\u00ed se s n\u00e1valem \u00fazkosti graduje do fin\u00e1le, 224. Merseyside derby se intenzivn\u011b hl\u00e1s\u00ed o slovo a Evertonians potichu vyhl\u00ed\u017eej\u00ed prohru Liverpoolu, na n\u00ed\u017e \u010dekaj\u00ed od roku 2010.<\/h4>\n<div id=\"NewsPostDetailContent\">\n<p>Jakmile se zve\u0159ejn\u011bn\u00ed ligov\u00fd los, m\u00e1lokter\u00fd p\u0159\u00edznivec modr\u00e9 barvy prvn\u011b hled\u00e1 jin\u00fd ma\u010d ne\u017e derby na Goodison Parku, p\u0159edstavuj\u00edc\u00ed vrchol sez\u00f3ny. A to bolestn\u011bj\u0161\u00ed je potom statistika z\u00a0\u00favodu \u010dl\u00e1nku, naposledy Blues opanovali derby p\u0159ed \u010dty\u0159 a p\u016fl rokem. O dvoubrankov\u00e9 prvenstv\u00ed se tehdy symbolicky postaraly dv\u011b novodob\u00e9 ikony klubu &#8211; Tim Cahill a Mikel Arteta. Oba fotbalist\u00e9 ale u\u017e n\u011bjak\u00fd ten p\u00e1tek kopou za jin\u00e9 odd\u00edly, a tak se odpov\u011bdnosti mus\u00ed zhostit jin\u00ed, p\u0159\u00edkladem budi\u017e pozdn\u00ed vyrovn\u00e1vaj\u00edc\u00ed d\u011blovka Phila Jagielky z podzimn\u00edho kl\u00e1n\u00ed \u010di st\u0159elec dvou g\u00f3l\u016f Romelu Lukaku z lo\u0148sk\u00e9 v\u00fdte\u010dn\u00e9 p\u0159est\u0159elky 3:3.<\/p>\n<p>P\u0159ed t\u00fddnem si Everton odvezl velmi d\u016fle\u017eit\u00fd t\u0159\u00edbodov\u00fd zisk ze h\u0159i\u0161t\u011b Crystal Palace a minim\u00e1ln\u011b po psychick\u00e9 str\u00e1nce muselo z\u00e1konit\u011b doj\u00edt ke zlep\u0161en\u00ed. V\u00edt\u011bzn\u00e1 sestava se sice nem\u011bn\u00ed, ov\u0161em James McCarthy se dle slov Roberta Mart\u00edneze kone\u010dn\u011b zotavil ze svalov\u00fdch probl\u00e9m\u016f a po posledn\u00ed p\u011btined\u011bln\u00ed pauze je p\u0159ipraven do boje. Net\u0159eba p\u0159ipom\u00ednat, co ne\u00fanavn\u00fd McCarthy znamen\u00e1 pro z\u00e1lohu a pota\u017emo cel\u00fd t\u00fdm.<\/p>\n<p>Ot\u00e1zkou z\u016fst\u00e1v\u00e1, kdo by McCarthymu uvolnil m\u00edsto v z\u00e1kladn\u00ed sestav\u011b. Mnoz\u00ed by r\u00e1di uk\u00e1zali na Garetha Barryho, jen\u017e se v\u0161ak t\u011b\u0161\u00ed oblib\u011b mana\u017eera, a proto by role \u010cern\u00e9ho Petra pravd\u011bpodobn\u011b p\u0159ipadla Muhamedovi Be\u0161i\u0107ovi, a\u010dkoliv Bos\u0148an posledn\u00ed dobou pat\u0159\u00ed k tomu nejlep\u0161\u00edmu. A po pravd\u011b r\u00e1d bych vid\u011bl, jak Be\u0161i\u0107 d\u00e1 poc\u00edtit slavn\u00e9mu Steviemu Gerrardovi p\u0159ed cestou za oce\u00e1n trochu toho balk\u00e1nsk\u00e9ho d\u016frazu.<\/p>\n<p>\u010cerstv\u00e1 posila Aaron Lennon pravd\u011bpodobn\u011b usedne zat\u00edm jenom na lavi\u010dku, moment\u00e1ln\u011b bych jeho pozici tipoval a\u017e za McGeadym a Barkleym. Na druhou stranu jako o\u017eiven\u00ed v pr\u016fb\u011bhu hry by mohl zp\u016fsobit rozruch v p\u0159ekonateln\u00e9 obran\u011b soupe\u0159e. Po poveden\u00e9 akci by jist\u011b vykouzlil \u00fasm\u011bv na sv\u00e9 tv\u00e1\u0159i a v\u0161ichni by byli kone\u010dn\u011b spokojen\u00ed.<\/p>\n<p>Liverpool s nov\u00fdm rokem vym\u011bnil kab\u00e1t, \u010di \u017ee za\u010dal bodovat a dot\u00edrat na nejlep\u0161\u00ed celky. Da\u0159\u00ed se hlavn\u011b ofenzivn\u00ed dvojici Raheem Sterling a Coutinho. V\u00fdbornou zpr\u00e1vou pro temnou stranu Stanley Parku p\u0159edstavuje uzdraven\u00ed Daniela Sturridge, jestli\u017ee by ho vizion\u00e1\u0159 Rodgers postavil od prvn\u00ed minuty, defenziv\u011b Toffees by jist\u011b p\u0159ibylo pr\u00e1ce.<\/p>\n<p>Pozdn\u00ed v\u00fdkop se nezamlouv\u00e1 Merseyside policii, jen\u017ee d\u0159\u00edv\u011bj\u0161\u00ed hodinu si neprosadila, a tak na jej\u00ed p\u0159\u00e1n\u00ed budou aspo\u0148 p\u0159\u00edznivci obou t\u00e1bor\u016f sed\u011bt odd\u011blen\u011b.<\/p>\n<h4><strong>Z\u00e1pasov\u00e1 fakta<\/strong><\/h4>\n<p>Vz\u00e1jemn\u00e1<br \/>\n\u2022 Everton usp\u011bl v jednom z posledn\u00edch sedmi dom\u00e1c\u00edch st\u0159etnut\u00ed v lize (1 v\u00fdhra, 2 rem\u00edzy, 4 prohry)<br \/>\n\u2022 Liverpool padl jednou z posledn\u00edch 16 ligov\u00fdch n\u00e1v\u0161t\u011bv na Goodisonu<br \/>\n\u2022 derby p\u0159ineslo 20 \u010derven\u00fdch karet v \u00e9\u0159e Premier League, touto bilanc\u00ed v\u00e9vod\u00ed sout\u011b\u017ei<br \/>\n\u2022 nicm\u00e9n\u011b posledn\u00edch sedm vz\u00e1jemn\u00fdch utk\u00e1n\u00ed se obe\u0161lo bez vylou\u010den\u00ed.<\/p>\n<p>Everton<br \/>\n\u2022 12. m\u00edsto s 26 body<br \/>\n\u2022 v\u00fdsledek 1:0 proti Crystal Palace ukon\u010dil osmiz\u00e1pasovou \u0161\u0148\u016fru bez v\u00fdhry<br \/>\n\u2022 v posledn\u00edch p\u011bti dom\u00e1c\u00edch ligov\u00fdch kolech vydoloval t\u0159i body pouze v jednom p\u0159\u00edpad\u011b<br \/>\n\u2022 letos \u017e\u00e1dn\u00fd jin\u00fd man\u010daft letos v\u00edcekr\u00e1t v \u00favodn\u00ed p\u011btiminutovce (4)<br \/>\n\u2022 v Goodisonu v aktu\u00e1ln\u00edm ro\u010dn\u00edku padaj\u00ed branky, pr\u016fm\u011br na jeden duel \u010din\u00ed \u010d\u00edslo 3, druh\u00fd nejvy\u0161\u0161\u00ed po\u010det.<\/p>\n<p>Liverpool<br \/>\n\u2022 7. m\u00edsto s 38 body<br \/>\n\u2022 neprohr\u00e1l posledn\u00edch sedm ligov\u00fdch kol a v p\u011bti z nich vyhr\u00e1l<br \/>\n\u2022 z posledn\u00ed p\u011bti v\u00fdjezd\u016f bodoval na plno \u010dty\u0159ikr\u00e1t a t\u0159ikr\u00e1t udr\u017eel \u010dist\u00e9 konto<br \/>\n\u2022 Steven Gerrard opanov\u00e1v\u00e1 tabulk\u016f st\u0159elc\u016f\u00a0derby z\u00a0aktivn\u00edch hr\u00e1\u010d\u016f, trefil se dev\u011btkr\u00e1t, na Goodison Parku p\u00e1lil p\u0159esn\u00fdmi dvakr\u00e1t, v letech 2001 a 2005.<\/p>\n<h4><strong>T\u00fdmov\u00e9 novinky<\/strong><\/h4>\n<p>Mart\u00ednezovi chyb\u00ed Christian Atsu, kter\u00fd se probojoval s Ghanou do fin\u00e1le Africk\u00e9ho poh\u00e1ru n\u00e1rod\u016f, a zran\u011bn\u00ed Steven Pienaar, Leon Osman a Tim Howard. Posledn\u011b jmenovan\u00fd byl m\u011b b\u00fdt op\u011bt p\u0159ipraven p\u0159\u00ed\u0161t\u00ed v\u00edkend.<\/p>\n<p><strong>EFC:<\/strong> Joel, Griffiths, Stan\u011bk, Alcaraz, Baines, Browning, Coleman, Distin, Garbutt, Hibbert, Jagielka, Oviedo, Stones, Barkley, Barry, Be\u0161i\u0107, Gibson, Lennon, McCarthy, McGeady, Kon\u00e9, Lukaku, Mirallas, Naismith.<\/p>\n<p>O startu Lucase rozhodne zdravotn\u00ed test p\u0159ed v\u00fdkopem, ur\u010dit\u011b potom nenastoup\u00ed zdravotn\u011b neschopn\u00ed Brad Jones a Jon Flanagan.<\/p>\n<p><strong>LFC:<\/strong> Mignolet, Ward, Johnson, Enrique, Lovren, Manquillo, Moreno, Sakho, \u0160krtel, Allen, Can, Coutinho, Gerrard, Henderson, Lallana, Lucas (?), Markovi\u0107, Balotelli, Borini, Ibe, Lambert, Sterling, Sturridge.<\/p>\n<p><strong>Co:<\/strong> Everton FC &#8211; Swansea City AFC, 24. kolo Premier League<br \/>\n<strong>Kdy:<\/strong> 07. 02. 2015 od 18:30 SE\u010c<br \/>\n<strong>Kde:<\/strong> Goodison Park, Liverpool (kapacita: 40 157)<br \/>\n<strong>Rozhod\u010d\u00ed:<\/strong> Anthony Taylor<\/p>\n<\/div>\n","protected":false},"excerpt":{"rendered":"<p>Pocit nad\u0161en\u00ed st\u0159\u00eddaj\u00edc\u00ed se s n\u00e1valem \u00fazkosti graduje do fin\u00e1le, 224. Merseyside derby se intenzivn\u011b hl\u00e1s\u00ed o slovo a Evertonians&hellip;<\/p>\n","protected":false},"author":6,"featured_media":1314,"comment_status":"open","ping_status":"closed","sticky":false,"template":"","format":"standard","meta":{"_eb_attr":"","_monsterinsights_skip_tracking":false,"_monsterinsights_sitenote_active":false,"_monsterinsights_sitenote_note":"","_monsterinsights_sitenote_category":0,"footnotes":""},"categories":[4],"tags":[],"yoast_head":"<!-- This site is optimized with the Yoast SEO plugin v23.4 - https:\/\/yoast.com\/wordpress\/plugins\/seo\/ -->\n<title>Preview: Everton - Liverpool - Official Czech &amp; Slovak Everton Supporters&#039; Club<\/title>\n<meta name=\"robots\" content=\"index, follow, max-snippet:-1, max-image-preview:large, max-video-preview:-1\" \/>\n<link rel=\"canonical\" href=\"https:\/\/evertonfc.cz\/index.php\/2015\/02\/06\/preview-everton-liverpool-5\/\" \/>\n<meta property=\"og:locale\" content=\"cs_CZ\" \/>\n<meta property=\"og:type\" content=\"article\" \/>\n<meta property=\"og:title\" content=\"Preview: Everton - Liverpool - Official Czech &amp; Slovak Everton Supporters&#039; Club\" \/>\n<meta property=\"og:description\" content=\"Pocit nad\u0161en\u00ed st\u0159\u00eddaj\u00edc\u00ed se s n\u00e1valem \u00fazkosti graduje do fin\u00e1le, 224. Merseyside derby se intenzivn\u011b hl\u00e1s\u00ed o slovo a Evertonians&hellip;\" \/>\n<meta property=\"og:url\" content=\"https:\/\/evertonfc.cz\/index.php\/2015\/02\/06\/preview-everton-liverpool-5\/\" \/>\n<meta property=\"og:site_name\" content=\"Official Czech &amp; Slovak Everton Supporters&#039; Club\" \/>\n<meta property=\"article:publisher\" content=\"https:\/\/www.facebook.com\/everton.fans.cz.sk\" \/>\n<meta property=\"article:published_time\" content=\"2015-02-06T22:31:24+00:00\" \/>\n<meta property=\"article:modified_time\" content=\"2019-02-12T22:38:51+00:00\" \/>\n<meta property=\"og:image\" content=\"https:\/\/evertonfc.cz\/wp-content\/uploads\/2019\/01\/preview.jpg\" \/>\n\t<meta property=\"og:image:width\" content=\"720\" \/>\n\t<meta property=\"og:image:height\" content=\"405\" \/>\n\t<meta property=\"og:image:type\" content=\"image\/jpeg\" \/>\n<meta name=\"author\" content=\"Ri\u010di\" \/>\n<meta name=\"twitter:card\" content=\"summary_large_image\" \/>\n<meta name=\"twitter:creator\" content=\"@rbrejsa\" \/>\n<meta name=\"twitter:label1\" content=\"Napsal(a)\" \/>\n\t<meta name=\"twitter:data1\" content=\"Ri\u010di\" \/>\n\t<meta name=\"twitter:label2\" content=\"Odhadovan\u00e1 doba \u010dten\u00ed\" \/>\n\t<meta name=\"twitter:data2\" content=\"4 minuty\" \/>\n<script type=\"application\/ld+json\" class=\"yoast-schema-graph\">{\"@context\":\"https:\/\/schema.org\",\"@graph\":[{\"@type\":\"Article\",\"@id\":\"https:\/\/evertonfc.cz\/index.php\/2015\/02\/06\/preview-everton-liverpool-5\/#article\",\"isPartOf\":{\"@id\":\"https:\/\/evertonfc.cz\/index.php\/2015\/02\/06\/preview-everton-liverpool-5\/\"},\"author\":{\"name\":\"Ri\u010di\",\"@id\":\"https:\/\/evertonfc.cz\/#\/schema\/person\/f7a5daedb2ffee98480bc70e191aaef1\"},\"headline\":\"Preview: Everton &#8211; Liverpool\",\"datePublished\":\"2015-02-06T22:31:24+00:00\",\"dateModified\":\"2019-02-12T22:38:51+00:00\",\"mainEntityOfPage\":{\"@id\":\"https:\/\/evertonfc.cz\/index.php\/2015\/02\/06\/preview-everton-liverpool-5\/\"},\"wordCount\":857,\"commentCount\":0,\"publisher\":{\"@id\":\"https:\/\/evertonfc.cz\/#organization\"},\"image\":{\"@id\":\"https:\/\/evertonfc.cz\/index.php\/2015\/02\/06\/preview-everton-liverpool-5\/#primaryimage\"},\"thumbnailUrl\":\"https:\/\/evertonfc.cz\/wp-content\/uploads\/2019\/01\/preview.jpg\",\"articleSection\":[\"Z\u00e1pasy\"],\"inLanguage\":\"cs\",\"potentialAction\":[{\"@type\":\"CommentAction\",\"name\":\"Comment\",\"target\":[\"https:\/\/evertonfc.cz\/index.php\/2015\/02\/06\/preview-everton-liverpool-5\/#respond\"]}]},{\"@type\":\"WebPage\",\"@id\":\"https:\/\/evertonfc.cz\/index.php\/2015\/02\/06\/preview-everton-liverpool-5\/\",\"url\":\"https:\/\/evertonfc.cz\/index.php\/2015\/02\/06\/preview-everton-liverpool-5\/\",\"name\":\"Preview: Everton - Liverpool - Official Czech &amp; Slovak Everton Supporters&#039; Club\",\"isPartOf\":{\"@id\":\"https:\/\/evertonfc.cz\/#website\"},\"primaryImageOfPage\":{\"@id\":\"https:\/\/evertonfc.cz\/index.php\/2015\/02\/06\/preview-everton-liverpool-5\/#primaryimage\"},\"image\":{\"@id\":\"https:\/\/evertonfc.cz\/index.php\/2015\/02\/06\/preview-everton-liverpool-5\/#primaryimage\"},\"thumbnailUrl\":\"https:\/\/evertonfc.cz\/wp-content\/uploads\/2019\/01\/preview.jpg\",\"datePublished\":\"2015-02-06T22:31:24+00:00\",\"dateModified\":\"2019-02-12T22:38:51+00:00\",\"breadcrumb\":{\"@id\":\"https:\/\/evertonfc.cz\/index.php\/2015\/02\/06\/preview-everton-liverpool-5\/#breadcrumb\"},\"inLanguage\":\"cs\",\"potentialAction\":[{\"@type\":\"ReadAction\",\"target\":[\"https:\/\/evertonfc.cz\/index.php\/2015\/02\/06\/preview-everton-liverpool-5\/\"]}]},{\"@type\":\"ImageObject\",\"inLanguage\":\"cs\",\"@id\":\"https:\/\/evertonfc.cz\/index.php\/2015\/02\/06\/preview-everton-liverpool-5\/#primaryimage\",\"url\":\"https:\/\/evertonfc.cz\/wp-content\/uploads\/2019\/01\/preview.jpg\",\"contentUrl\":\"https:\/\/evertonfc.cz\/wp-content\/uploads\/2019\/01\/preview.jpg\",\"width\":720,\"height\":405},{\"@type\":\"BreadcrumbList\",\"@id\":\"https:\/\/evertonfc.cz\/index.php\/2015\/02\/06\/preview-everton-liverpool-5\/#breadcrumb\",\"itemListElement\":[{\"@type\":\"ListItem\",\"position\":1,\"name\":\"Home\",\"item\":\"https:\/\/evertonfc.cz\/\"},{\"@type\":\"ListItem\",\"position\":2,\"name\":\"Preview: Everton &#8211; Liverpool\"}]},{\"@type\":\"WebSite\",\"@id\":\"https:\/\/evertonfc.cz\/#website\",\"url\":\"https:\/\/evertonfc.cz\/\",\"name\":\"Official Czech &amp; Slovak Everton Supporters&#039; Club\",\"description\":\"\",\"publisher\":{\"@id\":\"https:\/\/evertonfc.cz\/#organization\"},\"potentialAction\":[{\"@type\":\"SearchAction\",\"target\":{\"@type\":\"EntryPoint\",\"urlTemplate\":\"https:\/\/evertonfc.cz\/?s={search_term_string}\"},\"query-input\":{\"@type\":\"PropertyValueSpecification\",\"valueRequired\":true,\"valueName\":\"search_term_string\"}}],\"inLanguage\":\"cs\"},{\"@type\":\"Organization\",\"@id\":\"https:\/\/evertonfc.cz\/#organization\",\"name\":\"Official Czech & Slovak Everton Supporters' Club\",\"url\":\"https:\/\/evertonfc.cz\/\",\"logo\":{\"@type\":\"ImageObject\",\"inLanguage\":\"cs\",\"@id\":\"https:\/\/evertonfc.cz\/#\/schema\/logo\/image\/\",\"url\":\"https:\/\/evertonfc.cz\/wp-content\/uploads\/2019\/05\/logo.png\",\"contentUrl\":\"https:\/\/evertonfc.cz\/wp-content\/uploads\/2019\/05\/logo.png\",\"width\":112,\"height\":112,\"caption\":\"Official Czech & Slovak Everton Supporters' Club\"},\"image\":{\"@id\":\"https:\/\/evertonfc.cz\/#\/schema\/logo\/image\/\"},\"sameAs\":[\"https:\/\/www.facebook.com\/everton.fans.cz.sk\"]},{\"@type\":\"Person\",\"@id\":\"https:\/\/evertonfc.cz\/#\/schema\/person\/f7a5daedb2ffee98480bc70e191aaef1\",\"name\":\"Ri\u010di\",\"sameAs\":[\"https:\/\/x.com\/rbrejsa\"],\"url\":\"https:\/\/evertonfc.cz\/index.php\/author\/rici\/\"}]}<\/script>\n<!-- \/ Yoast SEO plugin. -->","yoast_head_json":{"title":"Preview: Everton - Liverpool - Official Czech &amp; Slovak Everton Supporters&#039; Club","robots":{"index":"index","follow":"follow","max-snippet":"max-snippet:-1","max-image-preview":"max-image-preview:large","max-video-preview":"max-video-preview:-1"},"canonical":"https:\/\/evertonfc.cz\/index.php\/2015\/02\/06\/preview-everton-liverpool-5\/","og_locale":"cs_CZ","og_type":"article","og_title":"Preview: Everton - Liverpool - Official Czech &amp; Slovak Everton Supporters&#039; Club","og_description":"Pocit nad\u0161en\u00ed st\u0159\u00eddaj\u00edc\u00ed se s n\u00e1valem \u00fazkosti graduje do fin\u00e1le, 224. Merseyside derby se intenzivn\u011b hl\u00e1s\u00ed o slovo a Evertonians&hellip;","og_url":"https:\/\/evertonfc.cz\/index.php\/2015\/02\/06\/preview-everton-liverpool-5\/","og_site_name":"Official Czech &amp; Slovak Everton Supporters&#039; Club","article_publisher":"https:\/\/www.facebook.com\/everton.fans.cz.sk","article_published_time":"2015-02-06T22:31:24+00:00","article_modified_time":"2019-02-12T22:38:51+00:00","og_image":[{"width":720,"height":405,"url":"https:\/\/evertonfc.cz\/wp-content\/uploads\/2019\/01\/preview.jpg","type":"image\/jpeg"}],"author":"Ri\u010di","twitter_card":"summary_large_image","twitter_creator":"@rbrejsa","twitter_misc":{"Napsal(a)":"Ri\u010di","Odhadovan\u00e1 doba \u010dten\u00ed":"4 minuty"},"schema":{"@context":"https:\/\/schema.org","@graph":[{"@type":"Article","@id":"https:\/\/evertonfc.cz\/index.php\/2015\/02\/06\/preview-everton-liverpool-5\/#article","isPartOf":{"@id":"https:\/\/evertonfc.cz\/index.php\/2015\/02\/06\/preview-everton-liverpool-5\/"},"author":{"name":"Ri\u010di","@id":"https:\/\/evertonfc.cz\/#\/schema\/person\/f7a5daedb2ffee98480bc70e191aaef1"},"headline":"Preview: Everton &#8211; Liverpool","datePublished":"2015-02-06T22:31:24+00:00","dateModified":"2019-02-12T22:38:51+00:00","mainEntityOfPage":{"@id":"https:\/\/evertonfc.cz\/index.php\/2015\/02\/06\/preview-everton-liverpool-5\/"},"wordCount":857,"commentCount":0,"publisher":{"@id":"https:\/\/evertonfc.cz\/#organization"},"image":{"@id":"https:\/\/evertonfc.cz\/index.php\/2015\/02\/06\/preview-everton-liverpool-5\/#primaryimage"},"thumbnailUrl":"https:\/\/evertonfc.cz\/wp-content\/uploads\/2019\/01\/preview.jpg","articleSection":["Z\u00e1pasy"],"inLanguage":"cs","potentialAction":[{"@type":"CommentAction","name":"Comment","target":["https:\/\/evertonfc.cz\/index.php\/2015\/02\/06\/preview-everton-liverpool-5\/#respond"]}]},{"@type":"WebPage","@id":"https:\/\/evertonfc.cz\/index.php\/2015\/02\/06\/preview-everton-liverpool-5\/","url":"https:\/\/evertonfc.cz\/index.php\/2015\/02\/06\/preview-everton-liverpool-5\/","name":"Preview: Everton - Liverpool - Official Czech &amp; Slovak Everton Supporters&#039; Club","isPartOf":{"@id":"https:\/\/evertonfc.cz\/#website"},"primaryImageOfPage":{"@id":"https:\/\/evertonfc.cz\/index.php\/2015\/02\/06\/preview-everton-liverpool-5\/#primaryimage"},"image":{"@id":"https:\/\/evertonfc.cz\/index.php\/2015\/02\/06\/preview-everton-liverpool-5\/#primaryimage"},"thumbnailUrl":"https:\/\/evertonfc.cz\/wp-content\/uploads\/2019\/01\/preview.jpg","datePublished":"2015-02-06T22:31:24+00:00","dateModified":"2019-02-12T22:38:51+00:00","breadcrumb":{"@id":"https:\/\/evertonfc.cz\/index.php\/2015\/02\/06\/preview-everton-liverpool-5\/#breadcrumb"},"inLanguage":"cs","potentialAction":[{"@type":"ReadAction","target":["https:\/\/evertonfc.cz\/index.php\/2015\/02\/06\/preview-everton-liverpool-5\/"]}]},{"@type":"ImageObject","inLanguage":"cs","@id":"https:\/\/evertonfc.cz\/index.php\/2015\/02\/06\/preview-everton-liverpool-5\/#primaryimage","url":"https:\/\/evertonfc.cz\/wp-content\/uploads\/2019\/01\/preview.jpg","contentUrl":"https:\/\/evertonfc.cz\/wp-content\/uploads\/2019\/01\/preview.jpg","width":720,"height":405},{"@type":"BreadcrumbList","@id":"https:\/\/evertonfc.cz\/index.php\/2015\/02\/06\/preview-everton-liverpool-5\/#breadcrumb","itemListElement":[{"@type":"ListItem","position":1,"name":"Home","item":"https:\/\/evertonfc.cz\/"},{"@type":"ListItem","position":2,"name":"Preview: Everton &#8211; Liverpool"}]},{"@type":"WebSite","@id":"https:\/\/evertonfc.cz\/#website","url":"https:\/\/evertonfc.cz\/","name":"Official Czech &amp; Slovak Everton Supporters&#039; Club","description":"","publisher":{"@id":"https:\/\/evertonfc.cz\/#organization"},"potentialAction":[{"@type":"SearchAction","target":{"@type":"EntryPoint","urlTemplate":"https:\/\/evertonfc.cz\/?s={search_term_string}"},"query-input":{"@type":"PropertyValueSpecification","valueRequired":true,"valueName":"search_term_string"}}],"inLanguage":"cs"},{"@type":"Organization","@id":"https:\/\/evertonfc.cz\/#organization","name":"Official Czech & Slovak Everton Supporters' Club","url":"https:\/\/evertonfc.cz\/","logo":{"@type":"ImageObject","inLanguage":"cs","@id":"https:\/\/evertonfc.cz\/#\/schema\/logo\/image\/","url":"https:\/\/evertonfc.cz\/wp-content\/uploads\/2019\/05\/logo.png","contentUrl":"https:\/\/evertonfc.cz\/wp-content\/uploads\/2019\/05\/logo.png","width":112,"height":112,"caption":"Official Czech & Slovak Everton Supporters' Club"},"image":{"@id":"https:\/\/evertonfc.cz\/#\/schema\/logo\/image\/"},"sameAs":["https:\/\/www.facebook.com\/everton.fans.cz.sk"]},{"@type":"Person","@id":"https:\/\/evertonfc.cz\/#\/schema\/person\/f7a5daedb2ffee98480bc70e191aaef1","name":"Ri\u010di","sameAs":["https:\/\/x.com\/rbrejsa"],"url":"https:\/\/evertonfc.cz\/index.php\/author\/rici\/"}]}},"_links":{"self":[{"href":"https:\/\/evertonfc.cz\/index.php\/wp-json\/wp\/v2\/posts\/4378"}],"collection":[{"href":"https:\/\/evertonfc.cz\/index.php\/wp-json\/wp\/v2\/posts"}],"about":[{"href":"https:\/\/evertonfc.cz\/index.php\/wp-json\/wp\/v2\/types\/post"}],"author":[{"embeddable":true,"href":"https:\/\/evertonfc.cz\/index.php\/wp-json\/wp\/v2\/users\/6"}],"replies":[{"embeddable":true,"href":"https:\/\/evertonfc.cz\/index.php\/wp-json\/wp\/v2\/comments?post=4378"}],"version-history":[{"count":3,"href":"https:\/\/evertonfc.cz\/index.php\/wp-json\/wp\/v2\/posts\/4378\/revisions"}],"predecessor-version":[{"id":4394,"href":"https:\/\/evertonfc.cz\/index.php\/wp-json\/wp\/v2\/posts\/4378\/revisions\/4394"}],"wp:featuredmedia":[{"embeddable":true,"href":"https:\/\/evertonfc.cz\/index.php\/wp-json\/wp\/v2\/media\/1314"}],"wp:attachment":[{"href":"https:\/\/evertonfc.cz\/index.php\/wp-json\/wp\/v2\/media?parent=4378"}],"wp:term":[{"taxonomy":"category","embeddable":true,"href":"https:\/\/evertonfc.cz\/index.php\/wp-json\/wp\/v2\/categories?post=4378"},{"taxonomy":"post_tag","embeddable":true,"href":"https:\/\/evertonfc.cz\/index.php\/wp-json\/wp\/v2\/tags?post=4378"}],"curies":[{"name":"wp","href":"https:\/\/api.w.org\/{rel}","templated":true}]}}