{"id":4397,"date":"2015-01-19T23:39:49","date_gmt":"2015-01-19T22:39:49","guid":{"rendered":"http:\/\/evertonfc.cz\/?p=4397"},"modified":"2019-02-13T07:06:35","modified_gmt":"2019-02-13T06:06:35","slug":"everton-west-bromwich-albion-00","status":"publish","type":"post","link":"https:\/\/evertonfc.cz\/index.php\/2015\/01\/19\/everton-west-bromwich-albion-00\/","title":{"rendered":"Everton &#8211; West Bromwich Albion 0:0"},"content":{"rendered":"<h4 id=\"NewsPostDetailSummary\">Neprom\u011bn\u011bn\u00e1 penalta a nulov\u00e1 kreativita stoj\u00ed za ztr\u00e1tou dal\u0161\u00edch dvou bod\u016f. To, \u017ee WBA p\u0159ijel betonovat, nen\u00ed omluva.<\/h4>\n<div id=\"NewsPostDetailContent\">\n<p>Jedinou zm\u011bnu v sestav\u011b ud\u011blal mana\u017eer Evertonu Martinez. Mirallas na prav\u00e9 z\u00e1loze nahradil potrestan\u00e9ho McGeadyho. Ze zran\u011bn\u00fdch ji\u017e usedl na lavi\u010dku Hibbert. B\u00fdval\u00ed hr\u00e1\u010di Evertonu Anichebe a Lescott nastoupili v z\u00e1kladn\u00ed sestav\u011b.<\/p>\n<p>Po patn\u00e1cti minut\u00e1ch m\u011bl Everton 88 % dr\u017een\u00ed m\u00ed\u010de, ale tak dv\u011b st\u0159ely doprost\u0159ed branky, jejich autory byli Mirallas a Baines. P\u0159i nich se rozeh\u0159\u00edval brank\u00e1\u0159 WBA Foster, kter\u00fd s jejich zlikvidov\u00e1n\u00edm nem\u011bl probl\u00e9m. Host\u00e9 se zkr\u00e1tka zat\u00e1hli a sta\u010dilo jim ob\u010das odkopnout m\u00ed\u010d na p\u016flku dom\u00e1c\u00edch a doufali v n\u011bjak\u00fd zaj\u00edmav\u00fd proti\u00fatok. Hodn\u011b p\u0159ihr\u00e1vek \u0161lo do stran, m\u00e1lokter\u00e1 dop\u0159edu. Nejv\u011bt\u0161\u00ed p\u0159\u00edle\u017eitost Baggies m\u011bl v 21. minut\u011b Wisdom, kdy pl\u00e1chl Mirallasovi, p\u011bkn\u011b mu p\u0159ihr\u00e1l Morrison, ale nezpracoval m\u00ed\u010d, tak ani nevyst\u0159elil. Ka\u017edop\u00e1dn\u011b prvn\u00edch 22 minut bylo hodn\u011b dietn\u00edch.<\/p>\n<p>O chvilku pozd\u011bji byl faulov\u00e1n Baines, k trest\u0148\u00e1ku se postavil Mirallas. Co\u017e o to, rod\u00e1k z Lutychu m\u00ed\u0159il dob\u0159e, do horn\u00edho rohu, ale nedal m\u00ed\u010di razanci, tak brank\u00e1\u0159 kryl bez probl\u00e9m\u016f. Pot\u00e9 byla Besi\u0107ova st\u0159ela zpoza v\u00e1pna te\u010dov\u00e1na Naismithem nad b\u0159evno.V dal\u0161\u00ed p\u0159\u00edle\u017eitosti se ocitl Lukaku, ale jeho st\u0159ela byla zblokov\u00e1na Lescottem. Nicm\u00e9n\u011b bylo to sm\u011brem dop\u0159edu pomal\u00e9, bez pohybu, to se pak t\u011b\u017eko n\u011bco vym\u00fd\u0161l\u00ed. Ke konci polo\u010dasu m\u011bli p\u0159\u00edle\u017eitost i host\u00e9, Anichebe p\u0159i\u0165ukl m\u00ed\u010d Gardnerovi, ale ten m\u00ed\u0159il vedle. A co byl vrchol prvn\u00ed p\u016fle? Mirallasova neprom\u011bn\u011bn\u00e1 penalta. Lescott zahr\u00e1l rukou, rozhod\u010d\u00ed uk\u00e1zal na punt\u00edk a m\u00ed\u010d se odrazil od ty\u010de do z\u00e1mez\u00ed. M\u016f\u017eeme jen spekulovat, pro\u010d ji nekopal Baines. Tak\u017ee nakonec opravdu nula nula.<\/p>\n<p>Mirallas do druh\u00e9 p\u016fle ji\u017e nenastoupil, Oviedo ho vyst\u0159\u00eddal. Pravd\u011bpodobn\u011b belgick\u00fd z\u00e1lo\u017en\u00edk poru\u0161il intern\u00ed pravidla o po\u0159ad\u00ed st\u0159elc\u016f penalt, \u010dili st\u0159\u00edd\u00e1n\u00ed bylo hlavn\u011b v\u00fdchovn\u00e9. Nejzaj\u00edmav\u011bj\u0161\u00edm okam\u017eikem prvn\u00ed p\u011btiminutovky druh\u00e9 p\u016fle byla \u017elut\u00e1 karta pro Barryho po faulu na Berahina. A v not\u00fdsku rozhod\u010d\u00edho ho brzy n\u00e1sledoval pr\u00e1v\u011b Oviedo, tentokr\u00e1t za faul zezadu na Gardnera. Naismith byl naopak \u017elut\u00e9 u\u0161et\u0159en, a\u010d ji po skopnut\u00ed Anichebeho dostat m\u011bl. Dal\u0161\u00ed kartu dostal Morrison, zfauloval Barryho kousek p\u0159ed v\u00e1pnem. O n\u011bkolik minut pozd\u011bji byl Naismith postr\u010den Yacobem do s\u00edt\u011b, ale p\u00ed\u0161\u0165alka rozhod\u010d\u00edho z\u016fstala n\u011bm\u00e1. WBA se t\u011b\u017eko dost\u00e1valo s m\u00ed\u010dem z vlastn\u00ed p\u016flky, ale g\u00f3l dom\u00e1c\u00edch, kte\u0159\u00ed tla\u010dili, st\u00e1le nep\u0159ich\u00e1zel.<\/p>\n<p>Do \u00fato\u010dn\u00e9 f\u00e1ze se neobvykle hodn\u011b zapojoval Besi\u0107, centroval, sem tam vyst\u0159elil, ale nebylo to moc p\u0159esn\u00e9. Hezkou akci p\u0159edvedla \u010dtve\u0159ice Stones-Barkley-Naismith-Lukaku, ale brankou to neskon\u010dilo. Bos\u0148an z\u00e1pas dohr\u00e1l se \u017elutou kartou na kont\u011b, kdy\u017e nedovolen\u011b zastavil Sessegnona, kte\u00fd nahradil Morrisona. A nakonec to byl pr\u00e1v\u011b tenhle franocouzsk\u00fd z\u00e1lo\u017en\u00edk, kter\u00fd se dostal do \u0161ance. Ale byl z n\u00ed tak p\u0159ekvapen\u00fd, \u017ee slabou st\u0159elou netrefil branku. Obr\u00e1zek byl ale st\u00e1le stejn\u00fd &#8211; Everton vykombinuje p\u0159ibli\u017en\u011b k v\u00e1pnu a pak m\u00edsto st\u0159ely si zbyte\u010dn\u011b dlouho p\u0159ihr\u00e1v\u00e1. To je(bylo) \u0161patn\u011b, sou\u010dasn\u00fd k\u00e1dr nem\u00e1 na to, aby s m\u00ed\u010dem do\u0161el a\u017e do kuchyn\u011b. Nav\u00edc soupe\u0159 v\u017edy dal nohu, t\u011blo \u010di hlavu do cesty m\u00ed\u010di a tak Foster ani nemusel p\u0159edv\u00e1d\u011bt n\u011bjak\u00e9 t\u011b\u017ek\u00e9 z\u00e1kroky. Posledn\u00edm napom\u00ednan\u00fdm byl v 90. minut\u011b Dorrans za faul. Z n\u00e1sleduj\u00edc\u00edho trest\u0148\u00e1ku Baines\u016fv centr nep\u0159elet\u011bl prvn\u00edho protihr\u00e1\u010de. A proto\u017ee i konec utk\u00e1n\u00ed se nesl ve znamen\u00ed hesla &#8222;st\u0159elbu maj\u00ed zak\u00e1zanou od doktora&#8220;, tak se po bezbrankov\u00e9 rem\u00edze body d\u011blily.<\/p>\n<p><strong>\u017dK: <\/strong>49. Gareth Barry, 52. Bryan Oviedo, 77. Muhamed Be\u0161i\u0107 &#8211; 58. James Morrison, 90. Graham Dorrans<br \/>\n<strong>Everton FC:<\/strong> Joel Robles, Phil Jagielka, Leighton Baines, S\u00e9amus Coleman, Muhamed Be\u0161i\u0107 (79. Arouna Kon\u00e9), John Stones, Gareth Barry, Ross Barkley, Steven Naismith, Kevin Mirallas (46. Bryan Oviedo), Romelu Lukaku<br \/>\n<strong>West Bromwich Albion: <\/strong>Ben Foster, Joleon Lescott, Chris Baird, Gareth McAuley, Andre Wisdom, Craig Gardner, James Morrison (65. St\u00e9phane Sessegnon), Claudio Yacob, Chris Brunt, Victor Anichebe (79. Brown Ideye), Saido Berahino (70. Graham Dorrans)<br \/>\n<strong>Rozhod\u010d\u00ed: <\/strong>Michael Oliver<br \/>\n<strong>Div\u00e1ci:<\/strong> 34 739<\/p>\n<\/div>\n","protected":false},"excerpt":{"rendered":"<p>Neprom\u011bn\u011bn\u00e1 penalta a nulov\u00e1 kreativita stoj\u00ed za ztr\u00e1tou dal\u0161\u00edch dvou bod\u016f. To, \u017ee WBA p\u0159ijel betonovat, nen\u00ed omluva. Jedinou zm\u011bnu&hellip;<\/p>\n","protected":false},"author":12,"featured_media":1315,"comment_status":"open","ping_status":"closed","sticky":false,"template":"","format":"standard","meta":{"_eb_attr":"","_monsterinsights_skip_tracking":false,"_monsterinsights_sitenote_active":false,"_monsterinsights_sitenote_note":"","_monsterinsights_sitenote_category":0,"footnotes":""},"categories":[4],"tags":[],"yoast_head":"<!-- This site is optimized with the Yoast SEO plugin v23.4 - https:\/\/yoast.com\/wordpress\/plugins\/seo\/ -->\n<title>Everton - West Bromwich Albion 0:0 - Official Czech &amp; Slovak Everton Supporters&#039; Club<\/title>\n<meta name=\"robots\" content=\"index, follow, max-snippet:-1, max-image-preview:large, max-video-preview:-1\" \/>\n<link rel=\"canonical\" href=\"https:\/\/evertonfc.cz\/index.php\/2015\/01\/19\/everton-west-bromwich-albion-00\/\" \/>\n<meta property=\"og:locale\" content=\"cs_CZ\" \/>\n<meta property=\"og:type\" content=\"article\" \/>\n<meta property=\"og:title\" content=\"Everton - West Bromwich Albion 0:0 - Official Czech &amp; Slovak Everton Supporters&#039; Club\" \/>\n<meta property=\"og:description\" content=\"Neprom\u011bn\u011bn\u00e1 penalta a nulov\u00e1 kreativita stoj\u00ed za ztr\u00e1tou dal\u0161\u00edch dvou bod\u016f. To, \u017ee WBA p\u0159ijel betonovat, nen\u00ed omluva. Jedinou zm\u011bnu&hellip;\" \/>\n<meta property=\"og:url\" content=\"https:\/\/evertonfc.cz\/index.php\/2015\/01\/19\/everton-west-bromwich-albion-00\/\" \/>\n<meta property=\"og:site_name\" content=\"Official Czech &amp; Slovak Everton Supporters&#039; Club\" \/>\n<meta property=\"article:publisher\" content=\"https:\/\/www.facebook.com\/everton.fans.cz.sk\" \/>\n<meta property=\"article:published_time\" content=\"2015-01-19T22:39:49+00:00\" \/>\n<meta property=\"article:modified_time\" content=\"2019-02-13T06:06:35+00:00\" \/>\n<meta property=\"og:image\" content=\"https:\/\/evertonfc.cz\/wp-content\/uploads\/2019\/01\/report.jpg\" \/>\n\t<meta property=\"og:image:width\" content=\"720\" \/>\n\t<meta property=\"og:image:height\" content=\"405\" \/>\n\t<meta property=\"og:image:type\" content=\"image\/jpeg\" \/>\n<meta name=\"author\" content=\"Javor\" \/>\n<meta name=\"twitter:card\" content=\"summary_large_image\" \/>\n<meta name=\"twitter:creator\" content=\"@LoudinJan\" \/>\n<meta name=\"twitter:label1\" content=\"Napsal(a)\" \/>\n\t<meta name=\"twitter:data1\" content=\"Javor\" \/>\n\t<meta name=\"twitter:label2\" content=\"Odhadovan\u00e1 doba \u010dten\u00ed\" \/>\n\t<meta name=\"twitter:data2\" content=\"4 minuty\" \/>\n<script type=\"application\/ld+json\" class=\"yoast-schema-graph\">{\"@context\":\"https:\/\/schema.org\",\"@graph\":[{\"@type\":\"Article\",\"@id\":\"https:\/\/evertonfc.cz\/index.php\/2015\/01\/19\/everton-west-bromwich-albion-00\/#article\",\"isPartOf\":{\"@id\":\"https:\/\/evertonfc.cz\/index.php\/2015\/01\/19\/everton-west-bromwich-albion-00\/\"},\"author\":{\"name\":\"Javor\",\"@id\":\"https:\/\/evertonfc.cz\/#\/schema\/person\/b30daf6a5852f4811f8207a17ec1bf78\"},\"headline\":\"Everton &#8211; West Bromwich Albion 0:0\",\"datePublished\":\"2015-01-19T22:39:49+00:00\",\"dateModified\":\"2019-02-13T06:06:35+00:00\",\"mainEntityOfPage\":{\"@id\":\"https:\/\/evertonfc.cz\/index.php\/2015\/01\/19\/everton-west-bromwich-albion-00\/\"},\"wordCount\":804,\"commentCount\":0,\"publisher\":{\"@id\":\"https:\/\/evertonfc.cz\/#organization\"},\"image\":{\"@id\":\"https:\/\/evertonfc.cz\/index.php\/2015\/01\/19\/everton-west-bromwich-albion-00\/#primaryimage\"},\"thumbnailUrl\":\"https:\/\/evertonfc.cz\/wp-content\/uploads\/2019\/01\/report.jpg\",\"articleSection\":[\"Z\u00e1pasy\"],\"inLanguage\":\"cs\",\"potentialAction\":[{\"@type\":\"CommentAction\",\"name\":\"Comment\",\"target\":[\"https:\/\/evertonfc.cz\/index.php\/2015\/01\/19\/everton-west-bromwich-albion-00\/#respond\"]}]},{\"@type\":\"WebPage\",\"@id\":\"https:\/\/evertonfc.cz\/index.php\/2015\/01\/19\/everton-west-bromwich-albion-00\/\",\"url\":\"https:\/\/evertonfc.cz\/index.php\/2015\/01\/19\/everton-west-bromwich-albion-00\/\",\"name\":\"Everton - West Bromwich Albion 0:0 - Official Czech &amp; Slovak Everton Supporters&#039; Club\",\"isPartOf\":{\"@id\":\"https:\/\/evertonfc.cz\/#website\"},\"primaryImageOfPage\":{\"@id\":\"https:\/\/evertonfc.cz\/index.php\/2015\/01\/19\/everton-west-bromwich-albion-00\/#primaryimage\"},\"image\":{\"@id\":\"https:\/\/evertonfc.cz\/index.php\/2015\/01\/19\/everton-west-bromwich-albion-00\/#primaryimage\"},\"thumbnailUrl\":\"https:\/\/evertonfc.cz\/wp-content\/uploads\/2019\/01\/report.jpg\",\"datePublished\":\"2015-01-19T22:39:49+00:00\",\"dateModified\":\"2019-02-13T06:06:35+00:00\",\"breadcrumb\":{\"@id\":\"https:\/\/evertonfc.cz\/index.php\/2015\/01\/19\/everton-west-bromwich-albion-00\/#breadcrumb\"},\"inLanguage\":\"cs\",\"potentialAction\":[{\"@type\":\"ReadAction\",\"target\":[\"https:\/\/evertonfc.cz\/index.php\/2015\/01\/19\/everton-west-bromwich-albion-00\/\"]}]},{\"@type\":\"ImageObject\",\"inLanguage\":\"cs\",\"@id\":\"https:\/\/evertonfc.cz\/index.php\/2015\/01\/19\/everton-west-bromwich-albion-00\/#primaryimage\",\"url\":\"https:\/\/evertonfc.cz\/wp-content\/uploads\/2019\/01\/report.jpg\",\"contentUrl\":\"https:\/\/evertonfc.cz\/wp-content\/uploads\/2019\/01\/report.jpg\",\"width\":720,\"height\":405},{\"@type\":\"BreadcrumbList\",\"@id\":\"https:\/\/evertonfc.cz\/index.php\/2015\/01\/19\/everton-west-bromwich-albion-00\/#breadcrumb\",\"itemListElement\":[{\"@type\":\"ListItem\",\"position\":1,\"name\":\"Home\",\"item\":\"https:\/\/evertonfc.cz\/\"},{\"@type\":\"ListItem\",\"position\":2,\"name\":\"Everton &#8211; West Bromwich Albion 0:0\"}]},{\"@type\":\"WebSite\",\"@id\":\"https:\/\/evertonfc.cz\/#website\",\"url\":\"https:\/\/evertonfc.cz\/\",\"name\":\"Official Czech &amp; Slovak Everton Supporters&#039; Club\",\"description\":\"\",\"publisher\":{\"@id\":\"https:\/\/evertonfc.cz\/#organization\"},\"potentialAction\":[{\"@type\":\"SearchAction\",\"target\":{\"@type\":\"EntryPoint\",\"urlTemplate\":\"https:\/\/evertonfc.cz\/?s={search_term_string}\"},\"query-input\":{\"@type\":\"PropertyValueSpecification\",\"valueRequired\":true,\"valueName\":\"search_term_string\"}}],\"inLanguage\":\"cs\"},{\"@type\":\"Organization\",\"@id\":\"https:\/\/evertonfc.cz\/#organization\",\"name\":\"Official Czech & Slovak Everton Supporters' Club\",\"url\":\"https:\/\/evertonfc.cz\/\",\"logo\":{\"@type\":\"ImageObject\",\"inLanguage\":\"cs\",\"@id\":\"https:\/\/evertonfc.cz\/#\/schema\/logo\/image\/\",\"url\":\"https:\/\/evertonfc.cz\/wp-content\/uploads\/2019\/05\/logo.png\",\"contentUrl\":\"https:\/\/evertonfc.cz\/wp-content\/uploads\/2019\/05\/logo.png\",\"width\":112,\"height\":112,\"caption\":\"Official Czech & Slovak Everton Supporters' Club\"},\"image\":{\"@id\":\"https:\/\/evertonfc.cz\/#\/schema\/logo\/image\/\"},\"sameAs\":[\"https:\/\/www.facebook.com\/everton.fans.cz.sk\"]},{\"@type\":\"Person\",\"@id\":\"https:\/\/evertonfc.cz\/#\/schema\/person\/b30daf6a5852f4811f8207a17ec1bf78\",\"name\":\"Javor\",\"sameAs\":[\"https:\/\/x.com\/LoudinJan\"],\"url\":\"https:\/\/evertonfc.cz\/index.php\/author\/javor\/\"}]}<\/script>\n<!-- \/ Yoast SEO plugin. -->","yoast_head_json":{"title":"Everton - West Bromwich Albion 0:0 - Official Czech &amp; Slovak Everton Supporters&#039; Club","robots":{"index":"index","follow":"follow","max-snippet":"max-snippet:-1","max-image-preview":"max-image-preview:large","max-video-preview":"max-video-preview:-1"},"canonical":"https:\/\/evertonfc.cz\/index.php\/2015\/01\/19\/everton-west-bromwich-albion-00\/","og_locale":"cs_CZ","og_type":"article","og_title":"Everton - West Bromwich Albion 0:0 - Official Czech &amp; Slovak Everton Supporters&#039; Club","og_description":"Neprom\u011bn\u011bn\u00e1 penalta a nulov\u00e1 kreativita stoj\u00ed za ztr\u00e1tou dal\u0161\u00edch dvou bod\u016f. To, \u017ee WBA p\u0159ijel betonovat, nen\u00ed omluva. Jedinou zm\u011bnu&hellip;","og_url":"https:\/\/evertonfc.cz\/index.php\/2015\/01\/19\/everton-west-bromwich-albion-00\/","og_site_name":"Official Czech &amp; Slovak Everton Supporters&#039; Club","article_publisher":"https:\/\/www.facebook.com\/everton.fans.cz.sk","article_published_time":"2015-01-19T22:39:49+00:00","article_modified_time":"2019-02-13T06:06:35+00:00","og_image":[{"width":720,"height":405,"url":"https:\/\/evertonfc.cz\/wp-content\/uploads\/2019\/01\/report.jpg","type":"image\/jpeg"}],"author":"Javor","twitter_card":"summary_large_image","twitter_creator":"@LoudinJan","twitter_misc":{"Napsal(a)":"Javor","Odhadovan\u00e1 doba \u010dten\u00ed":"4 minuty"},"schema":{"@context":"https:\/\/schema.org","@graph":[{"@type":"Article","@id":"https:\/\/evertonfc.cz\/index.php\/2015\/01\/19\/everton-west-bromwich-albion-00\/#article","isPartOf":{"@id":"https:\/\/evertonfc.cz\/index.php\/2015\/01\/19\/everton-west-bromwich-albion-00\/"},"author":{"name":"Javor","@id":"https:\/\/evertonfc.cz\/#\/schema\/person\/b30daf6a5852f4811f8207a17ec1bf78"},"headline":"Everton &#8211; West Bromwich Albion 0:0","datePublished":"2015-01-19T22:39:49+00:00","dateModified":"2019-02-13T06:06:35+00:00","mainEntityOfPage":{"@id":"https:\/\/evertonfc.cz\/index.php\/2015\/01\/19\/everton-west-bromwich-albion-00\/"},"wordCount":804,"commentCount":0,"publisher":{"@id":"https:\/\/evertonfc.cz\/#organization"},"image":{"@id":"https:\/\/evertonfc.cz\/index.php\/2015\/01\/19\/everton-west-bromwich-albion-00\/#primaryimage"},"thumbnailUrl":"https:\/\/evertonfc.cz\/wp-content\/uploads\/2019\/01\/report.jpg","articleSection":["Z\u00e1pasy"],"inLanguage":"cs","potentialAction":[{"@type":"CommentAction","name":"Comment","target":["https:\/\/evertonfc.cz\/index.php\/2015\/01\/19\/everton-west-bromwich-albion-00\/#respond"]}]},{"@type":"WebPage","@id":"https:\/\/evertonfc.cz\/index.php\/2015\/01\/19\/everton-west-bromwich-albion-00\/","url":"https:\/\/evertonfc.cz\/index.php\/2015\/01\/19\/everton-west-bromwich-albion-00\/","name":"Everton - West Bromwich Albion 0:0 - Official Czech &amp; Slovak Everton Supporters&#039; Club","isPartOf":{"@id":"https:\/\/evertonfc.cz\/#website"},"primaryImageOfPage":{"@id":"https:\/\/evertonfc.cz\/index.php\/2015\/01\/19\/everton-west-bromwich-albion-00\/#primaryimage"},"image":{"@id":"https:\/\/evertonfc.cz\/index.php\/2015\/01\/19\/everton-west-bromwich-albion-00\/#primaryimage"},"thumbnailUrl":"https:\/\/evertonfc.cz\/wp-content\/uploads\/2019\/01\/report.jpg","datePublished":"2015-01-19T22:39:49+00:00","dateModified":"2019-02-13T06:06:35+00:00","breadcrumb":{"@id":"https:\/\/evertonfc.cz\/index.php\/2015\/01\/19\/everton-west-bromwich-albion-00\/#breadcrumb"},"inLanguage":"cs","potentialAction":[{"@type":"ReadAction","target":["https:\/\/evertonfc.cz\/index.php\/2015\/01\/19\/everton-west-bromwich-albion-00\/"]}]},{"@type":"ImageObject","inLanguage":"cs","@id":"https:\/\/evertonfc.cz\/index.php\/2015\/01\/19\/everton-west-bromwich-albion-00\/#primaryimage","url":"https:\/\/evertonfc.cz\/wp-content\/uploads\/2019\/01\/report.jpg","contentUrl":"https:\/\/evertonfc.cz\/wp-content\/uploads\/2019\/01\/report.jpg","width":720,"height":405},{"@type":"BreadcrumbList","@id":"https:\/\/evertonfc.cz\/index.php\/2015\/01\/19\/everton-west-bromwich-albion-00\/#breadcrumb","itemListElement":[{"@type":"ListItem","position":1,"name":"Home","item":"https:\/\/evertonfc.cz\/"},{"@type":"ListItem","position":2,"name":"Everton &#8211; West Bromwich Albion 0:0"}]},{"@type":"WebSite","@id":"https:\/\/evertonfc.cz\/#website","url":"https:\/\/evertonfc.cz\/","name":"Official Czech &amp; Slovak Everton Supporters&#039; Club","description":"","publisher":{"@id":"https:\/\/evertonfc.cz\/#organization"},"potentialAction":[{"@type":"SearchAction","target":{"@type":"EntryPoint","urlTemplate":"https:\/\/evertonfc.cz\/?s={search_term_string}"},"query-input":{"@type":"PropertyValueSpecification","valueRequired":true,"valueName":"search_term_string"}}],"inLanguage":"cs"},{"@type":"Organization","@id":"https:\/\/evertonfc.cz\/#organization","name":"Official Czech & Slovak Everton Supporters' Club","url":"https:\/\/evertonfc.cz\/","logo":{"@type":"ImageObject","inLanguage":"cs","@id":"https:\/\/evertonfc.cz\/#\/schema\/logo\/image\/","url":"https:\/\/evertonfc.cz\/wp-content\/uploads\/2019\/05\/logo.png","contentUrl":"https:\/\/evertonfc.cz\/wp-content\/uploads\/2019\/05\/logo.png","width":112,"height":112,"caption":"Official Czech & Slovak Everton Supporters' Club"},"image":{"@id":"https:\/\/evertonfc.cz\/#\/schema\/logo\/image\/"},"sameAs":["https:\/\/www.facebook.com\/everton.fans.cz.sk"]},{"@type":"Person","@id":"https:\/\/evertonfc.cz\/#\/schema\/person\/b30daf6a5852f4811f8207a17ec1bf78","name":"Javor","sameAs":["https:\/\/x.com\/LoudinJan"],"url":"https:\/\/evertonfc.cz\/index.php\/author\/javor\/"}]}},"_links":{"self":[{"href":"https:\/\/evertonfc.cz\/index.php\/wp-json\/wp\/v2\/posts\/4397"}],"collection":[{"href":"https:\/\/evertonfc.cz\/index.php\/wp-json\/wp\/v2\/posts"}],"about":[{"href":"https:\/\/evertonfc.cz\/index.php\/wp-json\/wp\/v2\/types\/post"}],"author":[{"embeddable":true,"href":"https:\/\/evertonfc.cz\/index.php\/wp-json\/wp\/v2\/users\/12"}],"replies":[{"embeddable":true,"href":"https:\/\/evertonfc.cz\/index.php\/wp-json\/wp\/v2\/comments?post=4397"}],"version-history":[{"count":2,"href":"https:\/\/evertonfc.cz\/index.php\/wp-json\/wp\/v2\/posts\/4397\/revisions"}],"predecessor-version":[{"id":4455,"href":"https:\/\/evertonfc.cz\/index.php\/wp-json\/wp\/v2\/posts\/4397\/revisions\/4455"}],"wp:featuredmedia":[{"embeddable":true,"href":"https:\/\/evertonfc.cz\/index.php\/wp-json\/wp\/v2\/media\/1315"}],"wp:attachment":[{"href":"https:\/\/evertonfc.cz\/index.php\/wp-json\/wp\/v2\/media?parent=4397"}],"wp:term":[{"taxonomy":"category","embeddable":true,"href":"https:\/\/evertonfc.cz\/index.php\/wp-json\/wp\/v2\/categories?post=4397"},{"taxonomy":"post_tag","embeddable":true,"href":"https:\/\/evertonfc.cz\/index.php\/wp-json\/wp\/v2\/tags?post=4397"}],"curies":[{"name":"wp","href":"https:\/\/api.w.org\/{rel}","templated":true}]}}