{"id":4420,"date":"2014-12-27T23:53:34","date_gmt":"2014-12-27T22:53:34","guid":{"rendered":"http:\/\/evertonfc.cz\/?p=4420"},"modified":"2020-10-31T11:16:25","modified_gmt":"2020-10-31T10:16:25","slug":"preview-newcastle-united-everton-3","status":"publish","type":"post","link":"https:\/\/evertonfc.cz\/index.php\/2014\/12\/27\/preview-newcastle-united-everton-3\/","title":{"rendered":"Preview: Newcastle United &#8211; Everton"},"content":{"rendered":"<h4 id=\"NewsPostDetailSummary\">Everton za\u017e\u00edv\u00e1 hr\u016fzn\u00fd prosinec a na St James&#8216; Park zaj\u00ed\u017ed\u00ed bez zran\u011bn\u00e9 brank\u00e1\u0159sk\u00e9 jedni\u010dky a kapit\u00e1na, na\u0161t\u011bst\u00ed rovn\u011b\u017e Newcastle nepro\u017e\u00edv\u00e1 dvakr\u00e1t plodn\u00e9 obdob\u00ed, a tak net\u0159eba h\u00e1zet flintu do \u017eita p\u0159ed\u010dasn\u011b.<\/h4>\n<div id=\"NewsPostDetailContent\">\n<p>Obrat k lep\u0161\u00edm z\u00edt\u0159k\u016fm nenastal ani v dom\u00e1c\u00edm kl\u00e1n\u00ed proti Stoke City. Pr\u016fb\u011bh rozhodn\u011b ovlivnil rozhod\u010d\u00ed Lee Mason, kdy\u017e nepochopiteln\u011b neuk\u00e1zal \u010dervenou kartu Jonu Waltersovi, ov\u0161em h\u00e1zet celou vinu za prohru na sud\u00edho by bylo nem\u00edstn\u00e9. Toffees nav\u00e1zali na nemastn\u00e9 v\u00fdkony a podruh\u00e9 v \u0159ad\u011b nesk\u00f3rovali. Hr\u00e1\u010d\u016fm evidentn\u011b chyb\u00ed sebed\u016fv\u011bra a ani nechci uva\u017eovat nad t\u00edm, zda v\u0161ichni v\u011b\u0159\u00ed filozofii Roberta Mart\u00edneze.<\/p>\n<p>Tolik opakovan\u00fd svi\u017en\u00fd p\u0159echod do \u00fatoku upadl s v\u00fdkonost\u00ed Colemana a Bainese, p\u0159esn\u011bji \u0159e\u010deno jejich podpory \u00fatoku. Seamus Coleman je pouze st\u00ednem drav\u00e9ho a sebev\u011bdom\u00e9ho beka z lo\u0148sk\u00e9 sez\u00f3ny a Leightonu Bainesovi chyb\u00ed partner do kombinace v syst\u00e9mu bez klasick\u00e9ho lev\u00e9ho z\u00e1lo\u017en\u00edka, co\u017e p\u0159edstavuje viditeln\u00fd probl\u00e9m pro fotbalistu, kter\u00fd dok\u00e1\u017ee vym\u00fd\u0161let \u0161ance pro spoluhr\u00e1\u010de, v \u010dem\u017e mimochodem jen p\u00e1r m\u011bs\u00edc\u016f zp\u00e1tky pat\u0159il k tomu nejlep\u0161\u00edmu v Evrop\u011b.<\/p>\n<p>Everton se z krize nedostane m\u00e1vnut\u00edm proutku, p\u0159ed lednov\u00fdm FA Cupem a \u00fanorovou Evropskou ligou je ale nutnost\u00ed z\u00edskat ztracenou chu\u0165 do hry. Pomohlo by nasazen\u00ed hladov\u00fdch n\u00e1hradn\u00edk\u016f Garbutta, Ovieda, Pienaara, McGeadyho \u010di Kon\u00e9ho? Pomohlo by posouvat m\u00ed\u010d na Lukaka rychleji? \u010ci pom\u016f\u017ee trp\u011blivost? T\u011b\u017eko \u0159\u00edct.<\/p>\n<p>Jestli\u017ee Blues prohr\u00e1li \u010dty\u0159i z posledn\u00edch \u0161esti kol, Newcastle se v \u017e\u00e1dn\u00e9m p\u0159\u00edpad\u011b nechlub\u00ed lep\u0161\u00ed formou, pora\u017een ode\u0161el z posledn\u00edch \u010dty\u0159 ligov\u00fdch z\u00e1pas\u016f, v nich\u017e inkasoval 12x a sk\u00f3roval pouze dvakr\u00e1t. Alana Pardewa si jenom ned\u00e1vno napravil reputaci u fanou\u0161k\u016f za \u0161patn\u00fd vstup do ro\u010dn\u00edku, pod tlakem se tedy ocit\u00e1 rozhodn\u011b d\u0159\u00edve, ne\u017e o\u010dek\u00e1val. Mu\u017estvo nav\u00edc tr\u00e1p\u00ed po\u010detn\u00e1 marodka, a tak by \u0161lo utk\u00e1n\u00ed nazvat v nads\u00e1zce za &#8222;souboj trag\u00e9d\u016f&#8220;.<\/p>\n<h4><strong>T\u00fdmov\u00e9 novinky<\/strong><\/h4>\n<p>Obr\u00e1nce Paul Dummet a \u00fato\u010dn\u00edk Sam Ameobi z\u00e1pas\u00ed s \u010dasem, aby stihli uzdravit bol\u00edstky, Geordies toti\u017e chyb\u00ed kv\u016fli zdravotn\u00edm pot\u00ed\u017e\u00edm dal\u0161\u00edch dev\u011bt jmen \u2013 Tim Krul, Rob Elliot, Davide Santon, Curtis Good, Ryan Taylor, Mehdi Abeid, Rolando Aarons, Gabriel Obertan a Sim De Jong.<\/p>\n<h4><strong>NUFC:<\/strong><\/h4>\n<p>Alnwick, Coloccini, Dummett (?), Ha\u00efdara, Janmaat, Streete, S. Taylor, Williamson, Anita, Bigirimana, Cabella, Colback, Jonas, Sissoko, Tiot\u00e9, Vucki\u0107, Ameobi (?), Armstrong, Ciss\u00e9, Ferreyra, Gouffran, P\u00e9rez, Rivi\u00e8re.<\/p>\n<p>Tim Howard (l\u00fdtko) a Phil Jagielka (kotn\u00edk) museli u\u017e o polo\u010dase vyst\u0159\u00eddat proti Potters, podle Mart\u00edneze existuje pouze velmi mal\u00e1 \u0161ance na jejich uzdraven\u00ed do ned\u011ble. Men\u0161\u00ed \u0161r\u00e1my tr\u00e1p\u00ed Johna Stonese a Kevina Mirallase, nemoc potom Muhamada Be\u0161i\u0107e. Tony Hibbert, Darron Gibson, Leon Osman a Christian Atsu jsou zran\u011bn\u00ed je\u0161t\u011b minim\u00e1ln\u011b na dva t\u00fddny a Steven Naismith nenastoup\u00ed pro p\u00e1tou \u017elutou kartu.<\/p>\n<h4><strong>EFC:<\/strong><\/h4>\n<p>Joel, Stan\u011bk, Griffiths, Alcaraz, Baines, Browning, Coleman, Distin, Garbutt, Stones (?), Barkley, Barry, Be\u0161i\u0107 (?), McCarthy, McGeady, Oviedo, Pienaar, Eto\u2019o, Kon\u00e9, Lukaku, McAleny, Mirallas (?).<\/p>\n<\/div>\n<div id=\"NewsPostDetailContent\">\n<p><strong>Co:<\/strong> Newcatle United FC &#8211; Everton FC<br \/>\n<strong>Kde:<\/strong> St James&#8216; Park, Newcastle upon Tyne<br \/>\n<strong>Kdy:<\/strong> 28. 12. 2014 od 17:15 SE\u010c<br \/>\n<strong>Rozhod\u010d\u00ed:<\/strong> Craig Pawson<\/p>\n<\/div>\n","protected":false},"excerpt":{"rendered":"<p>Everton za\u017e\u00edv\u00e1 hr\u016fzn\u00fd prosinec a na St James&#8216; Park zaj\u00ed\u017ed\u00ed bez zran\u011bn\u00e9 brank\u00e1\u0159sk\u00e9 jedni\u010dky a kapit\u00e1na, na\u0161t\u011bst\u00ed rovn\u011b\u017e Newcastle nepro\u017e\u00edv\u00e1&hellip;<\/p>\n","protected":false},"author":6,"featured_media":12773,"comment_status":"open","ping_status":"closed","sticky":false,"template":"","format":"standard","meta":{"_eb_attr":"","_monsterinsights_skip_tracking":false,"_monsterinsights_sitenote_active":false,"_monsterinsights_sitenote_note":"","_monsterinsights_sitenote_category":0,"footnotes":""},"categories":[4],"tags":[],"yoast_head":"<!-- This site is optimized with the Yoast SEO plugin v23.4 - https:\/\/yoast.com\/wordpress\/plugins\/seo\/ -->\n<title>Preview: Newcastle United - Everton - Official Czech &amp; Slovak Everton Supporters&#039; Club<\/title>\n<meta name=\"robots\" content=\"index, follow, max-snippet:-1, max-image-preview:large, max-video-preview:-1\" \/>\n<link rel=\"canonical\" href=\"https:\/\/evertonfc.cz\/index.php\/2014\/12\/27\/preview-newcastle-united-everton-3\/\" \/>\n<meta property=\"og:locale\" content=\"cs_CZ\" \/>\n<meta property=\"og:type\" content=\"article\" \/>\n<meta property=\"og:title\" content=\"Preview: Newcastle United - Everton - Official Czech &amp; Slovak Everton Supporters&#039; Club\" \/>\n<meta property=\"og:description\" content=\"Everton za\u017e\u00edv\u00e1 hr\u016fzn\u00fd prosinec a na St James&#8216; Park zaj\u00ed\u017ed\u00ed bez zran\u011bn\u00e9 brank\u00e1\u0159sk\u00e9 jedni\u010dky a kapit\u00e1na, na\u0161t\u011bst\u00ed rovn\u011b\u017e Newcastle nepro\u017e\u00edv\u00e1&hellip;\" \/>\n<meta property=\"og:url\" content=\"https:\/\/evertonfc.cz\/index.php\/2014\/12\/27\/preview-newcastle-united-everton-3\/\" \/>\n<meta property=\"og:site_name\" content=\"Official Czech &amp; Slovak Everton Supporters&#039; Club\" \/>\n<meta property=\"article:publisher\" content=\"https:\/\/www.facebook.com\/everton.fans.cz.sk\" \/>\n<meta property=\"article:published_time\" content=\"2014-12-27T22:53:34+00:00\" \/>\n<meta property=\"article:modified_time\" content=\"2020-10-31T10:16:25+00:00\" \/>\n<meta property=\"og:image\" content=\"https:\/\/evertonfc.cz\/wp-content\/uploads\/2020\/10\/Newcastle-United-VS-Everton-31-10-2020.jpg\" \/>\n\t<meta property=\"og:image:width\" content=\"720\" \/>\n\t<meta property=\"og:image:height\" content=\"405\" \/>\n\t<meta property=\"og:image:type\" content=\"image\/jpeg\" \/>\n<meta name=\"author\" content=\"Ri\u010di\" \/>\n<meta name=\"twitter:card\" content=\"summary_large_image\" \/>\n<meta name=\"twitter:creator\" content=\"@rbrejsa\" \/>\n<meta name=\"twitter:label1\" content=\"Napsal(a)\" \/>\n\t<meta name=\"twitter:data1\" content=\"Ri\u010di\" \/>\n\t<meta name=\"twitter:label2\" content=\"Odhadovan\u00e1 doba \u010dten\u00ed\" \/>\n\t<meta name=\"twitter:data2\" content=\"3 minuty\" \/>\n<script type=\"application\/ld+json\" class=\"yoast-schema-graph\">{\"@context\":\"https:\/\/schema.org\",\"@graph\":[{\"@type\":\"Article\",\"@id\":\"https:\/\/evertonfc.cz\/index.php\/2014\/12\/27\/preview-newcastle-united-everton-3\/#article\",\"isPartOf\":{\"@id\":\"https:\/\/evertonfc.cz\/index.php\/2014\/12\/27\/preview-newcastle-united-everton-3\/\"},\"author\":{\"name\":\"Ri\u010di\",\"@id\":\"https:\/\/evertonfc.cz\/#\/schema\/person\/f7a5daedb2ffee98480bc70e191aaef1\"},\"headline\":\"Preview: Newcastle United &#8211; Everton\",\"datePublished\":\"2014-12-27T22:53:34+00:00\",\"dateModified\":\"2020-10-31T10:16:25+00:00\",\"mainEntityOfPage\":{\"@id\":\"https:\/\/evertonfc.cz\/index.php\/2014\/12\/27\/preview-newcastle-united-everton-3\/\"},\"wordCount\":595,\"commentCount\":0,\"publisher\":{\"@id\":\"https:\/\/evertonfc.cz\/#organization\"},\"image\":{\"@id\":\"https:\/\/evertonfc.cz\/index.php\/2014\/12\/27\/preview-newcastle-united-everton-3\/#primaryimage\"},\"thumbnailUrl\":\"https:\/\/evertonfc.cz\/wp-content\/uploads\/2020\/10\/Newcastle-United-VS-Everton-31-10-2020.jpg\",\"articleSection\":[\"Z\u00e1pasy\"],\"inLanguage\":\"cs\",\"potentialAction\":[{\"@type\":\"CommentAction\",\"name\":\"Comment\",\"target\":[\"https:\/\/evertonfc.cz\/index.php\/2014\/12\/27\/preview-newcastle-united-everton-3\/#respond\"]}]},{\"@type\":\"WebPage\",\"@id\":\"https:\/\/evertonfc.cz\/index.php\/2014\/12\/27\/preview-newcastle-united-everton-3\/\",\"url\":\"https:\/\/evertonfc.cz\/index.php\/2014\/12\/27\/preview-newcastle-united-everton-3\/\",\"name\":\"Preview: Newcastle United - Everton - Official Czech &amp; Slovak Everton Supporters&#039; Club\",\"isPartOf\":{\"@id\":\"https:\/\/evertonfc.cz\/#website\"},\"primaryImageOfPage\":{\"@id\":\"https:\/\/evertonfc.cz\/index.php\/2014\/12\/27\/preview-newcastle-united-everton-3\/#primaryimage\"},\"image\":{\"@id\":\"https:\/\/evertonfc.cz\/index.php\/2014\/12\/27\/preview-newcastle-united-everton-3\/#primaryimage\"},\"thumbnailUrl\":\"https:\/\/evertonfc.cz\/wp-content\/uploads\/2020\/10\/Newcastle-United-VS-Everton-31-10-2020.jpg\",\"datePublished\":\"2014-12-27T22:53:34+00:00\",\"dateModified\":\"2020-10-31T10:16:25+00:00\",\"breadcrumb\":{\"@id\":\"https:\/\/evertonfc.cz\/index.php\/2014\/12\/27\/preview-newcastle-united-everton-3\/#breadcrumb\"},\"inLanguage\":\"cs\",\"potentialAction\":[{\"@type\":\"ReadAction\",\"target\":[\"https:\/\/evertonfc.cz\/index.php\/2014\/12\/27\/preview-newcastle-united-everton-3\/\"]}]},{\"@type\":\"ImageObject\",\"inLanguage\":\"cs\",\"@id\":\"https:\/\/evertonfc.cz\/index.php\/2014\/12\/27\/preview-newcastle-united-everton-3\/#primaryimage\",\"url\":\"https:\/\/evertonfc.cz\/wp-content\/uploads\/2020\/10\/Newcastle-United-VS-Everton-31-10-2020.jpg\",\"contentUrl\":\"https:\/\/evertonfc.cz\/wp-content\/uploads\/2020\/10\/Newcastle-United-VS-Everton-31-10-2020.jpg\",\"width\":720,\"height\":405},{\"@type\":\"BreadcrumbList\",\"@id\":\"https:\/\/evertonfc.cz\/index.php\/2014\/12\/27\/preview-newcastle-united-everton-3\/#breadcrumb\",\"itemListElement\":[{\"@type\":\"ListItem\",\"position\":1,\"name\":\"Home\",\"item\":\"https:\/\/evertonfc.cz\/\"},{\"@type\":\"ListItem\",\"position\":2,\"name\":\"Preview: Newcastle United &#8211; Everton\"}]},{\"@type\":\"WebSite\",\"@id\":\"https:\/\/evertonfc.cz\/#website\",\"url\":\"https:\/\/evertonfc.cz\/\",\"name\":\"Official Czech &amp; Slovak Everton Supporters&#039; Club\",\"description\":\"\",\"publisher\":{\"@id\":\"https:\/\/evertonfc.cz\/#organization\"},\"potentialAction\":[{\"@type\":\"SearchAction\",\"target\":{\"@type\":\"EntryPoint\",\"urlTemplate\":\"https:\/\/evertonfc.cz\/?s={search_term_string}\"},\"query-input\":{\"@type\":\"PropertyValueSpecification\",\"valueRequired\":true,\"valueName\":\"search_term_string\"}}],\"inLanguage\":\"cs\"},{\"@type\":\"Organization\",\"@id\":\"https:\/\/evertonfc.cz\/#organization\",\"name\":\"Official Czech & Slovak Everton Supporters' Club\",\"url\":\"https:\/\/evertonfc.cz\/\",\"logo\":{\"@type\":\"ImageObject\",\"inLanguage\":\"cs\",\"@id\":\"https:\/\/evertonfc.cz\/#\/schema\/logo\/image\/\",\"url\":\"https:\/\/evertonfc.cz\/wp-content\/uploads\/2019\/05\/logo.png\",\"contentUrl\":\"https:\/\/evertonfc.cz\/wp-content\/uploads\/2019\/05\/logo.png\",\"width\":112,\"height\":112,\"caption\":\"Official Czech & Slovak Everton Supporters' Club\"},\"image\":{\"@id\":\"https:\/\/evertonfc.cz\/#\/schema\/logo\/image\/\"},\"sameAs\":[\"https:\/\/www.facebook.com\/everton.fans.cz.sk\"]},{\"@type\":\"Person\",\"@id\":\"https:\/\/evertonfc.cz\/#\/schema\/person\/f7a5daedb2ffee98480bc70e191aaef1\",\"name\":\"Ri\u010di\",\"sameAs\":[\"https:\/\/x.com\/rbrejsa\"],\"url\":\"https:\/\/evertonfc.cz\/index.php\/author\/rici\/\"}]}<\/script>\n<!-- \/ Yoast SEO plugin. -->","yoast_head_json":{"title":"Preview: Newcastle United - Everton - Official Czech &amp; Slovak Everton Supporters&#039; Club","robots":{"index":"index","follow":"follow","max-snippet":"max-snippet:-1","max-image-preview":"max-image-preview:large","max-video-preview":"max-video-preview:-1"},"canonical":"https:\/\/evertonfc.cz\/index.php\/2014\/12\/27\/preview-newcastle-united-everton-3\/","og_locale":"cs_CZ","og_type":"article","og_title":"Preview: Newcastle United - Everton - Official Czech &amp; Slovak Everton Supporters&#039; Club","og_description":"Everton za\u017e\u00edv\u00e1 hr\u016fzn\u00fd prosinec a na St James&#8216; Park zaj\u00ed\u017ed\u00ed bez zran\u011bn\u00e9 brank\u00e1\u0159sk\u00e9 jedni\u010dky a kapit\u00e1na, na\u0161t\u011bst\u00ed rovn\u011b\u017e Newcastle nepro\u017e\u00edv\u00e1&hellip;","og_url":"https:\/\/evertonfc.cz\/index.php\/2014\/12\/27\/preview-newcastle-united-everton-3\/","og_site_name":"Official Czech &amp; Slovak Everton Supporters&#039; Club","article_publisher":"https:\/\/www.facebook.com\/everton.fans.cz.sk","article_published_time":"2014-12-27T22:53:34+00:00","article_modified_time":"2020-10-31T10:16:25+00:00","og_image":[{"width":720,"height":405,"url":"https:\/\/evertonfc.cz\/wp-content\/uploads\/2020\/10\/Newcastle-United-VS-Everton-31-10-2020.jpg","type":"image\/jpeg"}],"author":"Ri\u010di","twitter_card":"summary_large_image","twitter_creator":"@rbrejsa","twitter_misc":{"Napsal(a)":"Ri\u010di","Odhadovan\u00e1 doba \u010dten\u00ed":"3 minuty"},"schema":{"@context":"https:\/\/schema.org","@graph":[{"@type":"Article","@id":"https:\/\/evertonfc.cz\/index.php\/2014\/12\/27\/preview-newcastle-united-everton-3\/#article","isPartOf":{"@id":"https:\/\/evertonfc.cz\/index.php\/2014\/12\/27\/preview-newcastle-united-everton-3\/"},"author":{"name":"Ri\u010di","@id":"https:\/\/evertonfc.cz\/#\/schema\/person\/f7a5daedb2ffee98480bc70e191aaef1"},"headline":"Preview: Newcastle United &#8211; Everton","datePublished":"2014-12-27T22:53:34+00:00","dateModified":"2020-10-31T10:16:25+00:00","mainEntityOfPage":{"@id":"https:\/\/evertonfc.cz\/index.php\/2014\/12\/27\/preview-newcastle-united-everton-3\/"},"wordCount":595,"commentCount":0,"publisher":{"@id":"https:\/\/evertonfc.cz\/#organization"},"image":{"@id":"https:\/\/evertonfc.cz\/index.php\/2014\/12\/27\/preview-newcastle-united-everton-3\/#primaryimage"},"thumbnailUrl":"https:\/\/evertonfc.cz\/wp-content\/uploads\/2020\/10\/Newcastle-United-VS-Everton-31-10-2020.jpg","articleSection":["Z\u00e1pasy"],"inLanguage":"cs","potentialAction":[{"@type":"CommentAction","name":"Comment","target":["https:\/\/evertonfc.cz\/index.php\/2014\/12\/27\/preview-newcastle-united-everton-3\/#respond"]}]},{"@type":"WebPage","@id":"https:\/\/evertonfc.cz\/index.php\/2014\/12\/27\/preview-newcastle-united-everton-3\/","url":"https:\/\/evertonfc.cz\/index.php\/2014\/12\/27\/preview-newcastle-united-everton-3\/","name":"Preview: Newcastle United - Everton - Official Czech &amp; Slovak Everton Supporters&#039; Club","isPartOf":{"@id":"https:\/\/evertonfc.cz\/#website"},"primaryImageOfPage":{"@id":"https:\/\/evertonfc.cz\/index.php\/2014\/12\/27\/preview-newcastle-united-everton-3\/#primaryimage"},"image":{"@id":"https:\/\/evertonfc.cz\/index.php\/2014\/12\/27\/preview-newcastle-united-everton-3\/#primaryimage"},"thumbnailUrl":"https:\/\/evertonfc.cz\/wp-content\/uploads\/2020\/10\/Newcastle-United-VS-Everton-31-10-2020.jpg","datePublished":"2014-12-27T22:53:34+00:00","dateModified":"2020-10-31T10:16:25+00:00","breadcrumb":{"@id":"https:\/\/evertonfc.cz\/index.php\/2014\/12\/27\/preview-newcastle-united-everton-3\/#breadcrumb"},"inLanguage":"cs","potentialAction":[{"@type":"ReadAction","target":["https:\/\/evertonfc.cz\/index.php\/2014\/12\/27\/preview-newcastle-united-everton-3\/"]}]},{"@type":"ImageObject","inLanguage":"cs","@id":"https:\/\/evertonfc.cz\/index.php\/2014\/12\/27\/preview-newcastle-united-everton-3\/#primaryimage","url":"https:\/\/evertonfc.cz\/wp-content\/uploads\/2020\/10\/Newcastle-United-VS-Everton-31-10-2020.jpg","contentUrl":"https:\/\/evertonfc.cz\/wp-content\/uploads\/2020\/10\/Newcastle-United-VS-Everton-31-10-2020.jpg","width":720,"height":405},{"@type":"BreadcrumbList","@id":"https:\/\/evertonfc.cz\/index.php\/2014\/12\/27\/preview-newcastle-united-everton-3\/#breadcrumb","itemListElement":[{"@type":"ListItem","position":1,"name":"Home","item":"https:\/\/evertonfc.cz\/"},{"@type":"ListItem","position":2,"name":"Preview: Newcastle United &#8211; Everton"}]},{"@type":"WebSite","@id":"https:\/\/evertonfc.cz\/#website","url":"https:\/\/evertonfc.cz\/","name":"Official Czech &amp; Slovak Everton Supporters&#039; Club","description":"","publisher":{"@id":"https:\/\/evertonfc.cz\/#organization"},"potentialAction":[{"@type":"SearchAction","target":{"@type":"EntryPoint","urlTemplate":"https:\/\/evertonfc.cz\/?s={search_term_string}"},"query-input":{"@type":"PropertyValueSpecification","valueRequired":true,"valueName":"search_term_string"}}],"inLanguage":"cs"},{"@type":"Organization","@id":"https:\/\/evertonfc.cz\/#organization","name":"Official Czech & Slovak Everton Supporters' Club","url":"https:\/\/evertonfc.cz\/","logo":{"@type":"ImageObject","inLanguage":"cs","@id":"https:\/\/evertonfc.cz\/#\/schema\/logo\/image\/","url":"https:\/\/evertonfc.cz\/wp-content\/uploads\/2019\/05\/logo.png","contentUrl":"https:\/\/evertonfc.cz\/wp-content\/uploads\/2019\/05\/logo.png","width":112,"height":112,"caption":"Official Czech & Slovak Everton Supporters' Club"},"image":{"@id":"https:\/\/evertonfc.cz\/#\/schema\/logo\/image\/"},"sameAs":["https:\/\/www.facebook.com\/everton.fans.cz.sk"]},{"@type":"Person","@id":"https:\/\/evertonfc.cz\/#\/schema\/person\/f7a5daedb2ffee98480bc70e191aaef1","name":"Ri\u010di","sameAs":["https:\/\/x.com\/rbrejsa"],"url":"https:\/\/evertonfc.cz\/index.php\/author\/rici\/"}]}},"_links":{"self":[{"href":"https:\/\/evertonfc.cz\/index.php\/wp-json\/wp\/v2\/posts\/4420"}],"collection":[{"href":"https:\/\/evertonfc.cz\/index.php\/wp-json\/wp\/v2\/posts"}],"about":[{"href":"https:\/\/evertonfc.cz\/index.php\/wp-json\/wp\/v2\/types\/post"}],"author":[{"embeddable":true,"href":"https:\/\/evertonfc.cz\/index.php\/wp-json\/wp\/v2\/users\/6"}],"replies":[{"embeddable":true,"href":"https:\/\/evertonfc.cz\/index.php\/wp-json\/wp\/v2\/comments?post=4420"}],"version-history":[{"count":4,"href":"https:\/\/evertonfc.cz\/index.php\/wp-json\/wp\/v2\/posts\/4420\/revisions"}],"predecessor-version":[{"id":12775,"href":"https:\/\/evertonfc.cz\/index.php\/wp-json\/wp\/v2\/posts\/4420\/revisions\/12775"}],"wp:featuredmedia":[{"embeddable":true,"href":"https:\/\/evertonfc.cz\/index.php\/wp-json\/wp\/v2\/media\/12773"}],"wp:attachment":[{"href":"https:\/\/evertonfc.cz\/index.php\/wp-json\/wp\/v2\/media?parent=4420"}],"wp:term":[{"taxonomy":"category","embeddable":true,"href":"https:\/\/evertonfc.cz\/index.php\/wp-json\/wp\/v2\/categories?post=4420"},{"taxonomy":"post_tag","embeddable":true,"href":"https:\/\/evertonfc.cz\/index.php\/wp-json\/wp\/v2\/tags?post=4420"}],"curies":[{"name":"wp","href":"https:\/\/api.w.org\/{rel}","templated":true}]}}