{"id":4428,"date":"2014-12-18T00:07:18","date_gmt":"2014-12-17T23:07:18","guid":{"rendered":"http:\/\/evertonfc.cz\/?p=4428"},"modified":"2020-10-23T16:23:51","modified_gmt":"2020-10-23T14:23:51","slug":"preview-southampton-everton-5","status":"publish","type":"post","link":"https:\/\/evertonfc.cz\/index.php\/2014\/12\/18\/preview-southampton-everton-5\/","title":{"rendered":"Preview: Southampton &#8211; Everton"},"content":{"rendered":"<h4 id=\"NewsPostDetailSummary\">Obvykl\u00fd \u010das, tradi\u010dn\u00ed stadion, soupe\u0159 v tabulce nad Evertonem, nav\u00edc p\u0159esn\u011b o t\u0159i body &#8211; vyrovn\u00e1n\u00ed po\u010dtu bod\u016f by se nepochybn\u011b dle hesla \u201cdohnat a p\u0159edehnat\u201c hodilo.<\/h4>\n<div id=\"NewsPostDetailContent\">\n<p>\u00davodem si spln\u00edm zpravodajskou povinnost. Skv\u011bl\u00e9 v\u00fdkony Stevena Naismithe nez\u016fstaly bez pov\u0161imnut\u00ed a proto\u017ee se klubu l\u00edbily, tak se ob\u011b strany domluvily na prodlou\u017een\u00ed smlouvy o t\u0159i roky. Skotsk\u00fd blon\u010f\u00e1k je tak smluvn\u011b zaji\u0161t\u011bn v dresu Evertonu do \u010dervna 2019.<\/p>\n<p>Southampton je zat\u00edm p\u0159\u00edjemn\u00fdm p\u0159ekvapen\u00edm ligy. Po skv\u011bl\u00e9m startu do sout\u011b\u017ee byl dokonce jednu dobu druh\u00fd, za letos dost suver\u00e9nn\u00ed Chelsea, do z\u00e1pasu proti Evertonu jde z p\u00e1t\u00e9 pozice, ze kter\u00e9 by \u0161el do Evropsk\u00e9 ligy. Jen\u017ee.. V prvn\u00edch deseti kolech hr\u00e1li Saints proti t\u00fdm\u016fm na sv\u00e9 \u010di ni\u017e\u0161\u00ed \u00farovni. Tam nem\u011bli probl\u00e9m s v\u00fdhrami. Pak ale p\u0159i\u0161ly z\u00e1pasy se siln\u00fdmi t\u00fdmy &#8211; a Koemanovi sv\u011b\u0159enci jdou od por\u00e1\u017eky k por\u00e1\u017ece. Jejich aktu\u00e1ln\u00ed forma je takov\u00e1, \u017ee z posledn\u00edch p\u011bti z\u00e1pas\u016f v lize maj\u00ed jeden bod za rem\u00edzu s Aston Villou. Paradoxn\u00ed je, \u017ee v\u0161echny t\u0159i body odevzdali i o sestup hraj\u00edc\u00edmu Burnley (por\u00e1\u017eky s Arsenalem a ob\u011bma Manchestery \u010dlov\u011bk tak n\u011bjak \u010dek\u00e1). A k dovr\u0161en\u00ed zl\u00e9ho obdob\u00ed vypadli v \u00fater\u00fd z Ligov\u00e9ho poh\u00e1ru na h\u0159i\u0161ti t\u0159etiligov\u00e9ho Sheffieldu United.<\/p>\n<p>V l\u00e9t\u011b se v Southamptonu hodn\u011b obm\u011bnil k\u00e1dr. Liverpool zaplatil za trojici Lambert-Lallana-Lovren 49 milion\u016f liber a Manchester United si za 27 milion\u016f po\u0159\u00eddil talentovan\u00e9ho lev\u00e9ho obr\u00e1nce Shawa, p\u0159i\u010dem\u017e byl prod\u00e1n i stoper Chambers do Arsenalu. Na jihu Anglie se tak mohlo investovat do posil. Poda\u0159ilo se koupit brank\u00e1\u0159e Forstera ze Celticu a i n\u00e1kupy Pelleho z Feyenoordu \u010di Alderweirelda z Atl\u00e9tica Madrid (by\u0165 on je na hostov\u00e1n\u00ed) vypadaj\u00ed jako fakt poveden\u00e9 tahy. Ronald Koeman, mana\u017eer, je t\u00e9\u017e nov\u00fd, s veden\u00edm klubu podepsal smlouvu v \u010dervnu.<\/p>\n<p>Everton je relativn\u011b zdrav\u00fd, v sobotu bude chyb\u011bt pouze trojice Mirallas-Hibbert-Osman, p\u0159i\u010dem\u017e belgick\u00fd z\u00e1lo\u017en\u00edk by m\u011bl b\u00fdt k dispozici pro dal\u0161\u00ed utk\u00e1n\u00ed. Dobr\u00e1 zpr\u00e1va je, \u017ee Osmanovo zran\u011bn\u00ed nohy nevy\u017eaduje operaci. \u0160ance irsk\u00e9 dvojice Gibson-McCarthy stihnout z\u00e1pas je 50 %, oba ji\u017e tr\u00e9nuji s t\u00fdmem. Po jednoz\u00e1pasov\u00e9 vynucen\u00e9 absenci kv\u016fli kart\u00e1m se vrac\u00ed Barry.<\/p>\n<p>V soupe\u0159ov\u011b t\u00fdmu jist\u011b bude chyb\u011bt Cork a Tadi\u0107, dvojice Wanyama-Schneiderlin si odpyk\u00e1v\u00e1 trest za karty, stejn\u011b jako Gardos za \u00fatern\u00ed vylou\u010den\u00ed a Pelle s Davisem jsou nejist\u00ed, v podstat\u011b je tak Southampton v situaci, \u017ee kdo bude zdrav\u00fd, bude hr\u00e1t.<\/p>\n<p>P\u0159edpokl\u00e1dan\u00e1 sestava: Howard &#8211; Baines, Stones, Jagielka, Coleman &#8211; Pienaar, Barry, Naismith, Besi\u0107\/Barkley, McGeady &#8211; Lukaku.<\/p>\n<p><strong>Co: <\/strong>Southampton FC &#8211; Everton FC, 17. kolo Premier League<br \/>\n<strong>Kdy:<\/strong> 20. 12. 2014 od 16:00 SE\u010c<br \/>\n<strong>Kde:<\/strong> Saint Mary\u00b4s Stadium, Britannia road, Southampton, Anglie (kapacita: 32 689)<br \/>\n<strong>Rozhod\u010d\u00ed:<\/strong> Jonathan Moss<\/p>\n<\/div>\n","protected":false},"excerpt":{"rendered":"<p>Obvykl\u00fd \u010das, tradi\u010dn\u00ed stadion, soupe\u0159 v tabulce nad Evertonem, nav\u00edc p\u0159esn\u011b o t\u0159i body &#8211; vyrovn\u00e1n\u00ed po\u010dtu bod\u016f by se&hellip;<\/p>\n","protected":false},"author":12,"featured_media":12698,"comment_status":"open","ping_status":"closed","sticky":false,"template":"","format":"standard","meta":{"_eb_attr":"","_monsterinsights_skip_tracking":false,"_monsterinsights_sitenote_active":false,"_monsterinsights_sitenote_note":"","_monsterinsights_sitenote_category":0,"footnotes":""},"categories":[4],"tags":[],"yoast_head":"<!-- This site is optimized with the Yoast SEO plugin v23.4 - https:\/\/yoast.com\/wordpress\/plugins\/seo\/ -->\n<title>Preview: Southampton - Everton - Official Czech &amp; Slovak Everton Supporters&#039; Club<\/title>\n<meta name=\"robots\" content=\"index, follow, max-snippet:-1, max-image-preview:large, max-video-preview:-1\" \/>\n<link rel=\"canonical\" href=\"https:\/\/evertonfc.cz\/index.php\/2014\/12\/18\/preview-southampton-everton-5\/\" \/>\n<meta property=\"og:locale\" content=\"cs_CZ\" \/>\n<meta property=\"og:type\" content=\"article\" \/>\n<meta property=\"og:title\" content=\"Preview: Southampton - Everton - Official Czech &amp; Slovak Everton Supporters&#039; Club\" \/>\n<meta property=\"og:description\" content=\"Obvykl\u00fd \u010das, tradi\u010dn\u00ed stadion, soupe\u0159 v tabulce nad Evertonem, nav\u00edc p\u0159esn\u011b o t\u0159i body &#8211; vyrovn\u00e1n\u00ed po\u010dtu bod\u016f by se&hellip;\" \/>\n<meta property=\"og:url\" content=\"https:\/\/evertonfc.cz\/index.php\/2014\/12\/18\/preview-southampton-everton-5\/\" \/>\n<meta property=\"og:site_name\" content=\"Official Czech &amp; Slovak Everton Supporters&#039; Club\" \/>\n<meta property=\"article:publisher\" content=\"https:\/\/www.facebook.com\/everton.fans.cz.sk\" \/>\n<meta property=\"article:published_time\" content=\"2014-12-17T23:07:18+00:00\" \/>\n<meta property=\"article:modified_time\" content=\"2020-10-23T14:23:51+00:00\" \/>\n<meta property=\"og:image\" content=\"https:\/\/evertonfc.cz\/wp-content\/uploads\/2020\/10\/Southampton-VS-Everton-25-10-2020.png.jpg\" \/>\n\t<meta property=\"og:image:width\" content=\"720\" \/>\n\t<meta property=\"og:image:height\" content=\"405\" \/>\n\t<meta property=\"og:image:type\" content=\"image\/jpeg\" \/>\n<meta name=\"author\" content=\"Javor\" \/>\n<meta name=\"twitter:card\" content=\"summary_large_image\" \/>\n<meta name=\"twitter:creator\" content=\"@LoudinJan\" \/>\n<meta name=\"twitter:label1\" content=\"Napsal(a)\" \/>\n\t<meta name=\"twitter:data1\" content=\"Javor\" \/>\n\t<meta name=\"twitter:label2\" content=\"Odhadovan\u00e1 doba \u010dten\u00ed\" \/>\n\t<meta name=\"twitter:data2\" content=\"3 minuty\" \/>\n<script type=\"application\/ld+json\" class=\"yoast-schema-graph\">{\"@context\":\"https:\/\/schema.org\",\"@graph\":[{\"@type\":\"Article\",\"@id\":\"https:\/\/evertonfc.cz\/index.php\/2014\/12\/18\/preview-southampton-everton-5\/#article\",\"isPartOf\":{\"@id\":\"https:\/\/evertonfc.cz\/index.php\/2014\/12\/18\/preview-southampton-everton-5\/\"},\"author\":{\"name\":\"Javor\",\"@id\":\"https:\/\/evertonfc.cz\/#\/schema\/person\/b30daf6a5852f4811f8207a17ec1bf78\"},\"headline\":\"Preview: Southampton &#8211; Everton\",\"datePublished\":\"2014-12-17T23:07:18+00:00\",\"dateModified\":\"2020-10-23T14:23:51+00:00\",\"mainEntityOfPage\":{\"@id\":\"https:\/\/evertonfc.cz\/index.php\/2014\/12\/18\/preview-southampton-everton-5\/\"},\"wordCount\":528,\"commentCount\":0,\"publisher\":{\"@id\":\"https:\/\/evertonfc.cz\/#organization\"},\"image\":{\"@id\":\"https:\/\/evertonfc.cz\/index.php\/2014\/12\/18\/preview-southampton-everton-5\/#primaryimage\"},\"thumbnailUrl\":\"https:\/\/evertonfc.cz\/wp-content\/uploads\/2020\/10\/Southampton-VS-Everton-25-10-2020.png.jpg\",\"articleSection\":[\"Z\u00e1pasy\"],\"inLanguage\":\"cs\",\"potentialAction\":[{\"@type\":\"CommentAction\",\"name\":\"Comment\",\"target\":[\"https:\/\/evertonfc.cz\/index.php\/2014\/12\/18\/preview-southampton-everton-5\/#respond\"]}]},{\"@type\":\"WebPage\",\"@id\":\"https:\/\/evertonfc.cz\/index.php\/2014\/12\/18\/preview-southampton-everton-5\/\",\"url\":\"https:\/\/evertonfc.cz\/index.php\/2014\/12\/18\/preview-southampton-everton-5\/\",\"name\":\"Preview: Southampton - Everton - Official Czech &amp; Slovak Everton Supporters&#039; Club\",\"isPartOf\":{\"@id\":\"https:\/\/evertonfc.cz\/#website\"},\"primaryImageOfPage\":{\"@id\":\"https:\/\/evertonfc.cz\/index.php\/2014\/12\/18\/preview-southampton-everton-5\/#primaryimage\"},\"image\":{\"@id\":\"https:\/\/evertonfc.cz\/index.php\/2014\/12\/18\/preview-southampton-everton-5\/#primaryimage\"},\"thumbnailUrl\":\"https:\/\/evertonfc.cz\/wp-content\/uploads\/2020\/10\/Southampton-VS-Everton-25-10-2020.png.jpg\",\"datePublished\":\"2014-12-17T23:07:18+00:00\",\"dateModified\":\"2020-10-23T14:23:51+00:00\",\"breadcrumb\":{\"@id\":\"https:\/\/evertonfc.cz\/index.php\/2014\/12\/18\/preview-southampton-everton-5\/#breadcrumb\"},\"inLanguage\":\"cs\",\"potentialAction\":[{\"@type\":\"ReadAction\",\"target\":[\"https:\/\/evertonfc.cz\/index.php\/2014\/12\/18\/preview-southampton-everton-5\/\"]}]},{\"@type\":\"ImageObject\",\"inLanguage\":\"cs\",\"@id\":\"https:\/\/evertonfc.cz\/index.php\/2014\/12\/18\/preview-southampton-everton-5\/#primaryimage\",\"url\":\"https:\/\/evertonfc.cz\/wp-content\/uploads\/2020\/10\/Southampton-VS-Everton-25-10-2020.png.jpg\",\"contentUrl\":\"https:\/\/evertonfc.cz\/wp-content\/uploads\/2020\/10\/Southampton-VS-Everton-25-10-2020.png.jpg\",\"width\":720,\"height\":405},{\"@type\":\"BreadcrumbList\",\"@id\":\"https:\/\/evertonfc.cz\/index.php\/2014\/12\/18\/preview-southampton-everton-5\/#breadcrumb\",\"itemListElement\":[{\"@type\":\"ListItem\",\"position\":1,\"name\":\"Home\",\"item\":\"https:\/\/evertonfc.cz\/\"},{\"@type\":\"ListItem\",\"position\":2,\"name\":\"Preview: Southampton &#8211; Everton\"}]},{\"@type\":\"WebSite\",\"@id\":\"https:\/\/evertonfc.cz\/#website\",\"url\":\"https:\/\/evertonfc.cz\/\",\"name\":\"Official Czech &amp; Slovak Everton Supporters&#039; Club\",\"description\":\"\",\"publisher\":{\"@id\":\"https:\/\/evertonfc.cz\/#organization\"},\"potentialAction\":[{\"@type\":\"SearchAction\",\"target\":{\"@type\":\"EntryPoint\",\"urlTemplate\":\"https:\/\/evertonfc.cz\/?s={search_term_string}\"},\"query-input\":{\"@type\":\"PropertyValueSpecification\",\"valueRequired\":true,\"valueName\":\"search_term_string\"}}],\"inLanguage\":\"cs\"},{\"@type\":\"Organization\",\"@id\":\"https:\/\/evertonfc.cz\/#organization\",\"name\":\"Official Czech & Slovak Everton Supporters' Club\",\"url\":\"https:\/\/evertonfc.cz\/\",\"logo\":{\"@type\":\"ImageObject\",\"inLanguage\":\"cs\",\"@id\":\"https:\/\/evertonfc.cz\/#\/schema\/logo\/image\/\",\"url\":\"https:\/\/evertonfc.cz\/wp-content\/uploads\/2019\/05\/logo.png\",\"contentUrl\":\"https:\/\/evertonfc.cz\/wp-content\/uploads\/2019\/05\/logo.png\",\"width\":112,\"height\":112,\"caption\":\"Official Czech & Slovak Everton Supporters' Club\"},\"image\":{\"@id\":\"https:\/\/evertonfc.cz\/#\/schema\/logo\/image\/\"},\"sameAs\":[\"https:\/\/www.facebook.com\/everton.fans.cz.sk\"]},{\"@type\":\"Person\",\"@id\":\"https:\/\/evertonfc.cz\/#\/schema\/person\/b30daf6a5852f4811f8207a17ec1bf78\",\"name\":\"Javor\",\"sameAs\":[\"https:\/\/x.com\/LoudinJan\"],\"url\":\"https:\/\/evertonfc.cz\/index.php\/author\/javor\/\"}]}<\/script>\n<!-- \/ Yoast SEO plugin. -->","yoast_head_json":{"title":"Preview: Southampton - Everton - Official Czech &amp; Slovak Everton Supporters&#039; Club","robots":{"index":"index","follow":"follow","max-snippet":"max-snippet:-1","max-image-preview":"max-image-preview:large","max-video-preview":"max-video-preview:-1"},"canonical":"https:\/\/evertonfc.cz\/index.php\/2014\/12\/18\/preview-southampton-everton-5\/","og_locale":"cs_CZ","og_type":"article","og_title":"Preview: Southampton - Everton - Official Czech &amp; Slovak Everton Supporters&#039; Club","og_description":"Obvykl\u00fd \u010das, tradi\u010dn\u00ed stadion, soupe\u0159 v tabulce nad Evertonem, nav\u00edc p\u0159esn\u011b o t\u0159i body &#8211; vyrovn\u00e1n\u00ed po\u010dtu bod\u016f by se&hellip;","og_url":"https:\/\/evertonfc.cz\/index.php\/2014\/12\/18\/preview-southampton-everton-5\/","og_site_name":"Official Czech &amp; Slovak Everton Supporters&#039; Club","article_publisher":"https:\/\/www.facebook.com\/everton.fans.cz.sk","article_published_time":"2014-12-17T23:07:18+00:00","article_modified_time":"2020-10-23T14:23:51+00:00","og_image":[{"width":720,"height":405,"url":"https:\/\/evertonfc.cz\/wp-content\/uploads\/2020\/10\/Southampton-VS-Everton-25-10-2020.png.jpg","type":"image\/jpeg"}],"author":"Javor","twitter_card":"summary_large_image","twitter_creator":"@LoudinJan","twitter_misc":{"Napsal(a)":"Javor","Odhadovan\u00e1 doba \u010dten\u00ed":"3 minuty"},"schema":{"@context":"https:\/\/schema.org","@graph":[{"@type":"Article","@id":"https:\/\/evertonfc.cz\/index.php\/2014\/12\/18\/preview-southampton-everton-5\/#article","isPartOf":{"@id":"https:\/\/evertonfc.cz\/index.php\/2014\/12\/18\/preview-southampton-everton-5\/"},"author":{"name":"Javor","@id":"https:\/\/evertonfc.cz\/#\/schema\/person\/b30daf6a5852f4811f8207a17ec1bf78"},"headline":"Preview: Southampton &#8211; Everton","datePublished":"2014-12-17T23:07:18+00:00","dateModified":"2020-10-23T14:23:51+00:00","mainEntityOfPage":{"@id":"https:\/\/evertonfc.cz\/index.php\/2014\/12\/18\/preview-southampton-everton-5\/"},"wordCount":528,"commentCount":0,"publisher":{"@id":"https:\/\/evertonfc.cz\/#organization"},"image":{"@id":"https:\/\/evertonfc.cz\/index.php\/2014\/12\/18\/preview-southampton-everton-5\/#primaryimage"},"thumbnailUrl":"https:\/\/evertonfc.cz\/wp-content\/uploads\/2020\/10\/Southampton-VS-Everton-25-10-2020.png.jpg","articleSection":["Z\u00e1pasy"],"inLanguage":"cs","potentialAction":[{"@type":"CommentAction","name":"Comment","target":["https:\/\/evertonfc.cz\/index.php\/2014\/12\/18\/preview-southampton-everton-5\/#respond"]}]},{"@type":"WebPage","@id":"https:\/\/evertonfc.cz\/index.php\/2014\/12\/18\/preview-southampton-everton-5\/","url":"https:\/\/evertonfc.cz\/index.php\/2014\/12\/18\/preview-southampton-everton-5\/","name":"Preview: Southampton - Everton - Official Czech &amp; Slovak Everton Supporters&#039; Club","isPartOf":{"@id":"https:\/\/evertonfc.cz\/#website"},"primaryImageOfPage":{"@id":"https:\/\/evertonfc.cz\/index.php\/2014\/12\/18\/preview-southampton-everton-5\/#primaryimage"},"image":{"@id":"https:\/\/evertonfc.cz\/index.php\/2014\/12\/18\/preview-southampton-everton-5\/#primaryimage"},"thumbnailUrl":"https:\/\/evertonfc.cz\/wp-content\/uploads\/2020\/10\/Southampton-VS-Everton-25-10-2020.png.jpg","datePublished":"2014-12-17T23:07:18+00:00","dateModified":"2020-10-23T14:23:51+00:00","breadcrumb":{"@id":"https:\/\/evertonfc.cz\/index.php\/2014\/12\/18\/preview-southampton-everton-5\/#breadcrumb"},"inLanguage":"cs","potentialAction":[{"@type":"ReadAction","target":["https:\/\/evertonfc.cz\/index.php\/2014\/12\/18\/preview-southampton-everton-5\/"]}]},{"@type":"ImageObject","inLanguage":"cs","@id":"https:\/\/evertonfc.cz\/index.php\/2014\/12\/18\/preview-southampton-everton-5\/#primaryimage","url":"https:\/\/evertonfc.cz\/wp-content\/uploads\/2020\/10\/Southampton-VS-Everton-25-10-2020.png.jpg","contentUrl":"https:\/\/evertonfc.cz\/wp-content\/uploads\/2020\/10\/Southampton-VS-Everton-25-10-2020.png.jpg","width":720,"height":405},{"@type":"BreadcrumbList","@id":"https:\/\/evertonfc.cz\/index.php\/2014\/12\/18\/preview-southampton-everton-5\/#breadcrumb","itemListElement":[{"@type":"ListItem","position":1,"name":"Home","item":"https:\/\/evertonfc.cz\/"},{"@type":"ListItem","position":2,"name":"Preview: Southampton &#8211; Everton"}]},{"@type":"WebSite","@id":"https:\/\/evertonfc.cz\/#website","url":"https:\/\/evertonfc.cz\/","name":"Official Czech &amp; Slovak Everton Supporters&#039; Club","description":"","publisher":{"@id":"https:\/\/evertonfc.cz\/#organization"},"potentialAction":[{"@type":"SearchAction","target":{"@type":"EntryPoint","urlTemplate":"https:\/\/evertonfc.cz\/?s={search_term_string}"},"query-input":{"@type":"PropertyValueSpecification","valueRequired":true,"valueName":"search_term_string"}}],"inLanguage":"cs"},{"@type":"Organization","@id":"https:\/\/evertonfc.cz\/#organization","name":"Official Czech & Slovak Everton Supporters' Club","url":"https:\/\/evertonfc.cz\/","logo":{"@type":"ImageObject","inLanguage":"cs","@id":"https:\/\/evertonfc.cz\/#\/schema\/logo\/image\/","url":"https:\/\/evertonfc.cz\/wp-content\/uploads\/2019\/05\/logo.png","contentUrl":"https:\/\/evertonfc.cz\/wp-content\/uploads\/2019\/05\/logo.png","width":112,"height":112,"caption":"Official Czech & Slovak Everton Supporters' Club"},"image":{"@id":"https:\/\/evertonfc.cz\/#\/schema\/logo\/image\/"},"sameAs":["https:\/\/www.facebook.com\/everton.fans.cz.sk"]},{"@type":"Person","@id":"https:\/\/evertonfc.cz\/#\/schema\/person\/b30daf6a5852f4811f8207a17ec1bf78","name":"Javor","sameAs":["https:\/\/x.com\/LoudinJan"],"url":"https:\/\/evertonfc.cz\/index.php\/author\/javor\/"}]}},"_links":{"self":[{"href":"https:\/\/evertonfc.cz\/index.php\/wp-json\/wp\/v2\/posts\/4428"}],"collection":[{"href":"https:\/\/evertonfc.cz\/index.php\/wp-json\/wp\/v2\/posts"}],"about":[{"href":"https:\/\/evertonfc.cz\/index.php\/wp-json\/wp\/v2\/types\/post"}],"author":[{"embeddable":true,"href":"https:\/\/evertonfc.cz\/index.php\/wp-json\/wp\/v2\/users\/12"}],"replies":[{"embeddable":true,"href":"https:\/\/evertonfc.cz\/index.php\/wp-json\/wp\/v2\/comments?post=4428"}],"version-history":[{"count":3,"href":"https:\/\/evertonfc.cz\/index.php\/wp-json\/wp\/v2\/posts\/4428\/revisions"}],"predecessor-version":[{"id":4480,"href":"https:\/\/evertonfc.cz\/index.php\/wp-json\/wp\/v2\/posts\/4428\/revisions\/4480"}],"wp:featuredmedia":[{"embeddable":true,"href":"https:\/\/evertonfc.cz\/index.php\/wp-json\/wp\/v2\/media\/12698"}],"wp:attachment":[{"href":"https:\/\/evertonfc.cz\/index.php\/wp-json\/wp\/v2\/media?parent=4428"}],"wp:term":[{"taxonomy":"category","embeddable":true,"href":"https:\/\/evertonfc.cz\/index.php\/wp-json\/wp\/v2\/categories?post=4428"},{"taxonomy":"post_tag","embeddable":true,"href":"https:\/\/evertonfc.cz\/index.php\/wp-json\/wp\/v2\/tags?post=4428"}],"curies":[{"name":"wp","href":"https:\/\/api.w.org\/{rel}","templated":true}]}}