{"id":4430,"date":"2014-12-17T00:08:06","date_gmt":"2014-12-16T23:08:06","guid":{"rendered":"http:\/\/evertonfc.cz\/?p=4430"},"modified":"2019-02-13T07:15:27","modified_gmt":"2019-02-13T06:15:27","slug":"everton-qpr-31","status":"publish","type":"post","link":"https:\/\/evertonfc.cz\/index.php\/2014\/12\/17\/everton-qpr-31\/","title":{"rendered":"Everton &#8211; QPR 3:1"},"content":{"rendered":"<h4 id=\"NewsPostDetailSummary\">Sv\u011b\u0159enci R.Martineze vyt\u011b\u017eili ze z\u00e1pasu s QPR povinn\u00e9 v\u00edt\u011bzstv\u00ed. A\u010dkoli v\u00fdkon nebyl stoprocentn\u00ed, na venku zoufal\u00e9 Lond\u00fd\u0148any zkr\u00e1tka sta\u010dil. Host\u00e9 nem\u011bli mnoho p\u0159\u00edle\u017eitost\u00ed, ale mohou litovat z\u00e1jmena toho, \u017ee neshodili sv\u00e9 hrby a nenavl\u00e9kli lep\u0161\u00ed masky, v\u0161echny g\u00f3ly toti\u017e p\u0159i\u0161ly po te\u010d\u00edch br\u00e1n\u00edc\u00edch hr\u00e1\u010d\u016f.<\/h4>\n<div id=\"NewsPostDetailContent\">\n<p>Evertonsk\u00e1 prvn\u00ed XI odpo\u010d\u00edvala v t\u00fddnu i p\u0159es z\u00e1pas v Evropsk\u00e9 lize, ale za opravdov\u00fd n\u00e1vrat lze ozna\u010dit zapojen\u00ed Stevena Naismithe. Ve st\u0159edu pole spolu poprv\u00e9 od za\u010d\u00e1tku nastoupila dvojice Be\u0161i\u0107-Barkley, kter\u00e1 se napoprv\u00e9 uk\u00e1zala v dobr\u00e9m sv\u011btle (na to \u017ee se hr\u00e1lo od 8 ve\u010der). Prvn\u00ed se prok\u00e1zal dobrou pozi\u010dn\u00ed a hlavn\u011b tvrdou hrou, druh\u00e9ho pak nutno pochv\u00e1lit za vydatnou ofenzivn\u00ed \u010dinnost.<\/p>\n<p>Toffees se rozj\u00ed\u017ed\u011bli pomalu a tak se do prvn\u00edch \u0161anc\u00ed dost\u00e1vali Rangers, ale jak v p\u0159\u00edpad\u011b Vargase, tak po n\u011bm te\u010duj\u00edc\u00edc\u00edho Dunnea a z d\u00e1lky st\u0159\u00edlej\u00edc\u00edch Matta Phillipse a Davida Hoiletta, ne\u0161lo o pokusy, se kter\u00fdmi by m\u011bl Tim Howard mnoho pr\u00e1ci, jestli v\u016fbec n\u011bjakou.<\/p>\n<p>Probouzej\u00edc\u00ed dom\u00e1c\u00ed p\u0159evzali iniciativu a byl to hlavn\u011b Steven Naismith, kter\u00fd se objevil v prvn\u00edch \u0161anc\u00edch a uk\u00e1zal, jak je pro Everton sou\u010dasnosti d\u016fle\u017eit\u00fd. Nejprve zkou\u0161el naj\u00edt ve v\u00e1pn\u011b Lukaka, n\u00e1sledn\u011b zakon\u010dovala ze st\u0159edn\u00ed vzd\u00e1lenosti, aby spolupr\u00e1ci s Lukakem zakon\u010dil po centru Colemana nast\u0159elen\u00edm kolegy v \u00fatoku, ale potrefen\u00fdch bylo v\u00edce. Z\u00e1var dokreslila st\u0159ela Kevina Mirallase. Ospal\u00e9 pond\u011bln\u00ed\u00a0publikum na Goodison Park ale p\u0159il\u00ed\u0161 neprobrala. Z\u00e1hy, to b\u011b\u017eela 33. minuta, se ale probudilo kladivo v noze Rosse Barkleyho, kter\u00fd z\u00edskal vybojovan\u00fd m\u00ed\u010d od Be\u0161i\u0107e, ust\u00e1l souboj ve st\u0159edu h\u0159i\u0161t\u011b, pro\u0161el p\u0159ed v\u00e1pno, odkud s m\u00edrn\u00fdm \u0161krtnut\u00edm uh\u00fdbaj\u00edc\u00edho Isly prost\u0159elil Roberta Greena &#8211; 1:0. Velmi poveden\u00fd g\u00f3l, a\u017e m\u011bl \u010dlov\u011bk pocit, \u017ee do\u0161lo k zrychlen\u00ed p\u0159enosu. Everton vyu\u017eil momentum, nast\u0159elen\u00fd Vargas nem\u011bl jinou mo\u017enost ne\u017e jej te\u010dovat mimo dosah vlastn\u00edho brank\u00e1\u0159e &#8211; 2:0. Trochu \u0161\u0165astn\u00fd moment, do polo\u010dasu ale je\u0161t\u011b zav\u00e1h\u00e1n\u00ed rozhod\u010d\u00edho mohl dorazit hosty McGeady, po (ne)\u0161ikovn\u00e9m zpracov\u00e1n\u00ed (rukou) ale minul Greenovu svatyni o 1 stopu.<\/p>\n<p>Na za\u010d\u00e1tku druh\u00e9ho polo\u010dasu na sebe upozor\u0148oval odchovanec Evertonu Richard Dunne. Hr\u00e1\u010d QPR nejprve v souboji ve v\u00e1pn\u011b p\u0159etla\u010dil Kevina Mirallase na hranici faulu, pot\u00e9 ve druh\u00e9m v\u00e1pn\u011b zakopnul m\u00ed\u010d ve slibn\u00e9 pozici, aby se nakonec stal ob\u011bt\u00ed ne\u0161ikovn\u00e9 rozehr\u00e1vky sv\u00e9ho brank\u00e1\u0159e. M\u00ed\u010d se pak p\u0159es Mirallase a McGeadyho dostal k hlavi\u010dkuj\u00edc\u00edmu Naismithovi, kter\u00fd jej doslova procedil p\u0159es duo Green-Onuoha &#8211; 3:0.<\/p>\n<p>Nejrad\u011bji bych snad od dal\u0161\u00edho popisov\u00e1n\u00ed druh\u00e9ho polo\u010dasu upustil, minim\u00e1ln\u011b do z\u00e1v\u011bre\u010dn\u00fdch vte\u0159in se toti\u017e nic moc pozitivn\u00edho z pohledu Evertonu ned\u011blo. Everton za\u010dal ztr\u00e1cet ve st\u0159edu h\u0159i\u0161t\u011bm, zejm\u00e9na bych jmenoval zmar Romela Lukaka. V\u00edt\u011bzn\u00e9ho hlavi\u010dkov\u00e9ho souboje jsme se od n\u011bj nedo\u010dkali, snad u\u017e p\u0159\u00ed\u0161t\u011b. Na druh\u00e9 stran\u011b \u00a0se v dobr\u00e9 p\u0159\u00edle\u017eitosti ocitl Jordon Mutch, aby stejn\u00fd hr\u00e1\u010d v 80. minut\u011b donutil z bl\u00edzka Howarda k vyra\u017een\u00ed m\u00ed\u010de. Bohu\u017eel k sm\u016fle p\u0159ihl\u00ed\u017eej\u00edc\u00ed dvojice obr\u00e1nc\u016f Distin&amp;Baines na nohy aktivn\u00edho, nov\u011b p\u0159\u00edchoz\u00edho Bobbyho Zamory &#8211; 3:1. Do t\u0159etice Mutch pak zbyte\u010dn\u011b zajel do Mirallase, kter\u00fd tak do sprch putoval na nos\u00edtk\u00e1ch a cel\u00fd modr\u00fd sv\u011bt se nyn\u00ed ob\u00e1v\u00e1 o jeho zdravotn\u00ed stav p\u0159ed sv\u00e1tky (hlavn\u011b tedy pro z\u00e1pasy mezi nimi).<\/p>\n<p>Z\u00e1v\u011br utk\u00e1n\u00ed pat\u0159il hern\u011b op\u011bt Evertonu, kter\u00fd m\u011bl 3 dobr\u00e9 \u0161ance. V prvn\u00ed se po kr\u00e1sn\u00e9m pasu Barkleyho ocitl Coleman, prudk\u00e1 r\u00e1na nepro\u0161la p\u0159es p\u0159ipraven\u00e9 rukavice, n\u00e1sledn\u011b Kon\u00e9 dob\u0159e ust\u00e1l oble\u017een\u00ed 4 obr\u00e1nc\u016f (s\u00e1m mezi n\u011b toti\u017e vlezl) a dal\u0161\u00ed n\u00e1hradn\u00edk Eto&#8217;o nam\u00ed\u0159il p\u0159ipravenou st\u0159elou do ty\u010de. Te\u010dku mohl ud\u011blat zm\u00edn\u011bn\u00fd navr\u00e1tilec Kon\u00e9, ale nedos\u00e1hl na Barkleyho pas. P\u0159esto se na Goodisonu slavila t\u0159et\u00ed leto\u0161n\u00ed ligov\u00e1 v\u00fdhra. Bu\u010fme za ni r\u00e1di.<\/p>\n<p>Branky: 33. Barkley, 43. Mirallas (vl. Vargas), 53. Naismith (vl. Onuoha) &#8211; 80. Zamora.<\/p>\n<p><strong>Everton FC<\/strong>: Tim Howard, Phil Jagielka, Leighton Baines, Sylvain Distin, S\u00e9amus Coleman,Muhamed Be\u0161i\u0107, Aiden McGeady (73. Steven Pienaar), Ross Barkley, Steven Naismith, Kevin Mirallas(90+1. Arouna Kon\u00e9), Romelu Lukaku (77. Samuel Eto&#8217;o).<\/p>\n<p><strong>Queens Park Rangers<\/strong>: Robert Green, Nedum Onuoha, Richard Dunne, Suk-Young Yun, Joey Barton, Mauricio Isla, Jordon Mutch, Leroy Fer (77. Niko Kranj\u010dar), Matt Phillips (59. Bobby Zamora), Eduardo Vargas, David Hoilett.<\/p>\n<\/div>\n","protected":false},"excerpt":{"rendered":"<p>Sv\u011b\u0159enci R.Martineze vyt\u011b\u017eili ze z\u00e1pasu s QPR povinn\u00e9 v\u00edt\u011bzstv\u00ed. A\u010dkoli v\u00fdkon nebyl stoprocentn\u00ed, na venku zoufal\u00e9 Lond\u00fd\u0148any zkr\u00e1tka sta\u010dil. Host\u00e9&hellip;<\/p>\n","protected":false},"author":10,"featured_media":1315,"comment_status":"open","ping_status":"closed","sticky":false,"template":"","format":"standard","meta":{"_eb_attr":"","_monsterinsights_skip_tracking":false,"_monsterinsights_sitenote_active":false,"_monsterinsights_sitenote_note":"","_monsterinsights_sitenote_category":0,"footnotes":""},"categories":[4],"tags":[],"yoast_head":"<!-- This site is optimized with the Yoast SEO plugin v23.4 - https:\/\/yoast.com\/wordpress\/plugins\/seo\/ -->\n<title>Everton - QPR 3:1 - Official Czech &amp; Slovak Everton Supporters&#039; Club<\/title>\n<meta name=\"robots\" content=\"index, follow, max-snippet:-1, max-image-preview:large, max-video-preview:-1\" \/>\n<link rel=\"canonical\" href=\"https:\/\/evertonfc.cz\/index.php\/2014\/12\/17\/everton-qpr-31\/\" \/>\n<meta property=\"og:locale\" content=\"cs_CZ\" \/>\n<meta property=\"og:type\" content=\"article\" \/>\n<meta property=\"og:title\" content=\"Everton - QPR 3:1 - Official Czech &amp; Slovak Everton Supporters&#039; Club\" \/>\n<meta property=\"og:description\" content=\"Sv\u011b\u0159enci R.Martineze vyt\u011b\u017eili ze z\u00e1pasu s QPR povinn\u00e9 v\u00edt\u011bzstv\u00ed. A\u010dkoli v\u00fdkon nebyl stoprocentn\u00ed, na venku zoufal\u00e9 Lond\u00fd\u0148any zkr\u00e1tka sta\u010dil. Host\u00e9&hellip;\" \/>\n<meta property=\"og:url\" content=\"https:\/\/evertonfc.cz\/index.php\/2014\/12\/17\/everton-qpr-31\/\" \/>\n<meta property=\"og:site_name\" content=\"Official Czech &amp; Slovak Everton Supporters&#039; Club\" \/>\n<meta property=\"article:publisher\" content=\"https:\/\/www.facebook.com\/everton.fans.cz.sk\" \/>\n<meta property=\"article:published_time\" content=\"2014-12-16T23:08:06+00:00\" \/>\n<meta property=\"article:modified_time\" content=\"2019-02-13T06:15:27+00:00\" \/>\n<meta property=\"og:image\" content=\"https:\/\/evertonfc.cz\/wp-content\/uploads\/2019\/01\/report.jpg\" \/>\n\t<meta property=\"og:image:width\" content=\"720\" \/>\n\t<meta property=\"og:image:height\" content=\"405\" \/>\n\t<meta property=\"og:image:type\" content=\"image\/jpeg\" \/>\n<meta name=\"author\" content=\"Fip\" \/>\n<meta name=\"twitter:card\" content=\"summary_large_image\" \/>\n<meta name=\"twitter:label1\" content=\"Napsal(a)\" \/>\n\t<meta name=\"twitter:data1\" content=\"Fip\" \/>\n\t<meta name=\"twitter:label2\" content=\"Odhadovan\u00e1 doba \u010dten\u00ed\" \/>\n\t<meta name=\"twitter:data2\" content=\"4 minuty\" \/>\n<script type=\"application\/ld+json\" class=\"yoast-schema-graph\">{\"@context\":\"https:\/\/schema.org\",\"@graph\":[{\"@type\":\"Article\",\"@id\":\"https:\/\/evertonfc.cz\/index.php\/2014\/12\/17\/everton-qpr-31\/#article\",\"isPartOf\":{\"@id\":\"https:\/\/evertonfc.cz\/index.php\/2014\/12\/17\/everton-qpr-31\/\"},\"author\":{\"name\":\"Fip\",\"@id\":\"https:\/\/evertonfc.cz\/#\/schema\/person\/35904009755e8eaa0dc1a5f5f0419002\"},\"headline\":\"Everton &#8211; QPR 3:1\",\"datePublished\":\"2014-12-16T23:08:06+00:00\",\"dateModified\":\"2019-02-13T06:15:27+00:00\",\"mainEntityOfPage\":{\"@id\":\"https:\/\/evertonfc.cz\/index.php\/2014\/12\/17\/everton-qpr-31\/\"},\"wordCount\":860,\"commentCount\":0,\"publisher\":{\"@id\":\"https:\/\/evertonfc.cz\/#organization\"},\"image\":{\"@id\":\"https:\/\/evertonfc.cz\/index.php\/2014\/12\/17\/everton-qpr-31\/#primaryimage\"},\"thumbnailUrl\":\"https:\/\/evertonfc.cz\/wp-content\/uploads\/2019\/01\/report.jpg\",\"articleSection\":[\"Z\u00e1pasy\"],\"inLanguage\":\"cs\",\"potentialAction\":[{\"@type\":\"CommentAction\",\"name\":\"Comment\",\"target\":[\"https:\/\/evertonfc.cz\/index.php\/2014\/12\/17\/everton-qpr-31\/#respond\"]}]},{\"@type\":\"WebPage\",\"@id\":\"https:\/\/evertonfc.cz\/index.php\/2014\/12\/17\/everton-qpr-31\/\",\"url\":\"https:\/\/evertonfc.cz\/index.php\/2014\/12\/17\/everton-qpr-31\/\",\"name\":\"Everton - QPR 3:1 - Official Czech &amp; Slovak Everton Supporters&#039; Club\",\"isPartOf\":{\"@id\":\"https:\/\/evertonfc.cz\/#website\"},\"primaryImageOfPage\":{\"@id\":\"https:\/\/evertonfc.cz\/index.php\/2014\/12\/17\/everton-qpr-31\/#primaryimage\"},\"image\":{\"@id\":\"https:\/\/evertonfc.cz\/index.php\/2014\/12\/17\/everton-qpr-31\/#primaryimage\"},\"thumbnailUrl\":\"https:\/\/evertonfc.cz\/wp-content\/uploads\/2019\/01\/report.jpg\",\"datePublished\":\"2014-12-16T23:08:06+00:00\",\"dateModified\":\"2019-02-13T06:15:27+00:00\",\"breadcrumb\":{\"@id\":\"https:\/\/evertonfc.cz\/index.php\/2014\/12\/17\/everton-qpr-31\/#breadcrumb\"},\"inLanguage\":\"cs\",\"potentialAction\":[{\"@type\":\"ReadAction\",\"target\":[\"https:\/\/evertonfc.cz\/index.php\/2014\/12\/17\/everton-qpr-31\/\"]}]},{\"@type\":\"ImageObject\",\"inLanguage\":\"cs\",\"@id\":\"https:\/\/evertonfc.cz\/index.php\/2014\/12\/17\/everton-qpr-31\/#primaryimage\",\"url\":\"https:\/\/evertonfc.cz\/wp-content\/uploads\/2019\/01\/report.jpg\",\"contentUrl\":\"https:\/\/evertonfc.cz\/wp-content\/uploads\/2019\/01\/report.jpg\",\"width\":720,\"height\":405},{\"@type\":\"BreadcrumbList\",\"@id\":\"https:\/\/evertonfc.cz\/index.php\/2014\/12\/17\/everton-qpr-31\/#breadcrumb\",\"itemListElement\":[{\"@type\":\"ListItem\",\"position\":1,\"name\":\"Home\",\"item\":\"https:\/\/evertonfc.cz\/\"},{\"@type\":\"ListItem\",\"position\":2,\"name\":\"Everton &#8211; QPR 3:1\"}]},{\"@type\":\"WebSite\",\"@id\":\"https:\/\/evertonfc.cz\/#website\",\"url\":\"https:\/\/evertonfc.cz\/\",\"name\":\"Official Czech &amp; Slovak Everton Supporters&#039; Club\",\"description\":\"\",\"publisher\":{\"@id\":\"https:\/\/evertonfc.cz\/#organization\"},\"potentialAction\":[{\"@type\":\"SearchAction\",\"target\":{\"@type\":\"EntryPoint\",\"urlTemplate\":\"https:\/\/evertonfc.cz\/?s={search_term_string}\"},\"query-input\":{\"@type\":\"PropertyValueSpecification\",\"valueRequired\":true,\"valueName\":\"search_term_string\"}}],\"inLanguage\":\"cs\"},{\"@type\":\"Organization\",\"@id\":\"https:\/\/evertonfc.cz\/#organization\",\"name\":\"Official Czech & Slovak Everton Supporters' Club\",\"url\":\"https:\/\/evertonfc.cz\/\",\"logo\":{\"@type\":\"ImageObject\",\"inLanguage\":\"cs\",\"@id\":\"https:\/\/evertonfc.cz\/#\/schema\/logo\/image\/\",\"url\":\"https:\/\/evertonfc.cz\/wp-content\/uploads\/2019\/05\/logo.png\",\"contentUrl\":\"https:\/\/evertonfc.cz\/wp-content\/uploads\/2019\/05\/logo.png\",\"width\":112,\"height\":112,\"caption\":\"Official Czech & Slovak Everton Supporters' Club\"},\"image\":{\"@id\":\"https:\/\/evertonfc.cz\/#\/schema\/logo\/image\/\"},\"sameAs\":[\"https:\/\/www.facebook.com\/everton.fans.cz.sk\"]},{\"@type\":\"Person\",\"@id\":\"https:\/\/evertonfc.cz\/#\/schema\/person\/35904009755e8eaa0dc1a5f5f0419002\",\"name\":\"Fip\",\"url\":\"https:\/\/evertonfc.cz\/index.php\/author\/fip\/\"}]}<\/script>\n<!-- \/ Yoast SEO plugin. -->","yoast_head_json":{"title":"Everton - QPR 3:1 - Official Czech &amp; Slovak Everton Supporters&#039; Club","robots":{"index":"index","follow":"follow","max-snippet":"max-snippet:-1","max-image-preview":"max-image-preview:large","max-video-preview":"max-video-preview:-1"},"canonical":"https:\/\/evertonfc.cz\/index.php\/2014\/12\/17\/everton-qpr-31\/","og_locale":"cs_CZ","og_type":"article","og_title":"Everton - QPR 3:1 - Official Czech &amp; Slovak Everton Supporters&#039; Club","og_description":"Sv\u011b\u0159enci R.Martineze vyt\u011b\u017eili ze z\u00e1pasu s QPR povinn\u00e9 v\u00edt\u011bzstv\u00ed. A\u010dkoli v\u00fdkon nebyl stoprocentn\u00ed, na venku zoufal\u00e9 Lond\u00fd\u0148any zkr\u00e1tka sta\u010dil. Host\u00e9&hellip;","og_url":"https:\/\/evertonfc.cz\/index.php\/2014\/12\/17\/everton-qpr-31\/","og_site_name":"Official Czech &amp; Slovak Everton Supporters&#039; Club","article_publisher":"https:\/\/www.facebook.com\/everton.fans.cz.sk","article_published_time":"2014-12-16T23:08:06+00:00","article_modified_time":"2019-02-13T06:15:27+00:00","og_image":[{"width":720,"height":405,"url":"https:\/\/evertonfc.cz\/wp-content\/uploads\/2019\/01\/report.jpg","type":"image\/jpeg"}],"author":"Fip","twitter_card":"summary_large_image","twitter_misc":{"Napsal(a)":"Fip","Odhadovan\u00e1 doba \u010dten\u00ed":"4 minuty"},"schema":{"@context":"https:\/\/schema.org","@graph":[{"@type":"Article","@id":"https:\/\/evertonfc.cz\/index.php\/2014\/12\/17\/everton-qpr-31\/#article","isPartOf":{"@id":"https:\/\/evertonfc.cz\/index.php\/2014\/12\/17\/everton-qpr-31\/"},"author":{"name":"Fip","@id":"https:\/\/evertonfc.cz\/#\/schema\/person\/35904009755e8eaa0dc1a5f5f0419002"},"headline":"Everton &#8211; QPR 3:1","datePublished":"2014-12-16T23:08:06+00:00","dateModified":"2019-02-13T06:15:27+00:00","mainEntityOfPage":{"@id":"https:\/\/evertonfc.cz\/index.php\/2014\/12\/17\/everton-qpr-31\/"},"wordCount":860,"commentCount":0,"publisher":{"@id":"https:\/\/evertonfc.cz\/#organization"},"image":{"@id":"https:\/\/evertonfc.cz\/index.php\/2014\/12\/17\/everton-qpr-31\/#primaryimage"},"thumbnailUrl":"https:\/\/evertonfc.cz\/wp-content\/uploads\/2019\/01\/report.jpg","articleSection":["Z\u00e1pasy"],"inLanguage":"cs","potentialAction":[{"@type":"CommentAction","name":"Comment","target":["https:\/\/evertonfc.cz\/index.php\/2014\/12\/17\/everton-qpr-31\/#respond"]}]},{"@type":"WebPage","@id":"https:\/\/evertonfc.cz\/index.php\/2014\/12\/17\/everton-qpr-31\/","url":"https:\/\/evertonfc.cz\/index.php\/2014\/12\/17\/everton-qpr-31\/","name":"Everton - QPR 3:1 - Official Czech &amp; Slovak Everton Supporters&#039; Club","isPartOf":{"@id":"https:\/\/evertonfc.cz\/#website"},"primaryImageOfPage":{"@id":"https:\/\/evertonfc.cz\/index.php\/2014\/12\/17\/everton-qpr-31\/#primaryimage"},"image":{"@id":"https:\/\/evertonfc.cz\/index.php\/2014\/12\/17\/everton-qpr-31\/#primaryimage"},"thumbnailUrl":"https:\/\/evertonfc.cz\/wp-content\/uploads\/2019\/01\/report.jpg","datePublished":"2014-12-16T23:08:06+00:00","dateModified":"2019-02-13T06:15:27+00:00","breadcrumb":{"@id":"https:\/\/evertonfc.cz\/index.php\/2014\/12\/17\/everton-qpr-31\/#breadcrumb"},"inLanguage":"cs","potentialAction":[{"@type":"ReadAction","target":["https:\/\/evertonfc.cz\/index.php\/2014\/12\/17\/everton-qpr-31\/"]}]},{"@type":"ImageObject","inLanguage":"cs","@id":"https:\/\/evertonfc.cz\/index.php\/2014\/12\/17\/everton-qpr-31\/#primaryimage","url":"https:\/\/evertonfc.cz\/wp-content\/uploads\/2019\/01\/report.jpg","contentUrl":"https:\/\/evertonfc.cz\/wp-content\/uploads\/2019\/01\/report.jpg","width":720,"height":405},{"@type":"BreadcrumbList","@id":"https:\/\/evertonfc.cz\/index.php\/2014\/12\/17\/everton-qpr-31\/#breadcrumb","itemListElement":[{"@type":"ListItem","position":1,"name":"Home","item":"https:\/\/evertonfc.cz\/"},{"@type":"ListItem","position":2,"name":"Everton &#8211; QPR 3:1"}]},{"@type":"WebSite","@id":"https:\/\/evertonfc.cz\/#website","url":"https:\/\/evertonfc.cz\/","name":"Official Czech &amp; Slovak Everton Supporters&#039; Club","description":"","publisher":{"@id":"https:\/\/evertonfc.cz\/#organization"},"potentialAction":[{"@type":"SearchAction","target":{"@type":"EntryPoint","urlTemplate":"https:\/\/evertonfc.cz\/?s={search_term_string}"},"query-input":{"@type":"PropertyValueSpecification","valueRequired":true,"valueName":"search_term_string"}}],"inLanguage":"cs"},{"@type":"Organization","@id":"https:\/\/evertonfc.cz\/#organization","name":"Official Czech & Slovak Everton Supporters' Club","url":"https:\/\/evertonfc.cz\/","logo":{"@type":"ImageObject","inLanguage":"cs","@id":"https:\/\/evertonfc.cz\/#\/schema\/logo\/image\/","url":"https:\/\/evertonfc.cz\/wp-content\/uploads\/2019\/05\/logo.png","contentUrl":"https:\/\/evertonfc.cz\/wp-content\/uploads\/2019\/05\/logo.png","width":112,"height":112,"caption":"Official Czech & Slovak Everton Supporters' Club"},"image":{"@id":"https:\/\/evertonfc.cz\/#\/schema\/logo\/image\/"},"sameAs":["https:\/\/www.facebook.com\/everton.fans.cz.sk"]},{"@type":"Person","@id":"https:\/\/evertonfc.cz\/#\/schema\/person\/35904009755e8eaa0dc1a5f5f0419002","name":"Fip","url":"https:\/\/evertonfc.cz\/index.php\/author\/fip\/"}]}},"_links":{"self":[{"href":"https:\/\/evertonfc.cz\/index.php\/wp-json\/wp\/v2\/posts\/4430"}],"collection":[{"href":"https:\/\/evertonfc.cz\/index.php\/wp-json\/wp\/v2\/posts"}],"about":[{"href":"https:\/\/evertonfc.cz\/index.php\/wp-json\/wp\/v2\/types\/post"}],"author":[{"embeddable":true,"href":"https:\/\/evertonfc.cz\/index.php\/wp-json\/wp\/v2\/users\/10"}],"replies":[{"embeddable":true,"href":"https:\/\/evertonfc.cz\/index.php\/wp-json\/wp\/v2\/comments?post=4430"}],"version-history":[{"count":3,"href":"https:\/\/evertonfc.cz\/index.php\/wp-json\/wp\/v2\/posts\/4430\/revisions"}],"predecessor-version":[{"id":4478,"href":"https:\/\/evertonfc.cz\/index.php\/wp-json\/wp\/v2\/posts\/4430\/revisions\/4478"}],"wp:featuredmedia":[{"embeddable":true,"href":"https:\/\/evertonfc.cz\/index.php\/wp-json\/wp\/v2\/media\/1315"}],"wp:attachment":[{"href":"https:\/\/evertonfc.cz\/index.php\/wp-json\/wp\/v2\/media?parent=4430"}],"wp:term":[{"taxonomy":"category","embeddable":true,"href":"https:\/\/evertonfc.cz\/index.php\/wp-json\/wp\/v2\/categories?post=4430"},{"taxonomy":"post_tag","embeddable":true,"href":"https:\/\/evertonfc.cz\/index.php\/wp-json\/wp\/v2\/tags?post=4430"}],"curies":[{"name":"wp","href":"https:\/\/api.w.org\/{rel}","templated":true}]}}