{"id":4432,"date":"2014-12-15T00:09:14","date_gmt":"2014-12-14T23:09:14","guid":{"rendered":"http:\/\/evertonfc.cz\/?p=4432"},"modified":"2019-02-13T07:15:08","modified_gmt":"2019-02-13T06:15:08","slug":"bsc-young-boys-dalsim-souperem-v-evropske-lize","status":"publish","type":"post","link":"https:\/\/evertonfc.cz\/index.php\/2014\/12\/15\/bsc-young-boys-dalsim-souperem-v-evropske-lize\/","title":{"rendered":"BSC Young Boys dal\u0161\u00edm soupe\u0159em v Evropsk\u00e9 lize"},"content":{"rendered":"<h4 id=\"NewsPostDetailSummary\">V prvn\u00edm kole vy\u0159azovac\u00ed f\u00e1ze se Everton utk\u00e1 se \u0161v\u00fdcarsk\u00fdm celkem Berner Sport Club Young Boys, v souboji o postup do osmifin\u00e1le budou Mart\u00ednezovi sv\u011b\u0159enci platit za favorita.<\/h4>\n<div id=\"NewsPostDetailContent\">\n<p>Toffees pat\u0159ili na ceremonii v Nyonu mezi nasazen\u00e9 celky, co\u017e znamenalo mo\u017enost st\u0159etnout se s n\u011bk\u00fdm z t\u0159in\u00e1ctky: Villarreal (\u0160pan\u011blsko), Tur\u00edn (It\u00e1lie), Celtic (Skotsko), PSV Eindhoven (Nizozemsko), Dn\u011bpropetrovsk (Ukrajina, Sevilla (\u0160pan\u011blsko), Young Boys (\u0160v\u00fdcarsko), Aalborg (D\u00e1nsko), Guingamp (Francie), Trabzonspor (Turecko), AS \u0158\u00edm (It\u00e1lie), Anderlecht (Belgie) nebo Ajax (Nizozemsko). A hned prvn\u00ed los nakonec ur\u010dil aktu\u00e1ln\u011b t\u0159et\u00ed t\u00fdm \u0161v\u00fdcarsk\u00e9 Super League.<\/p>\n<p>Young Boys jsou dob\u0159e zn\u00e1m\u00ed \u010desk\u00e9mu fotbalov\u00e9mu publiku, v\u017edy\u0165 ze z\u00e1kladn\u00ed skupiny I si zajistili postup na \u00fakor pra\u017esk\u00e9 Sparty, kterou v\u00a0posledn\u00edm kole porazili na dom\u00e1c\u00ed p\u016fd\u011b 2:0.<\/p>\n<p>Proto\u017ee byl Everton nasazen\u00fd, odehraje se prvn\u00ed utk\u00e1n\u00ed v Bernu, kde je hrac\u00ed plochou um\u011bl\u00e1 tr\u00e1va, ve \u010dtvrtek 19. \u00fanora. Odveta se bude konat za t\u00fdden v Goodison Parku.<\/p>\n<h4><strong>Kompletn\u00ed los<\/strong><\/h4>\n<p>Young Boys &#8211; Everton<br \/>\nTur\u00edn &#8211; Athletic<br \/>\nSevilla &#8211; Borussia M\u00f6nchengladbach<br \/>\nWolfsburg &#8211; Sporting<br \/>\nAjax &#8211; Legia Var\u0161ava<br \/>\nAalborg &#8211; Club Bruggy<br \/>\nAnderlecht &#8211; Dinamo Moskva<br \/>\nDn\u011bpropetrovsk &#8211; Olympiakos<br \/>\nTrabzonspor &#8211; Neapol<br \/>\nGuingamp &#8211; Dynamo Kyjev<br \/>\nVillarreal &#8211; Salcburk<br \/>\nAS \u0158\u00edm &#8211; Feyenoord<br \/>\nPSV Eindhoven &#8211; Zenit Petrohrad<br \/>\nLiverpool &#8211; Be\u015fikta\u015f<br \/>\nTottenham &#8211; Fiorentina<br \/>\nCeltic &#8211; Inter Mil\u00e1n<\/p>\n<\/div>\n","protected":false},"excerpt":{"rendered":"<p>V prvn\u00edm kole vy\u0159azovac\u00ed f\u00e1ze se Everton utk\u00e1 se \u0161v\u00fdcarsk\u00fdm celkem Berner Sport Club Young Boys, v souboji o postup&hellip;<\/p>\n","protected":false},"author":6,"featured_media":1313,"comment_status":"open","ping_status":"closed","sticky":false,"template":"","format":"standard","meta":{"_eb_attr":"","_monsterinsights_skip_tracking":false,"_monsterinsights_sitenote_active":false,"_monsterinsights_sitenote_note":"","_monsterinsights_sitenote_category":0,"footnotes":""},"categories":[42],"tags":[],"yoast_head":"<!-- This site is optimized with the Yoast SEO plugin v23.4 - https:\/\/yoast.com\/wordpress\/plugins\/seo\/ -->\n<title>BSC Young Boys dal\u0161\u00edm soupe\u0159em v Evropsk\u00e9 lize - Official Czech &amp; Slovak Everton Supporters&#039; Club<\/title>\n<meta name=\"robots\" content=\"index, follow, max-snippet:-1, max-image-preview:large, max-video-preview:-1\" \/>\n<link rel=\"canonical\" href=\"https:\/\/evertonfc.cz\/index.php\/2014\/12\/15\/bsc-young-boys-dalsim-souperem-v-evropske-lize\/\" \/>\n<meta property=\"og:locale\" content=\"cs_CZ\" \/>\n<meta property=\"og:type\" content=\"article\" \/>\n<meta property=\"og:title\" content=\"BSC Young Boys dal\u0161\u00edm soupe\u0159em v Evropsk\u00e9 lize - Official Czech &amp; Slovak Everton Supporters&#039; Club\" \/>\n<meta property=\"og:description\" content=\"V prvn\u00edm kole vy\u0159azovac\u00ed f\u00e1ze se Everton utk\u00e1 se \u0161v\u00fdcarsk\u00fdm celkem Berner Sport Club Young Boys, v souboji o postup&hellip;\" \/>\n<meta property=\"og:url\" content=\"https:\/\/evertonfc.cz\/index.php\/2014\/12\/15\/bsc-young-boys-dalsim-souperem-v-evropske-lize\/\" \/>\n<meta property=\"og:site_name\" content=\"Official Czech &amp; Slovak Everton Supporters&#039; Club\" \/>\n<meta property=\"article:publisher\" content=\"https:\/\/www.facebook.com\/everton.fans.cz.sk\" \/>\n<meta property=\"article:published_time\" content=\"2014-12-14T23:09:14+00:00\" \/>\n<meta property=\"article:modified_time\" content=\"2019-02-13T06:15:08+00:00\" \/>\n<meta property=\"og:image\" content=\"https:\/\/evertonfc.cz\/wp-content\/uploads\/2019\/01\/news.jpg\" \/>\n\t<meta property=\"og:image:width\" content=\"720\" \/>\n\t<meta property=\"og:image:height\" content=\"405\" \/>\n\t<meta property=\"og:image:type\" content=\"image\/jpeg\" \/>\n<meta name=\"author\" content=\"Ri\u010di\" \/>\n<meta name=\"twitter:card\" content=\"summary_large_image\" \/>\n<meta name=\"twitter:creator\" content=\"@rbrejsa\" \/>\n<meta name=\"twitter:label1\" content=\"Napsal(a)\" \/>\n\t<meta name=\"twitter:data1\" content=\"Ri\u010di\" \/>\n\t<meta name=\"twitter:label2\" content=\"Odhadovan\u00e1 doba \u010dten\u00ed\" \/>\n\t<meta name=\"twitter:data2\" content=\"1 minuta\" \/>\n<script type=\"application\/ld+json\" class=\"yoast-schema-graph\">{\"@context\":\"https:\/\/schema.org\",\"@graph\":[{\"@type\":\"Article\",\"@id\":\"https:\/\/evertonfc.cz\/index.php\/2014\/12\/15\/bsc-young-boys-dalsim-souperem-v-evropske-lize\/#article\",\"isPartOf\":{\"@id\":\"https:\/\/evertonfc.cz\/index.php\/2014\/12\/15\/bsc-young-boys-dalsim-souperem-v-evropske-lize\/\"},\"author\":{\"name\":\"Ri\u010di\",\"@id\":\"https:\/\/evertonfc.cz\/#\/schema\/person\/f7a5daedb2ffee98480bc70e191aaef1\"},\"headline\":\"BSC Young Boys dal\u0161\u00edm soupe\u0159em v Evropsk\u00e9 lize\",\"datePublished\":\"2014-12-14T23:09:14+00:00\",\"dateModified\":\"2019-02-13T06:15:08+00:00\",\"mainEntityOfPage\":{\"@id\":\"https:\/\/evertonfc.cz\/index.php\/2014\/12\/15\/bsc-young-boys-dalsim-souperem-v-evropske-lize\/\"},\"wordCount\":263,\"commentCount\":0,\"publisher\":{\"@id\":\"https:\/\/evertonfc.cz\/#organization\"},\"image\":{\"@id\":\"https:\/\/evertonfc.cz\/index.php\/2014\/12\/15\/bsc-young-boys-dalsim-souperem-v-evropske-lize\/#primaryimage\"},\"thumbnailUrl\":\"https:\/\/evertonfc.cz\/wp-content\/uploads\/2019\/01\/news.jpg\",\"articleSection\":[\"Aktuality\"],\"inLanguage\":\"cs\",\"potentialAction\":[{\"@type\":\"CommentAction\",\"name\":\"Comment\",\"target\":[\"https:\/\/evertonfc.cz\/index.php\/2014\/12\/15\/bsc-young-boys-dalsim-souperem-v-evropske-lize\/#respond\"]}]},{\"@type\":\"WebPage\",\"@id\":\"https:\/\/evertonfc.cz\/index.php\/2014\/12\/15\/bsc-young-boys-dalsim-souperem-v-evropske-lize\/\",\"url\":\"https:\/\/evertonfc.cz\/index.php\/2014\/12\/15\/bsc-young-boys-dalsim-souperem-v-evropske-lize\/\",\"name\":\"BSC Young Boys dal\u0161\u00edm soupe\u0159em v Evropsk\u00e9 lize - Official Czech &amp; Slovak Everton Supporters&#039; Club\",\"isPartOf\":{\"@id\":\"https:\/\/evertonfc.cz\/#website\"},\"primaryImageOfPage\":{\"@id\":\"https:\/\/evertonfc.cz\/index.php\/2014\/12\/15\/bsc-young-boys-dalsim-souperem-v-evropske-lize\/#primaryimage\"},\"image\":{\"@id\":\"https:\/\/evertonfc.cz\/index.php\/2014\/12\/15\/bsc-young-boys-dalsim-souperem-v-evropske-lize\/#primaryimage\"},\"thumbnailUrl\":\"https:\/\/evertonfc.cz\/wp-content\/uploads\/2019\/01\/news.jpg\",\"datePublished\":\"2014-12-14T23:09:14+00:00\",\"dateModified\":\"2019-02-13T06:15:08+00:00\",\"breadcrumb\":{\"@id\":\"https:\/\/evertonfc.cz\/index.php\/2014\/12\/15\/bsc-young-boys-dalsim-souperem-v-evropske-lize\/#breadcrumb\"},\"inLanguage\":\"cs\",\"potentialAction\":[{\"@type\":\"ReadAction\",\"target\":[\"https:\/\/evertonfc.cz\/index.php\/2014\/12\/15\/bsc-young-boys-dalsim-souperem-v-evropske-lize\/\"]}]},{\"@type\":\"ImageObject\",\"inLanguage\":\"cs\",\"@id\":\"https:\/\/evertonfc.cz\/index.php\/2014\/12\/15\/bsc-young-boys-dalsim-souperem-v-evropske-lize\/#primaryimage\",\"url\":\"https:\/\/evertonfc.cz\/wp-content\/uploads\/2019\/01\/news.jpg\",\"contentUrl\":\"https:\/\/evertonfc.cz\/wp-content\/uploads\/2019\/01\/news.jpg\",\"width\":720,\"height\":405},{\"@type\":\"BreadcrumbList\",\"@id\":\"https:\/\/evertonfc.cz\/index.php\/2014\/12\/15\/bsc-young-boys-dalsim-souperem-v-evropske-lize\/#breadcrumb\",\"itemListElement\":[{\"@type\":\"ListItem\",\"position\":1,\"name\":\"Home\",\"item\":\"https:\/\/evertonfc.cz\/\"},{\"@type\":\"ListItem\",\"position\":2,\"name\":\"BSC Young Boys dal\u0161\u00edm soupe\u0159em v Evropsk\u00e9 lize\"}]},{\"@type\":\"WebSite\",\"@id\":\"https:\/\/evertonfc.cz\/#website\",\"url\":\"https:\/\/evertonfc.cz\/\",\"name\":\"Official Czech &amp; Slovak Everton Supporters&#039; Club\",\"description\":\"\",\"publisher\":{\"@id\":\"https:\/\/evertonfc.cz\/#organization\"},\"potentialAction\":[{\"@type\":\"SearchAction\",\"target\":{\"@type\":\"EntryPoint\",\"urlTemplate\":\"https:\/\/evertonfc.cz\/?s={search_term_string}\"},\"query-input\":{\"@type\":\"PropertyValueSpecification\",\"valueRequired\":true,\"valueName\":\"search_term_string\"}}],\"inLanguage\":\"cs\"},{\"@type\":\"Organization\",\"@id\":\"https:\/\/evertonfc.cz\/#organization\",\"name\":\"Official Czech & Slovak Everton Supporters' Club\",\"url\":\"https:\/\/evertonfc.cz\/\",\"logo\":{\"@type\":\"ImageObject\",\"inLanguage\":\"cs\",\"@id\":\"https:\/\/evertonfc.cz\/#\/schema\/logo\/image\/\",\"url\":\"https:\/\/evertonfc.cz\/wp-content\/uploads\/2019\/05\/logo.png\",\"contentUrl\":\"https:\/\/evertonfc.cz\/wp-content\/uploads\/2019\/05\/logo.png\",\"width\":112,\"height\":112,\"caption\":\"Official Czech & Slovak Everton Supporters' Club\"},\"image\":{\"@id\":\"https:\/\/evertonfc.cz\/#\/schema\/logo\/image\/\"},\"sameAs\":[\"https:\/\/www.facebook.com\/everton.fans.cz.sk\"]},{\"@type\":\"Person\",\"@id\":\"https:\/\/evertonfc.cz\/#\/schema\/person\/f7a5daedb2ffee98480bc70e191aaef1\",\"name\":\"Ri\u010di\",\"sameAs\":[\"https:\/\/x.com\/rbrejsa\"],\"url\":\"https:\/\/evertonfc.cz\/index.php\/author\/rici\/\"}]}<\/script>\n<!-- \/ Yoast SEO plugin. -->","yoast_head_json":{"title":"BSC Young Boys dal\u0161\u00edm soupe\u0159em v Evropsk\u00e9 lize - Official Czech &amp; Slovak Everton Supporters&#039; Club","robots":{"index":"index","follow":"follow","max-snippet":"max-snippet:-1","max-image-preview":"max-image-preview:large","max-video-preview":"max-video-preview:-1"},"canonical":"https:\/\/evertonfc.cz\/index.php\/2014\/12\/15\/bsc-young-boys-dalsim-souperem-v-evropske-lize\/","og_locale":"cs_CZ","og_type":"article","og_title":"BSC Young Boys dal\u0161\u00edm soupe\u0159em v Evropsk\u00e9 lize - Official Czech &amp; Slovak Everton Supporters&#039; Club","og_description":"V prvn\u00edm kole vy\u0159azovac\u00ed f\u00e1ze se Everton utk\u00e1 se \u0161v\u00fdcarsk\u00fdm celkem Berner Sport Club Young Boys, v souboji o postup&hellip;","og_url":"https:\/\/evertonfc.cz\/index.php\/2014\/12\/15\/bsc-young-boys-dalsim-souperem-v-evropske-lize\/","og_site_name":"Official Czech &amp; Slovak Everton Supporters&#039; Club","article_publisher":"https:\/\/www.facebook.com\/everton.fans.cz.sk","article_published_time":"2014-12-14T23:09:14+00:00","article_modified_time":"2019-02-13T06:15:08+00:00","og_image":[{"width":720,"height":405,"url":"https:\/\/evertonfc.cz\/wp-content\/uploads\/2019\/01\/news.jpg","type":"image\/jpeg"}],"author":"Ri\u010di","twitter_card":"summary_large_image","twitter_creator":"@rbrejsa","twitter_misc":{"Napsal(a)":"Ri\u010di","Odhadovan\u00e1 doba \u010dten\u00ed":"1 minuta"},"schema":{"@context":"https:\/\/schema.org","@graph":[{"@type":"Article","@id":"https:\/\/evertonfc.cz\/index.php\/2014\/12\/15\/bsc-young-boys-dalsim-souperem-v-evropske-lize\/#article","isPartOf":{"@id":"https:\/\/evertonfc.cz\/index.php\/2014\/12\/15\/bsc-young-boys-dalsim-souperem-v-evropske-lize\/"},"author":{"name":"Ri\u010di","@id":"https:\/\/evertonfc.cz\/#\/schema\/person\/f7a5daedb2ffee98480bc70e191aaef1"},"headline":"BSC Young Boys dal\u0161\u00edm soupe\u0159em v Evropsk\u00e9 lize","datePublished":"2014-12-14T23:09:14+00:00","dateModified":"2019-02-13T06:15:08+00:00","mainEntityOfPage":{"@id":"https:\/\/evertonfc.cz\/index.php\/2014\/12\/15\/bsc-young-boys-dalsim-souperem-v-evropske-lize\/"},"wordCount":263,"commentCount":0,"publisher":{"@id":"https:\/\/evertonfc.cz\/#organization"},"image":{"@id":"https:\/\/evertonfc.cz\/index.php\/2014\/12\/15\/bsc-young-boys-dalsim-souperem-v-evropske-lize\/#primaryimage"},"thumbnailUrl":"https:\/\/evertonfc.cz\/wp-content\/uploads\/2019\/01\/news.jpg","articleSection":["Aktuality"],"inLanguage":"cs","potentialAction":[{"@type":"CommentAction","name":"Comment","target":["https:\/\/evertonfc.cz\/index.php\/2014\/12\/15\/bsc-young-boys-dalsim-souperem-v-evropske-lize\/#respond"]}]},{"@type":"WebPage","@id":"https:\/\/evertonfc.cz\/index.php\/2014\/12\/15\/bsc-young-boys-dalsim-souperem-v-evropske-lize\/","url":"https:\/\/evertonfc.cz\/index.php\/2014\/12\/15\/bsc-young-boys-dalsim-souperem-v-evropske-lize\/","name":"BSC Young Boys dal\u0161\u00edm soupe\u0159em v Evropsk\u00e9 lize - Official Czech &amp; Slovak Everton Supporters&#039; Club","isPartOf":{"@id":"https:\/\/evertonfc.cz\/#website"},"primaryImageOfPage":{"@id":"https:\/\/evertonfc.cz\/index.php\/2014\/12\/15\/bsc-young-boys-dalsim-souperem-v-evropske-lize\/#primaryimage"},"image":{"@id":"https:\/\/evertonfc.cz\/index.php\/2014\/12\/15\/bsc-young-boys-dalsim-souperem-v-evropske-lize\/#primaryimage"},"thumbnailUrl":"https:\/\/evertonfc.cz\/wp-content\/uploads\/2019\/01\/news.jpg","datePublished":"2014-12-14T23:09:14+00:00","dateModified":"2019-02-13T06:15:08+00:00","breadcrumb":{"@id":"https:\/\/evertonfc.cz\/index.php\/2014\/12\/15\/bsc-young-boys-dalsim-souperem-v-evropske-lize\/#breadcrumb"},"inLanguage":"cs","potentialAction":[{"@type":"ReadAction","target":["https:\/\/evertonfc.cz\/index.php\/2014\/12\/15\/bsc-young-boys-dalsim-souperem-v-evropske-lize\/"]}]},{"@type":"ImageObject","inLanguage":"cs","@id":"https:\/\/evertonfc.cz\/index.php\/2014\/12\/15\/bsc-young-boys-dalsim-souperem-v-evropske-lize\/#primaryimage","url":"https:\/\/evertonfc.cz\/wp-content\/uploads\/2019\/01\/news.jpg","contentUrl":"https:\/\/evertonfc.cz\/wp-content\/uploads\/2019\/01\/news.jpg","width":720,"height":405},{"@type":"BreadcrumbList","@id":"https:\/\/evertonfc.cz\/index.php\/2014\/12\/15\/bsc-young-boys-dalsim-souperem-v-evropske-lize\/#breadcrumb","itemListElement":[{"@type":"ListItem","position":1,"name":"Home","item":"https:\/\/evertonfc.cz\/"},{"@type":"ListItem","position":2,"name":"BSC Young Boys dal\u0161\u00edm soupe\u0159em v Evropsk\u00e9 lize"}]},{"@type":"WebSite","@id":"https:\/\/evertonfc.cz\/#website","url":"https:\/\/evertonfc.cz\/","name":"Official Czech &amp; Slovak Everton Supporters&#039; Club","description":"","publisher":{"@id":"https:\/\/evertonfc.cz\/#organization"},"potentialAction":[{"@type":"SearchAction","target":{"@type":"EntryPoint","urlTemplate":"https:\/\/evertonfc.cz\/?s={search_term_string}"},"query-input":{"@type":"PropertyValueSpecification","valueRequired":true,"valueName":"search_term_string"}}],"inLanguage":"cs"},{"@type":"Organization","@id":"https:\/\/evertonfc.cz\/#organization","name":"Official Czech & Slovak Everton Supporters' Club","url":"https:\/\/evertonfc.cz\/","logo":{"@type":"ImageObject","inLanguage":"cs","@id":"https:\/\/evertonfc.cz\/#\/schema\/logo\/image\/","url":"https:\/\/evertonfc.cz\/wp-content\/uploads\/2019\/05\/logo.png","contentUrl":"https:\/\/evertonfc.cz\/wp-content\/uploads\/2019\/05\/logo.png","width":112,"height":112,"caption":"Official Czech & Slovak Everton Supporters' Club"},"image":{"@id":"https:\/\/evertonfc.cz\/#\/schema\/logo\/image\/"},"sameAs":["https:\/\/www.facebook.com\/everton.fans.cz.sk"]},{"@type":"Person","@id":"https:\/\/evertonfc.cz\/#\/schema\/person\/f7a5daedb2ffee98480bc70e191aaef1","name":"Ri\u010di","sameAs":["https:\/\/x.com\/rbrejsa"],"url":"https:\/\/evertonfc.cz\/index.php\/author\/rici\/"}]}},"_links":{"self":[{"href":"https:\/\/evertonfc.cz\/index.php\/wp-json\/wp\/v2\/posts\/4432"}],"collection":[{"href":"https:\/\/evertonfc.cz\/index.php\/wp-json\/wp\/v2\/posts"}],"about":[{"href":"https:\/\/evertonfc.cz\/index.php\/wp-json\/wp\/v2\/types\/post"}],"author":[{"embeddable":true,"href":"https:\/\/evertonfc.cz\/index.php\/wp-json\/wp\/v2\/users\/6"}],"replies":[{"embeddable":true,"href":"https:\/\/evertonfc.cz\/index.php\/wp-json\/wp\/v2\/comments?post=4432"}],"version-history":[{"count":3,"href":"https:\/\/evertonfc.cz\/index.php\/wp-json\/wp\/v2\/posts\/4432\/revisions"}],"predecessor-version":[{"id":4476,"href":"https:\/\/evertonfc.cz\/index.php\/wp-json\/wp\/v2\/posts\/4432\/revisions\/4476"}],"wp:featuredmedia":[{"embeddable":true,"href":"https:\/\/evertonfc.cz\/index.php\/wp-json\/wp\/v2\/media\/1313"}],"wp:attachment":[{"href":"https:\/\/evertonfc.cz\/index.php\/wp-json\/wp\/v2\/media?parent=4432"}],"wp:term":[{"taxonomy":"category","embeddable":true,"href":"https:\/\/evertonfc.cz\/index.php\/wp-json\/wp\/v2\/categories?post=4432"},{"taxonomy":"post_tag","embeddable":true,"href":"https:\/\/evertonfc.cz\/index.php\/wp-json\/wp\/v2\/tags?post=4432"}],"curies":[{"name":"wp","href":"https:\/\/api.w.org\/{rel}","templated":true}]}}