{"id":4434,"date":"2014-12-14T00:10:24","date_gmt":"2014-12-13T23:10:24","guid":{"rendered":"http:\/\/evertonfc.cz\/?p=4434"},"modified":"2021-09-20T13:43:51","modified_gmt":"2021-09-20T11:43:51","slug":"preview-everton-queens-park-rangers","status":"publish","type":"post","link":"https:\/\/evertonfc.cz\/index.php\/2014\/12\/14\/preview-everton-queens-park-rangers\/","title":{"rendered":"Preview: Everton &#8211; Queens Park Rangers"},"content":{"rendered":"<h4 id=\"NewsPostDetailSummary\">V sou\u010dasnosti by se asi t\u011b\u017eko hledal vhodn\u011bj\u0161\u00ed soupe\u0159 na zastaven\u00ed mizern\u00e9 s\u00e9rie z posledn\u00edch t\u00fddn\u016f a vylep\u0161en\u00ed leto\u0161n\u00ed tristn\u00ed bilance na Goodison Parku ne\u017e na venkovn\u00edch h\u0159i\u0161t\u00edch slab\u00fd Queens Park Rangers.<\/h4>\n<div id=\"NewsPostDetailContent\">\n<p>Na druhou stranu t\u0159eba pamatovat na faktor Evertonu \u2013 unik\u00e1tn\u00ed schopnost ztr\u00e1cet body v nejabsurdn\u011bj\u0161\u00edch situac\u00edch, kter\u00fd spolu se \u0161patnou aktu\u00e1ln\u00ed formou (jedna v\u00fdhra z posledn\u00edch \u0161esti z\u00e1pas\u016f) a tou na Goodisonu (dv\u011b v\u00fdhry z posledn\u00edch osmi ligov\u00fdch kol), p\u0159edstavuje pro nov\u00e1\u010dka Premier League ur\u010ditou nad\u011bji. Na druhou stranu \u010dek\u00e1n\u00ed na v\u00edt\u011bzstv\u00ed v sedmi v\u00fdjezdech, pozice v sestupov\u00fdch vod\u00e1ch a absence Charlieho Austina, s osmi g\u00f3ly nejlep\u0161\u00edho kanon\u00fdra a jedin\u00e9ho st\u0159elce t\u00fdmu mimo Loftus Road, p\u0159eva\u017euje misky vah v zoufalosti na stranu Hoops.<\/p>\n<p>Do nabit\u00e9ho v\u00e1no\u010dn\u00edho programu Toffees vstupuj\u00ed s jasn\u00fdm c\u00edlem posunout minim\u00e1ln\u011b do prvn\u00ed poloviny tabulky, k \u010demu\u017e bude pot\u0159eba zlep\u0161it minim\u00e1ln\u011b individu\u00e1ln\u00ed v\u00fdkony. Osm nap\u00e1chan\u00fdch chyb vedouc\u00ed k obdr\u017een\u00e9 brance vykresluje obrovsk\u00fd vyk\u0159i\u010dn\u00edk. I proto t\u011b\u0161\u00ed rychl\u00e9 uzdravov\u00e1n\u00ed Johna Stonese. Mlad\u00fd Angli\u010dan si po\u0161kodil vazy v kotn\u00edku na za\u010d\u00e1tku \u0159\u00edjna a po nutn\u00e9 operaci se doba n\u00e1vratu odhadovala a\u017e na 14 t\u00fddn\u016f, nyn\u00ed se v\u0161ak u\u017e vr\u00e1til do tr\u00e9ninkov\u00e9ho procesu a brzy se op\u011bt zapoj\u00ed do akce. Nicm\u00e9n\u011b pond\u011bln\u00ed start by je\u0161t\u011b nejsp\u00ed\u0161e p\u0159edstavoval risk.<\/p>\n<p>Nejasn\u00e9 je nasazen\u00ed James McCarthyho, bez n\u011bho\u017e ztr\u00e1c\u00ed st\u0159ed pole Evertonu v\u00fdrazn\u011b na s\u00edle. Proti QPR nav\u00edc nem\u016f\u017eu hr\u00e1t kv\u016fli trestu za p\u011bt \u017elut\u00fdch karet Gareth Barry, a tak Mart\u00ednez mus\u00ed vymyslet, koho k Muhamedovi Be\u0161i\u010dovi. Prvn\u011b se nab\u00edz\u00ed zku\u0161en\u00fd Leon Osman, osobn\u011b bych se neb\u00e1l nasadit Rosse Barkleyho, ze zata\u017een\u011bj\u0161\u00ed pozice by mohl diktovat tempo hry a v p\u0159\u00edpad\u011b startu Stevena Naismithe by se vy\u0159e\u0161il probl\u00e9m, komu sv\u011b\u0159it post podhrotov\u00e9ho fotbalisty.<\/p>\n<h4><strong>T\u00fdmov\u00e9 novinky<\/strong><\/h4>\n<p>O zdravotn\u00edch stavech a pota\u017emo vyu\u017eit\u00ed v utk\u00e1n\u00ed Johna Stonese, Darrona Gibsona, Jamese McCarthyho a Stevena Naismithe se rozhodne test p\u0159ed v\u00fdkopem. Stop za \u017elut\u00e9 karty vy\u0159adil Garetha Barryho. Bryan Oviedo a Arouna Kon\u00e9 se jsou p\u0159ipraven\u00ed po dlouh\u00fdch m\u011bs\u00edc\u00edch v rekonvalescen\u010dn\u00edm obdob\u00ed.<\/p>\n<p><strong>EFC:<\/strong> Howard, Joel, Alcaraz, Baines, Browning, Coleman, Distin, Garbutt, Hibbert, Jagielka, Stones (?), Barkley, Be\u0161i\u0107, Gibson (?), McCarthy (?), McGeady, Osman, Oviedo, Pienaar, Eto&#8217;o, Kon\u00e9, Long, McAleny, Mirallas, Naismith (?).<\/p>\n<p>Za vylou\u010den\u00ed z minul\u00e9ho v\u00edkendu pyk\u00e1 Charlie Austin, kopa\u010dky neobuje. Zran\u011bn\u00ed vy\u0159adilo Sandra a Alejandra Faurl\u00edna, nedostate\u010dn\u00e1 kondice potom Adela Taarabta.<\/p>\n<p><strong>QPR:<\/strong> Green, McCarthy, Caulker, Dunne, Ferdinand, Hill, Isla, Onuoha, Traor\u00e9, Yun, Barton, Fer, Henry, Hoilett, Kranj\u010dar, Mutch, Phillips, Wright-Phillips, Vargas, Zamora.<\/p>\n<p><strong>Co:<\/strong> Everton FC &#8211; Queens Park Rangers FC, 16. kolo Premier League<br \/>\n<strong>Kdy:<\/strong> 15. 12. 2014 od 21:00 SE\u010c<br \/>\n<strong>Kde:<\/strong> Goodison Park, Liverpool (kapacita: 40 157)<br \/>\n<strong>Rozhod\u010d\u00ed:<\/strong> Neil Swarbrick<\/p>\n<\/div>\n","protected":false},"excerpt":{"rendered":"<p>V sou\u010dasnosti by se asi t\u011b\u017eko hledal vhodn\u011bj\u0161\u00ed soupe\u0159 na zastaven\u00ed mizern\u00e9 s\u00e9rie z posledn\u00edch t\u00fddn\u016f a vylep\u0161en\u00ed leto\u0161n\u00ed tristn\u00ed bilance na Goodison Parku ne\u017e na venkovn\u00edch h\u0159i\u0161t\u00edch slab\u00fd Queens Park Rangers.<\/p>\n","protected":false},"author":6,"featured_media":16521,"comment_status":"open","ping_status":"closed","sticky":false,"template":"","format":"standard","meta":{"_eb_attr":"","_monsterinsights_skip_tracking":false,"_monsterinsights_sitenote_active":false,"_monsterinsights_sitenote_note":"","_monsterinsights_sitenote_category":0,"footnotes":""},"categories":[4],"tags":[],"yoast_head":"<!-- This site is optimized with the Yoast SEO plugin v23.4 - https:\/\/yoast.com\/wordpress\/plugins\/seo\/ -->\n<title>Preview: Everton - Queens Park Rangers - Official Czech &amp; Slovak Everton Supporters&#039; Club<\/title>\n<meta name=\"robots\" content=\"index, follow, max-snippet:-1, max-image-preview:large, max-video-preview:-1\" \/>\n<link rel=\"canonical\" href=\"https:\/\/evertonfc.cz\/index.php\/2014\/12\/14\/preview-everton-queens-park-rangers\/\" \/>\n<meta property=\"og:locale\" content=\"cs_CZ\" \/>\n<meta property=\"og:type\" content=\"article\" \/>\n<meta property=\"og:title\" content=\"Preview: Everton - Queens Park Rangers - Official Czech &amp; Slovak Everton Supporters&#039; Club\" \/>\n<meta property=\"og:description\" content=\"V sou\u010dasnosti by se asi t\u011b\u017eko hledal vhodn\u011bj\u0161\u00ed soupe\u0159 na zastaven\u00ed mizern\u00e9 s\u00e9rie z posledn\u00edch t\u00fddn\u016f a vylep\u0161en\u00ed leto\u0161n\u00ed tristn\u00ed bilance na Goodison Parku ne\u017e na venkovn\u00edch h\u0159i\u0161t\u00edch slab\u00fd Queens Park Rangers.\" \/>\n<meta property=\"og:url\" content=\"https:\/\/evertonfc.cz\/index.php\/2014\/12\/14\/preview-everton-queens-park-rangers\/\" \/>\n<meta property=\"og:site_name\" content=\"Official Czech &amp; Slovak Everton Supporters&#039; Club\" \/>\n<meta property=\"article:publisher\" content=\"https:\/\/www.facebook.com\/everton.fans.cz.sk\" \/>\n<meta property=\"article:published_time\" content=\"2014-12-13T23:10:24+00:00\" \/>\n<meta property=\"article:modified_time\" content=\"2021-09-20T11:43:51+00:00\" \/>\n<meta property=\"og:image\" content=\"https:\/\/evertonfc.cz\/wp-content\/uploads\/2021\/09\/Everton-VS-Queens-Park-Rangers.jpg\" \/>\n\t<meta property=\"og:image:width\" content=\"720\" \/>\n\t<meta property=\"og:image:height\" content=\"405\" \/>\n\t<meta property=\"og:image:type\" content=\"image\/jpeg\" \/>\n<meta name=\"author\" content=\"Ri\u010di\" \/>\n<meta name=\"twitter:card\" content=\"summary_large_image\" \/>\n<meta name=\"twitter:creator\" content=\"@rbrejsa\" \/>\n<meta name=\"twitter:label1\" content=\"Napsal(a)\" \/>\n\t<meta name=\"twitter:data1\" content=\"Ri\u010di\" \/>\n\t<meta name=\"twitter:label2\" content=\"Odhadovan\u00e1 doba \u010dten\u00ed\" \/>\n\t<meta name=\"twitter:data2\" content=\"3 minuty\" \/>\n<script type=\"application\/ld+json\" class=\"yoast-schema-graph\">{\"@context\":\"https:\/\/schema.org\",\"@graph\":[{\"@type\":\"Article\",\"@id\":\"https:\/\/evertonfc.cz\/index.php\/2014\/12\/14\/preview-everton-queens-park-rangers\/#article\",\"isPartOf\":{\"@id\":\"https:\/\/evertonfc.cz\/index.php\/2014\/12\/14\/preview-everton-queens-park-rangers\/\"},\"author\":{\"name\":\"Ri\u010di\",\"@id\":\"https:\/\/evertonfc.cz\/#\/schema\/person\/f7a5daedb2ffee98480bc70e191aaef1\"},\"headline\":\"Preview: Everton &#8211; Queens Park Rangers\",\"datePublished\":\"2014-12-13T23:10:24+00:00\",\"dateModified\":\"2021-09-20T11:43:51+00:00\",\"mainEntityOfPage\":{\"@id\":\"https:\/\/evertonfc.cz\/index.php\/2014\/12\/14\/preview-everton-queens-park-rangers\/\"},\"wordCount\":539,\"commentCount\":0,\"publisher\":{\"@id\":\"https:\/\/evertonfc.cz\/#organization\"},\"image\":{\"@id\":\"https:\/\/evertonfc.cz\/index.php\/2014\/12\/14\/preview-everton-queens-park-rangers\/#primaryimage\"},\"thumbnailUrl\":\"https:\/\/evertonfc.cz\/wp-content\/uploads\/2021\/09\/Everton-VS-Queens-Park-Rangers.jpg\",\"articleSection\":[\"Z\u00e1pasy\"],\"inLanguage\":\"cs\",\"potentialAction\":[{\"@type\":\"CommentAction\",\"name\":\"Comment\",\"target\":[\"https:\/\/evertonfc.cz\/index.php\/2014\/12\/14\/preview-everton-queens-park-rangers\/#respond\"]}]},{\"@type\":\"WebPage\",\"@id\":\"https:\/\/evertonfc.cz\/index.php\/2014\/12\/14\/preview-everton-queens-park-rangers\/\",\"url\":\"https:\/\/evertonfc.cz\/index.php\/2014\/12\/14\/preview-everton-queens-park-rangers\/\",\"name\":\"Preview: Everton - Queens Park Rangers - Official Czech &amp; Slovak Everton Supporters&#039; Club\",\"isPartOf\":{\"@id\":\"https:\/\/evertonfc.cz\/#website\"},\"primaryImageOfPage\":{\"@id\":\"https:\/\/evertonfc.cz\/index.php\/2014\/12\/14\/preview-everton-queens-park-rangers\/#primaryimage\"},\"image\":{\"@id\":\"https:\/\/evertonfc.cz\/index.php\/2014\/12\/14\/preview-everton-queens-park-rangers\/#primaryimage\"},\"thumbnailUrl\":\"https:\/\/evertonfc.cz\/wp-content\/uploads\/2021\/09\/Everton-VS-Queens-Park-Rangers.jpg\",\"datePublished\":\"2014-12-13T23:10:24+00:00\",\"dateModified\":\"2021-09-20T11:43:51+00:00\",\"breadcrumb\":{\"@id\":\"https:\/\/evertonfc.cz\/index.php\/2014\/12\/14\/preview-everton-queens-park-rangers\/#breadcrumb\"},\"inLanguage\":\"cs\",\"potentialAction\":[{\"@type\":\"ReadAction\",\"target\":[\"https:\/\/evertonfc.cz\/index.php\/2014\/12\/14\/preview-everton-queens-park-rangers\/\"]}]},{\"@type\":\"ImageObject\",\"inLanguage\":\"cs\",\"@id\":\"https:\/\/evertonfc.cz\/index.php\/2014\/12\/14\/preview-everton-queens-park-rangers\/#primaryimage\",\"url\":\"https:\/\/evertonfc.cz\/wp-content\/uploads\/2021\/09\/Everton-VS-Queens-Park-Rangers.jpg\",\"contentUrl\":\"https:\/\/evertonfc.cz\/wp-content\/uploads\/2021\/09\/Everton-VS-Queens-Park-Rangers.jpg\",\"width\":720,\"height\":405},{\"@type\":\"BreadcrumbList\",\"@id\":\"https:\/\/evertonfc.cz\/index.php\/2014\/12\/14\/preview-everton-queens-park-rangers\/#breadcrumb\",\"itemListElement\":[{\"@type\":\"ListItem\",\"position\":1,\"name\":\"Home\",\"item\":\"https:\/\/evertonfc.cz\/\"},{\"@type\":\"ListItem\",\"position\":2,\"name\":\"Preview: Everton &#8211; Queens Park Rangers\"}]},{\"@type\":\"WebSite\",\"@id\":\"https:\/\/evertonfc.cz\/#website\",\"url\":\"https:\/\/evertonfc.cz\/\",\"name\":\"Official Czech &amp; Slovak Everton Supporters&#039; Club\",\"description\":\"\",\"publisher\":{\"@id\":\"https:\/\/evertonfc.cz\/#organization\"},\"potentialAction\":[{\"@type\":\"SearchAction\",\"target\":{\"@type\":\"EntryPoint\",\"urlTemplate\":\"https:\/\/evertonfc.cz\/?s={search_term_string}\"},\"query-input\":{\"@type\":\"PropertyValueSpecification\",\"valueRequired\":true,\"valueName\":\"search_term_string\"}}],\"inLanguage\":\"cs\"},{\"@type\":\"Organization\",\"@id\":\"https:\/\/evertonfc.cz\/#organization\",\"name\":\"Official Czech & Slovak Everton Supporters' Club\",\"url\":\"https:\/\/evertonfc.cz\/\",\"logo\":{\"@type\":\"ImageObject\",\"inLanguage\":\"cs\",\"@id\":\"https:\/\/evertonfc.cz\/#\/schema\/logo\/image\/\",\"url\":\"https:\/\/evertonfc.cz\/wp-content\/uploads\/2019\/05\/logo.png\",\"contentUrl\":\"https:\/\/evertonfc.cz\/wp-content\/uploads\/2019\/05\/logo.png\",\"width\":112,\"height\":112,\"caption\":\"Official Czech & Slovak Everton Supporters' Club\"},\"image\":{\"@id\":\"https:\/\/evertonfc.cz\/#\/schema\/logo\/image\/\"},\"sameAs\":[\"https:\/\/www.facebook.com\/everton.fans.cz.sk\"]},{\"@type\":\"Person\",\"@id\":\"https:\/\/evertonfc.cz\/#\/schema\/person\/f7a5daedb2ffee98480bc70e191aaef1\",\"name\":\"Ri\u010di\",\"sameAs\":[\"https:\/\/x.com\/rbrejsa\"],\"url\":\"https:\/\/evertonfc.cz\/index.php\/author\/rici\/\"}]}<\/script>\n<!-- \/ Yoast SEO plugin. -->","yoast_head_json":{"title":"Preview: Everton - Queens Park Rangers - Official Czech &amp; Slovak Everton Supporters&#039; Club","robots":{"index":"index","follow":"follow","max-snippet":"max-snippet:-1","max-image-preview":"max-image-preview:large","max-video-preview":"max-video-preview:-1"},"canonical":"https:\/\/evertonfc.cz\/index.php\/2014\/12\/14\/preview-everton-queens-park-rangers\/","og_locale":"cs_CZ","og_type":"article","og_title":"Preview: Everton - Queens Park Rangers - Official Czech &amp; Slovak Everton Supporters&#039; Club","og_description":"V sou\u010dasnosti by se asi t\u011b\u017eko hledal vhodn\u011bj\u0161\u00ed soupe\u0159 na zastaven\u00ed mizern\u00e9 s\u00e9rie z posledn\u00edch t\u00fddn\u016f a vylep\u0161en\u00ed leto\u0161n\u00ed tristn\u00ed bilance na Goodison Parku ne\u017e na venkovn\u00edch h\u0159i\u0161t\u00edch slab\u00fd Queens Park Rangers.","og_url":"https:\/\/evertonfc.cz\/index.php\/2014\/12\/14\/preview-everton-queens-park-rangers\/","og_site_name":"Official Czech &amp; Slovak Everton Supporters&#039; Club","article_publisher":"https:\/\/www.facebook.com\/everton.fans.cz.sk","article_published_time":"2014-12-13T23:10:24+00:00","article_modified_time":"2021-09-20T11:43:51+00:00","og_image":[{"width":720,"height":405,"url":"https:\/\/evertonfc.cz\/wp-content\/uploads\/2021\/09\/Everton-VS-Queens-Park-Rangers.jpg","type":"image\/jpeg"}],"author":"Ri\u010di","twitter_card":"summary_large_image","twitter_creator":"@rbrejsa","twitter_misc":{"Napsal(a)":"Ri\u010di","Odhadovan\u00e1 doba \u010dten\u00ed":"3 minuty"},"schema":{"@context":"https:\/\/schema.org","@graph":[{"@type":"Article","@id":"https:\/\/evertonfc.cz\/index.php\/2014\/12\/14\/preview-everton-queens-park-rangers\/#article","isPartOf":{"@id":"https:\/\/evertonfc.cz\/index.php\/2014\/12\/14\/preview-everton-queens-park-rangers\/"},"author":{"name":"Ri\u010di","@id":"https:\/\/evertonfc.cz\/#\/schema\/person\/f7a5daedb2ffee98480bc70e191aaef1"},"headline":"Preview: Everton &#8211; Queens Park Rangers","datePublished":"2014-12-13T23:10:24+00:00","dateModified":"2021-09-20T11:43:51+00:00","mainEntityOfPage":{"@id":"https:\/\/evertonfc.cz\/index.php\/2014\/12\/14\/preview-everton-queens-park-rangers\/"},"wordCount":539,"commentCount":0,"publisher":{"@id":"https:\/\/evertonfc.cz\/#organization"},"image":{"@id":"https:\/\/evertonfc.cz\/index.php\/2014\/12\/14\/preview-everton-queens-park-rangers\/#primaryimage"},"thumbnailUrl":"https:\/\/evertonfc.cz\/wp-content\/uploads\/2021\/09\/Everton-VS-Queens-Park-Rangers.jpg","articleSection":["Z\u00e1pasy"],"inLanguage":"cs","potentialAction":[{"@type":"CommentAction","name":"Comment","target":["https:\/\/evertonfc.cz\/index.php\/2014\/12\/14\/preview-everton-queens-park-rangers\/#respond"]}]},{"@type":"WebPage","@id":"https:\/\/evertonfc.cz\/index.php\/2014\/12\/14\/preview-everton-queens-park-rangers\/","url":"https:\/\/evertonfc.cz\/index.php\/2014\/12\/14\/preview-everton-queens-park-rangers\/","name":"Preview: Everton - Queens Park Rangers - Official Czech &amp; Slovak Everton Supporters&#039; Club","isPartOf":{"@id":"https:\/\/evertonfc.cz\/#website"},"primaryImageOfPage":{"@id":"https:\/\/evertonfc.cz\/index.php\/2014\/12\/14\/preview-everton-queens-park-rangers\/#primaryimage"},"image":{"@id":"https:\/\/evertonfc.cz\/index.php\/2014\/12\/14\/preview-everton-queens-park-rangers\/#primaryimage"},"thumbnailUrl":"https:\/\/evertonfc.cz\/wp-content\/uploads\/2021\/09\/Everton-VS-Queens-Park-Rangers.jpg","datePublished":"2014-12-13T23:10:24+00:00","dateModified":"2021-09-20T11:43:51+00:00","breadcrumb":{"@id":"https:\/\/evertonfc.cz\/index.php\/2014\/12\/14\/preview-everton-queens-park-rangers\/#breadcrumb"},"inLanguage":"cs","potentialAction":[{"@type":"ReadAction","target":["https:\/\/evertonfc.cz\/index.php\/2014\/12\/14\/preview-everton-queens-park-rangers\/"]}]},{"@type":"ImageObject","inLanguage":"cs","@id":"https:\/\/evertonfc.cz\/index.php\/2014\/12\/14\/preview-everton-queens-park-rangers\/#primaryimage","url":"https:\/\/evertonfc.cz\/wp-content\/uploads\/2021\/09\/Everton-VS-Queens-Park-Rangers.jpg","contentUrl":"https:\/\/evertonfc.cz\/wp-content\/uploads\/2021\/09\/Everton-VS-Queens-Park-Rangers.jpg","width":720,"height":405},{"@type":"BreadcrumbList","@id":"https:\/\/evertonfc.cz\/index.php\/2014\/12\/14\/preview-everton-queens-park-rangers\/#breadcrumb","itemListElement":[{"@type":"ListItem","position":1,"name":"Home","item":"https:\/\/evertonfc.cz\/"},{"@type":"ListItem","position":2,"name":"Preview: Everton &#8211; Queens Park Rangers"}]},{"@type":"WebSite","@id":"https:\/\/evertonfc.cz\/#website","url":"https:\/\/evertonfc.cz\/","name":"Official Czech &amp; Slovak Everton Supporters&#039; Club","description":"","publisher":{"@id":"https:\/\/evertonfc.cz\/#organization"},"potentialAction":[{"@type":"SearchAction","target":{"@type":"EntryPoint","urlTemplate":"https:\/\/evertonfc.cz\/?s={search_term_string}"},"query-input":{"@type":"PropertyValueSpecification","valueRequired":true,"valueName":"search_term_string"}}],"inLanguage":"cs"},{"@type":"Organization","@id":"https:\/\/evertonfc.cz\/#organization","name":"Official Czech & Slovak Everton Supporters' Club","url":"https:\/\/evertonfc.cz\/","logo":{"@type":"ImageObject","inLanguage":"cs","@id":"https:\/\/evertonfc.cz\/#\/schema\/logo\/image\/","url":"https:\/\/evertonfc.cz\/wp-content\/uploads\/2019\/05\/logo.png","contentUrl":"https:\/\/evertonfc.cz\/wp-content\/uploads\/2019\/05\/logo.png","width":112,"height":112,"caption":"Official Czech & Slovak Everton Supporters' Club"},"image":{"@id":"https:\/\/evertonfc.cz\/#\/schema\/logo\/image\/"},"sameAs":["https:\/\/www.facebook.com\/everton.fans.cz.sk"]},{"@type":"Person","@id":"https:\/\/evertonfc.cz\/#\/schema\/person\/f7a5daedb2ffee98480bc70e191aaef1","name":"Ri\u010di","sameAs":["https:\/\/x.com\/rbrejsa"],"url":"https:\/\/evertonfc.cz\/index.php\/author\/rici\/"}]}},"_links":{"self":[{"href":"https:\/\/evertonfc.cz\/index.php\/wp-json\/wp\/v2\/posts\/4434"}],"collection":[{"href":"https:\/\/evertonfc.cz\/index.php\/wp-json\/wp\/v2\/posts"}],"about":[{"href":"https:\/\/evertonfc.cz\/index.php\/wp-json\/wp\/v2\/types\/post"}],"author":[{"embeddable":true,"href":"https:\/\/evertonfc.cz\/index.php\/wp-json\/wp\/v2\/users\/6"}],"replies":[{"embeddable":true,"href":"https:\/\/evertonfc.cz\/index.php\/wp-json\/wp\/v2\/comments?post=4434"}],"version-history":[{"count":4,"href":"https:\/\/evertonfc.cz\/index.php\/wp-json\/wp\/v2\/posts\/4434\/revisions"}],"predecessor-version":[{"id":16522,"href":"https:\/\/evertonfc.cz\/index.php\/wp-json\/wp\/v2\/posts\/4434\/revisions\/16522"}],"wp:featuredmedia":[{"embeddable":true,"href":"https:\/\/evertonfc.cz\/index.php\/wp-json\/wp\/v2\/media\/16521"}],"wp:attachment":[{"href":"https:\/\/evertonfc.cz\/index.php\/wp-json\/wp\/v2\/media?parent=4434"}],"wp:term":[{"taxonomy":"category","embeddable":true,"href":"https:\/\/evertonfc.cz\/index.php\/wp-json\/wp\/v2\/categories?post=4434"},{"taxonomy":"post_tag","embeddable":true,"href":"https:\/\/evertonfc.cz\/index.php\/wp-json\/wp\/v2\/tags?post=4434"}],"curies":[{"name":"wp","href":"https:\/\/api.w.org\/{rel}","templated":true}]}}