{"id":4436,"date":"2014-12-11T00:12:35","date_gmt":"2014-12-10T23:12:35","guid":{"rendered":"http:\/\/evertonfc.cz\/?p=4436"},"modified":"2019-02-13T00:13:29","modified_gmt":"2019-02-12T23:13:29","slug":"everton-krasnodar-01","status":"publish","type":"post","link":"https:\/\/evertonfc.cz\/index.php\/2014\/12\/11\/everton-krasnodar-01\/","title":{"rendered":"Everton &#8211; Krasnodar 0:1"},"content":{"rendered":"<h4 id=\"NewsPostDetailSummary\">Dne\u0161n\u00ed prohra v\u00fdjime\u010dn\u011b p\u0159\u00edli\u0161 nemrz\u00ed, hern\u00ed vyt\u00ed\u017een\u00ed se toti\u017e do\u010dkali n\u00e1hradn\u00edci, \u010derstv\u011b uzdraven\u00ed hr\u00e1\u010di a talenti. Koho z\u00a0mlad\u00fdch fotbalist\u016f uvid\u00edme v\u00a0modr\u00e9m dresu tak\u00e9 v\u00a0budoucnosti?<\/h4>\n<div id=\"NewsPostDetailContent\">\n<p>Jak bylo avizov\u00e1no na tiskov\u00e9 konferenci, Everton t\u00e9m\u011b\u0159 kompletn\u011b obm\u011bnil z\u00e1kladn\u00ed sestavu, m\u00edsto si udr\u017eel pouze Gareth Barry (suspendovan\u00fd na pond\u011bln\u00ed ligu proti QPR), kter\u00fd nastoupil na stoperu. Poprv\u00e9 od prvn\u00ed minuty nastoupili sedmn\u00e1ctilet\u00fd Ryan Ledson, Tyias Browning a Conor McAleny. Ti spolu s Garbuttem p\u0159edstavovali \u010dty\u0159i produkty akademie v z\u00e1kladn\u00ed jeden\u00e1ctce, p\u0159i\u010dem\u017e dal\u0161\u00edch sedm se posadilo na lavi\u010dku. Kapit\u00e1nskou p\u00e1sku navl\u00e9kl Steven Pienaar.<\/p>\n<p>Do prvn\u00ed p\u0159\u00edle\u017eitost se dostal Antol\u00edn Alcaraz, Luke Garbutt poveden\u011b kopl rohov\u00fd kop a n\u00e1sledovala hlavi\u010dka t\u011bsn\u011b vedle ty\u010de. V 11. minut\u011b opustil h\u0159i\u0161t\u011b Christian Atsu, dr\u017e\u00edc\u00ed se za stehenn\u00ed sval, nahradil ho dal\u0161\u00ed debutant, sedmn\u00e1ctilet\u00fd kreativn\u00ed z\u00e1lo\u017en\u00edk Kieran Dowell. Za hosty zahrozil Wanderson, z \u00fahlu d\u011blovkou vyzkou\u0161el pozornost Joela Roblese, jen\u017e nezastavil m\u00ed\u010d rukami, ale tv\u00e1\u0159\u00ed. Do \u00favodn\u00ed dvacetiminutovky se ve\u0161la je\u0161t\u011b st\u0159ela Stevena Pienaara po dobr\u00e9m pr\u016fniku od Garbutta, branka\u0159 Sinitsin skokem vyrazil.<\/p>\n<p>Toffees poskytovali soupe\u0159i a\u017e p\u0159\u00edli\u0161 mnoho ok\u00e9nek v defenziv\u011b, co\u017e se vymstilo v 29. minut\u011b. Marat Izmailov vysunul za obranu Ricarda Labordeho, ten se hor\u0161\u00edm zpracov\u00e1n\u00edm dostal do \u00fahlu, ov\u0161em vyu\u017eil dezorientace vyb\u011bhnut\u00e9ho Roblese a trefil voln\u00fd prostor &#8211; <strong>0:1<\/strong>. Do p\u0159est\u00e1vky se Blues sna\u017eili o kombinaci, aktivn\u011b p\u016fsobil hlavn\u011b Luke Garbutt, ov\u0161em k p\u0159\u00edm\u00e9mu ohro\u017een\u00ed branky se nedostali.<\/p>\n<p>Krasnodar vstoupil do druh\u00e9 \u010d\u00e1sti aktivn\u011bji, z \u00favodn\u00edch dobr\u00fdch minut vyt\u011b\u017eil sv\u00fdm pokusem Laborde, Robles tentokr\u00e1t usp\u011bl. Na opa\u010dn\u00e9m konci podobn\u011b pochodil Arouna Kon\u00e9. Everton d\u00e1le pokra\u010doval ve snaze o rychl\u00e9 p\u0159ihr\u00e1vky a rusk\u00fd celkem s\u00e1zel na zabezpe\u010denou obranu, na druhou stranu, kdy\u017e za\u00fato\u010dil, Robles musel b\u00fdt ve st\u0159ehu. Jako v 72. minut\u011b v p\u0159\u00edpad\u011b Izmailova, z dobr\u00e9 pozice by ur\u010dit\u011b r\u00e1d vyt\u011b\u017eil v\u00edce, ne\u017e st\u0159elu mimo.<\/p>\n<p>V 80. minut\u011b Mart\u00ednez poslal na tr\u00e1vn\u00edk dal\u0161\u00edho \u00fato\u010dn\u00edka, Chris Long nahradil Conora McAlenyho, av\u0161ak ani pos\u00edlen\u00ed ofenzivy vyrovn\u00e1n\u00ed nep\u0159ineslo, a tak Krasnodar zaznamenal prvn\u00ed v\u00fdhru v z\u00e1kladn\u00ed skupin\u011b.<\/p>\n<p><strong>Branka:<\/strong> 30. Ricardo Laborde<br \/>\n<strong>\u017dK:<\/strong> 43. Arouna Kon\u00e9, 60. Steven Pienaar &#8211; 2. Andreas Granqvist, 81. Ragnar Sigurdsson<br \/>\n<strong>Everton FC: <\/strong>Joel Robles, Tyias Browning (90. Gethin Jones), Antol\u00cdn Alcaraz, Gareth Barry, Luke Garbutt, Christian Atsu (11. Kieran Dowell), Ryan Ledson, Bryan Oviedo, Steven Pienaar, Arouna Kon\u00e9, Conor McAleny (80. Christopher Long)<br \/>\n<strong>FK Krasnodar:<\/strong> Andrej Sinicin, Sergej Petrov, Ragnar Sigurdsson, Andreas Granqvist, Vitalij Kale\u0161in, Ricardo Laborde (73. Nikita Burmistrov), Marat Izmailov, Jurij Gazinskij, Mauricio Pereyra, Jo\u00e3ozinho (90+1. Aleksandr Agejev), Wanderson<br \/>\n<strong>Rozhod\u010d\u00ed:<\/strong> Istv\u00e1n Kov\u00e1cs<\/p>\n<\/div>\n","protected":false},"excerpt":{"rendered":"<p>Dne\u0161n\u00ed prohra v\u00fdjime\u010dn\u011b p\u0159\u00edli\u0161 nemrz\u00ed, hern\u00ed vyt\u00ed\u017een\u00ed se toti\u017e do\u010dkali n\u00e1hradn\u00edci, \u010derstv\u011b uzdraven\u00ed hr\u00e1\u010di a talenti. Koho z\u00a0mlad\u00fdch fotbalist\u016f uvid\u00edme&hellip;<\/p>\n","protected":false},"author":6,"featured_media":1315,"comment_status":"open","ping_status":"closed","sticky":false,"template":"","format":"standard","meta":{"_eb_attr":"","_monsterinsights_skip_tracking":false,"_monsterinsights_sitenote_active":false,"_monsterinsights_sitenote_note":"","_monsterinsights_sitenote_category":0,"footnotes":""},"categories":[4],"tags":[],"yoast_head":"<!-- This site is optimized with the Yoast SEO plugin v23.4 - https:\/\/yoast.com\/wordpress\/plugins\/seo\/ -->\n<title>Everton - Krasnodar 0:1 - Official Czech &amp; Slovak Everton Supporters&#039; Club<\/title>\n<meta name=\"robots\" content=\"index, follow, max-snippet:-1, max-image-preview:large, max-video-preview:-1\" \/>\n<link rel=\"canonical\" href=\"https:\/\/evertonfc.cz\/index.php\/2014\/12\/11\/everton-krasnodar-01\/\" \/>\n<meta property=\"og:locale\" content=\"cs_CZ\" \/>\n<meta property=\"og:type\" content=\"article\" \/>\n<meta property=\"og:title\" content=\"Everton - Krasnodar 0:1 - Official Czech &amp; Slovak Everton Supporters&#039; Club\" \/>\n<meta property=\"og:description\" content=\"Dne\u0161n\u00ed prohra v\u00fdjime\u010dn\u011b p\u0159\u00edli\u0161 nemrz\u00ed, hern\u00ed vyt\u00ed\u017een\u00ed se toti\u017e do\u010dkali n\u00e1hradn\u00edci, \u010derstv\u011b uzdraven\u00ed hr\u00e1\u010di a talenti. Koho z\u00a0mlad\u00fdch fotbalist\u016f uvid\u00edme&hellip;\" \/>\n<meta property=\"og:url\" content=\"https:\/\/evertonfc.cz\/index.php\/2014\/12\/11\/everton-krasnodar-01\/\" \/>\n<meta property=\"og:site_name\" content=\"Official Czech &amp; Slovak Everton Supporters&#039; Club\" \/>\n<meta property=\"article:publisher\" content=\"https:\/\/www.facebook.com\/everton.fans.cz.sk\" \/>\n<meta property=\"article:published_time\" content=\"2014-12-10T23:12:35+00:00\" \/>\n<meta property=\"article:modified_time\" content=\"2019-02-12T23:13:29+00:00\" \/>\n<meta property=\"og:image\" content=\"https:\/\/evertonfc.cz\/wp-content\/uploads\/2019\/01\/report.jpg\" \/>\n\t<meta property=\"og:image:width\" content=\"720\" \/>\n\t<meta property=\"og:image:height\" content=\"405\" \/>\n\t<meta property=\"og:image:type\" content=\"image\/jpeg\" \/>\n<meta name=\"author\" content=\"Ri\u010di\" \/>\n<meta name=\"twitter:card\" content=\"summary_large_image\" \/>\n<meta name=\"twitter:creator\" content=\"@rbrejsa\" \/>\n<meta name=\"twitter:label1\" content=\"Napsal(a)\" \/>\n\t<meta name=\"twitter:data1\" content=\"Ri\u010di\" \/>\n\t<meta name=\"twitter:label2\" content=\"Odhadovan\u00e1 doba \u010dten\u00ed\" \/>\n\t<meta name=\"twitter:data2\" content=\"3 minuty\" \/>\n<script type=\"application\/ld+json\" class=\"yoast-schema-graph\">{\"@context\":\"https:\/\/schema.org\",\"@graph\":[{\"@type\":\"Article\",\"@id\":\"https:\/\/evertonfc.cz\/index.php\/2014\/12\/11\/everton-krasnodar-01\/#article\",\"isPartOf\":{\"@id\":\"https:\/\/evertonfc.cz\/index.php\/2014\/12\/11\/everton-krasnodar-01\/\"},\"author\":{\"name\":\"Ri\u010di\",\"@id\":\"https:\/\/evertonfc.cz\/#\/schema\/person\/f7a5daedb2ffee98480bc70e191aaef1\"},\"headline\":\"Everton &#8211; Krasnodar 0:1\",\"datePublished\":\"2014-12-10T23:12:35+00:00\",\"dateModified\":\"2019-02-12T23:13:29+00:00\",\"mainEntityOfPage\":{\"@id\":\"https:\/\/evertonfc.cz\/index.php\/2014\/12\/11\/everton-krasnodar-01\/\"},\"wordCount\":503,\"commentCount\":0,\"publisher\":{\"@id\":\"https:\/\/evertonfc.cz\/#organization\"},\"image\":{\"@id\":\"https:\/\/evertonfc.cz\/index.php\/2014\/12\/11\/everton-krasnodar-01\/#primaryimage\"},\"thumbnailUrl\":\"https:\/\/evertonfc.cz\/wp-content\/uploads\/2019\/01\/report.jpg\",\"articleSection\":[\"Z\u00e1pasy\"],\"inLanguage\":\"cs\",\"potentialAction\":[{\"@type\":\"CommentAction\",\"name\":\"Comment\",\"target\":[\"https:\/\/evertonfc.cz\/index.php\/2014\/12\/11\/everton-krasnodar-01\/#respond\"]}]},{\"@type\":\"WebPage\",\"@id\":\"https:\/\/evertonfc.cz\/index.php\/2014\/12\/11\/everton-krasnodar-01\/\",\"url\":\"https:\/\/evertonfc.cz\/index.php\/2014\/12\/11\/everton-krasnodar-01\/\",\"name\":\"Everton - Krasnodar 0:1 - Official Czech &amp; Slovak Everton Supporters&#039; Club\",\"isPartOf\":{\"@id\":\"https:\/\/evertonfc.cz\/#website\"},\"primaryImageOfPage\":{\"@id\":\"https:\/\/evertonfc.cz\/index.php\/2014\/12\/11\/everton-krasnodar-01\/#primaryimage\"},\"image\":{\"@id\":\"https:\/\/evertonfc.cz\/index.php\/2014\/12\/11\/everton-krasnodar-01\/#primaryimage\"},\"thumbnailUrl\":\"https:\/\/evertonfc.cz\/wp-content\/uploads\/2019\/01\/report.jpg\",\"datePublished\":\"2014-12-10T23:12:35+00:00\",\"dateModified\":\"2019-02-12T23:13:29+00:00\",\"breadcrumb\":{\"@id\":\"https:\/\/evertonfc.cz\/index.php\/2014\/12\/11\/everton-krasnodar-01\/#breadcrumb\"},\"inLanguage\":\"cs\",\"potentialAction\":[{\"@type\":\"ReadAction\",\"target\":[\"https:\/\/evertonfc.cz\/index.php\/2014\/12\/11\/everton-krasnodar-01\/\"]}]},{\"@type\":\"ImageObject\",\"inLanguage\":\"cs\",\"@id\":\"https:\/\/evertonfc.cz\/index.php\/2014\/12\/11\/everton-krasnodar-01\/#primaryimage\",\"url\":\"https:\/\/evertonfc.cz\/wp-content\/uploads\/2019\/01\/report.jpg\",\"contentUrl\":\"https:\/\/evertonfc.cz\/wp-content\/uploads\/2019\/01\/report.jpg\",\"width\":720,\"height\":405},{\"@type\":\"BreadcrumbList\",\"@id\":\"https:\/\/evertonfc.cz\/index.php\/2014\/12\/11\/everton-krasnodar-01\/#breadcrumb\",\"itemListElement\":[{\"@type\":\"ListItem\",\"position\":1,\"name\":\"Home\",\"item\":\"https:\/\/evertonfc.cz\/\"},{\"@type\":\"ListItem\",\"position\":2,\"name\":\"Everton &#8211; Krasnodar 0:1\"}]},{\"@type\":\"WebSite\",\"@id\":\"https:\/\/evertonfc.cz\/#website\",\"url\":\"https:\/\/evertonfc.cz\/\",\"name\":\"Official Czech &amp; Slovak Everton Supporters&#039; Club\",\"description\":\"\",\"publisher\":{\"@id\":\"https:\/\/evertonfc.cz\/#organization\"},\"potentialAction\":[{\"@type\":\"SearchAction\",\"target\":{\"@type\":\"EntryPoint\",\"urlTemplate\":\"https:\/\/evertonfc.cz\/?s={search_term_string}\"},\"query-input\":{\"@type\":\"PropertyValueSpecification\",\"valueRequired\":true,\"valueName\":\"search_term_string\"}}],\"inLanguage\":\"cs\"},{\"@type\":\"Organization\",\"@id\":\"https:\/\/evertonfc.cz\/#organization\",\"name\":\"Official Czech & Slovak Everton Supporters' Club\",\"url\":\"https:\/\/evertonfc.cz\/\",\"logo\":{\"@type\":\"ImageObject\",\"inLanguage\":\"cs\",\"@id\":\"https:\/\/evertonfc.cz\/#\/schema\/logo\/image\/\",\"url\":\"https:\/\/evertonfc.cz\/wp-content\/uploads\/2019\/05\/logo.png\",\"contentUrl\":\"https:\/\/evertonfc.cz\/wp-content\/uploads\/2019\/05\/logo.png\",\"width\":112,\"height\":112,\"caption\":\"Official Czech & Slovak Everton Supporters' Club\"},\"image\":{\"@id\":\"https:\/\/evertonfc.cz\/#\/schema\/logo\/image\/\"},\"sameAs\":[\"https:\/\/www.facebook.com\/everton.fans.cz.sk\"]},{\"@type\":\"Person\",\"@id\":\"https:\/\/evertonfc.cz\/#\/schema\/person\/f7a5daedb2ffee98480bc70e191aaef1\",\"name\":\"Ri\u010di\",\"sameAs\":[\"https:\/\/x.com\/rbrejsa\"],\"url\":\"https:\/\/evertonfc.cz\/index.php\/author\/rici\/\"}]}<\/script>\n<!-- \/ Yoast SEO plugin. -->","yoast_head_json":{"title":"Everton - Krasnodar 0:1 - Official Czech &amp; Slovak Everton Supporters&#039; Club","robots":{"index":"index","follow":"follow","max-snippet":"max-snippet:-1","max-image-preview":"max-image-preview:large","max-video-preview":"max-video-preview:-1"},"canonical":"https:\/\/evertonfc.cz\/index.php\/2014\/12\/11\/everton-krasnodar-01\/","og_locale":"cs_CZ","og_type":"article","og_title":"Everton - Krasnodar 0:1 - Official Czech &amp; Slovak Everton Supporters&#039; Club","og_description":"Dne\u0161n\u00ed prohra v\u00fdjime\u010dn\u011b p\u0159\u00edli\u0161 nemrz\u00ed, hern\u00ed vyt\u00ed\u017een\u00ed se toti\u017e do\u010dkali n\u00e1hradn\u00edci, \u010derstv\u011b uzdraven\u00ed hr\u00e1\u010di a talenti. Koho z\u00a0mlad\u00fdch fotbalist\u016f uvid\u00edme&hellip;","og_url":"https:\/\/evertonfc.cz\/index.php\/2014\/12\/11\/everton-krasnodar-01\/","og_site_name":"Official Czech &amp; Slovak Everton Supporters&#039; Club","article_publisher":"https:\/\/www.facebook.com\/everton.fans.cz.sk","article_published_time":"2014-12-10T23:12:35+00:00","article_modified_time":"2019-02-12T23:13:29+00:00","og_image":[{"width":720,"height":405,"url":"https:\/\/evertonfc.cz\/wp-content\/uploads\/2019\/01\/report.jpg","type":"image\/jpeg"}],"author":"Ri\u010di","twitter_card":"summary_large_image","twitter_creator":"@rbrejsa","twitter_misc":{"Napsal(a)":"Ri\u010di","Odhadovan\u00e1 doba \u010dten\u00ed":"3 minuty"},"schema":{"@context":"https:\/\/schema.org","@graph":[{"@type":"Article","@id":"https:\/\/evertonfc.cz\/index.php\/2014\/12\/11\/everton-krasnodar-01\/#article","isPartOf":{"@id":"https:\/\/evertonfc.cz\/index.php\/2014\/12\/11\/everton-krasnodar-01\/"},"author":{"name":"Ri\u010di","@id":"https:\/\/evertonfc.cz\/#\/schema\/person\/f7a5daedb2ffee98480bc70e191aaef1"},"headline":"Everton &#8211; Krasnodar 0:1","datePublished":"2014-12-10T23:12:35+00:00","dateModified":"2019-02-12T23:13:29+00:00","mainEntityOfPage":{"@id":"https:\/\/evertonfc.cz\/index.php\/2014\/12\/11\/everton-krasnodar-01\/"},"wordCount":503,"commentCount":0,"publisher":{"@id":"https:\/\/evertonfc.cz\/#organization"},"image":{"@id":"https:\/\/evertonfc.cz\/index.php\/2014\/12\/11\/everton-krasnodar-01\/#primaryimage"},"thumbnailUrl":"https:\/\/evertonfc.cz\/wp-content\/uploads\/2019\/01\/report.jpg","articleSection":["Z\u00e1pasy"],"inLanguage":"cs","potentialAction":[{"@type":"CommentAction","name":"Comment","target":["https:\/\/evertonfc.cz\/index.php\/2014\/12\/11\/everton-krasnodar-01\/#respond"]}]},{"@type":"WebPage","@id":"https:\/\/evertonfc.cz\/index.php\/2014\/12\/11\/everton-krasnodar-01\/","url":"https:\/\/evertonfc.cz\/index.php\/2014\/12\/11\/everton-krasnodar-01\/","name":"Everton - Krasnodar 0:1 - Official Czech &amp; Slovak Everton Supporters&#039; Club","isPartOf":{"@id":"https:\/\/evertonfc.cz\/#website"},"primaryImageOfPage":{"@id":"https:\/\/evertonfc.cz\/index.php\/2014\/12\/11\/everton-krasnodar-01\/#primaryimage"},"image":{"@id":"https:\/\/evertonfc.cz\/index.php\/2014\/12\/11\/everton-krasnodar-01\/#primaryimage"},"thumbnailUrl":"https:\/\/evertonfc.cz\/wp-content\/uploads\/2019\/01\/report.jpg","datePublished":"2014-12-10T23:12:35+00:00","dateModified":"2019-02-12T23:13:29+00:00","breadcrumb":{"@id":"https:\/\/evertonfc.cz\/index.php\/2014\/12\/11\/everton-krasnodar-01\/#breadcrumb"},"inLanguage":"cs","potentialAction":[{"@type":"ReadAction","target":["https:\/\/evertonfc.cz\/index.php\/2014\/12\/11\/everton-krasnodar-01\/"]}]},{"@type":"ImageObject","inLanguage":"cs","@id":"https:\/\/evertonfc.cz\/index.php\/2014\/12\/11\/everton-krasnodar-01\/#primaryimage","url":"https:\/\/evertonfc.cz\/wp-content\/uploads\/2019\/01\/report.jpg","contentUrl":"https:\/\/evertonfc.cz\/wp-content\/uploads\/2019\/01\/report.jpg","width":720,"height":405},{"@type":"BreadcrumbList","@id":"https:\/\/evertonfc.cz\/index.php\/2014\/12\/11\/everton-krasnodar-01\/#breadcrumb","itemListElement":[{"@type":"ListItem","position":1,"name":"Home","item":"https:\/\/evertonfc.cz\/"},{"@type":"ListItem","position":2,"name":"Everton &#8211; Krasnodar 0:1"}]},{"@type":"WebSite","@id":"https:\/\/evertonfc.cz\/#website","url":"https:\/\/evertonfc.cz\/","name":"Official Czech &amp; Slovak Everton Supporters&#039; Club","description":"","publisher":{"@id":"https:\/\/evertonfc.cz\/#organization"},"potentialAction":[{"@type":"SearchAction","target":{"@type":"EntryPoint","urlTemplate":"https:\/\/evertonfc.cz\/?s={search_term_string}"},"query-input":{"@type":"PropertyValueSpecification","valueRequired":true,"valueName":"search_term_string"}}],"inLanguage":"cs"},{"@type":"Organization","@id":"https:\/\/evertonfc.cz\/#organization","name":"Official Czech & Slovak Everton Supporters' Club","url":"https:\/\/evertonfc.cz\/","logo":{"@type":"ImageObject","inLanguage":"cs","@id":"https:\/\/evertonfc.cz\/#\/schema\/logo\/image\/","url":"https:\/\/evertonfc.cz\/wp-content\/uploads\/2019\/05\/logo.png","contentUrl":"https:\/\/evertonfc.cz\/wp-content\/uploads\/2019\/05\/logo.png","width":112,"height":112,"caption":"Official Czech & Slovak Everton Supporters' Club"},"image":{"@id":"https:\/\/evertonfc.cz\/#\/schema\/logo\/image\/"},"sameAs":["https:\/\/www.facebook.com\/everton.fans.cz.sk"]},{"@type":"Person","@id":"https:\/\/evertonfc.cz\/#\/schema\/person\/f7a5daedb2ffee98480bc70e191aaef1","name":"Ri\u010di","sameAs":["https:\/\/x.com\/rbrejsa"],"url":"https:\/\/evertonfc.cz\/index.php\/author\/rici\/"}]}},"_links":{"self":[{"href":"https:\/\/evertonfc.cz\/index.php\/wp-json\/wp\/v2\/posts\/4436"}],"collection":[{"href":"https:\/\/evertonfc.cz\/index.php\/wp-json\/wp\/v2\/posts"}],"about":[{"href":"https:\/\/evertonfc.cz\/index.php\/wp-json\/wp\/v2\/types\/post"}],"author":[{"embeddable":true,"href":"https:\/\/evertonfc.cz\/index.php\/wp-json\/wp\/v2\/users\/6"}],"replies":[{"embeddable":true,"href":"https:\/\/evertonfc.cz\/index.php\/wp-json\/wp\/v2\/comments?post=4436"}],"version-history":[{"count":1,"href":"https:\/\/evertonfc.cz\/index.php\/wp-json\/wp\/v2\/posts\/4436\/revisions"}],"predecessor-version":[{"id":4437,"href":"https:\/\/evertonfc.cz\/index.php\/wp-json\/wp\/v2\/posts\/4436\/revisions\/4437"}],"wp:featuredmedia":[{"embeddable":true,"href":"https:\/\/evertonfc.cz\/index.php\/wp-json\/wp\/v2\/media\/1315"}],"wp:attachment":[{"href":"https:\/\/evertonfc.cz\/index.php\/wp-json\/wp\/v2\/media?parent=4436"}],"wp:term":[{"taxonomy":"category","embeddable":true,"href":"https:\/\/evertonfc.cz\/index.php\/wp-json\/wp\/v2\/categories?post=4436"},{"taxonomy":"post_tag","embeddable":true,"href":"https:\/\/evertonfc.cz\/index.php\/wp-json\/wp\/v2\/tags?post=4436"}],"curies":[{"name":"wp","href":"https:\/\/api.w.org\/{rel}","templated":true}]}}