{"id":4438,"date":"2014-12-10T00:13:36","date_gmt":"2014-12-09T23:13:36","guid":{"rendered":"http:\/\/evertonfc.cz\/?p=4438"},"modified":"2019-02-13T07:14:03","modified_gmt":"2019-02-13T06:14:03","slug":"preview-everton-krasnodar","status":"publish","type":"post","link":"https:\/\/evertonfc.cz\/index.php\/2014\/12\/10\/preview-everton-krasnodar\/","title":{"rendered":"Preview: Everton &#8211; Krasnodar"},"content":{"rendered":"<h4 id=\"NewsPostDetailSummary\">Stejn\u011b jako p\u0159i posledn\u00edm \u00fa\u010dasti v evropsk\u00fdch poh\u00e1rech p\u0159ed p\u011bti lety Everton vyu\u017eije posledn\u00ed z\u00e1pas v z\u00e1kladn\u00ed skupin\u011b coby \u0161anci pro hr\u00e1\u010de \u0161ir\u0161\u00edho k\u00e1dru a talenty, s\u00a0jist\u00fdm postupem v\u00a0z\u00e1dech se toti\u017e u\u017e nemus\u00ed hn\u00e1t za bodov\u00fdm ziskem.<\/h4>\n<div id=\"NewsPostDetailContent\">\n<p>Na za\u010d\u00e1tku zimy roku 2009 p\u0159ijel na Goodison b\u011blorusk\u00fd BATE Borisov, kter\u00fd v posledn\u00edm kole ji\u017e nedr\u017eel nad\u011bji na proniknut\u00ed do vy\u0159azovac\u00ed f\u00e1ze, naopak Toffees m\u011bli zaji\u0161t\u011bn\u00e9 druh\u00e9 postupov\u00e9 m\u00edsto za suver\u00e9nn\u00ed Benfikou. David Moyes dop\u0159\u00e1l debut \u010di prvn\u00ed po\u0159\u00e1dnou porci minut n\u011bkolika mlad\u00edk\u016fm, z nich\u017e se do dal\u0161\u00edch let uchytil v modr\u00e9m dresu jenom Seamus Coleman.<\/p>\n<p>P\u0159ed duelem s Krasnodarem se Blues vyh\u0159\u00edvaj\u00ed na prvn\u00ed p\u0159\u00ed\u010dce bez obavy poklesu, naopak jejich soupe\u0159 okupuje druh\u00fd konec tabulky s t\u0159emi body za stejn\u00fd po\u010det rem\u00edz a bez \u0161ance postoupit mezi nejlep\u0161\u00edch 32 t\u00fdm\u016f. Nicm\u00e9n\u011b rusk\u00fd celek v \u010dele s nebezpe\u010dn\u00fdm \u00fato\u010dn\u00edkem Arim se ur\u010dit\u011b nebude cht\u00edt rozlou\u010dit s premi\u00e9rou v Evropsk\u00e9 lize bez v\u00fdhry, rozhodn\u011b ho nelze pova\u017eovat za slab\u00e9ho oponenta, v\u0161ak si sta\u010d\u00ed vzpomenout na prvn\u00ed vz\u00e1jemn\u00e9 m\u011b\u0159en\u00ed sil \u010di pohled\u011bt na hodnocen\u00ed dom\u00e1c\u00ed ligy, kde zauj\u00edm\u00e1 \u010dtvrt\u00e9 m\u00edsto.<\/p>\n<p>Roberto Mart\u00ednez aspo\u0148 \u010d\u00e1ste\u010dn\u011b nazna\u010dil na tiskov\u00e9 konferenci, koho postav\u00ed. V z\u00e1kladn\u00ed sestav\u011b se objev\u00ed Joel Robles, Tyias Browning, Luke Garbutt, Bryan Oviedo, Christian Atsu, Steven Pienaar a Arouna Kon\u00e9. Antol\u00edn Alcaraz a Conor McAleny si zahraj\u00ed rovn\u011b\u017e, zat\u00edm nen\u00ed ale jasn\u00e9, zda od prvn\u00ed minuty, \u010di nasko\u010d\u00ed v pr\u016fb\u011bhu z lavi\u010dky. O dal\u0161\u00edch mlad\u00edc\u00edch, ji\u017e budou vyu\u017eit\u00ed, katal\u00e1nsk\u00fd mana\u017eer poml\u010del. Na druhou stranu se d\u00e1 p\u0159edpokl\u00e1dat vyu\u017eit\u00ed Brendona Gallowaye (stoper, st\u0159edn\u00ed z\u00e1lo\u017en\u00edk) \u010di st\u0159edopola\u0159e Ryana Ledsona. Z dal\u0161\u00edch jmen se nab\u00edz\u00ed kapit\u00e1n U21 Jonjoe Kenny, ofenzivn\u00ed George Green a \u00fato\u010dn\u00edk Chris Long, sk\u00f3ruj\u00edc\u00ed v letn\u00ed p\u0159\u00edprav\u011b proti Padebornu a b\u011bhem sez\u00f3ny pravideln\u00e1 z\u00e1ruka branek ve v\u00fdb\u011bru U21.<\/p>\n<p>Velmi t\u011b\u0161\u00ed n\u00e1vrat dvojice dlouhodob\u00fdch marod\u016f Bryana Ovieda a Arouny Kon\u00e9ho. Oba by mohli p\u0159in\u00e9st sv\u011b\u017e\u00ed o\u017eiven\u00ed do prvn\u00edho t\u00fdmu, zvl\u00e1\u0161t\u011b od kostarick\u00e9ho univerz\u00e1la, absentuj\u00edc\u00edho se dvojitou zlomeninou holenn\u00ed kosti od ledna, je vzhl\u00ed\u017eeno s optimismem. Arouna Kon\u00e9 vynechal t\u0159in\u00e1ct m\u011bs\u00edc\u016f po v\u00e1\u017en\u00e9m zran\u011bn\u00ed chrupavky kolena, nakolik dok\u00e1\u017ee zku\u0161en\u00fd hrot restartovat, nebo preferujete-li term\u00edn za\u010d\u00edt, svou kari\u00e9ru v Evertonu, zat\u00edm v\u00ed jen hv\u011bzdy.<\/p>\n<p><strong>Co:<\/strong> Everton FC &#8211; FK Krasnodar, 6. kolo z\u00e1kladn\u00ed skupiny H Evropsk\u00e9 ligy<br \/>\n<strong>Kdy:<\/strong> 11. 12. 2014 od 21:05 SE\u010c<br \/>\n<strong>Kde:<\/strong> Goodison Park, Liverpool (kapacita: 40 157)<br \/>\n<strong>Rozhod\u010d\u00ed:<\/strong> Istv\u00e1n Kov\u00e1cs (Rumunsko)<\/p>\n<p><strong>COYB!<\/strong><\/p>\n<\/div>\n","protected":false},"excerpt":{"rendered":"<p>Stejn\u011b jako p\u0159i posledn\u00edm \u00fa\u010dasti v evropsk\u00fdch poh\u00e1rech p\u0159ed p\u011bti lety Everton vyu\u017eije posledn\u00ed z\u00e1pas v z\u00e1kladn\u00ed skupin\u011b coby \u0161anci&hellip;<\/p>\n","protected":false},"author":6,"featured_media":1314,"comment_status":"open","ping_status":"closed","sticky":false,"template":"","format":"standard","meta":{"_eb_attr":"","_monsterinsights_skip_tracking":false,"_monsterinsights_sitenote_active":false,"_monsterinsights_sitenote_note":"","_monsterinsights_sitenote_category":0,"footnotes":""},"categories":[4],"tags":[],"yoast_head":"<!-- This site is optimized with the Yoast SEO plugin v23.4 - https:\/\/yoast.com\/wordpress\/plugins\/seo\/ -->\n<title>Preview: Everton - Krasnodar - Official Czech &amp; Slovak Everton Supporters&#039; Club<\/title>\n<meta name=\"robots\" content=\"index, follow, max-snippet:-1, max-image-preview:large, max-video-preview:-1\" \/>\n<link rel=\"canonical\" href=\"https:\/\/evertonfc.cz\/index.php\/2014\/12\/10\/preview-everton-krasnodar\/\" \/>\n<meta property=\"og:locale\" content=\"cs_CZ\" \/>\n<meta property=\"og:type\" content=\"article\" \/>\n<meta property=\"og:title\" content=\"Preview: Everton - Krasnodar - Official Czech &amp; Slovak Everton Supporters&#039; Club\" \/>\n<meta property=\"og:description\" content=\"Stejn\u011b jako p\u0159i posledn\u00edm \u00fa\u010dasti v evropsk\u00fdch poh\u00e1rech p\u0159ed p\u011bti lety Everton vyu\u017eije posledn\u00ed z\u00e1pas v z\u00e1kladn\u00ed skupin\u011b coby \u0161anci&hellip;\" \/>\n<meta property=\"og:url\" content=\"https:\/\/evertonfc.cz\/index.php\/2014\/12\/10\/preview-everton-krasnodar\/\" \/>\n<meta property=\"og:site_name\" content=\"Official Czech &amp; Slovak Everton Supporters&#039; Club\" \/>\n<meta property=\"article:publisher\" content=\"https:\/\/www.facebook.com\/everton.fans.cz.sk\" \/>\n<meta property=\"article:published_time\" content=\"2014-12-09T23:13:36+00:00\" \/>\n<meta property=\"article:modified_time\" content=\"2019-02-13T06:14:03+00:00\" \/>\n<meta property=\"og:image\" content=\"https:\/\/evertonfc.cz\/wp-content\/uploads\/2019\/01\/preview.jpg\" \/>\n\t<meta property=\"og:image:width\" content=\"720\" \/>\n\t<meta property=\"og:image:height\" content=\"405\" \/>\n\t<meta property=\"og:image:type\" content=\"image\/jpeg\" \/>\n<meta name=\"author\" content=\"Ri\u010di\" \/>\n<meta name=\"twitter:card\" content=\"summary_large_image\" \/>\n<meta name=\"twitter:creator\" content=\"@rbrejsa\" \/>\n<meta name=\"twitter:label1\" content=\"Napsal(a)\" \/>\n\t<meta name=\"twitter:data1\" content=\"Ri\u010di\" \/>\n\t<meta name=\"twitter:label2\" content=\"Odhadovan\u00e1 doba \u010dten\u00ed\" \/>\n\t<meta name=\"twitter:data2\" content=\"3 minuty\" \/>\n<script type=\"application\/ld+json\" class=\"yoast-schema-graph\">{\"@context\":\"https:\/\/schema.org\",\"@graph\":[{\"@type\":\"Article\",\"@id\":\"https:\/\/evertonfc.cz\/index.php\/2014\/12\/10\/preview-everton-krasnodar\/#article\",\"isPartOf\":{\"@id\":\"https:\/\/evertonfc.cz\/index.php\/2014\/12\/10\/preview-everton-krasnodar\/\"},\"author\":{\"name\":\"Ri\u010di\",\"@id\":\"https:\/\/evertonfc.cz\/#\/schema\/person\/f7a5daedb2ffee98480bc70e191aaef1\"},\"headline\":\"Preview: Everton &#8211; Krasnodar\",\"datePublished\":\"2014-12-09T23:13:36+00:00\",\"dateModified\":\"2019-02-13T06:14:03+00:00\",\"mainEntityOfPage\":{\"@id\":\"https:\/\/evertonfc.cz\/index.php\/2014\/12\/10\/preview-everton-krasnodar\/\"},\"wordCount\":508,\"commentCount\":0,\"publisher\":{\"@id\":\"https:\/\/evertonfc.cz\/#organization\"},\"image\":{\"@id\":\"https:\/\/evertonfc.cz\/index.php\/2014\/12\/10\/preview-everton-krasnodar\/#primaryimage\"},\"thumbnailUrl\":\"https:\/\/evertonfc.cz\/wp-content\/uploads\/2019\/01\/preview.jpg\",\"articleSection\":[\"Z\u00e1pasy\"],\"inLanguage\":\"cs\",\"potentialAction\":[{\"@type\":\"CommentAction\",\"name\":\"Comment\",\"target\":[\"https:\/\/evertonfc.cz\/index.php\/2014\/12\/10\/preview-everton-krasnodar\/#respond\"]}]},{\"@type\":\"WebPage\",\"@id\":\"https:\/\/evertonfc.cz\/index.php\/2014\/12\/10\/preview-everton-krasnodar\/\",\"url\":\"https:\/\/evertonfc.cz\/index.php\/2014\/12\/10\/preview-everton-krasnodar\/\",\"name\":\"Preview: Everton - Krasnodar - Official Czech &amp; Slovak Everton Supporters&#039; Club\",\"isPartOf\":{\"@id\":\"https:\/\/evertonfc.cz\/#website\"},\"primaryImageOfPage\":{\"@id\":\"https:\/\/evertonfc.cz\/index.php\/2014\/12\/10\/preview-everton-krasnodar\/#primaryimage\"},\"image\":{\"@id\":\"https:\/\/evertonfc.cz\/index.php\/2014\/12\/10\/preview-everton-krasnodar\/#primaryimage\"},\"thumbnailUrl\":\"https:\/\/evertonfc.cz\/wp-content\/uploads\/2019\/01\/preview.jpg\",\"datePublished\":\"2014-12-09T23:13:36+00:00\",\"dateModified\":\"2019-02-13T06:14:03+00:00\",\"breadcrumb\":{\"@id\":\"https:\/\/evertonfc.cz\/index.php\/2014\/12\/10\/preview-everton-krasnodar\/#breadcrumb\"},\"inLanguage\":\"cs\",\"potentialAction\":[{\"@type\":\"ReadAction\",\"target\":[\"https:\/\/evertonfc.cz\/index.php\/2014\/12\/10\/preview-everton-krasnodar\/\"]}]},{\"@type\":\"ImageObject\",\"inLanguage\":\"cs\",\"@id\":\"https:\/\/evertonfc.cz\/index.php\/2014\/12\/10\/preview-everton-krasnodar\/#primaryimage\",\"url\":\"https:\/\/evertonfc.cz\/wp-content\/uploads\/2019\/01\/preview.jpg\",\"contentUrl\":\"https:\/\/evertonfc.cz\/wp-content\/uploads\/2019\/01\/preview.jpg\",\"width\":720,\"height\":405},{\"@type\":\"BreadcrumbList\",\"@id\":\"https:\/\/evertonfc.cz\/index.php\/2014\/12\/10\/preview-everton-krasnodar\/#breadcrumb\",\"itemListElement\":[{\"@type\":\"ListItem\",\"position\":1,\"name\":\"Home\",\"item\":\"https:\/\/evertonfc.cz\/\"},{\"@type\":\"ListItem\",\"position\":2,\"name\":\"Preview: Everton &#8211; Krasnodar\"}]},{\"@type\":\"WebSite\",\"@id\":\"https:\/\/evertonfc.cz\/#website\",\"url\":\"https:\/\/evertonfc.cz\/\",\"name\":\"Official Czech &amp; Slovak Everton Supporters&#039; Club\",\"description\":\"\",\"publisher\":{\"@id\":\"https:\/\/evertonfc.cz\/#organization\"},\"potentialAction\":[{\"@type\":\"SearchAction\",\"target\":{\"@type\":\"EntryPoint\",\"urlTemplate\":\"https:\/\/evertonfc.cz\/?s={search_term_string}\"},\"query-input\":{\"@type\":\"PropertyValueSpecification\",\"valueRequired\":true,\"valueName\":\"search_term_string\"}}],\"inLanguage\":\"cs\"},{\"@type\":\"Organization\",\"@id\":\"https:\/\/evertonfc.cz\/#organization\",\"name\":\"Official Czech & Slovak Everton Supporters' Club\",\"url\":\"https:\/\/evertonfc.cz\/\",\"logo\":{\"@type\":\"ImageObject\",\"inLanguage\":\"cs\",\"@id\":\"https:\/\/evertonfc.cz\/#\/schema\/logo\/image\/\",\"url\":\"https:\/\/evertonfc.cz\/wp-content\/uploads\/2019\/05\/logo.png\",\"contentUrl\":\"https:\/\/evertonfc.cz\/wp-content\/uploads\/2019\/05\/logo.png\",\"width\":112,\"height\":112,\"caption\":\"Official Czech & Slovak Everton Supporters' Club\"},\"image\":{\"@id\":\"https:\/\/evertonfc.cz\/#\/schema\/logo\/image\/\"},\"sameAs\":[\"https:\/\/www.facebook.com\/everton.fans.cz.sk\"]},{\"@type\":\"Person\",\"@id\":\"https:\/\/evertonfc.cz\/#\/schema\/person\/f7a5daedb2ffee98480bc70e191aaef1\",\"name\":\"Ri\u010di\",\"sameAs\":[\"https:\/\/x.com\/rbrejsa\"],\"url\":\"https:\/\/evertonfc.cz\/index.php\/author\/rici\/\"}]}<\/script>\n<!-- \/ Yoast SEO plugin. -->","yoast_head_json":{"title":"Preview: Everton - Krasnodar - Official Czech &amp; Slovak Everton Supporters&#039; Club","robots":{"index":"index","follow":"follow","max-snippet":"max-snippet:-1","max-image-preview":"max-image-preview:large","max-video-preview":"max-video-preview:-1"},"canonical":"https:\/\/evertonfc.cz\/index.php\/2014\/12\/10\/preview-everton-krasnodar\/","og_locale":"cs_CZ","og_type":"article","og_title":"Preview: Everton - Krasnodar - Official Czech &amp; Slovak Everton Supporters&#039; Club","og_description":"Stejn\u011b jako p\u0159i posledn\u00edm \u00fa\u010dasti v evropsk\u00fdch poh\u00e1rech p\u0159ed p\u011bti lety Everton vyu\u017eije posledn\u00ed z\u00e1pas v z\u00e1kladn\u00ed skupin\u011b coby \u0161anci&hellip;","og_url":"https:\/\/evertonfc.cz\/index.php\/2014\/12\/10\/preview-everton-krasnodar\/","og_site_name":"Official Czech &amp; Slovak Everton Supporters&#039; Club","article_publisher":"https:\/\/www.facebook.com\/everton.fans.cz.sk","article_published_time":"2014-12-09T23:13:36+00:00","article_modified_time":"2019-02-13T06:14:03+00:00","og_image":[{"width":720,"height":405,"url":"https:\/\/evertonfc.cz\/wp-content\/uploads\/2019\/01\/preview.jpg","type":"image\/jpeg"}],"author":"Ri\u010di","twitter_card":"summary_large_image","twitter_creator":"@rbrejsa","twitter_misc":{"Napsal(a)":"Ri\u010di","Odhadovan\u00e1 doba \u010dten\u00ed":"3 minuty"},"schema":{"@context":"https:\/\/schema.org","@graph":[{"@type":"Article","@id":"https:\/\/evertonfc.cz\/index.php\/2014\/12\/10\/preview-everton-krasnodar\/#article","isPartOf":{"@id":"https:\/\/evertonfc.cz\/index.php\/2014\/12\/10\/preview-everton-krasnodar\/"},"author":{"name":"Ri\u010di","@id":"https:\/\/evertonfc.cz\/#\/schema\/person\/f7a5daedb2ffee98480bc70e191aaef1"},"headline":"Preview: Everton &#8211; Krasnodar","datePublished":"2014-12-09T23:13:36+00:00","dateModified":"2019-02-13T06:14:03+00:00","mainEntityOfPage":{"@id":"https:\/\/evertonfc.cz\/index.php\/2014\/12\/10\/preview-everton-krasnodar\/"},"wordCount":508,"commentCount":0,"publisher":{"@id":"https:\/\/evertonfc.cz\/#organization"},"image":{"@id":"https:\/\/evertonfc.cz\/index.php\/2014\/12\/10\/preview-everton-krasnodar\/#primaryimage"},"thumbnailUrl":"https:\/\/evertonfc.cz\/wp-content\/uploads\/2019\/01\/preview.jpg","articleSection":["Z\u00e1pasy"],"inLanguage":"cs","potentialAction":[{"@type":"CommentAction","name":"Comment","target":["https:\/\/evertonfc.cz\/index.php\/2014\/12\/10\/preview-everton-krasnodar\/#respond"]}]},{"@type":"WebPage","@id":"https:\/\/evertonfc.cz\/index.php\/2014\/12\/10\/preview-everton-krasnodar\/","url":"https:\/\/evertonfc.cz\/index.php\/2014\/12\/10\/preview-everton-krasnodar\/","name":"Preview: Everton - Krasnodar - Official Czech &amp; Slovak Everton Supporters&#039; Club","isPartOf":{"@id":"https:\/\/evertonfc.cz\/#website"},"primaryImageOfPage":{"@id":"https:\/\/evertonfc.cz\/index.php\/2014\/12\/10\/preview-everton-krasnodar\/#primaryimage"},"image":{"@id":"https:\/\/evertonfc.cz\/index.php\/2014\/12\/10\/preview-everton-krasnodar\/#primaryimage"},"thumbnailUrl":"https:\/\/evertonfc.cz\/wp-content\/uploads\/2019\/01\/preview.jpg","datePublished":"2014-12-09T23:13:36+00:00","dateModified":"2019-02-13T06:14:03+00:00","breadcrumb":{"@id":"https:\/\/evertonfc.cz\/index.php\/2014\/12\/10\/preview-everton-krasnodar\/#breadcrumb"},"inLanguage":"cs","potentialAction":[{"@type":"ReadAction","target":["https:\/\/evertonfc.cz\/index.php\/2014\/12\/10\/preview-everton-krasnodar\/"]}]},{"@type":"ImageObject","inLanguage":"cs","@id":"https:\/\/evertonfc.cz\/index.php\/2014\/12\/10\/preview-everton-krasnodar\/#primaryimage","url":"https:\/\/evertonfc.cz\/wp-content\/uploads\/2019\/01\/preview.jpg","contentUrl":"https:\/\/evertonfc.cz\/wp-content\/uploads\/2019\/01\/preview.jpg","width":720,"height":405},{"@type":"BreadcrumbList","@id":"https:\/\/evertonfc.cz\/index.php\/2014\/12\/10\/preview-everton-krasnodar\/#breadcrumb","itemListElement":[{"@type":"ListItem","position":1,"name":"Home","item":"https:\/\/evertonfc.cz\/"},{"@type":"ListItem","position":2,"name":"Preview: Everton &#8211; Krasnodar"}]},{"@type":"WebSite","@id":"https:\/\/evertonfc.cz\/#website","url":"https:\/\/evertonfc.cz\/","name":"Official Czech &amp; Slovak Everton Supporters&#039; Club","description":"","publisher":{"@id":"https:\/\/evertonfc.cz\/#organization"},"potentialAction":[{"@type":"SearchAction","target":{"@type":"EntryPoint","urlTemplate":"https:\/\/evertonfc.cz\/?s={search_term_string}"},"query-input":{"@type":"PropertyValueSpecification","valueRequired":true,"valueName":"search_term_string"}}],"inLanguage":"cs"},{"@type":"Organization","@id":"https:\/\/evertonfc.cz\/#organization","name":"Official Czech & Slovak Everton Supporters' Club","url":"https:\/\/evertonfc.cz\/","logo":{"@type":"ImageObject","inLanguage":"cs","@id":"https:\/\/evertonfc.cz\/#\/schema\/logo\/image\/","url":"https:\/\/evertonfc.cz\/wp-content\/uploads\/2019\/05\/logo.png","contentUrl":"https:\/\/evertonfc.cz\/wp-content\/uploads\/2019\/05\/logo.png","width":112,"height":112,"caption":"Official Czech & Slovak Everton Supporters' Club"},"image":{"@id":"https:\/\/evertonfc.cz\/#\/schema\/logo\/image\/"},"sameAs":["https:\/\/www.facebook.com\/everton.fans.cz.sk"]},{"@type":"Person","@id":"https:\/\/evertonfc.cz\/#\/schema\/person\/f7a5daedb2ffee98480bc70e191aaef1","name":"Ri\u010di","sameAs":["https:\/\/x.com\/rbrejsa"],"url":"https:\/\/evertonfc.cz\/index.php\/author\/rici\/"}]}},"_links":{"self":[{"href":"https:\/\/evertonfc.cz\/index.php\/wp-json\/wp\/v2\/posts\/4438"}],"collection":[{"href":"https:\/\/evertonfc.cz\/index.php\/wp-json\/wp\/v2\/posts"}],"about":[{"href":"https:\/\/evertonfc.cz\/index.php\/wp-json\/wp\/v2\/types\/post"}],"author":[{"embeddable":true,"href":"https:\/\/evertonfc.cz\/index.php\/wp-json\/wp\/v2\/users\/6"}],"replies":[{"embeddable":true,"href":"https:\/\/evertonfc.cz\/index.php\/wp-json\/wp\/v2\/comments?post=4438"}],"version-history":[{"count":3,"href":"https:\/\/evertonfc.cz\/index.php\/wp-json\/wp\/v2\/posts\/4438\/revisions"}],"predecessor-version":[{"id":4472,"href":"https:\/\/evertonfc.cz\/index.php\/wp-json\/wp\/v2\/posts\/4438\/revisions\/4472"}],"wp:featuredmedia":[{"embeddable":true,"href":"https:\/\/evertonfc.cz\/index.php\/wp-json\/wp\/v2\/media\/1314"}],"wp:attachment":[{"href":"https:\/\/evertonfc.cz\/index.php\/wp-json\/wp\/v2\/media?parent=4438"}],"wp:term":[{"taxonomy":"category","embeddable":true,"href":"https:\/\/evertonfc.cz\/index.php\/wp-json\/wp\/v2\/categories?post=4438"},{"taxonomy":"post_tag","embeddable":true,"href":"https:\/\/evertonfc.cz\/index.php\/wp-json\/wp\/v2\/tags?post=4438"}],"curies":[{"name":"wp","href":"https:\/\/api.w.org\/{rel}","templated":true}]}}