{"id":4440,"date":"2014-12-06T00:14:36","date_gmt":"2014-12-05T23:14:36","guid":{"rendered":"http:\/\/evertonfc.cz\/?p=4440"},"modified":"2019-02-13T00:15:19","modified_gmt":"2019-02-12T23:15:19","slug":"manchester-city-everton-10","status":"publish","type":"post","link":"https:\/\/evertonfc.cz\/index.php\/2014\/12\/06\/manchester-city-everton-10\/","title":{"rendered":"Manchester City &#8211; Everton 1:0"},"content":{"rendered":"<h4 id=\"NewsPostDetailSummary\">K nudn\u00e9mu st\u0159etnut\u00ed na p\u016fd\u011b Manchesteru City v\u00fdrazn\u011b p\u0159isp\u011bl nemohouc\u00ed v\u00fdkon Evertonu, lo\u0148sk\u00fdm mistr\u016fm sta\u010dilo prom\u011bnit pokutov\u00fd kop a spol\u00e9hat na bezzubost Merseysiders.<\/h4>\n<div id=\"NewsPostDetailContent\">\n<p>Ze z\u00e1kladn\u00ed sestavy vypadli Leon Osman a Ross Barkley, Mart\u00ednez m\u00edsto nich vsadil na Tonyho Hibberta a Samuela Eto&#8217;a, p\u0159i\u010dem\u017e Seamus Coleman se posunul z prav\u00e9 obrany do z\u00e1lohy. Na lavi\u010dku usedl u\u017e uzdraven\u00fd Antol\u00edn Alcaraz.<\/p>\n<p>U\u017e v prvn\u00edch minut\u00e1ch dom\u00e1c\u00ed ztratili sv\u00e9ho nejlep\u0161\u00edho hr\u00e1\u010de, Sergio Ag\u00fcero po souboji s Colemanem a Be\u0161i\u0107em opustil h\u0159i\u0161t\u011b s bolestivou grimasou ve tv\u00e1\u0159i. Vyst\u0159\u00eddal ho Jos\u00e9 Pozo, devaten\u00e1ctilet\u00fd \u0160pan\u011bl, kter\u00fd si p\u0159ed dne\u0161n\u00edm dnem zahr\u00e1l v Premier League pouze osm minut. Citizens se dostali do veden\u00ed po sporn\u00e9m rozhodnut\u00ed, souboj Jagielky s Milnerem posoudil sud\u00ed jako faul prvn\u011b jmenovan\u00e9ho a na\u0159\u00eddil penaltu. K jej\u00edmu rozehr\u00e1n\u00ed se postavil Yaya Tour\u00e9 a nem\u00fdlil se &#8211; <strong>1:0<\/strong>. Ka\u017edop\u00e1dn\u011b cel\u00e9 akce p\u0159edch\u00e1zela zbyte\u010dn\u00e1 Barryho ztr\u00e1ta v nebezpe\u010dn\u00e9m \u00fazem\u00ed 25 metr\u016f p\u0159ed br\u00e1nou.<\/p>\n<p>Manuel Pellegrini z\u0159ejm\u011b na taktick\u00e9 porad\u011b prom\u00edtal jeden z bojov\u00fdch film\u016f Jackieho Chana, jak si jinak si vysv\u011btlit kopy Mangaly do zad Eto&#8217;a a Fernanda do tv\u00e1\u0159e Barryho, ocen\u011bn\u00e9 \u017elutou kartou. Minim\u00e1ln\u011b Fernando m\u016f\u017ee b\u00fdt r\u00e1d, \u017ee neodkr\u00e1\u010del rovnou pod sprchy. City jinak dr\u017eeli \u00fazemn\u00ed p\u0159evahu, nicm\u00e9n\u011b Howard zasahovat nemusel, Everton poprv\u00e9 zahrozil a\u017e v 38. minut\u011b, Mirallasova zblokovan\u00e1 st\u0159ela skon\u010dila mimo t\u0159i ty\u010de.<\/p>\n<p>ManCity nastoupil do druh\u00e9 p\u016fle aktivn\u011b, co\u017e gradovalo centrem Milnera a zakon\u010den\u00edm Poza, Howarda v\u00fdborn\u00fdm reflexem vyrazil. Dynamika a kreativita Evertonu se tro\u0161i\u010dku zlep\u0161ila p\u0159\u00edchodem Barkleyho v 56. minut\u011b, m\u00edsto mu uvolnil Be\u0161i\u0107, p\u0159esto po\u0159\u00e1d p\u0159evl\u00e1dalo tr\u00e1pen\u00ed p\u0159i \u00fato\u010den\u00ed. Na druh\u00e9 stran\u011b odm\u00edtl pojistku Milner, kdy\u017e po p\u011bkn\u00e9 kombina\u010dn\u00ed akci p\u00e1lil nad br\u00e1nu.<\/p>\n<p>V 80. minut\u011b se kone\u010dn\u011b zah\u0159\u00e1l Joe Hart, Romelu Lukaku se vytasil s v\u00fdbornou st\u0159elou z prvn\u00edho doteku a anglick\u00fd reprezenta\u010dn\u00ed branka\u0159 z\u00e1zra\u010dn\u011b zas\u00e1hl. O pozn\u00e1n\u00ed m\u00e9n\u011b pr\u00e1ce p\u0159ipravil pro Howarda se sv\u00fdm pokusem Nasri, m\u00ed\u0159il do jeho prostoru. Do konce z\u00e1v\u011bre\u010dn\u00e9ho hvizdu Evertonu uk\u00e1zal jedno velk\u00e9 nic, tedy krom\u011b opakovan\u00e9 uk\u00e1zky, jak nekopat rohy.<\/p>\n<p><strong>Branka:<\/strong> 24. Yaya Tour\u00e9 (pen.)<br \/>\n<strong>\u017dK:<\/strong> 18. Eliaquim Mangala, 26. Fernando, 88. Yaya Tour\u00e9 &#8211; 11. S\u00e9amus Coleman, 52. Gareth Barry, 90. Ross Barkley<br \/>\n<strong>Manchester City:<\/strong> Joe Hart, Pablo Zabaleta, Eliaquim Mangala, Mart\u00edn Demichelis, Ga\u00ebl Clichy, Fernando, James Milner, Jes\u00fas Navas (78. Frank Lampard), Yaya Tour\u00e9, Samir Nasri, Sergio Ag\u00fcero (7. Jos\u00e9 Pozo, 63. Edin D\u017eeko)<br \/>\n<strong>Everton FC:<\/strong> Tim Howard, Tony Hibbert, Leighton Baines, Phil Jagielka, Sylvain Distin, Samuel Eto&#8217;o, Kevin Mirallas (89. Leon Osman), Muhamed Be\u0161i\u0107 (56. Ross Barkley), Gareth Barry, S\u00e9amus Coleman, Romelu Lukaku<br \/>\n<strong>Rozhod\u010d\u00ed:<\/strong> Andre Marriner<\/p>\n<\/div>\n","protected":false},"excerpt":{"rendered":"<p>K nudn\u00e9mu st\u0159etnut\u00ed na p\u016fd\u011b Manchesteru City v\u00fdrazn\u011b p\u0159isp\u011bl nemohouc\u00ed v\u00fdkon Evertonu, lo\u0148sk\u00fdm mistr\u016fm sta\u010dilo prom\u011bnit pokutov\u00fd kop a spol\u00e9hat&hellip;<\/p>\n","protected":false},"author":6,"featured_media":1315,"comment_status":"open","ping_status":"closed","sticky":false,"template":"","format":"standard","meta":{"_eb_attr":"","_monsterinsights_skip_tracking":false,"_monsterinsights_sitenote_active":false,"_monsterinsights_sitenote_note":"","_monsterinsights_sitenote_category":0,"footnotes":""},"categories":[4],"tags":[],"yoast_head":"<!-- This site is optimized with the Yoast SEO plugin v23.4 - https:\/\/yoast.com\/wordpress\/plugins\/seo\/ -->\n<title>Manchester City - Everton 1:0 - Official Czech &amp; Slovak Everton Supporters&#039; Club<\/title>\n<meta name=\"robots\" content=\"index, follow, max-snippet:-1, max-image-preview:large, max-video-preview:-1\" \/>\n<link rel=\"canonical\" href=\"https:\/\/evertonfc.cz\/index.php\/2014\/12\/06\/manchester-city-everton-10\/\" \/>\n<meta property=\"og:locale\" content=\"cs_CZ\" \/>\n<meta property=\"og:type\" content=\"article\" \/>\n<meta property=\"og:title\" content=\"Manchester City - Everton 1:0 - Official Czech &amp; Slovak Everton Supporters&#039; Club\" \/>\n<meta property=\"og:description\" content=\"K nudn\u00e9mu st\u0159etnut\u00ed na p\u016fd\u011b Manchesteru City v\u00fdrazn\u011b p\u0159isp\u011bl nemohouc\u00ed v\u00fdkon Evertonu, lo\u0148sk\u00fdm mistr\u016fm sta\u010dilo prom\u011bnit pokutov\u00fd kop a spol\u00e9hat&hellip;\" \/>\n<meta property=\"og:url\" content=\"https:\/\/evertonfc.cz\/index.php\/2014\/12\/06\/manchester-city-everton-10\/\" \/>\n<meta property=\"og:site_name\" content=\"Official Czech &amp; Slovak Everton Supporters&#039; Club\" \/>\n<meta property=\"article:publisher\" content=\"https:\/\/www.facebook.com\/everton.fans.cz.sk\" \/>\n<meta property=\"article:published_time\" content=\"2014-12-05T23:14:36+00:00\" \/>\n<meta property=\"article:modified_time\" content=\"2019-02-12T23:15:19+00:00\" \/>\n<meta property=\"og:image\" content=\"https:\/\/evertonfc.cz\/wp-content\/uploads\/2019\/01\/report.jpg\" \/>\n\t<meta property=\"og:image:width\" content=\"720\" \/>\n\t<meta property=\"og:image:height\" content=\"405\" \/>\n\t<meta property=\"og:image:type\" content=\"image\/jpeg\" \/>\n<meta name=\"author\" content=\"Ri\u010di\" \/>\n<meta name=\"twitter:card\" content=\"summary_large_image\" \/>\n<meta name=\"twitter:creator\" content=\"@rbrejsa\" \/>\n<meta name=\"twitter:label1\" content=\"Napsal(a)\" \/>\n\t<meta name=\"twitter:data1\" content=\"Ri\u010di\" \/>\n\t<meta name=\"twitter:label2\" content=\"Odhadovan\u00e1 doba \u010dten\u00ed\" \/>\n\t<meta name=\"twitter:data2\" content=\"3 minuty\" \/>\n<script type=\"application\/ld+json\" class=\"yoast-schema-graph\">{\"@context\":\"https:\/\/schema.org\",\"@graph\":[{\"@type\":\"Article\",\"@id\":\"https:\/\/evertonfc.cz\/index.php\/2014\/12\/06\/manchester-city-everton-10\/#article\",\"isPartOf\":{\"@id\":\"https:\/\/evertonfc.cz\/index.php\/2014\/12\/06\/manchester-city-everton-10\/\"},\"author\":{\"name\":\"Ri\u010di\",\"@id\":\"https:\/\/evertonfc.cz\/#\/schema\/person\/f7a5daedb2ffee98480bc70e191aaef1\"},\"headline\":\"Manchester City &#8211; Everton 1:0\",\"datePublished\":\"2014-12-05T23:14:36+00:00\",\"dateModified\":\"2019-02-12T23:15:19+00:00\",\"mainEntityOfPage\":{\"@id\":\"https:\/\/evertonfc.cz\/index.php\/2014\/12\/06\/manchester-city-everton-10\/\"},\"wordCount\":522,\"commentCount\":0,\"publisher\":{\"@id\":\"https:\/\/evertonfc.cz\/#organization\"},\"image\":{\"@id\":\"https:\/\/evertonfc.cz\/index.php\/2014\/12\/06\/manchester-city-everton-10\/#primaryimage\"},\"thumbnailUrl\":\"https:\/\/evertonfc.cz\/wp-content\/uploads\/2019\/01\/report.jpg\",\"articleSection\":[\"Z\u00e1pasy\"],\"inLanguage\":\"cs\",\"potentialAction\":[{\"@type\":\"CommentAction\",\"name\":\"Comment\",\"target\":[\"https:\/\/evertonfc.cz\/index.php\/2014\/12\/06\/manchester-city-everton-10\/#respond\"]}]},{\"@type\":\"WebPage\",\"@id\":\"https:\/\/evertonfc.cz\/index.php\/2014\/12\/06\/manchester-city-everton-10\/\",\"url\":\"https:\/\/evertonfc.cz\/index.php\/2014\/12\/06\/manchester-city-everton-10\/\",\"name\":\"Manchester City - Everton 1:0 - Official Czech &amp; Slovak Everton Supporters&#039; Club\",\"isPartOf\":{\"@id\":\"https:\/\/evertonfc.cz\/#website\"},\"primaryImageOfPage\":{\"@id\":\"https:\/\/evertonfc.cz\/index.php\/2014\/12\/06\/manchester-city-everton-10\/#primaryimage\"},\"image\":{\"@id\":\"https:\/\/evertonfc.cz\/index.php\/2014\/12\/06\/manchester-city-everton-10\/#primaryimage\"},\"thumbnailUrl\":\"https:\/\/evertonfc.cz\/wp-content\/uploads\/2019\/01\/report.jpg\",\"datePublished\":\"2014-12-05T23:14:36+00:00\",\"dateModified\":\"2019-02-12T23:15:19+00:00\",\"breadcrumb\":{\"@id\":\"https:\/\/evertonfc.cz\/index.php\/2014\/12\/06\/manchester-city-everton-10\/#breadcrumb\"},\"inLanguage\":\"cs\",\"potentialAction\":[{\"@type\":\"ReadAction\",\"target\":[\"https:\/\/evertonfc.cz\/index.php\/2014\/12\/06\/manchester-city-everton-10\/\"]}]},{\"@type\":\"ImageObject\",\"inLanguage\":\"cs\",\"@id\":\"https:\/\/evertonfc.cz\/index.php\/2014\/12\/06\/manchester-city-everton-10\/#primaryimage\",\"url\":\"https:\/\/evertonfc.cz\/wp-content\/uploads\/2019\/01\/report.jpg\",\"contentUrl\":\"https:\/\/evertonfc.cz\/wp-content\/uploads\/2019\/01\/report.jpg\",\"width\":720,\"height\":405},{\"@type\":\"BreadcrumbList\",\"@id\":\"https:\/\/evertonfc.cz\/index.php\/2014\/12\/06\/manchester-city-everton-10\/#breadcrumb\",\"itemListElement\":[{\"@type\":\"ListItem\",\"position\":1,\"name\":\"Home\",\"item\":\"https:\/\/evertonfc.cz\/\"},{\"@type\":\"ListItem\",\"position\":2,\"name\":\"Manchester City &#8211; Everton 1:0\"}]},{\"@type\":\"WebSite\",\"@id\":\"https:\/\/evertonfc.cz\/#website\",\"url\":\"https:\/\/evertonfc.cz\/\",\"name\":\"Official Czech &amp; Slovak Everton Supporters&#039; Club\",\"description\":\"\",\"publisher\":{\"@id\":\"https:\/\/evertonfc.cz\/#organization\"},\"potentialAction\":[{\"@type\":\"SearchAction\",\"target\":{\"@type\":\"EntryPoint\",\"urlTemplate\":\"https:\/\/evertonfc.cz\/?s={search_term_string}\"},\"query-input\":{\"@type\":\"PropertyValueSpecification\",\"valueRequired\":true,\"valueName\":\"search_term_string\"}}],\"inLanguage\":\"cs\"},{\"@type\":\"Organization\",\"@id\":\"https:\/\/evertonfc.cz\/#organization\",\"name\":\"Official Czech & Slovak Everton Supporters' Club\",\"url\":\"https:\/\/evertonfc.cz\/\",\"logo\":{\"@type\":\"ImageObject\",\"inLanguage\":\"cs\",\"@id\":\"https:\/\/evertonfc.cz\/#\/schema\/logo\/image\/\",\"url\":\"https:\/\/evertonfc.cz\/wp-content\/uploads\/2019\/05\/logo.png\",\"contentUrl\":\"https:\/\/evertonfc.cz\/wp-content\/uploads\/2019\/05\/logo.png\",\"width\":112,\"height\":112,\"caption\":\"Official Czech & Slovak Everton Supporters' Club\"},\"image\":{\"@id\":\"https:\/\/evertonfc.cz\/#\/schema\/logo\/image\/\"},\"sameAs\":[\"https:\/\/www.facebook.com\/everton.fans.cz.sk\"]},{\"@type\":\"Person\",\"@id\":\"https:\/\/evertonfc.cz\/#\/schema\/person\/f7a5daedb2ffee98480bc70e191aaef1\",\"name\":\"Ri\u010di\",\"sameAs\":[\"https:\/\/x.com\/rbrejsa\"],\"url\":\"https:\/\/evertonfc.cz\/index.php\/author\/rici\/\"}]}<\/script>\n<!-- \/ Yoast SEO plugin. -->","yoast_head_json":{"title":"Manchester City - Everton 1:0 - Official Czech &amp; Slovak Everton Supporters&#039; Club","robots":{"index":"index","follow":"follow","max-snippet":"max-snippet:-1","max-image-preview":"max-image-preview:large","max-video-preview":"max-video-preview:-1"},"canonical":"https:\/\/evertonfc.cz\/index.php\/2014\/12\/06\/manchester-city-everton-10\/","og_locale":"cs_CZ","og_type":"article","og_title":"Manchester City - Everton 1:0 - Official Czech &amp; Slovak Everton Supporters&#039; Club","og_description":"K nudn\u00e9mu st\u0159etnut\u00ed na p\u016fd\u011b Manchesteru City v\u00fdrazn\u011b p\u0159isp\u011bl nemohouc\u00ed v\u00fdkon Evertonu, lo\u0148sk\u00fdm mistr\u016fm sta\u010dilo prom\u011bnit pokutov\u00fd kop a spol\u00e9hat&hellip;","og_url":"https:\/\/evertonfc.cz\/index.php\/2014\/12\/06\/manchester-city-everton-10\/","og_site_name":"Official Czech &amp; Slovak Everton Supporters&#039; Club","article_publisher":"https:\/\/www.facebook.com\/everton.fans.cz.sk","article_published_time":"2014-12-05T23:14:36+00:00","article_modified_time":"2019-02-12T23:15:19+00:00","og_image":[{"width":720,"height":405,"url":"https:\/\/evertonfc.cz\/wp-content\/uploads\/2019\/01\/report.jpg","type":"image\/jpeg"}],"author":"Ri\u010di","twitter_card":"summary_large_image","twitter_creator":"@rbrejsa","twitter_misc":{"Napsal(a)":"Ri\u010di","Odhadovan\u00e1 doba \u010dten\u00ed":"3 minuty"},"schema":{"@context":"https:\/\/schema.org","@graph":[{"@type":"Article","@id":"https:\/\/evertonfc.cz\/index.php\/2014\/12\/06\/manchester-city-everton-10\/#article","isPartOf":{"@id":"https:\/\/evertonfc.cz\/index.php\/2014\/12\/06\/manchester-city-everton-10\/"},"author":{"name":"Ri\u010di","@id":"https:\/\/evertonfc.cz\/#\/schema\/person\/f7a5daedb2ffee98480bc70e191aaef1"},"headline":"Manchester City &#8211; Everton 1:0","datePublished":"2014-12-05T23:14:36+00:00","dateModified":"2019-02-12T23:15:19+00:00","mainEntityOfPage":{"@id":"https:\/\/evertonfc.cz\/index.php\/2014\/12\/06\/manchester-city-everton-10\/"},"wordCount":522,"commentCount":0,"publisher":{"@id":"https:\/\/evertonfc.cz\/#organization"},"image":{"@id":"https:\/\/evertonfc.cz\/index.php\/2014\/12\/06\/manchester-city-everton-10\/#primaryimage"},"thumbnailUrl":"https:\/\/evertonfc.cz\/wp-content\/uploads\/2019\/01\/report.jpg","articleSection":["Z\u00e1pasy"],"inLanguage":"cs","potentialAction":[{"@type":"CommentAction","name":"Comment","target":["https:\/\/evertonfc.cz\/index.php\/2014\/12\/06\/manchester-city-everton-10\/#respond"]}]},{"@type":"WebPage","@id":"https:\/\/evertonfc.cz\/index.php\/2014\/12\/06\/manchester-city-everton-10\/","url":"https:\/\/evertonfc.cz\/index.php\/2014\/12\/06\/manchester-city-everton-10\/","name":"Manchester City - Everton 1:0 - Official Czech &amp; Slovak Everton Supporters&#039; Club","isPartOf":{"@id":"https:\/\/evertonfc.cz\/#website"},"primaryImageOfPage":{"@id":"https:\/\/evertonfc.cz\/index.php\/2014\/12\/06\/manchester-city-everton-10\/#primaryimage"},"image":{"@id":"https:\/\/evertonfc.cz\/index.php\/2014\/12\/06\/manchester-city-everton-10\/#primaryimage"},"thumbnailUrl":"https:\/\/evertonfc.cz\/wp-content\/uploads\/2019\/01\/report.jpg","datePublished":"2014-12-05T23:14:36+00:00","dateModified":"2019-02-12T23:15:19+00:00","breadcrumb":{"@id":"https:\/\/evertonfc.cz\/index.php\/2014\/12\/06\/manchester-city-everton-10\/#breadcrumb"},"inLanguage":"cs","potentialAction":[{"@type":"ReadAction","target":["https:\/\/evertonfc.cz\/index.php\/2014\/12\/06\/manchester-city-everton-10\/"]}]},{"@type":"ImageObject","inLanguage":"cs","@id":"https:\/\/evertonfc.cz\/index.php\/2014\/12\/06\/manchester-city-everton-10\/#primaryimage","url":"https:\/\/evertonfc.cz\/wp-content\/uploads\/2019\/01\/report.jpg","contentUrl":"https:\/\/evertonfc.cz\/wp-content\/uploads\/2019\/01\/report.jpg","width":720,"height":405},{"@type":"BreadcrumbList","@id":"https:\/\/evertonfc.cz\/index.php\/2014\/12\/06\/manchester-city-everton-10\/#breadcrumb","itemListElement":[{"@type":"ListItem","position":1,"name":"Home","item":"https:\/\/evertonfc.cz\/"},{"@type":"ListItem","position":2,"name":"Manchester City &#8211; Everton 1:0"}]},{"@type":"WebSite","@id":"https:\/\/evertonfc.cz\/#website","url":"https:\/\/evertonfc.cz\/","name":"Official Czech &amp; Slovak Everton Supporters&#039; Club","description":"","publisher":{"@id":"https:\/\/evertonfc.cz\/#organization"},"potentialAction":[{"@type":"SearchAction","target":{"@type":"EntryPoint","urlTemplate":"https:\/\/evertonfc.cz\/?s={search_term_string}"},"query-input":{"@type":"PropertyValueSpecification","valueRequired":true,"valueName":"search_term_string"}}],"inLanguage":"cs"},{"@type":"Organization","@id":"https:\/\/evertonfc.cz\/#organization","name":"Official Czech & Slovak Everton Supporters' Club","url":"https:\/\/evertonfc.cz\/","logo":{"@type":"ImageObject","inLanguage":"cs","@id":"https:\/\/evertonfc.cz\/#\/schema\/logo\/image\/","url":"https:\/\/evertonfc.cz\/wp-content\/uploads\/2019\/05\/logo.png","contentUrl":"https:\/\/evertonfc.cz\/wp-content\/uploads\/2019\/05\/logo.png","width":112,"height":112,"caption":"Official Czech & Slovak Everton Supporters' Club"},"image":{"@id":"https:\/\/evertonfc.cz\/#\/schema\/logo\/image\/"},"sameAs":["https:\/\/www.facebook.com\/everton.fans.cz.sk"]},{"@type":"Person","@id":"https:\/\/evertonfc.cz\/#\/schema\/person\/f7a5daedb2ffee98480bc70e191aaef1","name":"Ri\u010di","sameAs":["https:\/\/x.com\/rbrejsa"],"url":"https:\/\/evertonfc.cz\/index.php\/author\/rici\/"}]}},"_links":{"self":[{"href":"https:\/\/evertonfc.cz\/index.php\/wp-json\/wp\/v2\/posts\/4440"}],"collection":[{"href":"https:\/\/evertonfc.cz\/index.php\/wp-json\/wp\/v2\/posts"}],"about":[{"href":"https:\/\/evertonfc.cz\/index.php\/wp-json\/wp\/v2\/types\/post"}],"author":[{"embeddable":true,"href":"https:\/\/evertonfc.cz\/index.php\/wp-json\/wp\/v2\/users\/6"}],"replies":[{"embeddable":true,"href":"https:\/\/evertonfc.cz\/index.php\/wp-json\/wp\/v2\/comments?post=4440"}],"version-history":[{"count":1,"href":"https:\/\/evertonfc.cz\/index.php\/wp-json\/wp\/v2\/posts\/4440\/revisions"}],"predecessor-version":[{"id":4441,"href":"https:\/\/evertonfc.cz\/index.php\/wp-json\/wp\/v2\/posts\/4440\/revisions\/4441"}],"wp:featuredmedia":[{"embeddable":true,"href":"https:\/\/evertonfc.cz\/index.php\/wp-json\/wp\/v2\/media\/1315"}],"wp:attachment":[{"href":"https:\/\/evertonfc.cz\/index.php\/wp-json\/wp\/v2\/media?parent=4440"}],"wp:term":[{"taxonomy":"category","embeddable":true,"href":"https:\/\/evertonfc.cz\/index.php\/wp-json\/wp\/v2\/categories?post=4440"},{"taxonomy":"post_tag","embeddable":true,"href":"https:\/\/evertonfc.cz\/index.php\/wp-json\/wp\/v2\/tags?post=4440"}],"curies":[{"name":"wp","href":"https:\/\/api.w.org\/{rel}","templated":true}]}}