{"id":4442,"date":"2014-12-05T00:15:58","date_gmt":"2014-12-04T23:15:58","guid":{"rendered":"http:\/\/evertonfc.cz\/?p=4442"},"modified":"2021-02-17T16:01:12","modified_gmt":"2021-02-17T15:01:12","slug":"preview-manchester-city-everton-7","status":"publish","type":"post","link":"https:\/\/evertonfc.cz\/index.php\/2014\/12\/05\/preview-manchester-city-everton-7\/","title":{"rendered":"Preview: Manchester City &#8211; Everton"},"content":{"rendered":"<h4 id=\"NewsPostDetailSummary\"><em>\u201eS Manchesterem City to byla milostn\u00e1 af\u00e9rka, ale s Evertonem to je sp\u00ed\u0161e man\u017eelstv\u00ed.\u201c<\/em> Cit\u00e1t nej\u00fasp\u011b\u0161n\u011bj\u0161\u00edho mana\u017eera klubu, kter\u00fd vyzn\u00e1v\u00e1 kr\u00e1lovskou mod\u0159, n\u00e1s pr\u00e1v\u011b uvedl do 175. vz\u00e1jemn\u00e9ho z\u00e1pasu dvou modr\u00fdch klub\u016f.<\/h4>\n<div id=\"NewsPostDetailContent\">\n<p>Kdyby Sergio Ag\u00fcero znal jeden z nejv\u011bt\u0161\u00edch hit\u016f skupiny Fe\u0161\u00e1ci, tak by si mohl zazp\u00edvat parafr\u00e1zi se slovy &#8222;\u0159\u00edkaj\u00ed, \u017ee bin Mans\u00far se m\u00e1, \u017ee jeho hrot jsem pr\u00e1v\u011b j\u00e1&#8220;. A opravdu je tomu tak, b\u00fdval\u00fd ze\u0165 bo\u017esk\u00e9ho Diega minul\u00fd t\u00fdden hattrickem v Lize mistr\u016f zajistil v\u00edt\u011bzstv\u00ed nad Bayernem Mnichov a udr\u017eel tak nad\u011bji na postup ze skupiny. Ten si mohou zajistit ve st\u0159edu na Stadio Olimpico v \u0158\u00edm\u011b. Ale tohle je liga a tam Citizens koukaj\u00ed na z\u00e1da Chelsea. Ta letos je\u0161t\u011b neprohr\u00e1la&#8230;<\/p>\n<p>Sez\u00f3na pro sky blues za\u010dala prohrou v Charity shield s Arsenalem 0:3.\u00a0 V lize zaznamenal n\u00e1\u0161 z\u00edt\u0159ej\u0161\u00ed soupe\u0159 pouze dv\u011b prohry, zato s p\u0159ekvapiv\u00fdmi soupe\u0159i. Co\u017e o to, West Hamu se letos da\u0159\u00ed a p\u0159ij\u00edt s n\u00edm o body nen\u00ed ostuda, ale doma podlehnout Stoke, to bylo p\u0159ekvapen\u00ed. A spokojenosti fanou\u0161k\u016f rozhodn\u011b taky nepomohlo vy\u0159azen\u00ed z Ligov\u00e9ho poh\u00e1ru, kdy je na City of Manchester Stadium vyu\u010dil Newcastle, jen\u017e tehdy m\u00e1lem odvol(\u00e1v)al tren\u00e9ra. Nicm\u00e9n\u011b s n\u00e1vratem Ag\u00fcera do formy se pozice mana\u017eera Pellegriniho p\u0159ece jen stabilizovala.<\/p>\n<p>T\u00fdm v l\u00e9t\u011b pos\u00edlil p\u0159edev\u0161\u00edm o Franka Lamparda. Ten p\u0159i\u0161el v l\u00e9t\u011b z Chelsea, kde mu skon\u010dila smlouva, u\u017e te\u010f jde o poveden\u00fd p\u0159estup a hledaj\u00ed se cesty, jak ho udr\u017eet po celou sez\u00f3nu, proto\u017ee p\u016fvodn\u00ed domluva je pouze do b\u0159ezna, pak by m\u011bl odej\u00edt do USA kopat MLS. Ze zn\u00e1m\u011bj\u0161\u00edch jmen p\u0159i\u0161li Fernando z Porta a zadarmo obr\u00e1nce Sagna z Arsenalu. Mezi odchody najdeme i dva b\u00fdval\u00e9 hr\u00e1\u010de Evertonu &#8211; Rodwell \u0161el do Sunderlandu a Lescott se vr\u00e1til skoro dom\u016f, moment\u00e1ln\u011b poslouch\u00e1 ve West Bromwichi pokyny b\u00fdval\u00e9ho \u0161\u00e9fa akademie Evertonu Alana Irvinea z mana\u017eersk\u00e9 sesle. A jeden p\u0159estup se t\u00fdk\u00e1 i \u010dlena sou\u010dasn\u00e9ho k\u00e1dru Evertonu &#8211; podepsal n\u00e1m po vypr\u0161en\u00ed smlouvy z\u00e1lo\u017en\u00edk Barry.<\/p>\n<p>Kdo u obou t\u00fdm\u016f z\u016fst\u00e1v\u00e1 mezi zran\u011bn\u00fdmi? Everton je a bude st\u00e1le bez \u010dtve\u0159ice Gibson-McCarthy-Naismith-Stones. Ale jsou tu i pozitiva &#8211; v ned\u011bli se ne\u010dekan\u011b rychle zapojil do hry pr\u00e1v\u011b b\u00fdval\u00fd obrann\u00fd z\u00e1lo\u017en\u00edk Manchesteru City a n\u00e1vrat Pienaara do akce se taky \u010dekal pozd\u011bji ne\u017e p\u0159edev\u010d\u00edrem proti Hullu. Nav\u00edc u\u017e tr\u00e9nuje paraguaysk\u00fd stoper Alcaraz a jeho nasazen\u00ed m\u00edsto Distina by nebylo a\u017e takov\u00e9 p\u0159ekvapen\u00ed. P\u0159eci jen bude tomuto levonoh\u00e9mu franocuzsk\u00e9mu obr\u00e1nci tento m\u011bs\u00edc 37 a \u010dty\u0159i z\u00e1pasy v dev\u00edti dnech m\u016f\u017ee b\u00fdt v\u00edce, ne\u017e je neboh\u00fd p\u016fl\u010d\u00edk schopen sn\u00e9st. Ka\u017edop\u00e1dn\u011b na lavi\u010dce by kone\u010dn\u011b m\u011bl b\u00fdt dosp\u011bl\u00fd st\u0159edn\u00ed obr\u00e1nce.<\/p>\n<p>V t\u00fdmu na\u0161eho z\u00edt\u0159ej\u0161\u00edho soupe\u0159e bude chyb\u011bt hlavn\u011b kapit\u00e1n Kompany. To je probl\u00e9m nejen pro st\u0159ed obrany, ve st\u0159edu ho v lize na Sunderlandu zastoupil Boyata. Uzdravit se nestihl ani krajn\u00ed z\u00e1lo\u017en\u00edk Silva, odpo\u010d\u00edvat by m\u011bl \u00fato\u010dn\u00edk Joveti\u0107. Naopak by v sestav\u011b nem\u011bla chyb\u011bt vracej\u00edc\u00ed se dvojice Kolarov-D\u017eeko.<\/p>\n<p>P\u0159edpkl\u00e1dan\u00e1 sestava Evertonu: Howard &#8211; Baines, Distin\/Alcaraz, Jagielka, Coleman &#8211; Pienaar\/McGeady, Barry, Barkley, Besi\u0107, Mirallas &#8211; Lukaku.<\/p>\n<p><strong>Co: <\/strong>Manchester City &#8211; Everton FC, 15. kolo Premier League<br \/>\n<strong>Kdy:<\/strong> 6. 12. 2014 od 18:30 SE\u010c<br \/>\n<strong>Kde:<\/strong> City of Manchester Stadium, Ashton new road, Manchester, Anglie (kapacita: 47 405)<br \/>\n<strong>Rozhod\u010d\u00ed:<\/strong> Andre Marriner<\/p>\n<\/div>\n","protected":false},"excerpt":{"rendered":"<p>\u201eS Manchesterem City to byla milostn\u00e1 af\u00e9rka, ale s Evertonem to je sp\u00ed\u0161e man\u017eelstv\u00ed.\u201c Cit\u00e1t nej\u00fasp\u011b\u0161n\u011bj\u0161\u00edho mana\u017eera klubu, kter\u00fd vyzn\u00e1v\u00e1 kr\u00e1lovskou mod\u0159, n\u00e1s pr\u00e1v\u011b uvedl do 175. vz\u00e1jemn\u00e9ho z\u00e1pasu dvou modr\u00fdch klub\u016f.<\/p>\n","protected":false},"author":12,"featured_media":14182,"comment_status":"open","ping_status":"closed","sticky":false,"template":"","format":"standard","meta":{"_eb_attr":"","_monsterinsights_skip_tracking":false,"_monsterinsights_sitenote_active":false,"_monsterinsights_sitenote_note":"","_monsterinsights_sitenote_category":0,"footnotes":""},"categories":[4],"tags":[],"yoast_head":"<!-- This site is optimized with the Yoast SEO plugin v23.4 - https:\/\/yoast.com\/wordpress\/plugins\/seo\/ -->\n<title>Preview: Manchester City - Everton - Official Czech &amp; Slovak Everton Supporters&#039; Club<\/title>\n<meta name=\"robots\" content=\"index, follow, max-snippet:-1, max-image-preview:large, max-video-preview:-1\" \/>\n<link rel=\"canonical\" href=\"https:\/\/evertonfc.cz\/index.php\/2014\/12\/05\/preview-manchester-city-everton-7\/\" \/>\n<meta property=\"og:locale\" content=\"cs_CZ\" \/>\n<meta property=\"og:type\" content=\"article\" \/>\n<meta property=\"og:title\" content=\"Preview: Manchester City - Everton - Official Czech &amp; Slovak Everton Supporters&#039; Club\" \/>\n<meta property=\"og:description\" content=\"\u201eS Manchesterem City to byla milostn\u00e1 af\u00e9rka, ale s Evertonem to je sp\u00ed\u0161e man\u017eelstv\u00ed.\u201c Cit\u00e1t nej\u00fasp\u011b\u0161n\u011bj\u0161\u00edho mana\u017eera klubu, kter\u00fd vyzn\u00e1v\u00e1 kr\u00e1lovskou mod\u0159, n\u00e1s pr\u00e1v\u011b uvedl do 175. vz\u00e1jemn\u00e9ho z\u00e1pasu dvou modr\u00fdch klub\u016f.\" \/>\n<meta property=\"og:url\" content=\"https:\/\/evertonfc.cz\/index.php\/2014\/12\/05\/preview-manchester-city-everton-7\/\" \/>\n<meta property=\"og:site_name\" content=\"Official Czech &amp; Slovak Everton Supporters&#039; Club\" \/>\n<meta property=\"article:publisher\" content=\"https:\/\/www.facebook.com\/everton.fans.cz.sk\" \/>\n<meta property=\"article:published_time\" content=\"2014-12-04T23:15:58+00:00\" \/>\n<meta property=\"article:modified_time\" content=\"2021-02-17T15:01:12+00:00\" \/>\n<meta property=\"og:image\" content=\"https:\/\/evertonfc.cz\/wp-content\/uploads\/2021\/02\/Manchester-City-VS-Everton.jpg\" \/>\n\t<meta property=\"og:image:width\" content=\"720\" \/>\n\t<meta property=\"og:image:height\" content=\"405\" \/>\n\t<meta property=\"og:image:type\" content=\"image\/jpeg\" \/>\n<meta name=\"author\" content=\"Javor\" \/>\n<meta name=\"twitter:card\" content=\"summary_large_image\" \/>\n<meta name=\"twitter:creator\" content=\"@LoudinJan\" \/>\n<meta name=\"twitter:label1\" content=\"Napsal(a)\" \/>\n\t<meta name=\"twitter:data1\" content=\"Javor\" \/>\n\t<meta name=\"twitter:label2\" content=\"Odhadovan\u00e1 doba \u010dten\u00ed\" \/>\n\t<meta name=\"twitter:data2\" content=\"3 minuty\" \/>\n<script type=\"application\/ld+json\" class=\"yoast-schema-graph\">{\"@context\":\"https:\/\/schema.org\",\"@graph\":[{\"@type\":\"Article\",\"@id\":\"https:\/\/evertonfc.cz\/index.php\/2014\/12\/05\/preview-manchester-city-everton-7\/#article\",\"isPartOf\":{\"@id\":\"https:\/\/evertonfc.cz\/index.php\/2014\/12\/05\/preview-manchester-city-everton-7\/\"},\"author\":{\"name\":\"Javor\",\"@id\":\"https:\/\/evertonfc.cz\/#\/schema\/person\/b30daf6a5852f4811f8207a17ec1bf78\"},\"headline\":\"Preview: Manchester City &#8211; Everton\",\"datePublished\":\"2014-12-04T23:15:58+00:00\",\"dateModified\":\"2021-02-17T15:01:12+00:00\",\"mainEntityOfPage\":{\"@id\":\"https:\/\/evertonfc.cz\/index.php\/2014\/12\/05\/preview-manchester-city-everton-7\/\"},\"wordCount\":681,\"commentCount\":0,\"publisher\":{\"@id\":\"https:\/\/evertonfc.cz\/#organization\"},\"image\":{\"@id\":\"https:\/\/evertonfc.cz\/index.php\/2014\/12\/05\/preview-manchester-city-everton-7\/#primaryimage\"},\"thumbnailUrl\":\"https:\/\/evertonfc.cz\/wp-content\/uploads\/2021\/02\/Manchester-City-VS-Everton.jpg\",\"articleSection\":[\"Z\u00e1pasy\"],\"inLanguage\":\"cs\",\"potentialAction\":[{\"@type\":\"CommentAction\",\"name\":\"Comment\",\"target\":[\"https:\/\/evertonfc.cz\/index.php\/2014\/12\/05\/preview-manchester-city-everton-7\/#respond\"]}]},{\"@type\":\"WebPage\",\"@id\":\"https:\/\/evertonfc.cz\/index.php\/2014\/12\/05\/preview-manchester-city-everton-7\/\",\"url\":\"https:\/\/evertonfc.cz\/index.php\/2014\/12\/05\/preview-manchester-city-everton-7\/\",\"name\":\"Preview: Manchester City - Everton - Official Czech &amp; Slovak Everton Supporters&#039; Club\",\"isPartOf\":{\"@id\":\"https:\/\/evertonfc.cz\/#website\"},\"primaryImageOfPage\":{\"@id\":\"https:\/\/evertonfc.cz\/index.php\/2014\/12\/05\/preview-manchester-city-everton-7\/#primaryimage\"},\"image\":{\"@id\":\"https:\/\/evertonfc.cz\/index.php\/2014\/12\/05\/preview-manchester-city-everton-7\/#primaryimage\"},\"thumbnailUrl\":\"https:\/\/evertonfc.cz\/wp-content\/uploads\/2021\/02\/Manchester-City-VS-Everton.jpg\",\"datePublished\":\"2014-12-04T23:15:58+00:00\",\"dateModified\":\"2021-02-17T15:01:12+00:00\",\"breadcrumb\":{\"@id\":\"https:\/\/evertonfc.cz\/index.php\/2014\/12\/05\/preview-manchester-city-everton-7\/#breadcrumb\"},\"inLanguage\":\"cs\",\"potentialAction\":[{\"@type\":\"ReadAction\",\"target\":[\"https:\/\/evertonfc.cz\/index.php\/2014\/12\/05\/preview-manchester-city-everton-7\/\"]}]},{\"@type\":\"ImageObject\",\"inLanguage\":\"cs\",\"@id\":\"https:\/\/evertonfc.cz\/index.php\/2014\/12\/05\/preview-manchester-city-everton-7\/#primaryimage\",\"url\":\"https:\/\/evertonfc.cz\/wp-content\/uploads\/2021\/02\/Manchester-City-VS-Everton.jpg\",\"contentUrl\":\"https:\/\/evertonfc.cz\/wp-content\/uploads\/2021\/02\/Manchester-City-VS-Everton.jpg\",\"width\":720,\"height\":405},{\"@type\":\"BreadcrumbList\",\"@id\":\"https:\/\/evertonfc.cz\/index.php\/2014\/12\/05\/preview-manchester-city-everton-7\/#breadcrumb\",\"itemListElement\":[{\"@type\":\"ListItem\",\"position\":1,\"name\":\"Home\",\"item\":\"https:\/\/evertonfc.cz\/\"},{\"@type\":\"ListItem\",\"position\":2,\"name\":\"Preview: Manchester City &#8211; Everton\"}]},{\"@type\":\"WebSite\",\"@id\":\"https:\/\/evertonfc.cz\/#website\",\"url\":\"https:\/\/evertonfc.cz\/\",\"name\":\"Official Czech &amp; Slovak Everton Supporters&#039; Club\",\"description\":\"\",\"publisher\":{\"@id\":\"https:\/\/evertonfc.cz\/#organization\"},\"potentialAction\":[{\"@type\":\"SearchAction\",\"target\":{\"@type\":\"EntryPoint\",\"urlTemplate\":\"https:\/\/evertonfc.cz\/?s={search_term_string}\"},\"query-input\":{\"@type\":\"PropertyValueSpecification\",\"valueRequired\":true,\"valueName\":\"search_term_string\"}}],\"inLanguage\":\"cs\"},{\"@type\":\"Organization\",\"@id\":\"https:\/\/evertonfc.cz\/#organization\",\"name\":\"Official Czech & Slovak Everton Supporters' Club\",\"url\":\"https:\/\/evertonfc.cz\/\",\"logo\":{\"@type\":\"ImageObject\",\"inLanguage\":\"cs\",\"@id\":\"https:\/\/evertonfc.cz\/#\/schema\/logo\/image\/\",\"url\":\"https:\/\/evertonfc.cz\/wp-content\/uploads\/2019\/05\/logo.png\",\"contentUrl\":\"https:\/\/evertonfc.cz\/wp-content\/uploads\/2019\/05\/logo.png\",\"width\":112,\"height\":112,\"caption\":\"Official Czech & Slovak Everton Supporters' Club\"},\"image\":{\"@id\":\"https:\/\/evertonfc.cz\/#\/schema\/logo\/image\/\"},\"sameAs\":[\"https:\/\/www.facebook.com\/everton.fans.cz.sk\"]},{\"@type\":\"Person\",\"@id\":\"https:\/\/evertonfc.cz\/#\/schema\/person\/b30daf6a5852f4811f8207a17ec1bf78\",\"name\":\"Javor\",\"sameAs\":[\"https:\/\/x.com\/LoudinJan\"],\"url\":\"https:\/\/evertonfc.cz\/index.php\/author\/javor\/\"}]}<\/script>\n<!-- \/ Yoast SEO plugin. -->","yoast_head_json":{"title":"Preview: Manchester City - Everton - Official Czech &amp; Slovak Everton Supporters&#039; Club","robots":{"index":"index","follow":"follow","max-snippet":"max-snippet:-1","max-image-preview":"max-image-preview:large","max-video-preview":"max-video-preview:-1"},"canonical":"https:\/\/evertonfc.cz\/index.php\/2014\/12\/05\/preview-manchester-city-everton-7\/","og_locale":"cs_CZ","og_type":"article","og_title":"Preview: Manchester City - Everton - Official Czech &amp; Slovak Everton Supporters&#039; Club","og_description":"\u201eS Manchesterem City to byla milostn\u00e1 af\u00e9rka, ale s Evertonem to je sp\u00ed\u0161e man\u017eelstv\u00ed.\u201c Cit\u00e1t nej\u00fasp\u011b\u0161n\u011bj\u0161\u00edho mana\u017eera klubu, kter\u00fd vyzn\u00e1v\u00e1 kr\u00e1lovskou mod\u0159, n\u00e1s pr\u00e1v\u011b uvedl do 175. vz\u00e1jemn\u00e9ho z\u00e1pasu dvou modr\u00fdch klub\u016f.","og_url":"https:\/\/evertonfc.cz\/index.php\/2014\/12\/05\/preview-manchester-city-everton-7\/","og_site_name":"Official Czech &amp; Slovak Everton Supporters&#039; Club","article_publisher":"https:\/\/www.facebook.com\/everton.fans.cz.sk","article_published_time":"2014-12-04T23:15:58+00:00","article_modified_time":"2021-02-17T15:01:12+00:00","og_image":[{"width":720,"height":405,"url":"https:\/\/evertonfc.cz\/wp-content\/uploads\/2021\/02\/Manchester-City-VS-Everton.jpg","type":"image\/jpeg"}],"author":"Javor","twitter_card":"summary_large_image","twitter_creator":"@LoudinJan","twitter_misc":{"Napsal(a)":"Javor","Odhadovan\u00e1 doba \u010dten\u00ed":"3 minuty"},"schema":{"@context":"https:\/\/schema.org","@graph":[{"@type":"Article","@id":"https:\/\/evertonfc.cz\/index.php\/2014\/12\/05\/preview-manchester-city-everton-7\/#article","isPartOf":{"@id":"https:\/\/evertonfc.cz\/index.php\/2014\/12\/05\/preview-manchester-city-everton-7\/"},"author":{"name":"Javor","@id":"https:\/\/evertonfc.cz\/#\/schema\/person\/b30daf6a5852f4811f8207a17ec1bf78"},"headline":"Preview: Manchester City &#8211; Everton","datePublished":"2014-12-04T23:15:58+00:00","dateModified":"2021-02-17T15:01:12+00:00","mainEntityOfPage":{"@id":"https:\/\/evertonfc.cz\/index.php\/2014\/12\/05\/preview-manchester-city-everton-7\/"},"wordCount":681,"commentCount":0,"publisher":{"@id":"https:\/\/evertonfc.cz\/#organization"},"image":{"@id":"https:\/\/evertonfc.cz\/index.php\/2014\/12\/05\/preview-manchester-city-everton-7\/#primaryimage"},"thumbnailUrl":"https:\/\/evertonfc.cz\/wp-content\/uploads\/2021\/02\/Manchester-City-VS-Everton.jpg","articleSection":["Z\u00e1pasy"],"inLanguage":"cs","potentialAction":[{"@type":"CommentAction","name":"Comment","target":["https:\/\/evertonfc.cz\/index.php\/2014\/12\/05\/preview-manchester-city-everton-7\/#respond"]}]},{"@type":"WebPage","@id":"https:\/\/evertonfc.cz\/index.php\/2014\/12\/05\/preview-manchester-city-everton-7\/","url":"https:\/\/evertonfc.cz\/index.php\/2014\/12\/05\/preview-manchester-city-everton-7\/","name":"Preview: Manchester City - Everton - Official Czech &amp; Slovak Everton Supporters&#039; Club","isPartOf":{"@id":"https:\/\/evertonfc.cz\/#website"},"primaryImageOfPage":{"@id":"https:\/\/evertonfc.cz\/index.php\/2014\/12\/05\/preview-manchester-city-everton-7\/#primaryimage"},"image":{"@id":"https:\/\/evertonfc.cz\/index.php\/2014\/12\/05\/preview-manchester-city-everton-7\/#primaryimage"},"thumbnailUrl":"https:\/\/evertonfc.cz\/wp-content\/uploads\/2021\/02\/Manchester-City-VS-Everton.jpg","datePublished":"2014-12-04T23:15:58+00:00","dateModified":"2021-02-17T15:01:12+00:00","breadcrumb":{"@id":"https:\/\/evertonfc.cz\/index.php\/2014\/12\/05\/preview-manchester-city-everton-7\/#breadcrumb"},"inLanguage":"cs","potentialAction":[{"@type":"ReadAction","target":["https:\/\/evertonfc.cz\/index.php\/2014\/12\/05\/preview-manchester-city-everton-7\/"]}]},{"@type":"ImageObject","inLanguage":"cs","@id":"https:\/\/evertonfc.cz\/index.php\/2014\/12\/05\/preview-manchester-city-everton-7\/#primaryimage","url":"https:\/\/evertonfc.cz\/wp-content\/uploads\/2021\/02\/Manchester-City-VS-Everton.jpg","contentUrl":"https:\/\/evertonfc.cz\/wp-content\/uploads\/2021\/02\/Manchester-City-VS-Everton.jpg","width":720,"height":405},{"@type":"BreadcrumbList","@id":"https:\/\/evertonfc.cz\/index.php\/2014\/12\/05\/preview-manchester-city-everton-7\/#breadcrumb","itemListElement":[{"@type":"ListItem","position":1,"name":"Home","item":"https:\/\/evertonfc.cz\/"},{"@type":"ListItem","position":2,"name":"Preview: Manchester City &#8211; Everton"}]},{"@type":"WebSite","@id":"https:\/\/evertonfc.cz\/#website","url":"https:\/\/evertonfc.cz\/","name":"Official Czech &amp; Slovak Everton Supporters&#039; Club","description":"","publisher":{"@id":"https:\/\/evertonfc.cz\/#organization"},"potentialAction":[{"@type":"SearchAction","target":{"@type":"EntryPoint","urlTemplate":"https:\/\/evertonfc.cz\/?s={search_term_string}"},"query-input":{"@type":"PropertyValueSpecification","valueRequired":true,"valueName":"search_term_string"}}],"inLanguage":"cs"},{"@type":"Organization","@id":"https:\/\/evertonfc.cz\/#organization","name":"Official Czech & Slovak Everton Supporters' Club","url":"https:\/\/evertonfc.cz\/","logo":{"@type":"ImageObject","inLanguage":"cs","@id":"https:\/\/evertonfc.cz\/#\/schema\/logo\/image\/","url":"https:\/\/evertonfc.cz\/wp-content\/uploads\/2019\/05\/logo.png","contentUrl":"https:\/\/evertonfc.cz\/wp-content\/uploads\/2019\/05\/logo.png","width":112,"height":112,"caption":"Official Czech & Slovak Everton Supporters' Club"},"image":{"@id":"https:\/\/evertonfc.cz\/#\/schema\/logo\/image\/"},"sameAs":["https:\/\/www.facebook.com\/everton.fans.cz.sk"]},{"@type":"Person","@id":"https:\/\/evertonfc.cz\/#\/schema\/person\/b30daf6a5852f4811f8207a17ec1bf78","name":"Javor","sameAs":["https:\/\/x.com\/LoudinJan"],"url":"https:\/\/evertonfc.cz\/index.php\/author\/javor\/"}]}},"_links":{"self":[{"href":"https:\/\/evertonfc.cz\/index.php\/wp-json\/wp\/v2\/posts\/4442"}],"collection":[{"href":"https:\/\/evertonfc.cz\/index.php\/wp-json\/wp\/v2\/posts"}],"about":[{"href":"https:\/\/evertonfc.cz\/index.php\/wp-json\/wp\/v2\/types\/post"}],"author":[{"embeddable":true,"href":"https:\/\/evertonfc.cz\/index.php\/wp-json\/wp\/v2\/users\/12"}],"replies":[{"embeddable":true,"href":"https:\/\/evertonfc.cz\/index.php\/wp-json\/wp\/v2\/comments?post=4442"}],"version-history":[{"count":3,"href":"https:\/\/evertonfc.cz\/index.php\/wp-json\/wp\/v2\/posts\/4442\/revisions"}],"predecessor-version":[{"id":14195,"href":"https:\/\/evertonfc.cz\/index.php\/wp-json\/wp\/v2\/posts\/4442\/revisions\/14195"}],"wp:featuredmedia":[{"embeddable":true,"href":"https:\/\/evertonfc.cz\/index.php\/wp-json\/wp\/v2\/media\/14182"}],"wp:attachment":[{"href":"https:\/\/evertonfc.cz\/index.php\/wp-json\/wp\/v2\/media?parent=4442"}],"wp:term":[{"taxonomy":"category","embeddable":true,"href":"https:\/\/evertonfc.cz\/index.php\/wp-json\/wp\/v2\/categories?post=4442"},{"taxonomy":"post_tag","embeddable":true,"href":"https:\/\/evertonfc.cz\/index.php\/wp-json\/wp\/v2\/tags?post=4442"}],"curies":[{"name":"wp","href":"https:\/\/api.w.org\/{rel}","templated":true}]}}