{"id":4444,"date":"2014-12-03T00:17:07","date_gmt":"2014-12-02T23:17:07","guid":{"rendered":"http:\/\/evertonfc.cz\/?p=4444"},"modified":"2019-02-13T00:17:48","modified_gmt":"2019-02-12T23:17:48","slug":"everton-hull-city-11","status":"publish","type":"post","link":"https:\/\/evertonfc.cz\/index.php\/2014\/12\/03\/everton-hull-city-11\/","title":{"rendered":"Everton &#8211; Hull City 1:1"},"content":{"rendered":"<h4 id=\"NewsPostDetailSummary\">Toffees nenav\u00e1zali na slu\u0161n\u00fd prvn\u00ed polo\u010das, kdy\u017e ve druh\u00e9m d\u011bjstv\u00ed kv\u016fli zcela nepochopiteln\u00e9mu a tot\u00e1ln\u011b zhor\u0161en\u00e9mu v\u00fdkonu ztratili dal\u0161\u00ed dva body.<\/h4>\n<div id=\"NewsPostDetailContent\">\n<p>Roberto Mart\u00ednez provedl oproti ned\u011bli jednu person\u00e1ln\u00ed zm\u011bnu v z\u00e1kladn\u00ed sestav\u011b, Samuel Eto\u2019o usedl mezi n\u00e1hradn\u00edky, nahradil ho Leon Osman, kter\u00fd se od prvn\u00ed minuty postavil na pravou z\u00e1lohu, Kevin Mirallas se z\u016fstal na lev\u00e9 stran\u011b a Ross Barkley se p\u0159esunul na centr\u00e1ln\u00ed pozici. Zm\u00edn\u011bn\u00e1 trojice ov\u0161em \u010dasto rotovala posty.<\/p>\n<p>Po\u010d\u00e1te\u010dn\u00ed o\u0165uk\u00e1v\u00e1n\u00ed u\u0165al Romelu Lukaku v 13. minut\u011b, po oto\u010dce vyzkou\u0161el pozornost Allana McGregora p\u0159\u00edzemn\u00edm pokusem zpoza v\u00e1pna. Everton se postupn\u011b a trp\u011bliv\u011b dost\u00e1val do p\u0159evahy, Lukaku se se \u0161patn\u00fdm dotekem p\u0159ipravil o lep\u0161\u00ed zakon\u010den\u00ed po svi\u017en\u00e9 kombinaci Barkleyho s Barrym. V\u011bt\u0161\u00ed ohro\u017een\u00ed soupe\u0159i nep\u0159ipravil ani Kevin Mirallas z p\u0159\u00edm\u00e9ho kopu, c\u00edlil do prostoru branka\u0159e.<\/p>\n<p>V 33. minut\u011b Mirallasova nepoveden\u00e1 st\u0159ela doputovala a\u017e k Osmanovi, jen\u017e patou prot\u00e1hl McGregora. O minutu pozd\u011bji se u\u017e slavilo, Lukaku hlavou prodlou\u017eil na Mirallase, ten se uvolnil ve v\u00e1pn\u011b a na\u0161el nab\u00edhaj\u00edc\u00edho krajana. Urostl\u00fd Belgi\u010dan p\u0159esn\u00fdm fini\u0161em uzav\u0159el povedenou akci &#8211; <strong>1:0<\/strong>. Blues se sna\u017eili aktivitu p\u0159etavit v dal\u0161\u00ed branku, po odvr\u00e1cen\u00ed trestn\u00e9ho kopu o metr minul technick\u00fdm obst\u0159elem Muhamed Be\u0161i\u0107. Pot\u00e9 m\u00ed\u0159idla nesrovnal tak\u00e9 Phil Jagielka, jeho hlavi\u010dce z rohov\u00e9ho kopu k ide\u00e1lu trochu sch\u00e1zelo.<\/p>\n<p>Druhou p\u016fli na\u010dala chyba Barryho, Coleman v\u0161ak zasko\u010dil za kolegu. Vz\u00e1p\u011bt\u00ed se dostavila dal\u0161\u00ed belgick\u00e1 spolupr\u00e1ce, tentokr\u00e1t st\u00e1l na jej\u00edm konci Mirallas, troufal\u00fd lob z 16 metr\u016f zapadl za b\u0159evno. Tigers po p\u0159est\u00e1vce p\u016fsobili sv\u011b\u017eeji, co\u017e jim p\u0159ineslo vyrovn\u00e1n\u00ed. St\u0159\u00eddaj\u00edc\u00ed Sone Aluko p\u0159e\u0161el p\u0159es Distina a razantn\u00edm zakon\u010den\u00edm sk\u00f3roval &#8211; <strong>1:1<\/strong>. Tent\u00fd\u017e hr\u00e1\u010d v dal\u0161\u00edm \u00fatoku op\u011bt vykoupal Distina a z jeho centru Jelavi\u0107 nasm\u011b\u0159oval hlavi\u010dku o kousek vedle.<\/p>\n<p>V 64. minut\u011b odstoupil kv\u016fli nedostate\u010dn\u00e9 fyzick\u00e9 kondici Kevin Mirallas, zastoupil ho uzdraven\u00fd Steven Pienaar. Dom\u00e1c\u00ed d\u00e1le pokra\u010dovali v druhopolo\u010dasov\u00e9 zoufal\u00e9 miz\u00e9rii, dal\u0161\u00ed st\u0159\u00edd\u00e1n\u00ed m\u011blo p\u0159in\u00e9st obrat, deset minut p\u0159ed koncem Aiden McGeady vym\u011bnil Be\u0161i\u0107e, jen\u017ee \u017e\u00e1dn\u00e9 zlep\u0161en\u00ed se nedostavilo, a tak jsme byli sv\u011bdky dal\u0161\u00ed ztr\u00e1ty.<\/p>\n<p><strong>Branky:<\/strong> 34. Romelu Lukaku &#8211; 59. Sone Aluko<br \/>\n<strong>\u017dK:<\/strong> 78. Leighton Baines &#8211; 24. Michael Dawson<br \/>\n<strong>Everton FC:<\/strong> Tim Howard, S\u00e9amus Coleman, Phil Jagielka, Leighton Baines, Sylvain Distin, Muhamed Be\u0161i\u0107 (80. Aiden McGeady), Gareth Barry, Leon Osman, Ross Barkley, Kevin Mirallas (64. Steven Pienaar), Romelu Lukaku<br \/>\n<strong>Hull City:<\/strong> Allan McGregor, Liam Rosenior, Michael Dawson, James Chester, Tom Huddlestone, Ahmed Elmohamady, Jake Livermore, David Meyler (87. Robbie Brady), Stephen Quinn (89. Andrew Robertson), Momo Diam\u00e9 (53. Sone Aluko), Nikica Jelavi\u0107<br \/>\n<strong>Rozhod\u010d\u00ed:<\/strong> Robert Madley<br \/>\n<strong>Div\u00e1ci:<\/strong> 34 625<\/p>\n<\/div>\n","protected":false},"excerpt":{"rendered":"<p>Toffees nenav\u00e1zali na slu\u0161n\u00fd prvn\u00ed polo\u010das, kdy\u017e ve druh\u00e9m d\u011bjstv\u00ed kv\u016fli zcela nepochopiteln\u00e9mu a tot\u00e1ln\u011b zhor\u0161en\u00e9mu v\u00fdkonu ztratili dal\u0161\u00ed dva&hellip;<\/p>\n","protected":false},"author":6,"featured_media":1315,"comment_status":"open","ping_status":"closed","sticky":false,"template":"","format":"standard","meta":{"_eb_attr":"","_monsterinsights_skip_tracking":false,"_monsterinsights_sitenote_active":false,"_monsterinsights_sitenote_note":"","_monsterinsights_sitenote_category":0,"footnotes":""},"categories":[4],"tags":[],"yoast_head":"<!-- This site is optimized with the Yoast SEO plugin v23.4 - https:\/\/yoast.com\/wordpress\/plugins\/seo\/ -->\n<title>Everton - Hull City 1:1 - Official Czech &amp; Slovak Everton Supporters&#039; Club<\/title>\n<meta name=\"robots\" content=\"index, follow, max-snippet:-1, max-image-preview:large, max-video-preview:-1\" \/>\n<link rel=\"canonical\" href=\"https:\/\/evertonfc.cz\/index.php\/2014\/12\/03\/everton-hull-city-11\/\" \/>\n<meta property=\"og:locale\" content=\"cs_CZ\" \/>\n<meta property=\"og:type\" content=\"article\" \/>\n<meta property=\"og:title\" content=\"Everton - Hull City 1:1 - Official Czech &amp; Slovak Everton Supporters&#039; Club\" \/>\n<meta property=\"og:description\" content=\"Toffees nenav\u00e1zali na slu\u0161n\u00fd prvn\u00ed polo\u010das, kdy\u017e ve druh\u00e9m d\u011bjstv\u00ed kv\u016fli zcela nepochopiteln\u00e9mu a tot\u00e1ln\u011b zhor\u0161en\u00e9mu v\u00fdkonu ztratili dal\u0161\u00ed dva&hellip;\" \/>\n<meta property=\"og:url\" content=\"https:\/\/evertonfc.cz\/index.php\/2014\/12\/03\/everton-hull-city-11\/\" \/>\n<meta property=\"og:site_name\" content=\"Official Czech &amp; Slovak Everton Supporters&#039; Club\" \/>\n<meta property=\"article:publisher\" content=\"https:\/\/www.facebook.com\/everton.fans.cz.sk\" \/>\n<meta property=\"article:published_time\" content=\"2014-12-02T23:17:07+00:00\" \/>\n<meta property=\"article:modified_time\" content=\"2019-02-12T23:17:48+00:00\" \/>\n<meta property=\"og:image\" content=\"https:\/\/evertonfc.cz\/wp-content\/uploads\/2019\/01\/report.jpg\" \/>\n\t<meta property=\"og:image:width\" content=\"720\" \/>\n\t<meta property=\"og:image:height\" content=\"405\" \/>\n\t<meta property=\"og:image:type\" content=\"image\/jpeg\" \/>\n<meta name=\"author\" content=\"Ri\u010di\" \/>\n<meta name=\"twitter:card\" content=\"summary_large_image\" \/>\n<meta name=\"twitter:creator\" content=\"@rbrejsa\" \/>\n<meta name=\"twitter:label1\" content=\"Napsal(a)\" \/>\n\t<meta name=\"twitter:data1\" content=\"Ri\u010di\" \/>\n\t<meta name=\"twitter:label2\" content=\"Odhadovan\u00e1 doba \u010dten\u00ed\" \/>\n\t<meta name=\"twitter:data2\" content=\"3 minuty\" \/>\n<script type=\"application\/ld+json\" class=\"yoast-schema-graph\">{\"@context\":\"https:\/\/schema.org\",\"@graph\":[{\"@type\":\"Article\",\"@id\":\"https:\/\/evertonfc.cz\/index.php\/2014\/12\/03\/everton-hull-city-11\/#article\",\"isPartOf\":{\"@id\":\"https:\/\/evertonfc.cz\/index.php\/2014\/12\/03\/everton-hull-city-11\/\"},\"author\":{\"name\":\"Ri\u010di\",\"@id\":\"https:\/\/evertonfc.cz\/#\/schema\/person\/f7a5daedb2ffee98480bc70e191aaef1\"},\"headline\":\"Everton &#8211; Hull City 1:1\",\"datePublished\":\"2014-12-02T23:17:07+00:00\",\"dateModified\":\"2019-02-12T23:17:48+00:00\",\"mainEntityOfPage\":{\"@id\":\"https:\/\/evertonfc.cz\/index.php\/2014\/12\/03\/everton-hull-city-11\/\"},\"wordCount\":522,\"commentCount\":0,\"publisher\":{\"@id\":\"https:\/\/evertonfc.cz\/#organization\"},\"image\":{\"@id\":\"https:\/\/evertonfc.cz\/index.php\/2014\/12\/03\/everton-hull-city-11\/#primaryimage\"},\"thumbnailUrl\":\"https:\/\/evertonfc.cz\/wp-content\/uploads\/2019\/01\/report.jpg\",\"articleSection\":[\"Z\u00e1pasy\"],\"inLanguage\":\"cs\",\"potentialAction\":[{\"@type\":\"CommentAction\",\"name\":\"Comment\",\"target\":[\"https:\/\/evertonfc.cz\/index.php\/2014\/12\/03\/everton-hull-city-11\/#respond\"]}]},{\"@type\":\"WebPage\",\"@id\":\"https:\/\/evertonfc.cz\/index.php\/2014\/12\/03\/everton-hull-city-11\/\",\"url\":\"https:\/\/evertonfc.cz\/index.php\/2014\/12\/03\/everton-hull-city-11\/\",\"name\":\"Everton - Hull City 1:1 - Official Czech &amp; Slovak Everton Supporters&#039; Club\",\"isPartOf\":{\"@id\":\"https:\/\/evertonfc.cz\/#website\"},\"primaryImageOfPage\":{\"@id\":\"https:\/\/evertonfc.cz\/index.php\/2014\/12\/03\/everton-hull-city-11\/#primaryimage\"},\"image\":{\"@id\":\"https:\/\/evertonfc.cz\/index.php\/2014\/12\/03\/everton-hull-city-11\/#primaryimage\"},\"thumbnailUrl\":\"https:\/\/evertonfc.cz\/wp-content\/uploads\/2019\/01\/report.jpg\",\"datePublished\":\"2014-12-02T23:17:07+00:00\",\"dateModified\":\"2019-02-12T23:17:48+00:00\",\"breadcrumb\":{\"@id\":\"https:\/\/evertonfc.cz\/index.php\/2014\/12\/03\/everton-hull-city-11\/#breadcrumb\"},\"inLanguage\":\"cs\",\"potentialAction\":[{\"@type\":\"ReadAction\",\"target\":[\"https:\/\/evertonfc.cz\/index.php\/2014\/12\/03\/everton-hull-city-11\/\"]}]},{\"@type\":\"ImageObject\",\"inLanguage\":\"cs\",\"@id\":\"https:\/\/evertonfc.cz\/index.php\/2014\/12\/03\/everton-hull-city-11\/#primaryimage\",\"url\":\"https:\/\/evertonfc.cz\/wp-content\/uploads\/2019\/01\/report.jpg\",\"contentUrl\":\"https:\/\/evertonfc.cz\/wp-content\/uploads\/2019\/01\/report.jpg\",\"width\":720,\"height\":405},{\"@type\":\"BreadcrumbList\",\"@id\":\"https:\/\/evertonfc.cz\/index.php\/2014\/12\/03\/everton-hull-city-11\/#breadcrumb\",\"itemListElement\":[{\"@type\":\"ListItem\",\"position\":1,\"name\":\"Home\",\"item\":\"https:\/\/evertonfc.cz\/\"},{\"@type\":\"ListItem\",\"position\":2,\"name\":\"Everton &#8211; Hull City 1:1\"}]},{\"@type\":\"WebSite\",\"@id\":\"https:\/\/evertonfc.cz\/#website\",\"url\":\"https:\/\/evertonfc.cz\/\",\"name\":\"Official Czech &amp; Slovak Everton Supporters&#039; Club\",\"description\":\"\",\"publisher\":{\"@id\":\"https:\/\/evertonfc.cz\/#organization\"},\"potentialAction\":[{\"@type\":\"SearchAction\",\"target\":{\"@type\":\"EntryPoint\",\"urlTemplate\":\"https:\/\/evertonfc.cz\/?s={search_term_string}\"},\"query-input\":{\"@type\":\"PropertyValueSpecification\",\"valueRequired\":true,\"valueName\":\"search_term_string\"}}],\"inLanguage\":\"cs\"},{\"@type\":\"Organization\",\"@id\":\"https:\/\/evertonfc.cz\/#organization\",\"name\":\"Official Czech & Slovak Everton Supporters' Club\",\"url\":\"https:\/\/evertonfc.cz\/\",\"logo\":{\"@type\":\"ImageObject\",\"inLanguage\":\"cs\",\"@id\":\"https:\/\/evertonfc.cz\/#\/schema\/logo\/image\/\",\"url\":\"https:\/\/evertonfc.cz\/wp-content\/uploads\/2019\/05\/logo.png\",\"contentUrl\":\"https:\/\/evertonfc.cz\/wp-content\/uploads\/2019\/05\/logo.png\",\"width\":112,\"height\":112,\"caption\":\"Official Czech & Slovak Everton Supporters' Club\"},\"image\":{\"@id\":\"https:\/\/evertonfc.cz\/#\/schema\/logo\/image\/\"},\"sameAs\":[\"https:\/\/www.facebook.com\/everton.fans.cz.sk\"]},{\"@type\":\"Person\",\"@id\":\"https:\/\/evertonfc.cz\/#\/schema\/person\/f7a5daedb2ffee98480bc70e191aaef1\",\"name\":\"Ri\u010di\",\"sameAs\":[\"https:\/\/x.com\/rbrejsa\"],\"url\":\"https:\/\/evertonfc.cz\/index.php\/author\/rici\/\"}]}<\/script>\n<!-- \/ Yoast SEO plugin. -->","yoast_head_json":{"title":"Everton - Hull City 1:1 - Official Czech &amp; Slovak Everton Supporters&#039; Club","robots":{"index":"index","follow":"follow","max-snippet":"max-snippet:-1","max-image-preview":"max-image-preview:large","max-video-preview":"max-video-preview:-1"},"canonical":"https:\/\/evertonfc.cz\/index.php\/2014\/12\/03\/everton-hull-city-11\/","og_locale":"cs_CZ","og_type":"article","og_title":"Everton - Hull City 1:1 - Official Czech &amp; Slovak Everton Supporters&#039; Club","og_description":"Toffees nenav\u00e1zali na slu\u0161n\u00fd prvn\u00ed polo\u010das, kdy\u017e ve druh\u00e9m d\u011bjstv\u00ed kv\u016fli zcela nepochopiteln\u00e9mu a tot\u00e1ln\u011b zhor\u0161en\u00e9mu v\u00fdkonu ztratili dal\u0161\u00ed dva&hellip;","og_url":"https:\/\/evertonfc.cz\/index.php\/2014\/12\/03\/everton-hull-city-11\/","og_site_name":"Official Czech &amp; Slovak Everton Supporters&#039; Club","article_publisher":"https:\/\/www.facebook.com\/everton.fans.cz.sk","article_published_time":"2014-12-02T23:17:07+00:00","article_modified_time":"2019-02-12T23:17:48+00:00","og_image":[{"width":720,"height":405,"url":"https:\/\/evertonfc.cz\/wp-content\/uploads\/2019\/01\/report.jpg","type":"image\/jpeg"}],"author":"Ri\u010di","twitter_card":"summary_large_image","twitter_creator":"@rbrejsa","twitter_misc":{"Napsal(a)":"Ri\u010di","Odhadovan\u00e1 doba \u010dten\u00ed":"3 minuty"},"schema":{"@context":"https:\/\/schema.org","@graph":[{"@type":"Article","@id":"https:\/\/evertonfc.cz\/index.php\/2014\/12\/03\/everton-hull-city-11\/#article","isPartOf":{"@id":"https:\/\/evertonfc.cz\/index.php\/2014\/12\/03\/everton-hull-city-11\/"},"author":{"name":"Ri\u010di","@id":"https:\/\/evertonfc.cz\/#\/schema\/person\/f7a5daedb2ffee98480bc70e191aaef1"},"headline":"Everton &#8211; Hull City 1:1","datePublished":"2014-12-02T23:17:07+00:00","dateModified":"2019-02-12T23:17:48+00:00","mainEntityOfPage":{"@id":"https:\/\/evertonfc.cz\/index.php\/2014\/12\/03\/everton-hull-city-11\/"},"wordCount":522,"commentCount":0,"publisher":{"@id":"https:\/\/evertonfc.cz\/#organization"},"image":{"@id":"https:\/\/evertonfc.cz\/index.php\/2014\/12\/03\/everton-hull-city-11\/#primaryimage"},"thumbnailUrl":"https:\/\/evertonfc.cz\/wp-content\/uploads\/2019\/01\/report.jpg","articleSection":["Z\u00e1pasy"],"inLanguage":"cs","potentialAction":[{"@type":"CommentAction","name":"Comment","target":["https:\/\/evertonfc.cz\/index.php\/2014\/12\/03\/everton-hull-city-11\/#respond"]}]},{"@type":"WebPage","@id":"https:\/\/evertonfc.cz\/index.php\/2014\/12\/03\/everton-hull-city-11\/","url":"https:\/\/evertonfc.cz\/index.php\/2014\/12\/03\/everton-hull-city-11\/","name":"Everton - Hull City 1:1 - Official Czech &amp; Slovak Everton Supporters&#039; Club","isPartOf":{"@id":"https:\/\/evertonfc.cz\/#website"},"primaryImageOfPage":{"@id":"https:\/\/evertonfc.cz\/index.php\/2014\/12\/03\/everton-hull-city-11\/#primaryimage"},"image":{"@id":"https:\/\/evertonfc.cz\/index.php\/2014\/12\/03\/everton-hull-city-11\/#primaryimage"},"thumbnailUrl":"https:\/\/evertonfc.cz\/wp-content\/uploads\/2019\/01\/report.jpg","datePublished":"2014-12-02T23:17:07+00:00","dateModified":"2019-02-12T23:17:48+00:00","breadcrumb":{"@id":"https:\/\/evertonfc.cz\/index.php\/2014\/12\/03\/everton-hull-city-11\/#breadcrumb"},"inLanguage":"cs","potentialAction":[{"@type":"ReadAction","target":["https:\/\/evertonfc.cz\/index.php\/2014\/12\/03\/everton-hull-city-11\/"]}]},{"@type":"ImageObject","inLanguage":"cs","@id":"https:\/\/evertonfc.cz\/index.php\/2014\/12\/03\/everton-hull-city-11\/#primaryimage","url":"https:\/\/evertonfc.cz\/wp-content\/uploads\/2019\/01\/report.jpg","contentUrl":"https:\/\/evertonfc.cz\/wp-content\/uploads\/2019\/01\/report.jpg","width":720,"height":405},{"@type":"BreadcrumbList","@id":"https:\/\/evertonfc.cz\/index.php\/2014\/12\/03\/everton-hull-city-11\/#breadcrumb","itemListElement":[{"@type":"ListItem","position":1,"name":"Home","item":"https:\/\/evertonfc.cz\/"},{"@type":"ListItem","position":2,"name":"Everton &#8211; Hull City 1:1"}]},{"@type":"WebSite","@id":"https:\/\/evertonfc.cz\/#website","url":"https:\/\/evertonfc.cz\/","name":"Official Czech &amp; Slovak Everton Supporters&#039; Club","description":"","publisher":{"@id":"https:\/\/evertonfc.cz\/#organization"},"potentialAction":[{"@type":"SearchAction","target":{"@type":"EntryPoint","urlTemplate":"https:\/\/evertonfc.cz\/?s={search_term_string}"},"query-input":{"@type":"PropertyValueSpecification","valueRequired":true,"valueName":"search_term_string"}}],"inLanguage":"cs"},{"@type":"Organization","@id":"https:\/\/evertonfc.cz\/#organization","name":"Official Czech & Slovak Everton Supporters' Club","url":"https:\/\/evertonfc.cz\/","logo":{"@type":"ImageObject","inLanguage":"cs","@id":"https:\/\/evertonfc.cz\/#\/schema\/logo\/image\/","url":"https:\/\/evertonfc.cz\/wp-content\/uploads\/2019\/05\/logo.png","contentUrl":"https:\/\/evertonfc.cz\/wp-content\/uploads\/2019\/05\/logo.png","width":112,"height":112,"caption":"Official Czech & Slovak Everton Supporters' Club"},"image":{"@id":"https:\/\/evertonfc.cz\/#\/schema\/logo\/image\/"},"sameAs":["https:\/\/www.facebook.com\/everton.fans.cz.sk"]},{"@type":"Person","@id":"https:\/\/evertonfc.cz\/#\/schema\/person\/f7a5daedb2ffee98480bc70e191aaef1","name":"Ri\u010di","sameAs":["https:\/\/x.com\/rbrejsa"],"url":"https:\/\/evertonfc.cz\/index.php\/author\/rici\/"}]}},"_links":{"self":[{"href":"https:\/\/evertonfc.cz\/index.php\/wp-json\/wp\/v2\/posts\/4444"}],"collection":[{"href":"https:\/\/evertonfc.cz\/index.php\/wp-json\/wp\/v2\/posts"}],"about":[{"href":"https:\/\/evertonfc.cz\/index.php\/wp-json\/wp\/v2\/types\/post"}],"author":[{"embeddable":true,"href":"https:\/\/evertonfc.cz\/index.php\/wp-json\/wp\/v2\/users\/6"}],"replies":[{"embeddable":true,"href":"https:\/\/evertonfc.cz\/index.php\/wp-json\/wp\/v2\/comments?post=4444"}],"version-history":[{"count":1,"href":"https:\/\/evertonfc.cz\/index.php\/wp-json\/wp\/v2\/posts\/4444\/revisions"}],"predecessor-version":[{"id":4445,"href":"https:\/\/evertonfc.cz\/index.php\/wp-json\/wp\/v2\/posts\/4444\/revisions\/4445"}],"wp:featuredmedia":[{"embeddable":true,"href":"https:\/\/evertonfc.cz\/index.php\/wp-json\/wp\/v2\/media\/1315"}],"wp:attachment":[{"href":"https:\/\/evertonfc.cz\/index.php\/wp-json\/wp\/v2\/media?parent=4444"}],"wp:term":[{"taxonomy":"category","embeddable":true,"href":"https:\/\/evertonfc.cz\/index.php\/wp-json\/wp\/v2\/categories?post=4444"},{"taxonomy":"post_tag","embeddable":true,"href":"https:\/\/evertonfc.cz\/index.php\/wp-json\/wp\/v2\/tags?post=4444"}],"curies":[{"name":"wp","href":"https:\/\/api.w.org\/{rel}","templated":true}]}}