{"id":4446,"date":"2014-12-02T00:18:05","date_gmt":"2014-12-01T23:18:05","guid":{"rendered":"http:\/\/evertonfc.cz\/?p=4446"},"modified":"2019-02-13T07:12:32","modified_gmt":"2019-02-13T06:12:32","slug":"preview-everton-hull-city-2","status":"publish","type":"post","link":"https:\/\/evertonfc.cz\/index.php\/2014\/12\/02\/preview-everton-hull-city-2\/","title":{"rendered":"Preview: Everton &#8211; Hull City"},"content":{"rendered":"<h4 id=\"NewsPostDetailSummary\">Nevyda\u0159en\u00e9 ned\u011bln\u00ed odpoledne na White Hart Lane se jen t\u011b\u017eko vyma\u017ee z pam\u011bti, p\u0159esto t\u0159eba zareagovat n\u00e1vratem na v\u00edt\u011bznou vlnu, v cest\u011b stoj\u00ed rozhodn\u011b p\u0159ekonateln\u00ed Tigers.<\/h4>\n<div id=\"NewsPostDetailContent\">\n<p>Na zm\u00edn\u011bn\u00e9m duelu proti Tottenhamu t\u011b\u017eko hledat mnoho pozitiv, na pap\u00ed\u0159e vypadala sestava Evertonu siln\u011b, ov\u0161em na h\u0159i\u0161t\u011b tomu bylo opa\u010dn\u011b. Nefungovala defenz\u00edva ani ofenz\u00edva, z\u00e1loze chyb\u011bl pohyb a p\u0159ekvapiv\u00fd moment, st\u0159\u00edd\u00e1n\u00ed hru neo\u017eivila a jednotlivci v\u00fdsledek nezachr\u00e1nili. Po poveden\u00e9m v\u00fdletu do Wolfsburgu v nejednom Evertonianovi p\u0159evl\u00e1dalo hlubok\u00e9 zklam\u00e1n\u00ed, zvl\u00e1\u0161t\u011b kdy\u017e Spurs sta\u010dilo ke t\u0159em bod\u016fm zodpov\u011bdn\u00e9 br\u00e1n\u011bn\u00ed a \u010dek\u00e1n\u00ed na chyby soupe\u0159e, na n\u011b\u017e se d\u00e1, smutn\u011b podot\u00fdk\u00e1m, letos s pravidelnost\u00ed spol\u00e9hat.<\/p>\n<p>V \u00favodn\u00edch 13 ligov\u00fdch kolech hr\u00e1\u010di Toffees vyprodukovali osm individu\u00e1ln\u00edch chyb (!), kter\u00e9 vedly k obdr\u017een\u00e9 brance. Ve srovn\u00e1n\u00ed s lo\u0148skem t\u0159eba nev\u011b\u0159\u00edcn\u011b kroutit hlavou, tehdy se jich za celou sez\u00f3nu napo\u010d\u00edtalo v\u0161ehov\u0161udy \u0161est.<\/p>\n<p>Pochopiteln\u011b pokles formy zap\u0159\u00ed\u010di\u0148uj\u00ed rovn\u011b\u017e zran\u011bn\u00ed, Sylvain Distin by v p\u0159\u00edpad\u011b zdrav\u00e9ho Johna Stonese u\u017e d\u00e1vno sed\u011bl na lavi\u010dce, ov\u0161em slab\u0161\u00ed momenty si vyb\u00edraj\u00ed i jinak pevn\u00e9 opory. Tim Howard zaost\u00e1v\u00e1, aspo\u0148 v Premier League, za svoj\u00ed nastavenou la\u0165kou kvality z let minul\u00fdch, Seamus Coleman a Ross Barkley po uzdraven\u00ed zat\u00edm rovn\u011b\u017e nenajeli do star\u00fdch dobr\u00fdch kolej\u00ed a od Garetha Barryho se o\u010dek\u00e1v\u00e1 v\u011bt\u0161\u00ed jistota.<\/p>\n<p>Ned\u00e1 mi to vr\u00e1tit se k Barkleymu. Kreativn\u00ed z\u00e1lo\u017en\u00edk prozat\u00edm putuje sestavou, ani\u017e by nasko\u010dil na sv\u00e9 obl\u00edben\u00e9 pozici des\u00edtky. Naposledy se tr\u00e1pil na prav\u00e9 z\u00e1loze, a p\u0159esto\u017ee v\u011b\u0159\u00edm, \u017ee pokud by na\u0161el z\u00e1pasov\u00fd rytmus a formu, s touto pozic\u00ed by si poradil, nyn\u00ed po n\u00e1vratu z marodky t\u0159eba jeho schopnosti a kreativitu vyu\u017e\u00edt na podhrotov\u00e9 pozici, zvl\u00e1\u0161t\u011b v dob\u011b absence Stevena Naismithe.<\/p>\n<p>Hull City p\u0159ij\u00ed\u017ed\u00ed na Goodison Park v nelichotiv\u00e9 pozici, ji\u017e \u0161est utk\u00e1n\u00ed \u010dek\u00e1 na ligovou v\u00fdhru, p\u0159i\u010dem\u017e v posledn\u00edch \u010dty\u0159ech prohr\u00e1l. Ano, utkal se s n\u011bkolika pap\u00edrov\u011b lep\u0161\u00edmi soky (Arsenal, Liverpool, Southampton, Tottenham, Manchester United), i tak bych ale od celku, jen\u017e v l\u00e9t\u011b notn\u011b pos\u00edlil pevn\u00fd z\u00e1klad z\u00a0kampan\u011b 2013\/14, \u010dekal lep\u0161\u00ed um\u00edst\u011bn\u00ed ne\u017e sou\u010dasn\u00e9 17.<\/p>\n<p>V \u00fatoku Steva Bruce operuje Nikica Jelavi\u0107, po z\u00e1v\u011bre\u010dn\u00fdch neplodn\u00fdch m\u011bs\u00edc\u00edch v Evertonu hledaj\u00edc\u00ed novou v\u00fdzvu. V\u00a0prob\u00edhaj\u00edc\u00ed sez\u00f3n\u011b zaznamenal \u010dty\u0159i branky a s\u00a0notnou motivac\u00ed se bude sna\u017eit p\u0159idat dal\u0161\u00ed trefy proti b\u00fdval\u00fdm spoluhr\u00e1\u010d\u016fm, ti snad na tr\u00e1vn\u00edku zapomenou na kamar\u00e1dsk\u00e9 vztahy.<\/p>\n<h4><strong>Z\u00e1pasov\u00e1 fakta<\/strong><\/h4>\n<p>Vz\u00e1jemn\u00e1<br \/>\n\u2022 Toffees zv\u00edt\u011bzili ve \u010dty\u0159ech ze \u0161esti souboj\u016f v r\u00e1mci Premiership (4 v\u00fdhry, 1 rem\u00edza, 1 prohra), na dom\u00e1c\u00ed p\u016fd\u011b jsou p\u0159itom stoprocentn\u00ed<br \/>\n\u2022 a Blues si p\u0159ipsali t\u0159i body poka\u017ed\u00e9 ve v\u0161ech posledn\u00edch t\u0159ech st\u0159etnut\u00edch.<\/p>\n<p>Everton<br \/>\n\u2022 Vyhr\u00e1l t\u0159i z posledn\u00edch dev\u00edti ligov\u00fdch kl\u00e1n\u00ed v Goodisonu (3 v\u00fdhry, 2 rem\u00edzy, 4 prohry)<br \/>\n\u2022 17 nasb\u00edran\u00fdch bod\u016f p\u0159edstavuje o sedm bod\u016f m\u00e9n\u011b ne\u017e ve srovn\u00e1n\u00ed s p\u0159ed 12 m\u011bs\u00edci<br \/>\n\u2022 sk\u00f3roval nejm\u00e9n\u011b dvakr\u00e1t v 14 z posledn\u00edch 16 ligov\u00fdch z\u00e1pas\u016f na Goodison Parku<br \/>\n\u2022 pokud bychom brali v potaz pouze prvn\u00ed p\u016fli, v tabulce by se nach\u00e1zel na druh\u00e9m m\u00edst\u011b za Chelsea.<\/p>\n<p>Hull City<br \/>\n\u2022 V kalend\u00e1\u0159n\u00edm roce 2014 vyhr\u00e1l \u0161estkr\u00e1t v lize, nejm\u00e9n\u011b ze v\u0161ech t\u00fdm\u016f<br \/>\n\u2022 nevst\u0159elil branku ve \u010dty\u0159ech z posledn\u00edch p\u011bti p\u0159\u00edpad\u016f a v tom p\u00e1t\u00e9m rozvlnil s\u00ed\u0165 jednou.<\/p>\n<h4><strong>T\u00fdmov\u00e9 novinky<\/strong><\/h4>\n<p>Bryan Oviedo a Arouna Kon\u00e9 se brankou pod\u00edleli na triumfu U21 v pond\u011bl\u00ed proti Sunderlandu a jsou kousek od k\u00fd\u017een\u00e9ho stoprocentn\u00edho za\u010dlen\u011bn\u00ed do prvn\u00edho mu\u017estva. Steven Naismith dr\u017e\u00ed \u0161anci na start, zdravotn\u00ed pot\u00ed\u017ee vy\u0159adily Jamese McCarthyho, Darrona Gibsona, Antol\u00edna Alcaraza a Johna Stonees.<\/p>\n<p><strong>EFC:<\/strong> Howard, Joel, Baines, Browning, Coleman, Distin, Garbutt, Hibbert, Jagielka, Oviedo, Atsu, Barkley, Barry, Be\u0161i\u0107, McGeady, Osman, Pienaar, Eto\u2019o, Kon\u00e9, Lukaku, Mirallas, Naismith.<\/p>\n<p>Letn\u00ed posila Robert Snodgrass od srpna chyb\u00ed pro zran\u011bn\u00ed kolena, Abel Hern\u00e1ndez odcestoval do rodn\u00e9 Uruguaye na narozen\u00ed syna a Gast\u00f3n Ram\u00edrez si odpyk\u00e1v\u00e1 trest za vylou\u010den\u00ed.<\/p>\n<p><strong>HCFC:<\/strong> Harper, Jakupovi\u0107, McGregor, Bruce, Chester, Davies, Dawson, Maguire, McShane, Robertson, Rosenior, Brady, Ben Arfa, Diam\u00e9, Elmohamady, Huddlestone, Livermore, Meyler, Quinn, Aluko, Jelavi\u0107, Sagbo.<\/p>\n<p><strong>Co:<\/strong> Everton FC &#8211; Hull City AFC, 14. kolo Premier League<br \/>\n<strong>Kdy:<\/strong> 03. 12. 2014 od 20:45 SE\u010c<br \/>\n<strong>Kde:<\/strong> Goodison Park, Liverpool (kapacita: 40 157)<br \/>\n<strong>Rozhod\u010d\u00ed:<\/strong> Robert Madley<\/p>\n<\/div>\n","protected":false},"excerpt":{"rendered":"<p>Nevyda\u0159en\u00e9 ned\u011bln\u00ed odpoledne na White Hart Lane se jen t\u011b\u017eko vyma\u017ee z pam\u011bti, p\u0159esto t\u0159eba zareagovat n\u00e1vratem na v\u00edt\u011bznou vlnu,&hellip;<\/p>\n","protected":false},"author":6,"featured_media":1314,"comment_status":"open","ping_status":"closed","sticky":false,"template":"","format":"standard","meta":{"_eb_attr":"","_monsterinsights_skip_tracking":false,"_monsterinsights_sitenote_active":false,"_monsterinsights_sitenote_note":"","_monsterinsights_sitenote_category":0,"footnotes":""},"categories":[4],"tags":[],"yoast_head":"<!-- This site is optimized with the Yoast SEO plugin v23.4 - https:\/\/yoast.com\/wordpress\/plugins\/seo\/ -->\n<title>Preview: Everton - Hull City - Official Czech &amp; Slovak Everton Supporters&#039; Club<\/title>\n<meta name=\"robots\" content=\"index, follow, max-snippet:-1, max-image-preview:large, max-video-preview:-1\" \/>\n<link rel=\"canonical\" href=\"https:\/\/evertonfc.cz\/index.php\/2014\/12\/02\/preview-everton-hull-city-2\/\" \/>\n<meta property=\"og:locale\" content=\"cs_CZ\" \/>\n<meta property=\"og:type\" content=\"article\" \/>\n<meta property=\"og:title\" content=\"Preview: Everton - Hull City - Official Czech &amp; Slovak Everton Supporters&#039; Club\" \/>\n<meta property=\"og:description\" content=\"Nevyda\u0159en\u00e9 ned\u011bln\u00ed odpoledne na White Hart Lane se jen t\u011b\u017eko vyma\u017ee z pam\u011bti, p\u0159esto t\u0159eba zareagovat n\u00e1vratem na v\u00edt\u011bznou vlnu,&hellip;\" \/>\n<meta property=\"og:url\" content=\"https:\/\/evertonfc.cz\/index.php\/2014\/12\/02\/preview-everton-hull-city-2\/\" \/>\n<meta property=\"og:site_name\" content=\"Official Czech &amp; Slovak Everton Supporters&#039; Club\" \/>\n<meta property=\"article:publisher\" content=\"https:\/\/www.facebook.com\/everton.fans.cz.sk\" \/>\n<meta property=\"article:published_time\" content=\"2014-12-01T23:18:05+00:00\" \/>\n<meta property=\"article:modified_time\" content=\"2019-02-13T06:12:32+00:00\" \/>\n<meta property=\"og:image\" content=\"https:\/\/evertonfc.cz\/wp-content\/uploads\/2019\/01\/preview.jpg\" \/>\n\t<meta property=\"og:image:width\" content=\"720\" \/>\n\t<meta property=\"og:image:height\" content=\"405\" \/>\n\t<meta property=\"og:image:type\" content=\"image\/jpeg\" \/>\n<meta name=\"author\" content=\"Ri\u010di\" \/>\n<meta name=\"twitter:card\" content=\"summary_large_image\" \/>\n<meta name=\"twitter:creator\" content=\"@rbrejsa\" \/>\n<meta name=\"twitter:label1\" content=\"Napsal(a)\" \/>\n\t<meta name=\"twitter:data1\" content=\"Ri\u010di\" \/>\n\t<meta name=\"twitter:label2\" content=\"Odhadovan\u00e1 doba \u010dten\u00ed\" \/>\n\t<meta name=\"twitter:data2\" content=\"4 minuty\" \/>\n<script type=\"application\/ld+json\" class=\"yoast-schema-graph\">{\"@context\":\"https:\/\/schema.org\",\"@graph\":[{\"@type\":\"Article\",\"@id\":\"https:\/\/evertonfc.cz\/index.php\/2014\/12\/02\/preview-everton-hull-city-2\/#article\",\"isPartOf\":{\"@id\":\"https:\/\/evertonfc.cz\/index.php\/2014\/12\/02\/preview-everton-hull-city-2\/\"},\"author\":{\"name\":\"Ri\u010di\",\"@id\":\"https:\/\/evertonfc.cz\/#\/schema\/person\/f7a5daedb2ffee98480bc70e191aaef1\"},\"headline\":\"Preview: Everton &#8211; Hull City\",\"datePublished\":\"2014-12-01T23:18:05+00:00\",\"dateModified\":\"2019-02-13T06:12:32+00:00\",\"mainEntityOfPage\":{\"@id\":\"https:\/\/evertonfc.cz\/index.php\/2014\/12\/02\/preview-everton-hull-city-2\/\"},\"wordCount\":838,\"commentCount\":0,\"publisher\":{\"@id\":\"https:\/\/evertonfc.cz\/#organization\"},\"image\":{\"@id\":\"https:\/\/evertonfc.cz\/index.php\/2014\/12\/02\/preview-everton-hull-city-2\/#primaryimage\"},\"thumbnailUrl\":\"https:\/\/evertonfc.cz\/wp-content\/uploads\/2019\/01\/preview.jpg\",\"articleSection\":[\"Z\u00e1pasy\"],\"inLanguage\":\"cs\",\"potentialAction\":[{\"@type\":\"CommentAction\",\"name\":\"Comment\",\"target\":[\"https:\/\/evertonfc.cz\/index.php\/2014\/12\/02\/preview-everton-hull-city-2\/#respond\"]}]},{\"@type\":\"WebPage\",\"@id\":\"https:\/\/evertonfc.cz\/index.php\/2014\/12\/02\/preview-everton-hull-city-2\/\",\"url\":\"https:\/\/evertonfc.cz\/index.php\/2014\/12\/02\/preview-everton-hull-city-2\/\",\"name\":\"Preview: Everton - Hull City - Official Czech &amp; Slovak Everton Supporters&#039; Club\",\"isPartOf\":{\"@id\":\"https:\/\/evertonfc.cz\/#website\"},\"primaryImageOfPage\":{\"@id\":\"https:\/\/evertonfc.cz\/index.php\/2014\/12\/02\/preview-everton-hull-city-2\/#primaryimage\"},\"image\":{\"@id\":\"https:\/\/evertonfc.cz\/index.php\/2014\/12\/02\/preview-everton-hull-city-2\/#primaryimage\"},\"thumbnailUrl\":\"https:\/\/evertonfc.cz\/wp-content\/uploads\/2019\/01\/preview.jpg\",\"datePublished\":\"2014-12-01T23:18:05+00:00\",\"dateModified\":\"2019-02-13T06:12:32+00:00\",\"breadcrumb\":{\"@id\":\"https:\/\/evertonfc.cz\/index.php\/2014\/12\/02\/preview-everton-hull-city-2\/#breadcrumb\"},\"inLanguage\":\"cs\",\"potentialAction\":[{\"@type\":\"ReadAction\",\"target\":[\"https:\/\/evertonfc.cz\/index.php\/2014\/12\/02\/preview-everton-hull-city-2\/\"]}]},{\"@type\":\"ImageObject\",\"inLanguage\":\"cs\",\"@id\":\"https:\/\/evertonfc.cz\/index.php\/2014\/12\/02\/preview-everton-hull-city-2\/#primaryimage\",\"url\":\"https:\/\/evertonfc.cz\/wp-content\/uploads\/2019\/01\/preview.jpg\",\"contentUrl\":\"https:\/\/evertonfc.cz\/wp-content\/uploads\/2019\/01\/preview.jpg\",\"width\":720,\"height\":405},{\"@type\":\"BreadcrumbList\",\"@id\":\"https:\/\/evertonfc.cz\/index.php\/2014\/12\/02\/preview-everton-hull-city-2\/#breadcrumb\",\"itemListElement\":[{\"@type\":\"ListItem\",\"position\":1,\"name\":\"Home\",\"item\":\"https:\/\/evertonfc.cz\/\"},{\"@type\":\"ListItem\",\"position\":2,\"name\":\"Preview: Everton &#8211; Hull City\"}]},{\"@type\":\"WebSite\",\"@id\":\"https:\/\/evertonfc.cz\/#website\",\"url\":\"https:\/\/evertonfc.cz\/\",\"name\":\"Official Czech &amp; Slovak Everton Supporters&#039; Club\",\"description\":\"\",\"publisher\":{\"@id\":\"https:\/\/evertonfc.cz\/#organization\"},\"potentialAction\":[{\"@type\":\"SearchAction\",\"target\":{\"@type\":\"EntryPoint\",\"urlTemplate\":\"https:\/\/evertonfc.cz\/?s={search_term_string}\"},\"query-input\":{\"@type\":\"PropertyValueSpecification\",\"valueRequired\":true,\"valueName\":\"search_term_string\"}}],\"inLanguage\":\"cs\"},{\"@type\":\"Organization\",\"@id\":\"https:\/\/evertonfc.cz\/#organization\",\"name\":\"Official Czech & Slovak Everton Supporters' Club\",\"url\":\"https:\/\/evertonfc.cz\/\",\"logo\":{\"@type\":\"ImageObject\",\"inLanguage\":\"cs\",\"@id\":\"https:\/\/evertonfc.cz\/#\/schema\/logo\/image\/\",\"url\":\"https:\/\/evertonfc.cz\/wp-content\/uploads\/2019\/05\/logo.png\",\"contentUrl\":\"https:\/\/evertonfc.cz\/wp-content\/uploads\/2019\/05\/logo.png\",\"width\":112,\"height\":112,\"caption\":\"Official Czech & Slovak Everton Supporters' Club\"},\"image\":{\"@id\":\"https:\/\/evertonfc.cz\/#\/schema\/logo\/image\/\"},\"sameAs\":[\"https:\/\/www.facebook.com\/everton.fans.cz.sk\"]},{\"@type\":\"Person\",\"@id\":\"https:\/\/evertonfc.cz\/#\/schema\/person\/f7a5daedb2ffee98480bc70e191aaef1\",\"name\":\"Ri\u010di\",\"sameAs\":[\"https:\/\/x.com\/rbrejsa\"],\"url\":\"https:\/\/evertonfc.cz\/index.php\/author\/rici\/\"}]}<\/script>\n<!-- \/ Yoast SEO plugin. -->","yoast_head_json":{"title":"Preview: Everton - Hull City - Official Czech &amp; Slovak Everton Supporters&#039; Club","robots":{"index":"index","follow":"follow","max-snippet":"max-snippet:-1","max-image-preview":"max-image-preview:large","max-video-preview":"max-video-preview:-1"},"canonical":"https:\/\/evertonfc.cz\/index.php\/2014\/12\/02\/preview-everton-hull-city-2\/","og_locale":"cs_CZ","og_type":"article","og_title":"Preview: Everton - Hull City - Official Czech &amp; Slovak Everton Supporters&#039; Club","og_description":"Nevyda\u0159en\u00e9 ned\u011bln\u00ed odpoledne na White Hart Lane se jen t\u011b\u017eko vyma\u017ee z pam\u011bti, p\u0159esto t\u0159eba zareagovat n\u00e1vratem na v\u00edt\u011bznou vlnu,&hellip;","og_url":"https:\/\/evertonfc.cz\/index.php\/2014\/12\/02\/preview-everton-hull-city-2\/","og_site_name":"Official Czech &amp; Slovak Everton Supporters&#039; Club","article_publisher":"https:\/\/www.facebook.com\/everton.fans.cz.sk","article_published_time":"2014-12-01T23:18:05+00:00","article_modified_time":"2019-02-13T06:12:32+00:00","og_image":[{"width":720,"height":405,"url":"https:\/\/evertonfc.cz\/wp-content\/uploads\/2019\/01\/preview.jpg","type":"image\/jpeg"}],"author":"Ri\u010di","twitter_card":"summary_large_image","twitter_creator":"@rbrejsa","twitter_misc":{"Napsal(a)":"Ri\u010di","Odhadovan\u00e1 doba \u010dten\u00ed":"4 minuty"},"schema":{"@context":"https:\/\/schema.org","@graph":[{"@type":"Article","@id":"https:\/\/evertonfc.cz\/index.php\/2014\/12\/02\/preview-everton-hull-city-2\/#article","isPartOf":{"@id":"https:\/\/evertonfc.cz\/index.php\/2014\/12\/02\/preview-everton-hull-city-2\/"},"author":{"name":"Ri\u010di","@id":"https:\/\/evertonfc.cz\/#\/schema\/person\/f7a5daedb2ffee98480bc70e191aaef1"},"headline":"Preview: Everton &#8211; Hull City","datePublished":"2014-12-01T23:18:05+00:00","dateModified":"2019-02-13T06:12:32+00:00","mainEntityOfPage":{"@id":"https:\/\/evertonfc.cz\/index.php\/2014\/12\/02\/preview-everton-hull-city-2\/"},"wordCount":838,"commentCount":0,"publisher":{"@id":"https:\/\/evertonfc.cz\/#organization"},"image":{"@id":"https:\/\/evertonfc.cz\/index.php\/2014\/12\/02\/preview-everton-hull-city-2\/#primaryimage"},"thumbnailUrl":"https:\/\/evertonfc.cz\/wp-content\/uploads\/2019\/01\/preview.jpg","articleSection":["Z\u00e1pasy"],"inLanguage":"cs","potentialAction":[{"@type":"CommentAction","name":"Comment","target":["https:\/\/evertonfc.cz\/index.php\/2014\/12\/02\/preview-everton-hull-city-2\/#respond"]}]},{"@type":"WebPage","@id":"https:\/\/evertonfc.cz\/index.php\/2014\/12\/02\/preview-everton-hull-city-2\/","url":"https:\/\/evertonfc.cz\/index.php\/2014\/12\/02\/preview-everton-hull-city-2\/","name":"Preview: Everton - Hull City - Official Czech &amp; Slovak Everton Supporters&#039; Club","isPartOf":{"@id":"https:\/\/evertonfc.cz\/#website"},"primaryImageOfPage":{"@id":"https:\/\/evertonfc.cz\/index.php\/2014\/12\/02\/preview-everton-hull-city-2\/#primaryimage"},"image":{"@id":"https:\/\/evertonfc.cz\/index.php\/2014\/12\/02\/preview-everton-hull-city-2\/#primaryimage"},"thumbnailUrl":"https:\/\/evertonfc.cz\/wp-content\/uploads\/2019\/01\/preview.jpg","datePublished":"2014-12-01T23:18:05+00:00","dateModified":"2019-02-13T06:12:32+00:00","breadcrumb":{"@id":"https:\/\/evertonfc.cz\/index.php\/2014\/12\/02\/preview-everton-hull-city-2\/#breadcrumb"},"inLanguage":"cs","potentialAction":[{"@type":"ReadAction","target":["https:\/\/evertonfc.cz\/index.php\/2014\/12\/02\/preview-everton-hull-city-2\/"]}]},{"@type":"ImageObject","inLanguage":"cs","@id":"https:\/\/evertonfc.cz\/index.php\/2014\/12\/02\/preview-everton-hull-city-2\/#primaryimage","url":"https:\/\/evertonfc.cz\/wp-content\/uploads\/2019\/01\/preview.jpg","contentUrl":"https:\/\/evertonfc.cz\/wp-content\/uploads\/2019\/01\/preview.jpg","width":720,"height":405},{"@type":"BreadcrumbList","@id":"https:\/\/evertonfc.cz\/index.php\/2014\/12\/02\/preview-everton-hull-city-2\/#breadcrumb","itemListElement":[{"@type":"ListItem","position":1,"name":"Home","item":"https:\/\/evertonfc.cz\/"},{"@type":"ListItem","position":2,"name":"Preview: Everton &#8211; Hull City"}]},{"@type":"WebSite","@id":"https:\/\/evertonfc.cz\/#website","url":"https:\/\/evertonfc.cz\/","name":"Official Czech &amp; Slovak Everton Supporters&#039; Club","description":"","publisher":{"@id":"https:\/\/evertonfc.cz\/#organization"},"potentialAction":[{"@type":"SearchAction","target":{"@type":"EntryPoint","urlTemplate":"https:\/\/evertonfc.cz\/?s={search_term_string}"},"query-input":{"@type":"PropertyValueSpecification","valueRequired":true,"valueName":"search_term_string"}}],"inLanguage":"cs"},{"@type":"Organization","@id":"https:\/\/evertonfc.cz\/#organization","name":"Official Czech & Slovak Everton Supporters' Club","url":"https:\/\/evertonfc.cz\/","logo":{"@type":"ImageObject","inLanguage":"cs","@id":"https:\/\/evertonfc.cz\/#\/schema\/logo\/image\/","url":"https:\/\/evertonfc.cz\/wp-content\/uploads\/2019\/05\/logo.png","contentUrl":"https:\/\/evertonfc.cz\/wp-content\/uploads\/2019\/05\/logo.png","width":112,"height":112,"caption":"Official Czech & Slovak Everton Supporters' Club"},"image":{"@id":"https:\/\/evertonfc.cz\/#\/schema\/logo\/image\/"},"sameAs":["https:\/\/www.facebook.com\/everton.fans.cz.sk"]},{"@type":"Person","@id":"https:\/\/evertonfc.cz\/#\/schema\/person\/f7a5daedb2ffee98480bc70e191aaef1","name":"Ri\u010di","sameAs":["https:\/\/x.com\/rbrejsa"],"url":"https:\/\/evertonfc.cz\/index.php\/author\/rici\/"}]}},"_links":{"self":[{"href":"https:\/\/evertonfc.cz\/index.php\/wp-json\/wp\/v2\/posts\/4446"}],"collection":[{"href":"https:\/\/evertonfc.cz\/index.php\/wp-json\/wp\/v2\/posts"}],"about":[{"href":"https:\/\/evertonfc.cz\/index.php\/wp-json\/wp\/v2\/types\/post"}],"author":[{"embeddable":true,"href":"https:\/\/evertonfc.cz\/index.php\/wp-json\/wp\/v2\/users\/6"}],"replies":[{"embeddable":true,"href":"https:\/\/evertonfc.cz\/index.php\/wp-json\/wp\/v2\/comments?post=4446"}],"version-history":[{"count":3,"href":"https:\/\/evertonfc.cz\/index.php\/wp-json\/wp\/v2\/posts\/4446\/revisions"}],"predecessor-version":[{"id":4469,"href":"https:\/\/evertonfc.cz\/index.php\/wp-json\/wp\/v2\/posts\/4446\/revisions\/4469"}],"wp:featuredmedia":[{"embeddable":true,"href":"https:\/\/evertonfc.cz\/index.php\/wp-json\/wp\/v2\/media\/1314"}],"wp:attachment":[{"href":"https:\/\/evertonfc.cz\/index.php\/wp-json\/wp\/v2\/media?parent=4446"}],"wp:term":[{"taxonomy":"category","embeddable":true,"href":"https:\/\/evertonfc.cz\/index.php\/wp-json\/wp\/v2\/categories?post=4446"},{"taxonomy":"post_tag","embeddable":true,"href":"https:\/\/evertonfc.cz\/index.php\/wp-json\/wp\/v2\/tags?post=4446"}],"curies":[{"name":"wp","href":"https:\/\/api.w.org\/{rel}","templated":true}]}}