{"id":4450,"date":"2014-11-29T00:21:36","date_gmt":"2014-11-28T23:21:36","guid":{"rendered":"http:\/\/evertonfc.cz\/?p=4450"},"modified":"2019-02-13T00:22:25","modified_gmt":"2019-02-12T23:22:25","slug":"preview-tottenham-everton","status":"publish","type":"post","link":"https:\/\/evertonfc.cz\/index.php\/2014\/11\/29\/preview-tottenham-everton\/","title":{"rendered":"Preview: Tottenham &#8211; Everton"},"content":{"rendered":"<h4 id=\"NewsPostDetailSummary\">V ned\u011bln\u00edm odpoledni se na ulici b\u00edl\u00e9ho jelena v Lond\u00fdn\u011b st\u0159etnou t\u00fdmy, kter\u00e9 zastupuj\u00ed Anglii ve skupinov\u00e9 f\u00e1zi Evropsk\u00e9 ligy, ji\u017e maj\u00ed postup do dal\u0161\u00edho kola t\u00e9to sout\u011b\u017ee zaji\u0161t\u011bn\u00fd a nepochybn\u011b po\u0161ilh\u00e1vaj\u00ed po \u00fa\u010dasti v Lize mistr\u016f.<\/h4>\n<div id=\"NewsPostDetailContent\">\n<p>T\u00fdm ze severu Lond\u00fdna pro\u017e\u00edv\u00e1 v lize \u0161patn\u00e9 \u010dasy. Co\u017e o to, nem\u00e1 sestupov\u00e9 starosti, ale 17 bod\u016f po dvan\u00e1cti z\u00e1pasech je relativn\u011b m\u00e1lo, nav\u00edc se opravdu hodn\u011b doma neda\u0159\u00ed. Tam kohouti prohr\u00e1li \u010dty\u0159i ze \u0161esti z\u00e1pas\u016f, tak\u017ee konkuruji t\u00fdm\u016fm jako Hull \u010di Burnley, tedy hlavn\u00edm sestupov\u00fdm adept\u016fm. A to se fanou\u0161k\u016fm nel\u00edb\u00ed a u\u017e se oz\u00fdvaj\u00ed, zat\u00edm ojedin\u011bl\u00e9, hlasy, \u017ee by m\u011bl mana\u017eer Pochettino m\u00e1vat na rozlou\u010denou. Venkovn\u00ed ligov\u00e9 z\u00e1pasy kohouti hraj\u00ed r\u00e1di, prohr\u00e1li pouze na Manchesteru City, jinak bodovali (dv\u011b rem\u00edzy a t\u0159i v\u00fdhry).Kohout\u016fm se naopak da\u0159\u00ed v Evropsk\u00e9 lize, \u010dtvrte\u010dn\u00edm dom\u00e1c\u00edm v\u00edt\u011bzstv\u00edm nad Partizanem B\u011blehrad postoupil mezi posledn\u00ed dvaat\u0159ic\u00edtku a m\u016f\u017ee se tak t\u011b\u0161it na 15. prosince, kdy se losuj\u00ed dal\u0161\u00ed kola evropsk\u00fdch poh\u00e1r\u016f. Na rozd\u00edl od karamelek je\u0161t\u011b nem\u00e1 Tottenham jist\u00e9 v\u00edt\u011bzstv\u00ed ve skupin\u011b.<\/p>\n<p>Spurs p\u0159ed sez\u00f3nou pos\u00edlili hlavn\u011b v obrann\u00e9 f\u00e1zi, p\u0159i\u0161li obr\u00e1nci Dier a Davies, konkurenci Llorisovi a Friedelovi zv\u00fd\u0161il brank\u00e1\u0159 Vorm. Naopak z odchod\u016f mus\u00edm zm\u00ednit dvojici Sigurdsson-Livermore. N\u00e1\u0161 z\u00edt\u0159ej\u0161\u00ed soupe\u0159 za n\u011b dostal 18 mega, tak\u017ee asi dobr\u00fd odchod, aspo\u0148 finan\u010dn\u011b.<\/p>\n<p>Do z\u00e1pasu proti Evertonu tedy soupe\u0159 vstupuje psychicky povzbuzen v\u00edt\u011bzstv\u00edm z posledn\u00edho z\u00e1pasu. Ale v jak\u00e9 sestav\u011b nastoup\u00ed, to se rozhodne a\u017e p\u0159ed z\u00e1pasem, n\u011bkolik hr\u00e1\u010d\u016f je, jak u\u017e to tak b\u00fdv\u00e1, p\u016fl nap\u016fl. Kdo ale ur\u010dit\u011b nenastoup\u00ed, je dvojice Kyl\u016f, Naughton pyk\u00e1 za vylou\u010den\u00ed, Walker u\u017e po zran\u011bn\u00ed tr\u00e9nuje, ale do z\u00e1pasu je\u0161t\u011b nezas\u00e1hne. Townsend kv\u016fli kotn\u00edku sp\u00ed\u0161e ne a ta p\u011btice, o jej\u00ed\u017e startu se rozhodne a\u017e p\u0159ed z\u00e1pasem, obsahuje jm\u00e9na jako Adebayor a Kabou, tedy pro sou\u010dasn\u00fd k\u00e1dr docela d\u016fle\u017eit\u00e9 hr\u00e1\u010de. Zbylou trochu zran\u011bnou trojici tvo\u0159\u00ed Rose, Chadli a Capoue.<\/p>\n<p>Jak je na tom zdravotn\u011b Everton? Na tom, \u017ee op\u011bt bude chyb\u011bt \u010dtve\u0159ice Barry-Alcaraz-Stones-Gibson se nic nem\u011bn\u00ed, stejn\u011b jako je nepravd\u011bpodobn\u00e1 \u00fa\u010dast dvojice McCarthy-Oviedo aspo\u0148 na lavi\u010dce. Naopak se po kr\u00e1tk\u00e9 pauze m\u016f\u017ee vr\u00e1tit trojice Pienaar-Baines-Naismith, co\u017e by jist\u011b prosp\u011blo \u00fato\u010dn\u00e9 h\u0159e. Pokud by nejlep\u0161\u00ed lev\u00fd obr\u00e1nce na sv\u011bt\u011b nemohl hr\u00e1t, tak by mohl pokra\u010dovat vlevo Garbutt, vpravo skoro jist\u011b dostane p\u0159ednost p\u0159ed Hibbertem Coleman, jen\u017e ve \u010dtvrtek ve Wolfsburgu v\u016fbec nenastoupil. V z\u00e1loze nejsp\u00ed\u0161 op\u011bt McGeady vlevo a pod hrotem Lukakem bude operovat Barkley. A st\u0159ed obrany bude chr\u00e1nit ve st\u0159edu z\u00e1lohy zata\u017een\u011bj\u0161\u00ed dvojice Besi\u0107-Osman.<\/p>\n<p><strong>Co: <\/strong>Tottenham Hotspur &#8211; Everton FC, 13. kolo Premier League<br \/>\n<strong>Kdy:<\/strong> 30. 11. 2014 od 17:00 SE\u010c<br \/>\n<strong>Kde:<\/strong> ulice White Hart Lane, \u010dtvr\u0165 Tottenham, Lond\u00fdn, Anglie (kapacita:36 284)<br \/>\n<strong>Rozhod\u010d\u00ed:<\/strong> Michael Oliver<\/p>\n<\/div>\n","protected":false},"excerpt":{"rendered":"<p>V ned\u011bln\u00edm odpoledni se na ulici b\u00edl\u00e9ho jelena v Lond\u00fdn\u011b st\u0159etnou t\u00fdmy, kter\u00e9 zastupuj\u00ed Anglii ve skupinov\u00e9 f\u00e1zi Evropsk\u00e9 ligy,&hellip;<\/p>\n","protected":false},"author":12,"featured_media":1314,"comment_status":"open","ping_status":"closed","sticky":false,"template":"","format":"standard","meta":{"_eb_attr":"","_monsterinsights_skip_tracking":false,"_monsterinsights_sitenote_active":false,"_monsterinsights_sitenote_note":"","_monsterinsights_sitenote_category":0,"footnotes":""},"categories":[4],"tags":[],"yoast_head":"<!-- This site is optimized with the Yoast SEO plugin v23.4 - https:\/\/yoast.com\/wordpress\/plugins\/seo\/ -->\n<title>Preview: Tottenham - Everton - Official Czech &amp; Slovak Everton Supporters&#039; Club<\/title>\n<meta name=\"robots\" content=\"index, follow, max-snippet:-1, max-image-preview:large, max-video-preview:-1\" \/>\n<link rel=\"canonical\" href=\"https:\/\/evertonfc.cz\/index.php\/2014\/11\/29\/preview-tottenham-everton\/\" \/>\n<meta property=\"og:locale\" content=\"cs_CZ\" \/>\n<meta property=\"og:type\" content=\"article\" \/>\n<meta property=\"og:title\" content=\"Preview: Tottenham - Everton - Official Czech &amp; Slovak Everton Supporters&#039; Club\" \/>\n<meta property=\"og:description\" content=\"V ned\u011bln\u00edm odpoledni se na ulici b\u00edl\u00e9ho jelena v Lond\u00fdn\u011b st\u0159etnou t\u00fdmy, kter\u00e9 zastupuj\u00ed Anglii ve skupinov\u00e9 f\u00e1zi Evropsk\u00e9 ligy,&hellip;\" \/>\n<meta property=\"og:url\" content=\"https:\/\/evertonfc.cz\/index.php\/2014\/11\/29\/preview-tottenham-everton\/\" \/>\n<meta property=\"og:site_name\" content=\"Official Czech &amp; Slovak Everton Supporters&#039; Club\" \/>\n<meta property=\"article:publisher\" content=\"https:\/\/www.facebook.com\/everton.fans.cz.sk\" \/>\n<meta property=\"article:published_time\" content=\"2014-11-28T23:21:36+00:00\" \/>\n<meta property=\"article:modified_time\" content=\"2019-02-12T23:22:25+00:00\" \/>\n<meta property=\"og:image\" content=\"https:\/\/evertonfc.cz\/wp-content\/uploads\/2019\/01\/preview.jpg\" \/>\n\t<meta property=\"og:image:width\" content=\"720\" \/>\n\t<meta property=\"og:image:height\" content=\"405\" \/>\n\t<meta property=\"og:image:type\" content=\"image\/jpeg\" \/>\n<meta name=\"author\" content=\"Javor\" \/>\n<meta name=\"twitter:card\" content=\"summary_large_image\" \/>\n<meta name=\"twitter:creator\" content=\"@LoudinJan\" \/>\n<meta name=\"twitter:label1\" content=\"Napsal(a)\" \/>\n\t<meta name=\"twitter:data1\" content=\"Javor\" \/>\n\t<meta name=\"twitter:label2\" content=\"Odhadovan\u00e1 doba \u010dten\u00ed\" \/>\n\t<meta name=\"twitter:data2\" content=\"3 minuty\" \/>\n<script type=\"application\/ld+json\" class=\"yoast-schema-graph\">{\"@context\":\"https:\/\/schema.org\",\"@graph\":[{\"@type\":\"Article\",\"@id\":\"https:\/\/evertonfc.cz\/index.php\/2014\/11\/29\/preview-tottenham-everton\/#article\",\"isPartOf\":{\"@id\":\"https:\/\/evertonfc.cz\/index.php\/2014\/11\/29\/preview-tottenham-everton\/\"},\"author\":{\"name\":\"Javor\",\"@id\":\"https:\/\/evertonfc.cz\/#\/schema\/person\/b30daf6a5852f4811f8207a17ec1bf78\"},\"headline\":\"Preview: Tottenham &#8211; Everton\",\"datePublished\":\"2014-11-28T23:21:36+00:00\",\"dateModified\":\"2019-02-12T23:22:25+00:00\",\"mainEntityOfPage\":{\"@id\":\"https:\/\/evertonfc.cz\/index.php\/2014\/11\/29\/preview-tottenham-everton\/\"},\"wordCount\":563,\"commentCount\":0,\"publisher\":{\"@id\":\"https:\/\/evertonfc.cz\/#organization\"},\"image\":{\"@id\":\"https:\/\/evertonfc.cz\/index.php\/2014\/11\/29\/preview-tottenham-everton\/#primaryimage\"},\"thumbnailUrl\":\"https:\/\/evertonfc.cz\/wp-content\/uploads\/2019\/01\/preview.jpg\",\"articleSection\":[\"Z\u00e1pasy\"],\"inLanguage\":\"cs\",\"potentialAction\":[{\"@type\":\"CommentAction\",\"name\":\"Comment\",\"target\":[\"https:\/\/evertonfc.cz\/index.php\/2014\/11\/29\/preview-tottenham-everton\/#respond\"]}]},{\"@type\":\"WebPage\",\"@id\":\"https:\/\/evertonfc.cz\/index.php\/2014\/11\/29\/preview-tottenham-everton\/\",\"url\":\"https:\/\/evertonfc.cz\/index.php\/2014\/11\/29\/preview-tottenham-everton\/\",\"name\":\"Preview: Tottenham - Everton - Official Czech &amp; Slovak Everton Supporters&#039; Club\",\"isPartOf\":{\"@id\":\"https:\/\/evertonfc.cz\/#website\"},\"primaryImageOfPage\":{\"@id\":\"https:\/\/evertonfc.cz\/index.php\/2014\/11\/29\/preview-tottenham-everton\/#primaryimage\"},\"image\":{\"@id\":\"https:\/\/evertonfc.cz\/index.php\/2014\/11\/29\/preview-tottenham-everton\/#primaryimage\"},\"thumbnailUrl\":\"https:\/\/evertonfc.cz\/wp-content\/uploads\/2019\/01\/preview.jpg\",\"datePublished\":\"2014-11-28T23:21:36+00:00\",\"dateModified\":\"2019-02-12T23:22:25+00:00\",\"breadcrumb\":{\"@id\":\"https:\/\/evertonfc.cz\/index.php\/2014\/11\/29\/preview-tottenham-everton\/#breadcrumb\"},\"inLanguage\":\"cs\",\"potentialAction\":[{\"@type\":\"ReadAction\",\"target\":[\"https:\/\/evertonfc.cz\/index.php\/2014\/11\/29\/preview-tottenham-everton\/\"]}]},{\"@type\":\"ImageObject\",\"inLanguage\":\"cs\",\"@id\":\"https:\/\/evertonfc.cz\/index.php\/2014\/11\/29\/preview-tottenham-everton\/#primaryimage\",\"url\":\"https:\/\/evertonfc.cz\/wp-content\/uploads\/2019\/01\/preview.jpg\",\"contentUrl\":\"https:\/\/evertonfc.cz\/wp-content\/uploads\/2019\/01\/preview.jpg\",\"width\":720,\"height\":405},{\"@type\":\"BreadcrumbList\",\"@id\":\"https:\/\/evertonfc.cz\/index.php\/2014\/11\/29\/preview-tottenham-everton\/#breadcrumb\",\"itemListElement\":[{\"@type\":\"ListItem\",\"position\":1,\"name\":\"Home\",\"item\":\"https:\/\/evertonfc.cz\/\"},{\"@type\":\"ListItem\",\"position\":2,\"name\":\"Preview: Tottenham &#8211; Everton\"}]},{\"@type\":\"WebSite\",\"@id\":\"https:\/\/evertonfc.cz\/#website\",\"url\":\"https:\/\/evertonfc.cz\/\",\"name\":\"Official Czech &amp; Slovak Everton Supporters&#039; Club\",\"description\":\"\",\"publisher\":{\"@id\":\"https:\/\/evertonfc.cz\/#organization\"},\"potentialAction\":[{\"@type\":\"SearchAction\",\"target\":{\"@type\":\"EntryPoint\",\"urlTemplate\":\"https:\/\/evertonfc.cz\/?s={search_term_string}\"},\"query-input\":{\"@type\":\"PropertyValueSpecification\",\"valueRequired\":true,\"valueName\":\"search_term_string\"}}],\"inLanguage\":\"cs\"},{\"@type\":\"Organization\",\"@id\":\"https:\/\/evertonfc.cz\/#organization\",\"name\":\"Official Czech & Slovak Everton Supporters' Club\",\"url\":\"https:\/\/evertonfc.cz\/\",\"logo\":{\"@type\":\"ImageObject\",\"inLanguage\":\"cs\",\"@id\":\"https:\/\/evertonfc.cz\/#\/schema\/logo\/image\/\",\"url\":\"https:\/\/evertonfc.cz\/wp-content\/uploads\/2019\/05\/logo.png\",\"contentUrl\":\"https:\/\/evertonfc.cz\/wp-content\/uploads\/2019\/05\/logo.png\",\"width\":112,\"height\":112,\"caption\":\"Official Czech & Slovak Everton Supporters' Club\"},\"image\":{\"@id\":\"https:\/\/evertonfc.cz\/#\/schema\/logo\/image\/\"},\"sameAs\":[\"https:\/\/www.facebook.com\/everton.fans.cz.sk\"]},{\"@type\":\"Person\",\"@id\":\"https:\/\/evertonfc.cz\/#\/schema\/person\/b30daf6a5852f4811f8207a17ec1bf78\",\"name\":\"Javor\",\"sameAs\":[\"https:\/\/x.com\/LoudinJan\"],\"url\":\"https:\/\/evertonfc.cz\/index.php\/author\/javor\/\"}]}<\/script>\n<!-- \/ Yoast SEO plugin. -->","yoast_head_json":{"title":"Preview: Tottenham - Everton - Official Czech &amp; Slovak Everton Supporters&#039; Club","robots":{"index":"index","follow":"follow","max-snippet":"max-snippet:-1","max-image-preview":"max-image-preview:large","max-video-preview":"max-video-preview:-1"},"canonical":"https:\/\/evertonfc.cz\/index.php\/2014\/11\/29\/preview-tottenham-everton\/","og_locale":"cs_CZ","og_type":"article","og_title":"Preview: Tottenham - Everton - Official Czech &amp; Slovak Everton Supporters&#039; Club","og_description":"V ned\u011bln\u00edm odpoledni se na ulici b\u00edl\u00e9ho jelena v Lond\u00fdn\u011b st\u0159etnou t\u00fdmy, kter\u00e9 zastupuj\u00ed Anglii ve skupinov\u00e9 f\u00e1zi Evropsk\u00e9 ligy,&hellip;","og_url":"https:\/\/evertonfc.cz\/index.php\/2014\/11\/29\/preview-tottenham-everton\/","og_site_name":"Official Czech &amp; Slovak Everton Supporters&#039; Club","article_publisher":"https:\/\/www.facebook.com\/everton.fans.cz.sk","article_published_time":"2014-11-28T23:21:36+00:00","article_modified_time":"2019-02-12T23:22:25+00:00","og_image":[{"width":720,"height":405,"url":"https:\/\/evertonfc.cz\/wp-content\/uploads\/2019\/01\/preview.jpg","type":"image\/jpeg"}],"author":"Javor","twitter_card":"summary_large_image","twitter_creator":"@LoudinJan","twitter_misc":{"Napsal(a)":"Javor","Odhadovan\u00e1 doba \u010dten\u00ed":"3 minuty"},"schema":{"@context":"https:\/\/schema.org","@graph":[{"@type":"Article","@id":"https:\/\/evertonfc.cz\/index.php\/2014\/11\/29\/preview-tottenham-everton\/#article","isPartOf":{"@id":"https:\/\/evertonfc.cz\/index.php\/2014\/11\/29\/preview-tottenham-everton\/"},"author":{"name":"Javor","@id":"https:\/\/evertonfc.cz\/#\/schema\/person\/b30daf6a5852f4811f8207a17ec1bf78"},"headline":"Preview: Tottenham &#8211; Everton","datePublished":"2014-11-28T23:21:36+00:00","dateModified":"2019-02-12T23:22:25+00:00","mainEntityOfPage":{"@id":"https:\/\/evertonfc.cz\/index.php\/2014\/11\/29\/preview-tottenham-everton\/"},"wordCount":563,"commentCount":0,"publisher":{"@id":"https:\/\/evertonfc.cz\/#organization"},"image":{"@id":"https:\/\/evertonfc.cz\/index.php\/2014\/11\/29\/preview-tottenham-everton\/#primaryimage"},"thumbnailUrl":"https:\/\/evertonfc.cz\/wp-content\/uploads\/2019\/01\/preview.jpg","articleSection":["Z\u00e1pasy"],"inLanguage":"cs","potentialAction":[{"@type":"CommentAction","name":"Comment","target":["https:\/\/evertonfc.cz\/index.php\/2014\/11\/29\/preview-tottenham-everton\/#respond"]}]},{"@type":"WebPage","@id":"https:\/\/evertonfc.cz\/index.php\/2014\/11\/29\/preview-tottenham-everton\/","url":"https:\/\/evertonfc.cz\/index.php\/2014\/11\/29\/preview-tottenham-everton\/","name":"Preview: Tottenham - Everton - Official Czech &amp; Slovak Everton Supporters&#039; Club","isPartOf":{"@id":"https:\/\/evertonfc.cz\/#website"},"primaryImageOfPage":{"@id":"https:\/\/evertonfc.cz\/index.php\/2014\/11\/29\/preview-tottenham-everton\/#primaryimage"},"image":{"@id":"https:\/\/evertonfc.cz\/index.php\/2014\/11\/29\/preview-tottenham-everton\/#primaryimage"},"thumbnailUrl":"https:\/\/evertonfc.cz\/wp-content\/uploads\/2019\/01\/preview.jpg","datePublished":"2014-11-28T23:21:36+00:00","dateModified":"2019-02-12T23:22:25+00:00","breadcrumb":{"@id":"https:\/\/evertonfc.cz\/index.php\/2014\/11\/29\/preview-tottenham-everton\/#breadcrumb"},"inLanguage":"cs","potentialAction":[{"@type":"ReadAction","target":["https:\/\/evertonfc.cz\/index.php\/2014\/11\/29\/preview-tottenham-everton\/"]}]},{"@type":"ImageObject","inLanguage":"cs","@id":"https:\/\/evertonfc.cz\/index.php\/2014\/11\/29\/preview-tottenham-everton\/#primaryimage","url":"https:\/\/evertonfc.cz\/wp-content\/uploads\/2019\/01\/preview.jpg","contentUrl":"https:\/\/evertonfc.cz\/wp-content\/uploads\/2019\/01\/preview.jpg","width":720,"height":405},{"@type":"BreadcrumbList","@id":"https:\/\/evertonfc.cz\/index.php\/2014\/11\/29\/preview-tottenham-everton\/#breadcrumb","itemListElement":[{"@type":"ListItem","position":1,"name":"Home","item":"https:\/\/evertonfc.cz\/"},{"@type":"ListItem","position":2,"name":"Preview: Tottenham &#8211; Everton"}]},{"@type":"WebSite","@id":"https:\/\/evertonfc.cz\/#website","url":"https:\/\/evertonfc.cz\/","name":"Official Czech &amp; Slovak Everton Supporters&#039; Club","description":"","publisher":{"@id":"https:\/\/evertonfc.cz\/#organization"},"potentialAction":[{"@type":"SearchAction","target":{"@type":"EntryPoint","urlTemplate":"https:\/\/evertonfc.cz\/?s={search_term_string}"},"query-input":{"@type":"PropertyValueSpecification","valueRequired":true,"valueName":"search_term_string"}}],"inLanguage":"cs"},{"@type":"Organization","@id":"https:\/\/evertonfc.cz\/#organization","name":"Official Czech & Slovak Everton Supporters' Club","url":"https:\/\/evertonfc.cz\/","logo":{"@type":"ImageObject","inLanguage":"cs","@id":"https:\/\/evertonfc.cz\/#\/schema\/logo\/image\/","url":"https:\/\/evertonfc.cz\/wp-content\/uploads\/2019\/05\/logo.png","contentUrl":"https:\/\/evertonfc.cz\/wp-content\/uploads\/2019\/05\/logo.png","width":112,"height":112,"caption":"Official Czech & Slovak Everton Supporters' Club"},"image":{"@id":"https:\/\/evertonfc.cz\/#\/schema\/logo\/image\/"},"sameAs":["https:\/\/www.facebook.com\/everton.fans.cz.sk"]},{"@type":"Person","@id":"https:\/\/evertonfc.cz\/#\/schema\/person\/b30daf6a5852f4811f8207a17ec1bf78","name":"Javor","sameAs":["https:\/\/x.com\/LoudinJan"],"url":"https:\/\/evertonfc.cz\/index.php\/author\/javor\/"}]}},"_links":{"self":[{"href":"https:\/\/evertonfc.cz\/index.php\/wp-json\/wp\/v2\/posts\/4450"}],"collection":[{"href":"https:\/\/evertonfc.cz\/index.php\/wp-json\/wp\/v2\/posts"}],"about":[{"href":"https:\/\/evertonfc.cz\/index.php\/wp-json\/wp\/v2\/types\/post"}],"author":[{"embeddable":true,"href":"https:\/\/evertonfc.cz\/index.php\/wp-json\/wp\/v2\/users\/12"}],"replies":[{"embeddable":true,"href":"https:\/\/evertonfc.cz\/index.php\/wp-json\/wp\/v2\/comments?post=4450"}],"version-history":[{"count":1,"href":"https:\/\/evertonfc.cz\/index.php\/wp-json\/wp\/v2\/posts\/4450\/revisions"}],"predecessor-version":[{"id":4451,"href":"https:\/\/evertonfc.cz\/index.php\/wp-json\/wp\/v2\/posts\/4450\/revisions\/4451"}],"wp:featuredmedia":[{"embeddable":true,"href":"https:\/\/evertonfc.cz\/index.php\/wp-json\/wp\/v2\/media\/1314"}],"wp:attachment":[{"href":"https:\/\/evertonfc.cz\/index.php\/wp-json\/wp\/v2\/media?parent=4450"}],"wp:term":[{"taxonomy":"category","embeddable":true,"href":"https:\/\/evertonfc.cz\/index.php\/wp-json\/wp\/v2\/categories?post=4450"},{"taxonomy":"post_tag","embeddable":true,"href":"https:\/\/evertonfc.cz\/index.php\/wp-json\/wp\/v2\/tags?post=4450"}],"curies":[{"name":"wp","href":"https:\/\/api.w.org\/{rel}","templated":true}]}}