{"id":4452,"date":"2014-11-27T00:22:35","date_gmt":"2014-11-26T23:22:35","guid":{"rendered":"http:\/\/evertonfc.cz\/?p=4452"},"modified":"2019-02-13T00:23:36","modified_gmt":"2019-02-12T23:23:36","slug":"wolfsburg-everton-02","status":"publish","type":"post","link":"https:\/\/evertonfc.cz\/index.php\/2014\/11\/27\/wolfsburg-everton-02\/","title":{"rendered":"Wolfsburg &#8211; Everton 0:2"},"content":{"rendered":"<h4 id=\"NewsPostDetailSummary\">Stejn\u011b jako v prvn\u00edm vz\u00e1jemn\u00e9m z\u00e1pase byl Everton p\u0159est\u0159\u00edlen soupe\u0159em, p\u0159esto se raduje z cenn\u00e9 v\u00fdhry, kter\u00e1 mu zaru\u010dila kolo p\u0159ed koncem skupinov\u00e9 prvenstv\u00ed.<\/h4>\n<div id=\"NewsPostDetailContent\">\n<p>Postupuj\u00edc\u00edm do vy\u0159azovac\u00ed f\u00e1ze mezi 32 nejlep\u0161\u00edch se Toffees stali u\u017e o polo\u010das, pomohl jim rem\u00edzov\u00fd v\u00fdsledek 1:1 Krasnodaru s Lille. Pr\u00e1v\u011b dom\u00e1c\u00ed utk\u00e1n\u00ed s rusk\u00fdm celkem bude na programu za \u010dtrn\u00e1ct dn\u00ed a vzhledem k jeho men\u0161\u00ed d\u016fle\u017eitosti lze p\u0159edpokl\u00e1dat nasazen\u00ed hr\u00e1\u010d\u016f z lavi\u010dky a mlad\u00fdch talent\u016f z U21.<\/p>\n<p>Kv\u016fli zran\u011bn\u00ed nenastoupil Steven Naismith, nahradil ho Samuel Eto&#8217;o. D\u00e1le se do z\u00e1kladu dostali Luke Garbutt, Mohamed Be\u0161i\u0107 a Aiden McGeady, jen na st\u0159\u00edda\u010dku usedli Coleman, Osman a Barkley.<\/p>\n<p>Od prvn\u00edch minut p\u0159evzal taktovku Wolfsburg, do \u0161anc\u00ed se dost\u00e1val z\u00e1sluhou Ivana Peri\u0161i\u0107ovi, aktivn\u00ed k\u0159\u00eddeln\u00edk nejprve nezam\u00ed\u0159il p\u0159esn\u011b hlavou a n\u00e1sledn\u011b proti n\u011bmu v\u010dasn\u011b vyb\u011bhl Howard, \u010d\u00edm\u017e mu zmen\u0161il \u00fahel. Blues poprv\u00e9 zahrozili Sylvainem Distinem, po Garbuttov\u011b rohu hlavi\u010dkov\u00fdm kon\u00ed\u010dkem oraz\u00edtkoval b\u0159evno.<\/p>\n<p>Po dal\u0161\u00edm z\u00e1varu se dom\u00e1c\u00ed prosadili, Peri\u0161i\u0107 rozvlnil s\u00ed\u0165 doklepnut\u00edm zbl\u00edzka. Pro ofsajd ale branka neplatila, nicm\u00e9n\u011b opakovan\u00e9 z\u00e1b\u011bry uk\u00e1zaly chybu asistenta rozhod\u010d\u00edho. N\u00e1sledn\u011b v 31. minut\u011b musel vyst\u0159\u00eddat James McCarthy, poranil si stehenn\u00ed sval, m\u00edsto n\u011bj p\u0159i\u0161el na h\u0159i\u0161t\u011b Leon Osman. Absence Ira byla zn\u00e1t zn\u00e1t zpo\u010d\u00e1tku, ne\u017e se st\u0159ed h\u0159i\u0161t\u011b Evertonu sehr\u00e1l, Vlci n\u011bkolikr\u00e1t vyu\u017eili \u0161patnou pozi\u010dn\u00ed hru dvojice Osman-Be\u0161i\u0107.<\/p>\n<p>Z d\u00e1lky zkou\u0161el \u0161t\u011bst\u00ed Kevin Mirallas, branka\u0159 Benaglio vyr\u00e1\u017eel na roh. I kdy\u017e aktivn\u011bji p\u016fsobili fotbalist\u00e9 v zelen\u00e9m, po taktick\u00e9 str\u00e1nce duel nezvl\u00e1dli. Po odvr\u00e1cen\u00ed rohu Kevin Mirallas vysunul na p\u016flce Lukaka, ten po \u0161patn\u00e9m prvn\u00edm dotyku t\u011blem odstavil Malandu, nenechal se dob\u011bhnout protivn\u00edky a p\u0159esn\u00fdm zakon\u010den\u00edm otev\u0159el sk\u00f3re &#8211; <strong>0:1<\/strong>.<\/p>\n<p>Po p\u0159est\u00e1vce se obraz hry nezm\u011bnil, Wolfsburg dob\u00fdval Howardu branku a Everton vy\u010dk\u00e1val na sv\u00e9 p\u0159\u00edle\u017eitosti. Americk\u00fd g\u00f3lman dob\u0159e zas\u00e1hl proti chytr\u00e9 st\u0159ele Kevina De Bruyna a trefa Nicklase Bendtnera byla spr\u00e1vn\u011b neuzn\u00e1na pro ofsajd. Obrovskou mo\u017enost zahodil Aiden McGeady, po dor\u00e1\u017ece Lukakovy r\u00e1ny m\u00ed\u0159il nad b\u0159evno z prostoru p\u0159ed penaltou, p\u0159i tom na n\u011bj koukala velk\u00e1 \u010d\u00e1st odkryt\u00e9 branky.<\/p>\n<p>S dal\u0161\u00edmi pokusy se uvedli Ivan Peri\u0161i\u0107 a Marcel Sch\u00e4fer, av\u0161ak doplatili na v\u011bt\u0161\u00ed p\u0159esnost v\u00a0zakon\u010den\u00ed \u010di pohotovost Tima Howarda. P\u0159esnost v\u00a0zakon\u010den\u00ed nepostr\u00e1dal Mirallas, v 75. minut\u011b ho Lukaku uvolnil n\u00e1dhernou p\u0159ihr\u00e1vkou, co\u017e bylo korunov\u00e1no p\u0159esn\u00fdm fini\u0161em p\u0159es br\u00e1n\u00edc\u00edho Nalda &#8211; <strong>0:2<\/strong>. V z\u00e1v\u011bru je\u0161t\u011b rozvlnil s\u00ed\u0165 st\u0159\u00eddaj\u00edc\u00ed Ross Barkley, jen\u017ee p\u0159ihr\u00e1vku p\u0159ebral v ofsajdov\u00e9m postaven\u00ed, a tak se t\u0159\u00edg\u00f3lov\u00fd debakl nekonal. P\u0159esto tak\u00e9 v\u00fdhra 2:0 p\u0159\u00edjemn\u011b zah\u0159\u00e1la.<\/p>\n<p><strong>Branky:<\/strong> 43. Romelu Lukaku, 75. Kevin Mirallas<br \/>\n<strong>\u017dK:<\/strong> 45. Luiz Gustavo, 58. Ivan Peri\u0161i\u0107 &#8211; 73. Muhamed Be\u0161i\u0107<br \/>\n<strong>VfL Wolfsburg: <\/strong>Diego Benaglio, Vieirinha, Naldo, Robin Knoche, Marcel Sch\u00e4fer, Luiz Gustavo, Bernard Malanda-Adje (63. Daniel Caligiuri), Kevin De Bruyne, Aaron Hunt (75. Maximilian Arnold), Ivan Peri\u0161i\u0107, Nicklas Bendtner (75. Ivica Oli\u0107)<br \/>\n<strong>Everton FC:<\/strong> Tim Howard, Tony Hibbert, Phil Jagielka, Sylvain Distin, Luke Garbutt, Aiden McGeady, Muhamed Be\u0161i\u0107, James McCarthy (31. Leon Osman), Kevin Mirallas (83. Christian Atsu), Samuel Eto&#8217;o (73. Ross Barkley), Romelu Lukaku<br \/>\n<strong>Rozhod\u010d\u00ed:<\/strong> Fernando Teixeira Vitienes<br \/>\n<strong>Div\u00e1ci:<\/strong> 25 375<\/p>\n<\/div>\n","protected":false},"excerpt":{"rendered":"<p>Stejn\u011b jako v prvn\u00edm vz\u00e1jemn\u00e9m z\u00e1pase byl Everton p\u0159est\u0159\u00edlen soupe\u0159em, p\u0159esto se raduje z cenn\u00e9 v\u00fdhry, kter\u00e1 mu zaru\u010dila kolo&hellip;<\/p>\n","protected":false},"author":6,"featured_media":1315,"comment_status":"open","ping_status":"closed","sticky":false,"template":"","format":"standard","meta":{"_eb_attr":"","_monsterinsights_skip_tracking":false,"_monsterinsights_sitenote_active":false,"_monsterinsights_sitenote_note":"","_monsterinsights_sitenote_category":0,"footnotes":""},"categories":[4],"tags":[],"yoast_head":"<!-- This site is optimized with the Yoast SEO plugin v23.4 - https:\/\/yoast.com\/wordpress\/plugins\/seo\/ -->\n<title>Wolfsburg - Everton 0:2 - Official Czech &amp; Slovak Everton Supporters&#039; Club<\/title>\n<meta name=\"robots\" content=\"index, follow, max-snippet:-1, max-image-preview:large, max-video-preview:-1\" \/>\n<link rel=\"canonical\" href=\"https:\/\/evertonfc.cz\/index.php\/2014\/11\/27\/wolfsburg-everton-02\/\" \/>\n<meta property=\"og:locale\" content=\"cs_CZ\" \/>\n<meta property=\"og:type\" content=\"article\" \/>\n<meta property=\"og:title\" content=\"Wolfsburg - Everton 0:2 - Official Czech &amp; Slovak Everton Supporters&#039; Club\" \/>\n<meta property=\"og:description\" content=\"Stejn\u011b jako v prvn\u00edm vz\u00e1jemn\u00e9m z\u00e1pase byl Everton p\u0159est\u0159\u00edlen soupe\u0159em, p\u0159esto se raduje z cenn\u00e9 v\u00fdhry, kter\u00e1 mu zaru\u010dila kolo&hellip;\" \/>\n<meta property=\"og:url\" content=\"https:\/\/evertonfc.cz\/index.php\/2014\/11\/27\/wolfsburg-everton-02\/\" \/>\n<meta property=\"og:site_name\" content=\"Official Czech &amp; Slovak Everton Supporters&#039; Club\" \/>\n<meta property=\"article:publisher\" content=\"https:\/\/www.facebook.com\/everton.fans.cz.sk\" \/>\n<meta property=\"article:published_time\" content=\"2014-11-26T23:22:35+00:00\" \/>\n<meta property=\"article:modified_time\" content=\"2019-02-12T23:23:36+00:00\" \/>\n<meta property=\"og:image\" content=\"https:\/\/evertonfc.cz\/wp-content\/uploads\/2019\/01\/report.jpg\" \/>\n\t<meta property=\"og:image:width\" content=\"720\" \/>\n\t<meta property=\"og:image:height\" content=\"405\" \/>\n\t<meta property=\"og:image:type\" content=\"image\/jpeg\" \/>\n<meta name=\"author\" content=\"Ri\u010di\" \/>\n<meta name=\"twitter:card\" content=\"summary_large_image\" \/>\n<meta name=\"twitter:creator\" content=\"@rbrejsa\" \/>\n<meta name=\"twitter:label1\" content=\"Napsal(a)\" \/>\n\t<meta name=\"twitter:data1\" content=\"Ri\u010di\" \/>\n\t<meta name=\"twitter:label2\" content=\"Odhadovan\u00e1 doba \u010dten\u00ed\" \/>\n\t<meta name=\"twitter:data2\" content=\"3 minuty\" \/>\n<script type=\"application\/ld+json\" class=\"yoast-schema-graph\">{\"@context\":\"https:\/\/schema.org\",\"@graph\":[{\"@type\":\"Article\",\"@id\":\"https:\/\/evertonfc.cz\/index.php\/2014\/11\/27\/wolfsburg-everton-02\/#article\",\"isPartOf\":{\"@id\":\"https:\/\/evertonfc.cz\/index.php\/2014\/11\/27\/wolfsburg-everton-02\/\"},\"author\":{\"name\":\"Ri\u010di\",\"@id\":\"https:\/\/evertonfc.cz\/#\/schema\/person\/f7a5daedb2ffee98480bc70e191aaef1\"},\"headline\":\"Wolfsburg &#8211; Everton 0:2\",\"datePublished\":\"2014-11-26T23:22:35+00:00\",\"dateModified\":\"2019-02-12T23:23:36+00:00\",\"mainEntityOfPage\":{\"@id\":\"https:\/\/evertonfc.cz\/index.php\/2014\/11\/27\/wolfsburg-everton-02\/\"},\"wordCount\":636,\"commentCount\":0,\"publisher\":{\"@id\":\"https:\/\/evertonfc.cz\/#organization\"},\"image\":{\"@id\":\"https:\/\/evertonfc.cz\/index.php\/2014\/11\/27\/wolfsburg-everton-02\/#primaryimage\"},\"thumbnailUrl\":\"https:\/\/evertonfc.cz\/wp-content\/uploads\/2019\/01\/report.jpg\",\"articleSection\":[\"Z\u00e1pasy\"],\"inLanguage\":\"cs\",\"potentialAction\":[{\"@type\":\"CommentAction\",\"name\":\"Comment\",\"target\":[\"https:\/\/evertonfc.cz\/index.php\/2014\/11\/27\/wolfsburg-everton-02\/#respond\"]}]},{\"@type\":\"WebPage\",\"@id\":\"https:\/\/evertonfc.cz\/index.php\/2014\/11\/27\/wolfsburg-everton-02\/\",\"url\":\"https:\/\/evertonfc.cz\/index.php\/2014\/11\/27\/wolfsburg-everton-02\/\",\"name\":\"Wolfsburg - Everton 0:2 - Official Czech &amp; Slovak Everton Supporters&#039; Club\",\"isPartOf\":{\"@id\":\"https:\/\/evertonfc.cz\/#website\"},\"primaryImageOfPage\":{\"@id\":\"https:\/\/evertonfc.cz\/index.php\/2014\/11\/27\/wolfsburg-everton-02\/#primaryimage\"},\"image\":{\"@id\":\"https:\/\/evertonfc.cz\/index.php\/2014\/11\/27\/wolfsburg-everton-02\/#primaryimage\"},\"thumbnailUrl\":\"https:\/\/evertonfc.cz\/wp-content\/uploads\/2019\/01\/report.jpg\",\"datePublished\":\"2014-11-26T23:22:35+00:00\",\"dateModified\":\"2019-02-12T23:23:36+00:00\",\"breadcrumb\":{\"@id\":\"https:\/\/evertonfc.cz\/index.php\/2014\/11\/27\/wolfsburg-everton-02\/#breadcrumb\"},\"inLanguage\":\"cs\",\"potentialAction\":[{\"@type\":\"ReadAction\",\"target\":[\"https:\/\/evertonfc.cz\/index.php\/2014\/11\/27\/wolfsburg-everton-02\/\"]}]},{\"@type\":\"ImageObject\",\"inLanguage\":\"cs\",\"@id\":\"https:\/\/evertonfc.cz\/index.php\/2014\/11\/27\/wolfsburg-everton-02\/#primaryimage\",\"url\":\"https:\/\/evertonfc.cz\/wp-content\/uploads\/2019\/01\/report.jpg\",\"contentUrl\":\"https:\/\/evertonfc.cz\/wp-content\/uploads\/2019\/01\/report.jpg\",\"width\":720,\"height\":405},{\"@type\":\"BreadcrumbList\",\"@id\":\"https:\/\/evertonfc.cz\/index.php\/2014\/11\/27\/wolfsburg-everton-02\/#breadcrumb\",\"itemListElement\":[{\"@type\":\"ListItem\",\"position\":1,\"name\":\"Home\",\"item\":\"https:\/\/evertonfc.cz\/\"},{\"@type\":\"ListItem\",\"position\":2,\"name\":\"Wolfsburg &#8211; Everton 0:2\"}]},{\"@type\":\"WebSite\",\"@id\":\"https:\/\/evertonfc.cz\/#website\",\"url\":\"https:\/\/evertonfc.cz\/\",\"name\":\"Official Czech &amp; Slovak Everton Supporters&#039; Club\",\"description\":\"\",\"publisher\":{\"@id\":\"https:\/\/evertonfc.cz\/#organization\"},\"potentialAction\":[{\"@type\":\"SearchAction\",\"target\":{\"@type\":\"EntryPoint\",\"urlTemplate\":\"https:\/\/evertonfc.cz\/?s={search_term_string}\"},\"query-input\":{\"@type\":\"PropertyValueSpecification\",\"valueRequired\":true,\"valueName\":\"search_term_string\"}}],\"inLanguage\":\"cs\"},{\"@type\":\"Organization\",\"@id\":\"https:\/\/evertonfc.cz\/#organization\",\"name\":\"Official Czech & Slovak Everton Supporters' Club\",\"url\":\"https:\/\/evertonfc.cz\/\",\"logo\":{\"@type\":\"ImageObject\",\"inLanguage\":\"cs\",\"@id\":\"https:\/\/evertonfc.cz\/#\/schema\/logo\/image\/\",\"url\":\"https:\/\/evertonfc.cz\/wp-content\/uploads\/2019\/05\/logo.png\",\"contentUrl\":\"https:\/\/evertonfc.cz\/wp-content\/uploads\/2019\/05\/logo.png\",\"width\":112,\"height\":112,\"caption\":\"Official Czech & Slovak Everton Supporters' Club\"},\"image\":{\"@id\":\"https:\/\/evertonfc.cz\/#\/schema\/logo\/image\/\"},\"sameAs\":[\"https:\/\/www.facebook.com\/everton.fans.cz.sk\"]},{\"@type\":\"Person\",\"@id\":\"https:\/\/evertonfc.cz\/#\/schema\/person\/f7a5daedb2ffee98480bc70e191aaef1\",\"name\":\"Ri\u010di\",\"sameAs\":[\"https:\/\/x.com\/rbrejsa\"],\"url\":\"https:\/\/evertonfc.cz\/index.php\/author\/rici\/\"}]}<\/script>\n<!-- \/ Yoast SEO plugin. -->","yoast_head_json":{"title":"Wolfsburg - Everton 0:2 - Official Czech &amp; Slovak Everton Supporters&#039; Club","robots":{"index":"index","follow":"follow","max-snippet":"max-snippet:-1","max-image-preview":"max-image-preview:large","max-video-preview":"max-video-preview:-1"},"canonical":"https:\/\/evertonfc.cz\/index.php\/2014\/11\/27\/wolfsburg-everton-02\/","og_locale":"cs_CZ","og_type":"article","og_title":"Wolfsburg - Everton 0:2 - Official Czech &amp; Slovak Everton Supporters&#039; Club","og_description":"Stejn\u011b jako v prvn\u00edm vz\u00e1jemn\u00e9m z\u00e1pase byl Everton p\u0159est\u0159\u00edlen soupe\u0159em, p\u0159esto se raduje z cenn\u00e9 v\u00fdhry, kter\u00e1 mu zaru\u010dila kolo&hellip;","og_url":"https:\/\/evertonfc.cz\/index.php\/2014\/11\/27\/wolfsburg-everton-02\/","og_site_name":"Official Czech &amp; Slovak Everton Supporters&#039; Club","article_publisher":"https:\/\/www.facebook.com\/everton.fans.cz.sk","article_published_time":"2014-11-26T23:22:35+00:00","article_modified_time":"2019-02-12T23:23:36+00:00","og_image":[{"width":720,"height":405,"url":"https:\/\/evertonfc.cz\/wp-content\/uploads\/2019\/01\/report.jpg","type":"image\/jpeg"}],"author":"Ri\u010di","twitter_card":"summary_large_image","twitter_creator":"@rbrejsa","twitter_misc":{"Napsal(a)":"Ri\u010di","Odhadovan\u00e1 doba \u010dten\u00ed":"3 minuty"},"schema":{"@context":"https:\/\/schema.org","@graph":[{"@type":"Article","@id":"https:\/\/evertonfc.cz\/index.php\/2014\/11\/27\/wolfsburg-everton-02\/#article","isPartOf":{"@id":"https:\/\/evertonfc.cz\/index.php\/2014\/11\/27\/wolfsburg-everton-02\/"},"author":{"name":"Ri\u010di","@id":"https:\/\/evertonfc.cz\/#\/schema\/person\/f7a5daedb2ffee98480bc70e191aaef1"},"headline":"Wolfsburg &#8211; Everton 0:2","datePublished":"2014-11-26T23:22:35+00:00","dateModified":"2019-02-12T23:23:36+00:00","mainEntityOfPage":{"@id":"https:\/\/evertonfc.cz\/index.php\/2014\/11\/27\/wolfsburg-everton-02\/"},"wordCount":636,"commentCount":0,"publisher":{"@id":"https:\/\/evertonfc.cz\/#organization"},"image":{"@id":"https:\/\/evertonfc.cz\/index.php\/2014\/11\/27\/wolfsburg-everton-02\/#primaryimage"},"thumbnailUrl":"https:\/\/evertonfc.cz\/wp-content\/uploads\/2019\/01\/report.jpg","articleSection":["Z\u00e1pasy"],"inLanguage":"cs","potentialAction":[{"@type":"CommentAction","name":"Comment","target":["https:\/\/evertonfc.cz\/index.php\/2014\/11\/27\/wolfsburg-everton-02\/#respond"]}]},{"@type":"WebPage","@id":"https:\/\/evertonfc.cz\/index.php\/2014\/11\/27\/wolfsburg-everton-02\/","url":"https:\/\/evertonfc.cz\/index.php\/2014\/11\/27\/wolfsburg-everton-02\/","name":"Wolfsburg - Everton 0:2 - Official Czech &amp; Slovak Everton Supporters&#039; Club","isPartOf":{"@id":"https:\/\/evertonfc.cz\/#website"},"primaryImageOfPage":{"@id":"https:\/\/evertonfc.cz\/index.php\/2014\/11\/27\/wolfsburg-everton-02\/#primaryimage"},"image":{"@id":"https:\/\/evertonfc.cz\/index.php\/2014\/11\/27\/wolfsburg-everton-02\/#primaryimage"},"thumbnailUrl":"https:\/\/evertonfc.cz\/wp-content\/uploads\/2019\/01\/report.jpg","datePublished":"2014-11-26T23:22:35+00:00","dateModified":"2019-02-12T23:23:36+00:00","breadcrumb":{"@id":"https:\/\/evertonfc.cz\/index.php\/2014\/11\/27\/wolfsburg-everton-02\/#breadcrumb"},"inLanguage":"cs","potentialAction":[{"@type":"ReadAction","target":["https:\/\/evertonfc.cz\/index.php\/2014\/11\/27\/wolfsburg-everton-02\/"]}]},{"@type":"ImageObject","inLanguage":"cs","@id":"https:\/\/evertonfc.cz\/index.php\/2014\/11\/27\/wolfsburg-everton-02\/#primaryimage","url":"https:\/\/evertonfc.cz\/wp-content\/uploads\/2019\/01\/report.jpg","contentUrl":"https:\/\/evertonfc.cz\/wp-content\/uploads\/2019\/01\/report.jpg","width":720,"height":405},{"@type":"BreadcrumbList","@id":"https:\/\/evertonfc.cz\/index.php\/2014\/11\/27\/wolfsburg-everton-02\/#breadcrumb","itemListElement":[{"@type":"ListItem","position":1,"name":"Home","item":"https:\/\/evertonfc.cz\/"},{"@type":"ListItem","position":2,"name":"Wolfsburg &#8211; Everton 0:2"}]},{"@type":"WebSite","@id":"https:\/\/evertonfc.cz\/#website","url":"https:\/\/evertonfc.cz\/","name":"Official Czech &amp; Slovak Everton Supporters&#039; Club","description":"","publisher":{"@id":"https:\/\/evertonfc.cz\/#organization"},"potentialAction":[{"@type":"SearchAction","target":{"@type":"EntryPoint","urlTemplate":"https:\/\/evertonfc.cz\/?s={search_term_string}"},"query-input":{"@type":"PropertyValueSpecification","valueRequired":true,"valueName":"search_term_string"}}],"inLanguage":"cs"},{"@type":"Organization","@id":"https:\/\/evertonfc.cz\/#organization","name":"Official Czech & Slovak Everton Supporters' Club","url":"https:\/\/evertonfc.cz\/","logo":{"@type":"ImageObject","inLanguage":"cs","@id":"https:\/\/evertonfc.cz\/#\/schema\/logo\/image\/","url":"https:\/\/evertonfc.cz\/wp-content\/uploads\/2019\/05\/logo.png","contentUrl":"https:\/\/evertonfc.cz\/wp-content\/uploads\/2019\/05\/logo.png","width":112,"height":112,"caption":"Official Czech & Slovak Everton Supporters' Club"},"image":{"@id":"https:\/\/evertonfc.cz\/#\/schema\/logo\/image\/"},"sameAs":["https:\/\/www.facebook.com\/everton.fans.cz.sk"]},{"@type":"Person","@id":"https:\/\/evertonfc.cz\/#\/schema\/person\/f7a5daedb2ffee98480bc70e191aaef1","name":"Ri\u010di","sameAs":["https:\/\/x.com\/rbrejsa"],"url":"https:\/\/evertonfc.cz\/index.php\/author\/rici\/"}]}},"_links":{"self":[{"href":"https:\/\/evertonfc.cz\/index.php\/wp-json\/wp\/v2\/posts\/4452"}],"collection":[{"href":"https:\/\/evertonfc.cz\/index.php\/wp-json\/wp\/v2\/posts"}],"about":[{"href":"https:\/\/evertonfc.cz\/index.php\/wp-json\/wp\/v2\/types\/post"}],"author":[{"embeddable":true,"href":"https:\/\/evertonfc.cz\/index.php\/wp-json\/wp\/v2\/users\/6"}],"replies":[{"embeddable":true,"href":"https:\/\/evertonfc.cz\/index.php\/wp-json\/wp\/v2\/comments?post=4452"}],"version-history":[{"count":1,"href":"https:\/\/evertonfc.cz\/index.php\/wp-json\/wp\/v2\/posts\/4452\/revisions"}],"predecessor-version":[{"id":4453,"href":"https:\/\/evertonfc.cz\/index.php\/wp-json\/wp\/v2\/posts\/4452\/revisions\/4453"}],"wp:featuredmedia":[{"embeddable":true,"href":"https:\/\/evertonfc.cz\/index.php\/wp-json\/wp\/v2\/media\/1315"}],"wp:attachment":[{"href":"https:\/\/evertonfc.cz\/index.php\/wp-json\/wp\/v2\/media?parent=4452"}],"wp:term":[{"taxonomy":"category","embeddable":true,"href":"https:\/\/evertonfc.cz\/index.php\/wp-json\/wp\/v2\/categories?post=4452"},{"taxonomy":"post_tag","embeddable":true,"href":"https:\/\/evertonfc.cz\/index.php\/wp-json\/wp\/v2\/tags?post=4452"}],"curies":[{"name":"wp","href":"https:\/\/api.w.org\/{rel}","templated":true}]}}