{"id":4491,"date":"2011-03-19T13:51:01","date_gmt":"2011-03-19T12:51:01","guid":{"rendered":"http:\/\/evertonfc.cz\/?p=4491"},"modified":"2019-02-13T13:52:31","modified_gmt":"2019-02-13T12:52:31","slug":"everton-fulham-21-2","status":"publish","type":"post","link":"https:\/\/evertonfc.cz\/index.php\/2011\/03\/19\/everton-fulham-21-2\/","title":{"rendered":"Everton &#8211; Fulham 2:1"},"content":{"rendered":"<h4>Vyd\u0159en\u00e1, ale zaslou\u017een\u00e1 v\u00fdhra. Everton dnes p\u0159edvedl solidn\u00ed v\u00fdkon, a\u010dkoliv z\u00e1v\u011bre\u010dn\u00e9 chvilky z\u00e1pasu se neobe\u0161ly bez zv\u00fd\u0161en\u00e9ho krevn\u00edho tlaku.<\/h4>\n<p>Miz\u00e9rie Fulhamu na Goodison Parku m\u00e1 svoje dal\u0161\u00ed pokra\u010dov\u00e1n\u00ed. Posledn\u00ed p\u016flhodinka ale v\u016fbec nebyla z t\u011bch p\u0159\u00edjemn\u011bj\u0161\u00edch, proto\u017ee nep\u0159\u00edjemn\u011b dol\u00e9haj\u00edc\u00edmu Fulhamu sta\u010dila ke srovn\u00e1n\u00ed p\u016fvodn\u011b dvoubrankov\u00e9ho manka jen jedna trefa. Nakonec si ale Goodison mohl mocn\u011b oddechnout a sv\u011bte div se, Evertonu pat\u0159\u00ed sedm\u00e1 pozice.<\/p>\n<p>P\u0159ed z\u00e1pasem p\u0159i\u0161ly dobr\u00e9 zpr\u00e1vy. Tim Cahill i Phil Neville se stihli d\u00e1t dohromady a oba se objevili v z\u00e1kladn\u00ed sestav\u011b. Australan v \u00fato\u010dn\u00e9 f\u00e1zi dopl\u0148oval pozd\u011bj\u0161\u00edho smola\u0159e Louise Sahu, zat\u00edmco kapit\u00e1n se objevil ve st\u0159edu pole, \u010d\u00edm\u017e p\u0159enechal post prav\u00e9ho beka znovu Tonymu Hibbertovi. Z\u00e1kladn\u00ed sestavu si po men\u0161\u00ed pauze obh\u00e1jil i Seamus Coleman.<\/p>\n<p>Po minut\u011b ticha k uct\u011bn\u00ed ob\u011bt\u00ed japonsk\u00e9ho zem\u011bt\u0159esen\u00ed a tsunami, toho \u00favodn\u00ed chvilky, a d\u00e1 se \u0159\u00edct vlastn\u011b cel\u00e1 prvn\u00ed dvacetiminutovka, z fotbalov\u00e9 u\u010debnice p\u0159inesly pram\u00e1lo. Jedinou \u0161anci, kter\u00e1 st\u00e1la za zm\u00ednku m\u011bl zhruba v patn\u00e1ct\u00e9 minut\u011b na sv\u011bdom\u00ed Leighton Baines. Obt\u00ed\u017enou volej netrefil v\u016fbec \u0161patn\u011b, i tak ale m\u00ed\u0159ila t\u0159i metry vedle Schwarzerovy br\u00e1ny. O chv\u00edli pozd\u011bji prov\u011b\u0159il pozornost soupe\u0159e Louis Saha, jeho\u017e slab\u0161\u00ed hlavi\u010dku z rohov\u00e9ho kopu odvr\u00e1til Carlos Salcido.<\/p>\n<p>Cottagers se dop\u0159edu nijak v\u00fdrazn\u011b nehrnuli a Evertonu nedop\u0159\u00e1vali p\u0159\u00edli\u0161 prostoru. P\u0159esto se ale dom\u00e1c\u00ed publikum nakonec do\u010dkalo svoj\u00ed odm\u011bny. Pohlednou kombinaci mezi n\u011bkolika hr\u00e1\u010di, p\u0159ivedl do fin\u00e1ln\u00ed f\u00e1ze Leon Osman, jeho\u017e centr dolet\u011bl po p\u011btat\u0159iceti minut\u00e1ch ke zcela nepokryt\u00e9mu Seamusi Colemanovi, a ten z nelehk\u00e9 pozice svoji hlavi\u010dku nam\u00ed\u0159il ide\u00e1ln\u011b k zadn\u00ed ty\u010di.<\/p>\n<p>Do \u0161aten se tedy \u0161lo za p\u0159\u00edzniv\u00e9ho stavu a ub\u011bhlo jen p\u011bt minut druh\u00e9ho d\u011bjstv\u00ed, ne\u017e Blues svoje veden\u00ed zdvojn\u00e1sobili. \u0160ikovn\u00fd pr\u016fnik Jacka Rodwella zastavil faulem Dickson Etuhu a Everton rozehr\u00e1val standartku z nebezpe\u010dn\u011b vyhl\u00ed\u017eej\u00edc\u00ed pozice. D\u00edky absenci pravonoh\u00e9ho exekutora vy\u0159e\u0161il Leighton Baines proveden\u00ed kopu z jasn\u00e9 pozice pr\u00e1v\u011b t\u0159eba pro Mikela Artetu, postr\u010den\u00edm m\u00ed\u010de pro \u010d\u00edhaj\u00edc\u00edho Sahu, a ten prop\u00e1lil v\u0161e, co mu st\u00e1lo v cest\u011b.<\/p>\n<p>N\u00e1sleduj\u00edc\u00ed minuty nicm\u00e9n\u011b p\u0159inesly vodu na ml\u00fdn Chalup\u00e1\u0159\u016fm. Dom\u00e1c\u00ed se st\u00e1hli a Tim Howard musel zasahovat proti pokus\u016fm Damiena Duffa \u010di Etuhua. To, co se nepoda\u0159ilo jim, u\u017e ale o p\u00e1r minut pozd\u011bji napravil Clint Dempsey, kter\u00fd po spolupr\u00e1ci s Duffem a Zamorou, vyp\u00e1lil z oto\u010dky k ty\u010di a p\u0159ekonal sv\u00e9ho kolegu z americk\u00e9 reprezentace.<\/p>\n<p>Nejv\u011bt\u0161\u00ed \u0161anci k dal\u0161\u00edmu g\u00f3lu si ov\u0161em p\u0159ipsal Everton. V 81. minut\u011b z rohov\u00e9ho kopu hlavi\u010dkoval Phil Jagielka, jen\u017ee Salcido byl na brankov\u00e9 \u010d\u00e1\u0159e v pohotovosti. G\u00f3lem zav\u00e1n\u011bj\u00edc\u00ed p\u0159\u00edle\u017eitost pak ale prop\u00e1sli i Cottagers. Kakut\u016fv centr na\u0161el Zamoru, ale ten svoji hlavi\u010dku z n\u011bkolika metr\u016f nam\u00ed\u0159il vedle.<\/p>\n<p>Pr\u00e1v\u011b to byla prakticky posledn\u00ed \u0161ance host\u016f. Mezit\u00edm ale v\u00edt\u011bzstv\u00ed vyhl\u00ed\u017eej\u00edc\u00edm Evertonians zmrznul nedo\u010dkav\u00fd \u00fasm\u011bv na tv\u00e1\u0159i. Saha po hlavi\u010dkov\u00e9m osobn\u00edm souboji \u0161patn\u011b dopadl na nohu a nutnost nos\u00edtek nezna\u010d\u00ed v\u016fbec nic dobr\u00e9ho. I proto se nastavovalo hned p\u011bt minut, kter\u00e9 ale Toffees bez \u00fahony p\u0159e\u010dkali. Davidu Moyesovi tak jeho sv\u011b\u0159enci dop\u0159\u00e1li ide\u00e1ln\u00ed d\u00e1rek k jeho dev\u00e1t\u00e9mu v\u00fdro\u010d\u00ed coby mana\u017eera Evertonu a sami se nyn\u00ed chlub\u00ed nejlep\u0161\u00ed formou z cel\u00e9 sezony.<\/p>\n<p><strong>Everton<\/strong>: Howard, Hibbert, Jagielka, Distin, Baines, Coleman, Rodwell (76. Bilyaletdinov), Neville, Osman, Cahill (68. Heitinga), Saha (86. Beckford)<\/p>\n<p><strong>Fulham:<\/strong> Schwarzer, Baird, Hughes, Hangeland, Salcido, Duff (74. Kakuta), Murphy, Etuhu (59. Zamora), Dempsey, Dembele, Johnson (83. Gudjohnsen)<\/p>\n<p><strong>Hodnocen\u00ed hr\u00e1\u010d\u016f:<\/strong> Howard 7, Hibbert 8, Jagielka 8, Distin 8, Baines 7, Coleman 8, Rodwell 6, Neville 6, Osman 7, Cahill 5, Saha 8, Heitinga 6, Bilyaletdinov 6, Beckford N\/A<\/p>\n<p><strong>G\u00f3ly:<\/strong> 35. Coleman, 48. Saha &#8211; 61. Dempsey<\/p>\n<p><strong>\u017dlut\u00e9 karty:<\/strong> Hibbert, Osman<\/p>\n<p><strong>Dr\u017een\u00ed m\u00ed\u010de:<\/strong> 52% &#8211; 48%<\/p>\n<p><strong>St\u0159ely na br\u00e1nu:<\/strong> 12 &#8211; 6<\/p>\n<p><strong>St\u0159ely mimo br\u00e1nu:<\/strong> 4 &#8211; 6<\/p>\n<p><strong>Rohov\u00e9 kopy:<\/strong> 7 &#8211; 5<\/p>\n<p><strong>Fauly:<\/strong> 15 &#8211; 19<\/p>\n","protected":false},"excerpt":{"rendered":"<p>Vyd\u0159en\u00e1, ale zaslou\u017een\u00e1 v\u00fdhra. Everton dnes p\u0159edvedl solidn\u00ed v\u00fdkon, a\u010dkoliv z\u00e1v\u011bre\u010dn\u00e9 chvilky z\u00e1pasu se neobe\u0161ly bez zv\u00fd\u0161en\u00e9ho krevn\u00edho tlaku. Miz\u00e9rie&hellip;<\/p>\n","protected":false},"author":7,"featured_media":1315,"comment_status":"open","ping_status":"closed","sticky":false,"template":"","format":"standard","meta":{"_eb_attr":"","_monsterinsights_skip_tracking":false,"_monsterinsights_sitenote_active":false,"_monsterinsights_sitenote_note":"","_monsterinsights_sitenote_category":0,"footnotes":""},"categories":[4],"tags":[],"yoast_head":"<!-- This site is optimized with the Yoast SEO plugin v23.4 - https:\/\/yoast.com\/wordpress\/plugins\/seo\/ -->\n<title>Everton - Fulham 2:1 - Official Czech &amp; Slovak Everton Supporters&#039; Club<\/title>\n<meta name=\"robots\" content=\"index, follow, max-snippet:-1, max-image-preview:large, max-video-preview:-1\" \/>\n<link rel=\"canonical\" href=\"https:\/\/evertonfc.cz\/index.php\/2011\/03\/19\/everton-fulham-21-2\/\" \/>\n<meta property=\"og:locale\" content=\"cs_CZ\" \/>\n<meta property=\"og:type\" content=\"article\" \/>\n<meta property=\"og:title\" content=\"Everton - Fulham 2:1 - Official Czech &amp; Slovak Everton Supporters&#039; Club\" \/>\n<meta property=\"og:description\" content=\"Vyd\u0159en\u00e1, ale zaslou\u017een\u00e1 v\u00fdhra. Everton dnes p\u0159edvedl solidn\u00ed v\u00fdkon, a\u010dkoliv z\u00e1v\u011bre\u010dn\u00e9 chvilky z\u00e1pasu se neobe\u0161ly bez zv\u00fd\u0161en\u00e9ho krevn\u00edho tlaku. Miz\u00e9rie&hellip;\" \/>\n<meta property=\"og:url\" content=\"https:\/\/evertonfc.cz\/index.php\/2011\/03\/19\/everton-fulham-21-2\/\" \/>\n<meta property=\"og:site_name\" content=\"Official Czech &amp; Slovak Everton Supporters&#039; Club\" \/>\n<meta property=\"article:publisher\" content=\"https:\/\/www.facebook.com\/everton.fans.cz.sk\" \/>\n<meta property=\"article:published_time\" content=\"2011-03-19T12:51:01+00:00\" \/>\n<meta property=\"article:modified_time\" content=\"2019-02-13T12:52:31+00:00\" \/>\n<meta property=\"og:image\" content=\"https:\/\/evertonfc.cz\/wp-content\/uploads\/2019\/01\/report.jpg\" \/>\n\t<meta property=\"og:image:width\" content=\"720\" \/>\n\t<meta property=\"og:image:height\" content=\"405\" \/>\n\t<meta property=\"og:image:type\" content=\"image\/jpeg\" \/>\n<meta name=\"author\" content=\"Me\u0148a\" \/>\n<meta name=\"twitter:card\" content=\"summary_large_image\" \/>\n<meta name=\"twitter:label1\" content=\"Napsal(a)\" \/>\n\t<meta name=\"twitter:data1\" content=\"Me\u0148a\" \/>\n\t<meta name=\"twitter:label2\" content=\"Odhadovan\u00e1 doba \u010dten\u00ed\" \/>\n\t<meta name=\"twitter:data2\" content=\"4 minuty\" \/>\n<script type=\"application\/ld+json\" class=\"yoast-schema-graph\">{\"@context\":\"https:\/\/schema.org\",\"@graph\":[{\"@type\":\"Article\",\"@id\":\"https:\/\/evertonfc.cz\/index.php\/2011\/03\/19\/everton-fulham-21-2\/#article\",\"isPartOf\":{\"@id\":\"https:\/\/evertonfc.cz\/index.php\/2011\/03\/19\/everton-fulham-21-2\/\"},\"author\":{\"name\":\"Me\u0148a\",\"@id\":\"https:\/\/evertonfc.cz\/#\/schema\/person\/cd6328a75577de2add7793fd4b0930c3\"},\"headline\":\"Everton &#8211; Fulham 2:1\",\"datePublished\":\"2011-03-19T12:51:01+00:00\",\"dateModified\":\"2019-02-13T12:52:31+00:00\",\"mainEntityOfPage\":{\"@id\":\"https:\/\/evertonfc.cz\/index.php\/2011\/03\/19\/everton-fulham-21-2\/\"},\"wordCount\":758,\"commentCount\":0,\"publisher\":{\"@id\":\"https:\/\/evertonfc.cz\/#organization\"},\"image\":{\"@id\":\"https:\/\/evertonfc.cz\/index.php\/2011\/03\/19\/everton-fulham-21-2\/#primaryimage\"},\"thumbnailUrl\":\"https:\/\/evertonfc.cz\/wp-content\/uploads\/2019\/01\/report.jpg\",\"articleSection\":[\"Z\u00e1pasy\"],\"inLanguage\":\"cs\",\"potentialAction\":[{\"@type\":\"CommentAction\",\"name\":\"Comment\",\"target\":[\"https:\/\/evertonfc.cz\/index.php\/2011\/03\/19\/everton-fulham-21-2\/#respond\"]}]},{\"@type\":\"WebPage\",\"@id\":\"https:\/\/evertonfc.cz\/index.php\/2011\/03\/19\/everton-fulham-21-2\/\",\"url\":\"https:\/\/evertonfc.cz\/index.php\/2011\/03\/19\/everton-fulham-21-2\/\",\"name\":\"Everton - Fulham 2:1 - Official Czech &amp; Slovak Everton Supporters&#039; Club\",\"isPartOf\":{\"@id\":\"https:\/\/evertonfc.cz\/#website\"},\"primaryImageOfPage\":{\"@id\":\"https:\/\/evertonfc.cz\/index.php\/2011\/03\/19\/everton-fulham-21-2\/#primaryimage\"},\"image\":{\"@id\":\"https:\/\/evertonfc.cz\/index.php\/2011\/03\/19\/everton-fulham-21-2\/#primaryimage\"},\"thumbnailUrl\":\"https:\/\/evertonfc.cz\/wp-content\/uploads\/2019\/01\/report.jpg\",\"datePublished\":\"2011-03-19T12:51:01+00:00\",\"dateModified\":\"2019-02-13T12:52:31+00:00\",\"breadcrumb\":{\"@id\":\"https:\/\/evertonfc.cz\/index.php\/2011\/03\/19\/everton-fulham-21-2\/#breadcrumb\"},\"inLanguage\":\"cs\",\"potentialAction\":[{\"@type\":\"ReadAction\",\"target\":[\"https:\/\/evertonfc.cz\/index.php\/2011\/03\/19\/everton-fulham-21-2\/\"]}]},{\"@type\":\"ImageObject\",\"inLanguage\":\"cs\",\"@id\":\"https:\/\/evertonfc.cz\/index.php\/2011\/03\/19\/everton-fulham-21-2\/#primaryimage\",\"url\":\"https:\/\/evertonfc.cz\/wp-content\/uploads\/2019\/01\/report.jpg\",\"contentUrl\":\"https:\/\/evertonfc.cz\/wp-content\/uploads\/2019\/01\/report.jpg\",\"width\":720,\"height\":405},{\"@type\":\"BreadcrumbList\",\"@id\":\"https:\/\/evertonfc.cz\/index.php\/2011\/03\/19\/everton-fulham-21-2\/#breadcrumb\",\"itemListElement\":[{\"@type\":\"ListItem\",\"position\":1,\"name\":\"Home\",\"item\":\"https:\/\/evertonfc.cz\/\"},{\"@type\":\"ListItem\",\"position\":2,\"name\":\"Everton &#8211; Fulham 2:1\"}]},{\"@type\":\"WebSite\",\"@id\":\"https:\/\/evertonfc.cz\/#website\",\"url\":\"https:\/\/evertonfc.cz\/\",\"name\":\"Official Czech &amp; Slovak Everton Supporters&#039; Club\",\"description\":\"\",\"publisher\":{\"@id\":\"https:\/\/evertonfc.cz\/#organization\"},\"potentialAction\":[{\"@type\":\"SearchAction\",\"target\":{\"@type\":\"EntryPoint\",\"urlTemplate\":\"https:\/\/evertonfc.cz\/?s={search_term_string}\"},\"query-input\":{\"@type\":\"PropertyValueSpecification\",\"valueRequired\":true,\"valueName\":\"search_term_string\"}}],\"inLanguage\":\"cs\"},{\"@type\":\"Organization\",\"@id\":\"https:\/\/evertonfc.cz\/#organization\",\"name\":\"Official Czech & Slovak Everton Supporters' Club\",\"url\":\"https:\/\/evertonfc.cz\/\",\"logo\":{\"@type\":\"ImageObject\",\"inLanguage\":\"cs\",\"@id\":\"https:\/\/evertonfc.cz\/#\/schema\/logo\/image\/\",\"url\":\"https:\/\/evertonfc.cz\/wp-content\/uploads\/2019\/05\/logo.png\",\"contentUrl\":\"https:\/\/evertonfc.cz\/wp-content\/uploads\/2019\/05\/logo.png\",\"width\":112,\"height\":112,\"caption\":\"Official Czech & Slovak Everton Supporters' Club\"},\"image\":{\"@id\":\"https:\/\/evertonfc.cz\/#\/schema\/logo\/image\/\"},\"sameAs\":[\"https:\/\/www.facebook.com\/everton.fans.cz.sk\"]},{\"@type\":\"Person\",\"@id\":\"https:\/\/evertonfc.cz\/#\/schema\/person\/cd6328a75577de2add7793fd4b0930c3\",\"name\":\"Me\u0148a\",\"url\":\"https:\/\/evertonfc.cz\/index.php\/author\/mena\/\"}]}<\/script>\n<!-- \/ Yoast SEO plugin. -->","yoast_head_json":{"title":"Everton - Fulham 2:1 - Official Czech &amp; Slovak Everton Supporters&#039; Club","robots":{"index":"index","follow":"follow","max-snippet":"max-snippet:-1","max-image-preview":"max-image-preview:large","max-video-preview":"max-video-preview:-1"},"canonical":"https:\/\/evertonfc.cz\/index.php\/2011\/03\/19\/everton-fulham-21-2\/","og_locale":"cs_CZ","og_type":"article","og_title":"Everton - Fulham 2:1 - Official Czech &amp; Slovak Everton Supporters&#039; Club","og_description":"Vyd\u0159en\u00e1, ale zaslou\u017een\u00e1 v\u00fdhra. Everton dnes p\u0159edvedl solidn\u00ed v\u00fdkon, a\u010dkoliv z\u00e1v\u011bre\u010dn\u00e9 chvilky z\u00e1pasu se neobe\u0161ly bez zv\u00fd\u0161en\u00e9ho krevn\u00edho tlaku. Miz\u00e9rie&hellip;","og_url":"https:\/\/evertonfc.cz\/index.php\/2011\/03\/19\/everton-fulham-21-2\/","og_site_name":"Official Czech &amp; Slovak Everton Supporters&#039; Club","article_publisher":"https:\/\/www.facebook.com\/everton.fans.cz.sk","article_published_time":"2011-03-19T12:51:01+00:00","article_modified_time":"2019-02-13T12:52:31+00:00","og_image":[{"width":720,"height":405,"url":"https:\/\/evertonfc.cz\/wp-content\/uploads\/2019\/01\/report.jpg","type":"image\/jpeg"}],"author":"Me\u0148a","twitter_card":"summary_large_image","twitter_misc":{"Napsal(a)":"Me\u0148a","Odhadovan\u00e1 doba \u010dten\u00ed":"4 minuty"},"schema":{"@context":"https:\/\/schema.org","@graph":[{"@type":"Article","@id":"https:\/\/evertonfc.cz\/index.php\/2011\/03\/19\/everton-fulham-21-2\/#article","isPartOf":{"@id":"https:\/\/evertonfc.cz\/index.php\/2011\/03\/19\/everton-fulham-21-2\/"},"author":{"name":"Me\u0148a","@id":"https:\/\/evertonfc.cz\/#\/schema\/person\/cd6328a75577de2add7793fd4b0930c3"},"headline":"Everton &#8211; Fulham 2:1","datePublished":"2011-03-19T12:51:01+00:00","dateModified":"2019-02-13T12:52:31+00:00","mainEntityOfPage":{"@id":"https:\/\/evertonfc.cz\/index.php\/2011\/03\/19\/everton-fulham-21-2\/"},"wordCount":758,"commentCount":0,"publisher":{"@id":"https:\/\/evertonfc.cz\/#organization"},"image":{"@id":"https:\/\/evertonfc.cz\/index.php\/2011\/03\/19\/everton-fulham-21-2\/#primaryimage"},"thumbnailUrl":"https:\/\/evertonfc.cz\/wp-content\/uploads\/2019\/01\/report.jpg","articleSection":["Z\u00e1pasy"],"inLanguage":"cs","potentialAction":[{"@type":"CommentAction","name":"Comment","target":["https:\/\/evertonfc.cz\/index.php\/2011\/03\/19\/everton-fulham-21-2\/#respond"]}]},{"@type":"WebPage","@id":"https:\/\/evertonfc.cz\/index.php\/2011\/03\/19\/everton-fulham-21-2\/","url":"https:\/\/evertonfc.cz\/index.php\/2011\/03\/19\/everton-fulham-21-2\/","name":"Everton - Fulham 2:1 - Official Czech &amp; Slovak Everton Supporters&#039; Club","isPartOf":{"@id":"https:\/\/evertonfc.cz\/#website"},"primaryImageOfPage":{"@id":"https:\/\/evertonfc.cz\/index.php\/2011\/03\/19\/everton-fulham-21-2\/#primaryimage"},"image":{"@id":"https:\/\/evertonfc.cz\/index.php\/2011\/03\/19\/everton-fulham-21-2\/#primaryimage"},"thumbnailUrl":"https:\/\/evertonfc.cz\/wp-content\/uploads\/2019\/01\/report.jpg","datePublished":"2011-03-19T12:51:01+00:00","dateModified":"2019-02-13T12:52:31+00:00","breadcrumb":{"@id":"https:\/\/evertonfc.cz\/index.php\/2011\/03\/19\/everton-fulham-21-2\/#breadcrumb"},"inLanguage":"cs","potentialAction":[{"@type":"ReadAction","target":["https:\/\/evertonfc.cz\/index.php\/2011\/03\/19\/everton-fulham-21-2\/"]}]},{"@type":"ImageObject","inLanguage":"cs","@id":"https:\/\/evertonfc.cz\/index.php\/2011\/03\/19\/everton-fulham-21-2\/#primaryimage","url":"https:\/\/evertonfc.cz\/wp-content\/uploads\/2019\/01\/report.jpg","contentUrl":"https:\/\/evertonfc.cz\/wp-content\/uploads\/2019\/01\/report.jpg","width":720,"height":405},{"@type":"BreadcrumbList","@id":"https:\/\/evertonfc.cz\/index.php\/2011\/03\/19\/everton-fulham-21-2\/#breadcrumb","itemListElement":[{"@type":"ListItem","position":1,"name":"Home","item":"https:\/\/evertonfc.cz\/"},{"@type":"ListItem","position":2,"name":"Everton &#8211; Fulham 2:1"}]},{"@type":"WebSite","@id":"https:\/\/evertonfc.cz\/#website","url":"https:\/\/evertonfc.cz\/","name":"Official Czech &amp; Slovak Everton Supporters&#039; Club","description":"","publisher":{"@id":"https:\/\/evertonfc.cz\/#organization"},"potentialAction":[{"@type":"SearchAction","target":{"@type":"EntryPoint","urlTemplate":"https:\/\/evertonfc.cz\/?s={search_term_string}"},"query-input":{"@type":"PropertyValueSpecification","valueRequired":true,"valueName":"search_term_string"}}],"inLanguage":"cs"},{"@type":"Organization","@id":"https:\/\/evertonfc.cz\/#organization","name":"Official Czech & Slovak Everton Supporters' Club","url":"https:\/\/evertonfc.cz\/","logo":{"@type":"ImageObject","inLanguage":"cs","@id":"https:\/\/evertonfc.cz\/#\/schema\/logo\/image\/","url":"https:\/\/evertonfc.cz\/wp-content\/uploads\/2019\/05\/logo.png","contentUrl":"https:\/\/evertonfc.cz\/wp-content\/uploads\/2019\/05\/logo.png","width":112,"height":112,"caption":"Official Czech & Slovak Everton Supporters' Club"},"image":{"@id":"https:\/\/evertonfc.cz\/#\/schema\/logo\/image\/"},"sameAs":["https:\/\/www.facebook.com\/everton.fans.cz.sk"]},{"@type":"Person","@id":"https:\/\/evertonfc.cz\/#\/schema\/person\/cd6328a75577de2add7793fd4b0930c3","name":"Me\u0148a","url":"https:\/\/evertonfc.cz\/index.php\/author\/mena\/"}]}},"_links":{"self":[{"href":"https:\/\/evertonfc.cz\/index.php\/wp-json\/wp\/v2\/posts\/4491"}],"collection":[{"href":"https:\/\/evertonfc.cz\/index.php\/wp-json\/wp\/v2\/posts"}],"about":[{"href":"https:\/\/evertonfc.cz\/index.php\/wp-json\/wp\/v2\/types\/post"}],"author":[{"embeddable":true,"href":"https:\/\/evertonfc.cz\/index.php\/wp-json\/wp\/v2\/users\/7"}],"replies":[{"embeddable":true,"href":"https:\/\/evertonfc.cz\/index.php\/wp-json\/wp\/v2\/comments?post=4491"}],"version-history":[{"count":1,"href":"https:\/\/evertonfc.cz\/index.php\/wp-json\/wp\/v2\/posts\/4491\/revisions"}],"predecessor-version":[{"id":4492,"href":"https:\/\/evertonfc.cz\/index.php\/wp-json\/wp\/v2\/posts\/4491\/revisions\/4492"}],"wp:featuredmedia":[{"embeddable":true,"href":"https:\/\/evertonfc.cz\/index.php\/wp-json\/wp\/v2\/media\/1315"}],"wp:attachment":[{"href":"https:\/\/evertonfc.cz\/index.php\/wp-json\/wp\/v2\/media?parent=4491"}],"wp:term":[{"taxonomy":"category","embeddable":true,"href":"https:\/\/evertonfc.cz\/index.php\/wp-json\/wp\/v2\/categories?post=4491"},{"taxonomy":"post_tag","embeddable":true,"href":"https:\/\/evertonfc.cz\/index.php\/wp-json\/wp\/v2\/tags?post=4491"}],"curies":[{"name":"wp","href":"https:\/\/api.w.org\/{rel}","templated":true}]}}