{"id":4497,"date":"2011-03-26T13:59:00","date_gmt":"2011-03-26T12:59:00","guid":{"rendered":"http:\/\/evertonfc.cz\/?p=4497"},"modified":"2019-02-13T14:00:33","modified_gmt":"2019-02-13T13:00:33","slug":"stubbs-chvali-velliose","status":"publish","type":"post","link":"https:\/\/evertonfc.cz\/index.php\/2011\/03\/26\/stubbs-chvali-velliose\/","title":{"rendered":"Stubbs chv\u00e1l\u00ed Velliose"},"content":{"rendered":"<h4>Mana\u017eer rezervy Alan Stubbs si po rem\u00edzov\u00e9m mini-derby s Liverpoolem, kter\u00e9 skon\u010dilo 2:2, pochvaloval v\u00fdkon zimn\u00ed posily Apostolose Velliose.<\/h4>\n<div id=\"NewsPostDetailContent\">\n<p>Devaten\u00e1ctilet\u00fd \u0158ek m\u011bl prsty v obou brank\u00e1ch Evertonu, a to u tref Adama Forshawa a Conora McAlenyho, je\u017e do polo\u010dasu na p\u016fd\u011b soupe\u0159e zajistili veden\u00ed 2:0. Vellios nastoupil od lednov\u00e9ho p\u0159\u00edchodu ke \u010dtvrt\u00e9mu utk\u00e1n\u00ed za rezervu, p\u0159i\u010dem\u017e v prvn\u00edch t\u0159ech vystoupen\u00edch se poka\u017ed\u00e9 prezentoval brankou. V derby sice dal\u0161\u00ed trefu nep\u0159idal, p\u0159esto podle Stubbse rozhodn\u011b nezklamal: <em>\u201eZ m\u00e9ho hlediska odehr\u00e1l Vellios sv\u016fj nejlep\u0161\u00ed v\u00fdkon od doby, kdy p\u0159i\u0161el. Uk\u00e1zal se jako v\u0161estrann\u00fd hr\u00e1\u010d. V minul\u00fdch z\u00e1pasech p\u0159edvedl n\u011bkolik dobr\u00fdch individu\u00e1ln\u00ed akc\u00ed, ob\u010das v\u0161ak p\u016fsobil trochu lajd\u00e1ck\u00fdm dojmem.<\/em><\/p>\n<p><em>V derby pracoval v\u00edce pro t\u00fdm. T\u011b\u017ek\u00e9 situace zvl\u00e1dal obstojn\u011b a kone\u010dn\u011b se zlep\u0161il v jednodu\u0161\u0161\u00edch \u00fakolech. Jeho v\u00fdkon m\u011b pot\u011b\u0161il a klidn\u011b bych ho ozna\u010dil za nejv\u011bt\u0161\u00ed plus st\u0159etnut\u00ed.<\/em><\/p>\n<p><em>Vellios je vyt\u00e1hl\u00fd \u00fato\u010dn\u00edk, m\u011b\u0159\u00ed sice 191 centimetr\u016f, s m\u00ed\u010dem si v\u0161ak rozum\u00ed. Za rezervu se mu u\u017e poda\u0159ilo nast\u0159\u00edlet p\u00e1r g\u00f3l\u016f, co\u017e mu zvedne sebev\u011bdom\u00ed.\u201c<\/em><\/p>\n<p>Toffees sice v mal\u00e9m Merseyside derby vedli 2:0, Liverpool v\u0161ak sta\u010dil b\u011bhem druh\u00e9ho polo\u010dasu d\u00edky brank\u00e1m v\u00fdborn\u00e9ho Susa a Sarice vyrovnat. A to Reds je\u0161t\u011b nav\u00edc zahr\u00e1vali pokutov\u00fd kop, kter\u00fd v\u0161ak Connor Roberts vychytal. Mlad\u00fd branka\u0159 Roberts se celkov\u011b uk\u00e1zal ve velmi dobr\u00e9m sv\u011btle, perfektn\u00edmi z\u00e1kroky dlouho dr\u017eel akcie sv\u00e9ho mu\u017estva.<\/p>\n<p><em>\u201eDo za\u010d\u00e1tku druh\u00e9 p\u016fle jsme cht\u011bli vstoupit dob\u0159e, to se n\u00e1m podle m\u011b povedlo. Postupem \u010dasu jsme ale dostali dv\u011b branky. Suma sum\u00e1rum jsem spokojen\u00fd, hlavn\u011b co se t\u00fd\u010de vst\u0159elen\u00fdch g\u00f3l\u016f,\u201c<\/em> hodnotil derby Alan Stubbs.<\/p>\n<p>Ka\u0148kou bylo zran\u011bn\u00ed Joseho Baxtera. Nad\u011bjn\u00e9ho ofenzivn\u00edho fotbalistu museli po 28 minut\u00e1ch odn\u00e9st ze h\u0159i\u0161t\u011b na nos\u00edtk\u00e1ch. Stubbs jeho zran\u011bn\u00ed komentoval slovy: <em>\u201eJose m\u00e1 probl\u00e9my s kolenn\u00ed \u0161lachou. Snad to nebude nic v\u00e1\u017en\u00e9ho, jeho absenci odhadujeme tak na t\u0159i a\u017e \u0161est t\u00fddn\u016f. P\u0159esn\u011bj\u0161\u00ed informace budeme v\u011bd\u011bt pozd\u011bji. Pro Joseho to ale nen\u00ed p\u0159\u00edjemn\u00e1 situace.\u201c<\/em><\/p>\n<p>Baxter se mimochodem v souboji s Liverpool objevil v z\u00e1lo\u017en\u00ed \u0159ad\u011b. Ze st\u0159edu \u010di prav\u00e9 strany podporoval \u00fatok, co\u017e je pro n\u011bj nov\u00e1 pozice. Sv\u016fj tah Stubbs vysv\u011btlil:<em> \u201eJoseho jsme postavili na tuto pozici, aby m\u011bl na na\u0161i hru v\u011bt\u0161\u00ed vliv.\u201c<\/em><\/p>\n<\/div>\n","protected":false},"excerpt":{"rendered":"<p>Mana\u017eer rezervy Alan Stubbs si po rem\u00edzov\u00e9m mini-derby s Liverpoolem, kter\u00e9 skon\u010dilo 2:2, pochvaloval v\u00fdkon zimn\u00ed posily Apostolose Velliose. Devaten\u00e1ctilet\u00fd&hellip;<\/p>\n","protected":false},"author":6,"featured_media":1312,"comment_status":"open","ping_status":"closed","sticky":false,"template":"","format":"standard","meta":{"_eb_attr":"","_monsterinsights_skip_tracking":false,"_monsterinsights_sitenote_active":false,"_monsterinsights_sitenote_note":"","_monsterinsights_sitenote_category":0,"footnotes":""},"categories":[1],"tags":[],"yoast_head":"<!-- This site is optimized with the Yoast SEO plugin v23.4 - https:\/\/yoast.com\/wordpress\/plugins\/seo\/ -->\n<title>Stubbs chv\u00e1l\u00ed Velliose - Official Czech &amp; Slovak Everton Supporters&#039; Club<\/title>\n<meta name=\"robots\" content=\"index, follow, max-snippet:-1, max-image-preview:large, max-video-preview:-1\" \/>\n<link rel=\"canonical\" href=\"https:\/\/evertonfc.cz\/index.php\/2011\/03\/26\/stubbs-chvali-velliose\/\" \/>\n<meta property=\"og:locale\" content=\"cs_CZ\" \/>\n<meta property=\"og:type\" content=\"article\" \/>\n<meta property=\"og:title\" content=\"Stubbs chv\u00e1l\u00ed Velliose - Official Czech &amp; Slovak Everton Supporters&#039; Club\" \/>\n<meta property=\"og:description\" content=\"Mana\u017eer rezervy Alan Stubbs si po rem\u00edzov\u00e9m mini-derby s Liverpoolem, kter\u00e9 skon\u010dilo 2:2, pochvaloval v\u00fdkon zimn\u00ed posily Apostolose Velliose. Devaten\u00e1ctilet\u00fd&hellip;\" \/>\n<meta property=\"og:url\" content=\"https:\/\/evertonfc.cz\/index.php\/2011\/03\/26\/stubbs-chvali-velliose\/\" \/>\n<meta property=\"og:site_name\" content=\"Official Czech &amp; Slovak Everton Supporters&#039; Club\" \/>\n<meta property=\"article:publisher\" content=\"https:\/\/www.facebook.com\/everton.fans.cz.sk\" \/>\n<meta property=\"article:published_time\" content=\"2011-03-26T12:59:00+00:00\" \/>\n<meta property=\"article:modified_time\" content=\"2019-02-13T13:00:33+00:00\" \/>\n<meta property=\"og:image\" content=\"https:\/\/evertonfc.cz\/wp-content\/uploads\/2019\/01\/interview.jpg\" \/>\n\t<meta property=\"og:image:width\" content=\"720\" \/>\n\t<meta property=\"og:image:height\" content=\"405\" \/>\n\t<meta property=\"og:image:type\" content=\"image\/jpeg\" \/>\n<meta name=\"author\" content=\"Ri\u010di\" \/>\n<meta name=\"twitter:card\" content=\"summary_large_image\" \/>\n<meta name=\"twitter:creator\" content=\"@rbrejsa\" \/>\n<meta name=\"twitter:label1\" content=\"Napsal(a)\" \/>\n\t<meta name=\"twitter:data1\" content=\"Ri\u010di\" \/>\n\t<meta name=\"twitter:label2\" content=\"Odhadovan\u00e1 doba \u010dten\u00ed\" \/>\n\t<meta name=\"twitter:data2\" content=\"2 minuty\" \/>\n<script type=\"application\/ld+json\" class=\"yoast-schema-graph\">{\"@context\":\"https:\/\/schema.org\",\"@graph\":[{\"@type\":\"Article\",\"@id\":\"https:\/\/evertonfc.cz\/index.php\/2011\/03\/26\/stubbs-chvali-velliose\/#article\",\"isPartOf\":{\"@id\":\"https:\/\/evertonfc.cz\/index.php\/2011\/03\/26\/stubbs-chvali-velliose\/\"},\"author\":{\"name\":\"Ri\u010di\",\"@id\":\"https:\/\/evertonfc.cz\/#\/schema\/person\/f7a5daedb2ffee98480bc70e191aaef1\"},\"headline\":\"Stubbs chv\u00e1l\u00ed Velliose\",\"datePublished\":\"2011-03-26T12:59:00+00:00\",\"dateModified\":\"2019-02-13T13:00:33+00:00\",\"mainEntityOfPage\":{\"@id\":\"https:\/\/evertonfc.cz\/index.php\/2011\/03\/26\/stubbs-chvali-velliose\/\"},\"wordCount\":470,\"commentCount\":0,\"publisher\":{\"@id\":\"https:\/\/evertonfc.cz\/#organization\"},\"image\":{\"@id\":\"https:\/\/evertonfc.cz\/index.php\/2011\/03\/26\/stubbs-chvali-velliose\/#primaryimage\"},\"thumbnailUrl\":\"https:\/\/evertonfc.cz\/wp-content\/uploads\/2019\/01\/interview.jpg\",\"articleSection\":[\"Rozhovory\"],\"inLanguage\":\"cs\",\"potentialAction\":[{\"@type\":\"CommentAction\",\"name\":\"Comment\",\"target\":[\"https:\/\/evertonfc.cz\/index.php\/2011\/03\/26\/stubbs-chvali-velliose\/#respond\"]}]},{\"@type\":\"WebPage\",\"@id\":\"https:\/\/evertonfc.cz\/index.php\/2011\/03\/26\/stubbs-chvali-velliose\/\",\"url\":\"https:\/\/evertonfc.cz\/index.php\/2011\/03\/26\/stubbs-chvali-velliose\/\",\"name\":\"Stubbs chv\u00e1l\u00ed Velliose - Official Czech &amp; Slovak Everton Supporters&#039; Club\",\"isPartOf\":{\"@id\":\"https:\/\/evertonfc.cz\/#website\"},\"primaryImageOfPage\":{\"@id\":\"https:\/\/evertonfc.cz\/index.php\/2011\/03\/26\/stubbs-chvali-velliose\/#primaryimage\"},\"image\":{\"@id\":\"https:\/\/evertonfc.cz\/index.php\/2011\/03\/26\/stubbs-chvali-velliose\/#primaryimage\"},\"thumbnailUrl\":\"https:\/\/evertonfc.cz\/wp-content\/uploads\/2019\/01\/interview.jpg\",\"datePublished\":\"2011-03-26T12:59:00+00:00\",\"dateModified\":\"2019-02-13T13:00:33+00:00\",\"breadcrumb\":{\"@id\":\"https:\/\/evertonfc.cz\/index.php\/2011\/03\/26\/stubbs-chvali-velliose\/#breadcrumb\"},\"inLanguage\":\"cs\",\"potentialAction\":[{\"@type\":\"ReadAction\",\"target\":[\"https:\/\/evertonfc.cz\/index.php\/2011\/03\/26\/stubbs-chvali-velliose\/\"]}]},{\"@type\":\"ImageObject\",\"inLanguage\":\"cs\",\"@id\":\"https:\/\/evertonfc.cz\/index.php\/2011\/03\/26\/stubbs-chvali-velliose\/#primaryimage\",\"url\":\"https:\/\/evertonfc.cz\/wp-content\/uploads\/2019\/01\/interview.jpg\",\"contentUrl\":\"https:\/\/evertonfc.cz\/wp-content\/uploads\/2019\/01\/interview.jpg\",\"width\":720,\"height\":405},{\"@type\":\"BreadcrumbList\",\"@id\":\"https:\/\/evertonfc.cz\/index.php\/2011\/03\/26\/stubbs-chvali-velliose\/#breadcrumb\",\"itemListElement\":[{\"@type\":\"ListItem\",\"position\":1,\"name\":\"Home\",\"item\":\"https:\/\/evertonfc.cz\/\"},{\"@type\":\"ListItem\",\"position\":2,\"name\":\"Stubbs chv\u00e1l\u00ed Velliose\"}]},{\"@type\":\"WebSite\",\"@id\":\"https:\/\/evertonfc.cz\/#website\",\"url\":\"https:\/\/evertonfc.cz\/\",\"name\":\"Official Czech &amp; Slovak Everton Supporters&#039; Club\",\"description\":\"\",\"publisher\":{\"@id\":\"https:\/\/evertonfc.cz\/#organization\"},\"potentialAction\":[{\"@type\":\"SearchAction\",\"target\":{\"@type\":\"EntryPoint\",\"urlTemplate\":\"https:\/\/evertonfc.cz\/?s={search_term_string}\"},\"query-input\":{\"@type\":\"PropertyValueSpecification\",\"valueRequired\":true,\"valueName\":\"search_term_string\"}}],\"inLanguage\":\"cs\"},{\"@type\":\"Organization\",\"@id\":\"https:\/\/evertonfc.cz\/#organization\",\"name\":\"Official Czech & Slovak Everton Supporters' Club\",\"url\":\"https:\/\/evertonfc.cz\/\",\"logo\":{\"@type\":\"ImageObject\",\"inLanguage\":\"cs\",\"@id\":\"https:\/\/evertonfc.cz\/#\/schema\/logo\/image\/\",\"url\":\"https:\/\/evertonfc.cz\/wp-content\/uploads\/2019\/05\/logo.png\",\"contentUrl\":\"https:\/\/evertonfc.cz\/wp-content\/uploads\/2019\/05\/logo.png\",\"width\":112,\"height\":112,\"caption\":\"Official Czech & Slovak Everton Supporters' Club\"},\"image\":{\"@id\":\"https:\/\/evertonfc.cz\/#\/schema\/logo\/image\/\"},\"sameAs\":[\"https:\/\/www.facebook.com\/everton.fans.cz.sk\"]},{\"@type\":\"Person\",\"@id\":\"https:\/\/evertonfc.cz\/#\/schema\/person\/f7a5daedb2ffee98480bc70e191aaef1\",\"name\":\"Ri\u010di\",\"sameAs\":[\"https:\/\/x.com\/rbrejsa\"],\"url\":\"https:\/\/evertonfc.cz\/index.php\/author\/rici\/\"}]}<\/script>\n<!-- \/ Yoast SEO plugin. -->","yoast_head_json":{"title":"Stubbs chv\u00e1l\u00ed Velliose - Official Czech &amp; Slovak Everton Supporters&#039; Club","robots":{"index":"index","follow":"follow","max-snippet":"max-snippet:-1","max-image-preview":"max-image-preview:large","max-video-preview":"max-video-preview:-1"},"canonical":"https:\/\/evertonfc.cz\/index.php\/2011\/03\/26\/stubbs-chvali-velliose\/","og_locale":"cs_CZ","og_type":"article","og_title":"Stubbs chv\u00e1l\u00ed Velliose - Official Czech &amp; Slovak Everton Supporters&#039; Club","og_description":"Mana\u017eer rezervy Alan Stubbs si po rem\u00edzov\u00e9m mini-derby s Liverpoolem, kter\u00e9 skon\u010dilo 2:2, pochvaloval v\u00fdkon zimn\u00ed posily Apostolose Velliose. Devaten\u00e1ctilet\u00fd&hellip;","og_url":"https:\/\/evertonfc.cz\/index.php\/2011\/03\/26\/stubbs-chvali-velliose\/","og_site_name":"Official Czech &amp; Slovak Everton Supporters&#039; Club","article_publisher":"https:\/\/www.facebook.com\/everton.fans.cz.sk","article_published_time":"2011-03-26T12:59:00+00:00","article_modified_time":"2019-02-13T13:00:33+00:00","og_image":[{"width":720,"height":405,"url":"https:\/\/evertonfc.cz\/wp-content\/uploads\/2019\/01\/interview.jpg","type":"image\/jpeg"}],"author":"Ri\u010di","twitter_card":"summary_large_image","twitter_creator":"@rbrejsa","twitter_misc":{"Napsal(a)":"Ri\u010di","Odhadovan\u00e1 doba \u010dten\u00ed":"2 minuty"},"schema":{"@context":"https:\/\/schema.org","@graph":[{"@type":"Article","@id":"https:\/\/evertonfc.cz\/index.php\/2011\/03\/26\/stubbs-chvali-velliose\/#article","isPartOf":{"@id":"https:\/\/evertonfc.cz\/index.php\/2011\/03\/26\/stubbs-chvali-velliose\/"},"author":{"name":"Ri\u010di","@id":"https:\/\/evertonfc.cz\/#\/schema\/person\/f7a5daedb2ffee98480bc70e191aaef1"},"headline":"Stubbs chv\u00e1l\u00ed Velliose","datePublished":"2011-03-26T12:59:00+00:00","dateModified":"2019-02-13T13:00:33+00:00","mainEntityOfPage":{"@id":"https:\/\/evertonfc.cz\/index.php\/2011\/03\/26\/stubbs-chvali-velliose\/"},"wordCount":470,"commentCount":0,"publisher":{"@id":"https:\/\/evertonfc.cz\/#organization"},"image":{"@id":"https:\/\/evertonfc.cz\/index.php\/2011\/03\/26\/stubbs-chvali-velliose\/#primaryimage"},"thumbnailUrl":"https:\/\/evertonfc.cz\/wp-content\/uploads\/2019\/01\/interview.jpg","articleSection":["Rozhovory"],"inLanguage":"cs","potentialAction":[{"@type":"CommentAction","name":"Comment","target":["https:\/\/evertonfc.cz\/index.php\/2011\/03\/26\/stubbs-chvali-velliose\/#respond"]}]},{"@type":"WebPage","@id":"https:\/\/evertonfc.cz\/index.php\/2011\/03\/26\/stubbs-chvali-velliose\/","url":"https:\/\/evertonfc.cz\/index.php\/2011\/03\/26\/stubbs-chvali-velliose\/","name":"Stubbs chv\u00e1l\u00ed Velliose - Official Czech &amp; Slovak Everton Supporters&#039; Club","isPartOf":{"@id":"https:\/\/evertonfc.cz\/#website"},"primaryImageOfPage":{"@id":"https:\/\/evertonfc.cz\/index.php\/2011\/03\/26\/stubbs-chvali-velliose\/#primaryimage"},"image":{"@id":"https:\/\/evertonfc.cz\/index.php\/2011\/03\/26\/stubbs-chvali-velliose\/#primaryimage"},"thumbnailUrl":"https:\/\/evertonfc.cz\/wp-content\/uploads\/2019\/01\/interview.jpg","datePublished":"2011-03-26T12:59:00+00:00","dateModified":"2019-02-13T13:00:33+00:00","breadcrumb":{"@id":"https:\/\/evertonfc.cz\/index.php\/2011\/03\/26\/stubbs-chvali-velliose\/#breadcrumb"},"inLanguage":"cs","potentialAction":[{"@type":"ReadAction","target":["https:\/\/evertonfc.cz\/index.php\/2011\/03\/26\/stubbs-chvali-velliose\/"]}]},{"@type":"ImageObject","inLanguage":"cs","@id":"https:\/\/evertonfc.cz\/index.php\/2011\/03\/26\/stubbs-chvali-velliose\/#primaryimage","url":"https:\/\/evertonfc.cz\/wp-content\/uploads\/2019\/01\/interview.jpg","contentUrl":"https:\/\/evertonfc.cz\/wp-content\/uploads\/2019\/01\/interview.jpg","width":720,"height":405},{"@type":"BreadcrumbList","@id":"https:\/\/evertonfc.cz\/index.php\/2011\/03\/26\/stubbs-chvali-velliose\/#breadcrumb","itemListElement":[{"@type":"ListItem","position":1,"name":"Home","item":"https:\/\/evertonfc.cz\/"},{"@type":"ListItem","position":2,"name":"Stubbs chv\u00e1l\u00ed Velliose"}]},{"@type":"WebSite","@id":"https:\/\/evertonfc.cz\/#website","url":"https:\/\/evertonfc.cz\/","name":"Official Czech &amp; Slovak Everton Supporters&#039; Club","description":"","publisher":{"@id":"https:\/\/evertonfc.cz\/#organization"},"potentialAction":[{"@type":"SearchAction","target":{"@type":"EntryPoint","urlTemplate":"https:\/\/evertonfc.cz\/?s={search_term_string}"},"query-input":{"@type":"PropertyValueSpecification","valueRequired":true,"valueName":"search_term_string"}}],"inLanguage":"cs"},{"@type":"Organization","@id":"https:\/\/evertonfc.cz\/#organization","name":"Official Czech & Slovak Everton Supporters' Club","url":"https:\/\/evertonfc.cz\/","logo":{"@type":"ImageObject","inLanguage":"cs","@id":"https:\/\/evertonfc.cz\/#\/schema\/logo\/image\/","url":"https:\/\/evertonfc.cz\/wp-content\/uploads\/2019\/05\/logo.png","contentUrl":"https:\/\/evertonfc.cz\/wp-content\/uploads\/2019\/05\/logo.png","width":112,"height":112,"caption":"Official Czech & Slovak Everton Supporters' Club"},"image":{"@id":"https:\/\/evertonfc.cz\/#\/schema\/logo\/image\/"},"sameAs":["https:\/\/www.facebook.com\/everton.fans.cz.sk"]},{"@type":"Person","@id":"https:\/\/evertonfc.cz\/#\/schema\/person\/f7a5daedb2ffee98480bc70e191aaef1","name":"Ri\u010di","sameAs":["https:\/\/x.com\/rbrejsa"],"url":"https:\/\/evertonfc.cz\/index.php\/author\/rici\/"}]}},"_links":{"self":[{"href":"https:\/\/evertonfc.cz\/index.php\/wp-json\/wp\/v2\/posts\/4497"}],"collection":[{"href":"https:\/\/evertonfc.cz\/index.php\/wp-json\/wp\/v2\/posts"}],"about":[{"href":"https:\/\/evertonfc.cz\/index.php\/wp-json\/wp\/v2\/types\/post"}],"author":[{"embeddable":true,"href":"https:\/\/evertonfc.cz\/index.php\/wp-json\/wp\/v2\/users\/6"}],"replies":[{"embeddable":true,"href":"https:\/\/evertonfc.cz\/index.php\/wp-json\/wp\/v2\/comments?post=4497"}],"version-history":[{"count":1,"href":"https:\/\/evertonfc.cz\/index.php\/wp-json\/wp\/v2\/posts\/4497\/revisions"}],"predecessor-version":[{"id":4498,"href":"https:\/\/evertonfc.cz\/index.php\/wp-json\/wp\/v2\/posts\/4497\/revisions\/4498"}],"wp:featuredmedia":[{"embeddable":true,"href":"https:\/\/evertonfc.cz\/index.php\/wp-json\/wp\/v2\/media\/1312"}],"wp:attachment":[{"href":"https:\/\/evertonfc.cz\/index.php\/wp-json\/wp\/v2\/media?parent=4497"}],"wp:term":[{"taxonomy":"category","embeddable":true,"href":"https:\/\/evertonfc.cz\/index.php\/wp-json\/wp\/v2\/categories?post=4497"},{"taxonomy":"post_tag","embeddable":true,"href":"https:\/\/evertonfc.cz\/index.php\/wp-json\/wp\/v2\/tags?post=4497"}],"curies":[{"name":"wp","href":"https:\/\/api.w.org\/{rel}","templated":true}]}}