{"id":4499,"date":"2011-03-28T14:01:00","date_gmt":"2011-03-28T12:01:00","guid":{"rendered":"http:\/\/evertonfc.cz\/?p=4499"},"modified":"2019-02-13T14:02:29","modified_gmt":"2019-02-13T13:02:29","slug":"sebevedomy-heitinga-chce-hrat","status":"publish","type":"post","link":"https:\/\/evertonfc.cz\/index.php\/2011\/03\/28\/sebevedomy-heitinga-chce-hrat\/","title":{"rendered":"Sebev\u011bdom\u00fd Heitinga chce hr\u00e1t"},"content":{"rendered":"<h4>P\u0159ed lo\u0148skou sez\u00f3nu p\u0159i\u0161el Heitinga do Evertonu s velk\u00fdmi nad\u011bjemi, kter\u00e9 ve sv\u00e9 prvn\u00ed sez\u00f3n\u011b na Ostrovech rozhodn\u011b splnil. V leto\u0161n\u00edm ro\u010dn\u00edku v\u0161ak v\u011bt\u0161inu \u010dasu vysed\u00e1v\u00e1 na lavi\u010dce n\u00e1hradn\u00edk\u016f.<\/h4>\n<div id=\"NewsPostDetailContent\">\n<p>P\u0159esto se hodl\u00e1 se svoj\u00ed nep\u0159\u00edjemnou situac\u00ed popasovat a st\u00e1t se d\u016fle\u017eit\u00fdm \u010dl\u00e1nkem sestavy t\u00fdmu z Goodison Parku. Holan\u010fan m\u00e1 za leto\u0161n\u00ed sez\u00f3nu na kont\u011b pouze 17 ligov\u00fdch z\u00e1pas\u016f, p\u0159i\u010dem\u017e pouze osmkr\u00e1t nastoupit na sv\u00e9 obl\u00edben\u00e9 pozici ve st\u0159edu obrany. Nen\u00ed proto divu, \u017ee se v zimn\u00edm p\u0159estupov\u00e9m obdob\u00ed stal ter\u010dem spekulac\u00ed mluv\u00edc\u00ed o jeho odchodu.<\/p>\n<p>Ve sv\u00e9m dal\u0161\u00edm ambici\u00f3zn\u00edm rozhovoru Heitinga uvedl: <em>\u201eSt\u00e1le se mohu st\u00e1t v Evertonu d\u016fle\u017eit\u00fdm hr\u00e1\u010dem, nehodl\u00e1m ale nastupovat na kter\u00e9koliv pozici. Rozhodn\u011b nechci hr\u00e1t prav\u00e9ho obr\u00e1nce, \u0159ekl jsem to i mana\u017eerovi.<\/em><\/p>\n<p><em>O budoucnosti se neboj\u00edm. Ve sv\u00e9 kari\u00e9\u0159e postupuju k lep\u0161\u00edm z\u00edt\u0159k\u016fm, v\u00a0zim\u011b o m\u011b st\u00e1lo hodn\u011b klub\u016f. Nem\u011bl jsem ale v pl\u00e1nu v polovin\u011b sez\u00f3ny odch\u00e1zet a Everton se m\u011b necht\u011bl vzd\u00e1t. Co\u017e byl pro m\u011b dobr\u00fd sign\u00e1l.\u201c<\/em> Mluvil Heitinga po kvalifika\u010dn\u00edm z\u00e1pase Ma\u010farska s Holandskem. Oranjes mimochodem vyhr\u00e1li p\u0159esv\u011bd\u010div\u011b 4:0 a zarputil\u00fd rod\u00e1k z jihonizozemsk\u00e9ho m\u011bste\u010dka Alphen aan den Rijn hr\u00e1l cel\u00e9 st\u0159etnut\u00ed na stopersk\u00e9 pozici.<\/p>\n<p>Po p\u0159\u00edchodu z Atletica Madrid v l\u00e9t\u011b 2009 Moyes Heitingu stav\u011bl na prav\u00e9ho obr\u00e1nce, s \u010d\u00edm\u017e se jen t\u011b\u017ece vyrovn\u00e1val. Postupem \u010dasu se ov\u0161em p\u0159esunul do st\u0159edu obrany, kde v prvn\u00edm roce za Blues z\u00e1\u0159il. Letos kdy\u017e dostal v sam\u00e9m srdci defenzivy \u0161anci, nedok\u00e1zal Everton udr\u017eet \u010dist\u00e9 konto a celkem \u010dasto inkasoval. Samoz\u0159ejm\u011b za v\u0161echny branky Heitinga nemohl, i tak ho ale ze sestavy vytla\u010dila dvojice Jagielka-Distin.<\/p>\n<p><em>\u201eNep\u0159estoupil jsem do Evertonu, abych sed\u011bl na lavi\u010dce. Spolu s Philem Nevillem m\u00e1m z t\u00fdmu nejv\u00edce zku\u0161enost\u00ed. Hr\u00e1l jsem na \u010dty\u0159ech mezist\u00e1tn\u00edch turnaj\u00edch, nastoupil jsem ve fin\u00e1le Mistrovstv\u00ed sv\u011bta.<\/em><\/p>\n<p><em>Pat\u0159\u00edm mezi 22 nejlep\u0161\u00edch hr\u00e1\u010d\u016f na sv\u011bt\u011b a mezi \u010dty\u0159i nejlep\u0161\u00ed st\u0159edn\u00ed obr\u00e1nce. Dob\u0159e, nebudu a\u017e tak p\u0159eh\u00e1n\u011bt, av\u0161ak do des\u00edtky nejlep\u0161\u00edch stoper\u016f bych se ve\u0161el. Pokud jednou ve fotbale okus\u00edte nejv\u011bt\u0161\u00ed \u00farove\u0148, va\u0161e sebed\u016fv\u011bra stoupne nahoru. Z pohledu hr\u00e1\u010de v\u00e1s fin\u00e1le na sv\u011btov\u00e9m \u0161ampion\u00e1tu pos\u00edl\u00ed.<\/em><\/p>\n<p><em>Nechci pobrek\u00e1vat. V Anglli se mi lib\u00ed, i kdy\u017e p\u0159\u00edli\u0161 nehraju. Snad je to pouze do\u010dasn\u00e1 situace a moje z\u00e1pasov\u00e1 vyt\u00ed\u017eenost se zv\u011bt\u0161\u00ed. Jestli ne, v l\u00e9t\u011b budu \u0159e\u0161it, co d\u00e1l d\u011blat.<\/em><\/p>\n<p><em>V\u017edy si budu st\u00e1t za t\u00edm, \u017ee jsem v Evertonu nejlep\u0161\u00ed stoper \u2013 a od mistrovstv\u00ed sv\u011bta bez v\u00e1h\u00e1n\u00ed. Pokud jsem ale chyboval nebo budu chybovat, pochop\u00edm, kdy\u017e m\u011b mana\u017eer posad\u00ed na lavi\u010dku. David Moyes nen\u00ed p\u0159\u00edli\u0161 velk\u00fd \u0159e\u010dn\u00edk, sv\u00e1 rozhodnut\u00ed jednotliv\u011b hr\u00e1\u010d\u016fm nevysv\u011btluje. St\u00e1le opakuje, jak dostanou v\u0161ichni prostor na h\u0159i\u0161ti.<\/em><\/p>\n<p><em>Distin s Jagielkou jsou vysoc\u00ed chlap\u00edci, vyrostli skoro o hlavu a p\u016fl v\u00fd\u0161e ne\u017e j\u00e1. Mana\u017eer preferuje ve st\u0159edu obrany vyt\u00e1hl\u00e9 typy, podle m\u011b bych stopera ale tak\u00e9 zvl\u00e1dl.\u201c<\/em><\/p>\n<p>Co Heitingovi v Evertonu chyb\u00ed, jsou evropsk\u00e9 poh\u00e1ry. Z Ajaxu i Atletica Madrid si zvyknul na Ligu mistr\u016f: <em>\u201eKdy\u017e se v televizi d\u00edv\u00e1m na Ligu mistr\u016f, sv\u00edr\u00e1 se mi nap\u011bt\u00edm b\u0159icho. U\u017e v Ajaxu jsem sl\u00fdch\u00e1val hymnu Ligy mistr\u016f. Te\u010f se s n\u00ed dostanu do kontaktu jen p\u0159es televizi z pohovky. Chci se op\u011bt uk\u00e1zat v evropsk\u00fdch poh\u00e1rech. Cht\u011bl bych si je zahr\u00e1t s Evertonem, nebude to v\u0161ak nic lehk\u00e9ho.\u201c<\/em><\/p>\n<\/div>\n","protected":false},"excerpt":{"rendered":"<p>P\u0159ed lo\u0148skou sez\u00f3nu p\u0159i\u0161el Heitinga do Evertonu s velk\u00fdmi nad\u011bjemi, kter\u00e9 ve sv\u00e9 prvn\u00ed sez\u00f3n\u011b na Ostrovech rozhodn\u011b splnil. V&hellip;<\/p>\n","protected":false},"author":6,"featured_media":1312,"comment_status":"open","ping_status":"closed","sticky":false,"template":"","format":"standard","meta":{"_eb_attr":"","_monsterinsights_skip_tracking":false,"_monsterinsights_sitenote_active":false,"_monsterinsights_sitenote_note":"","_monsterinsights_sitenote_category":0,"footnotes":""},"categories":[1],"tags":[],"yoast_head":"<!-- This site is optimized with the Yoast SEO plugin v23.4 - https:\/\/yoast.com\/wordpress\/plugins\/seo\/ -->\n<title>Sebev\u011bdom\u00fd Heitinga chce hr\u00e1t - Official Czech &amp; Slovak Everton Supporters&#039; Club<\/title>\n<meta name=\"robots\" content=\"index, follow, max-snippet:-1, max-image-preview:large, max-video-preview:-1\" \/>\n<link rel=\"canonical\" href=\"https:\/\/evertonfc.cz\/index.php\/2011\/03\/28\/sebevedomy-heitinga-chce-hrat\/\" \/>\n<meta property=\"og:locale\" content=\"cs_CZ\" \/>\n<meta property=\"og:type\" content=\"article\" \/>\n<meta property=\"og:title\" content=\"Sebev\u011bdom\u00fd Heitinga chce hr\u00e1t - Official Czech &amp; Slovak Everton Supporters&#039; Club\" \/>\n<meta property=\"og:description\" content=\"P\u0159ed lo\u0148skou sez\u00f3nu p\u0159i\u0161el Heitinga do Evertonu s velk\u00fdmi nad\u011bjemi, kter\u00e9 ve sv\u00e9 prvn\u00ed sez\u00f3n\u011b na Ostrovech rozhodn\u011b splnil. V&hellip;\" \/>\n<meta property=\"og:url\" content=\"https:\/\/evertonfc.cz\/index.php\/2011\/03\/28\/sebevedomy-heitinga-chce-hrat\/\" \/>\n<meta property=\"og:site_name\" content=\"Official Czech &amp; Slovak Everton Supporters&#039; Club\" \/>\n<meta property=\"article:publisher\" content=\"https:\/\/www.facebook.com\/everton.fans.cz.sk\" \/>\n<meta property=\"article:published_time\" content=\"2011-03-28T12:01:00+00:00\" \/>\n<meta property=\"article:modified_time\" content=\"2019-02-13T13:02:29+00:00\" \/>\n<meta property=\"og:image\" content=\"https:\/\/evertonfc.cz\/wp-content\/uploads\/2019\/01\/interview.jpg\" \/>\n\t<meta property=\"og:image:width\" content=\"720\" \/>\n\t<meta property=\"og:image:height\" content=\"405\" \/>\n\t<meta property=\"og:image:type\" content=\"image\/jpeg\" \/>\n<meta name=\"author\" content=\"Ri\u010di\" \/>\n<meta name=\"twitter:card\" content=\"summary_large_image\" \/>\n<meta name=\"twitter:creator\" content=\"@rbrejsa\" \/>\n<meta name=\"twitter:label1\" content=\"Napsal(a)\" \/>\n\t<meta name=\"twitter:data1\" content=\"Ri\u010di\" \/>\n\t<meta name=\"twitter:label2\" content=\"Odhadovan\u00e1 doba \u010dten\u00ed\" \/>\n\t<meta name=\"twitter:data2\" content=\"4 minuty\" \/>\n<script type=\"application\/ld+json\" class=\"yoast-schema-graph\">{\"@context\":\"https:\/\/schema.org\",\"@graph\":[{\"@type\":\"Article\",\"@id\":\"https:\/\/evertonfc.cz\/index.php\/2011\/03\/28\/sebevedomy-heitinga-chce-hrat\/#article\",\"isPartOf\":{\"@id\":\"https:\/\/evertonfc.cz\/index.php\/2011\/03\/28\/sebevedomy-heitinga-chce-hrat\/\"},\"author\":{\"name\":\"Ri\u010di\",\"@id\":\"https:\/\/evertonfc.cz\/#\/schema\/person\/f7a5daedb2ffee98480bc70e191aaef1\"},\"headline\":\"Sebev\u011bdom\u00fd Heitinga chce hr\u00e1t\",\"datePublished\":\"2011-03-28T12:01:00+00:00\",\"dateModified\":\"2019-02-13T13:02:29+00:00\",\"mainEntityOfPage\":{\"@id\":\"https:\/\/evertonfc.cz\/index.php\/2011\/03\/28\/sebevedomy-heitinga-chce-hrat\/\"},\"wordCount\":707,\"commentCount\":0,\"publisher\":{\"@id\":\"https:\/\/evertonfc.cz\/#organization\"},\"image\":{\"@id\":\"https:\/\/evertonfc.cz\/index.php\/2011\/03\/28\/sebevedomy-heitinga-chce-hrat\/#primaryimage\"},\"thumbnailUrl\":\"https:\/\/evertonfc.cz\/wp-content\/uploads\/2019\/01\/interview.jpg\",\"articleSection\":[\"Rozhovory\"],\"inLanguage\":\"cs\",\"potentialAction\":[{\"@type\":\"CommentAction\",\"name\":\"Comment\",\"target\":[\"https:\/\/evertonfc.cz\/index.php\/2011\/03\/28\/sebevedomy-heitinga-chce-hrat\/#respond\"]}]},{\"@type\":\"WebPage\",\"@id\":\"https:\/\/evertonfc.cz\/index.php\/2011\/03\/28\/sebevedomy-heitinga-chce-hrat\/\",\"url\":\"https:\/\/evertonfc.cz\/index.php\/2011\/03\/28\/sebevedomy-heitinga-chce-hrat\/\",\"name\":\"Sebev\u011bdom\u00fd Heitinga chce hr\u00e1t - Official Czech &amp; Slovak Everton Supporters&#039; Club\",\"isPartOf\":{\"@id\":\"https:\/\/evertonfc.cz\/#website\"},\"primaryImageOfPage\":{\"@id\":\"https:\/\/evertonfc.cz\/index.php\/2011\/03\/28\/sebevedomy-heitinga-chce-hrat\/#primaryimage\"},\"image\":{\"@id\":\"https:\/\/evertonfc.cz\/index.php\/2011\/03\/28\/sebevedomy-heitinga-chce-hrat\/#primaryimage\"},\"thumbnailUrl\":\"https:\/\/evertonfc.cz\/wp-content\/uploads\/2019\/01\/interview.jpg\",\"datePublished\":\"2011-03-28T12:01:00+00:00\",\"dateModified\":\"2019-02-13T13:02:29+00:00\",\"breadcrumb\":{\"@id\":\"https:\/\/evertonfc.cz\/index.php\/2011\/03\/28\/sebevedomy-heitinga-chce-hrat\/#breadcrumb\"},\"inLanguage\":\"cs\",\"potentialAction\":[{\"@type\":\"ReadAction\",\"target\":[\"https:\/\/evertonfc.cz\/index.php\/2011\/03\/28\/sebevedomy-heitinga-chce-hrat\/\"]}]},{\"@type\":\"ImageObject\",\"inLanguage\":\"cs\",\"@id\":\"https:\/\/evertonfc.cz\/index.php\/2011\/03\/28\/sebevedomy-heitinga-chce-hrat\/#primaryimage\",\"url\":\"https:\/\/evertonfc.cz\/wp-content\/uploads\/2019\/01\/interview.jpg\",\"contentUrl\":\"https:\/\/evertonfc.cz\/wp-content\/uploads\/2019\/01\/interview.jpg\",\"width\":720,\"height\":405},{\"@type\":\"BreadcrumbList\",\"@id\":\"https:\/\/evertonfc.cz\/index.php\/2011\/03\/28\/sebevedomy-heitinga-chce-hrat\/#breadcrumb\",\"itemListElement\":[{\"@type\":\"ListItem\",\"position\":1,\"name\":\"Home\",\"item\":\"https:\/\/evertonfc.cz\/\"},{\"@type\":\"ListItem\",\"position\":2,\"name\":\"Sebev\u011bdom\u00fd Heitinga chce hr\u00e1t\"}]},{\"@type\":\"WebSite\",\"@id\":\"https:\/\/evertonfc.cz\/#website\",\"url\":\"https:\/\/evertonfc.cz\/\",\"name\":\"Official Czech &amp; Slovak Everton Supporters&#039; Club\",\"description\":\"\",\"publisher\":{\"@id\":\"https:\/\/evertonfc.cz\/#organization\"},\"potentialAction\":[{\"@type\":\"SearchAction\",\"target\":{\"@type\":\"EntryPoint\",\"urlTemplate\":\"https:\/\/evertonfc.cz\/?s={search_term_string}\"},\"query-input\":{\"@type\":\"PropertyValueSpecification\",\"valueRequired\":true,\"valueName\":\"search_term_string\"}}],\"inLanguage\":\"cs\"},{\"@type\":\"Organization\",\"@id\":\"https:\/\/evertonfc.cz\/#organization\",\"name\":\"Official Czech & Slovak Everton Supporters' Club\",\"url\":\"https:\/\/evertonfc.cz\/\",\"logo\":{\"@type\":\"ImageObject\",\"inLanguage\":\"cs\",\"@id\":\"https:\/\/evertonfc.cz\/#\/schema\/logo\/image\/\",\"url\":\"https:\/\/evertonfc.cz\/wp-content\/uploads\/2019\/05\/logo.png\",\"contentUrl\":\"https:\/\/evertonfc.cz\/wp-content\/uploads\/2019\/05\/logo.png\",\"width\":112,\"height\":112,\"caption\":\"Official Czech & Slovak Everton Supporters' Club\"},\"image\":{\"@id\":\"https:\/\/evertonfc.cz\/#\/schema\/logo\/image\/\"},\"sameAs\":[\"https:\/\/www.facebook.com\/everton.fans.cz.sk\"]},{\"@type\":\"Person\",\"@id\":\"https:\/\/evertonfc.cz\/#\/schema\/person\/f7a5daedb2ffee98480bc70e191aaef1\",\"name\":\"Ri\u010di\",\"sameAs\":[\"https:\/\/x.com\/rbrejsa\"],\"url\":\"https:\/\/evertonfc.cz\/index.php\/author\/rici\/\"}]}<\/script>\n<!-- \/ Yoast SEO plugin. -->","yoast_head_json":{"title":"Sebev\u011bdom\u00fd Heitinga chce hr\u00e1t - Official Czech &amp; Slovak Everton Supporters&#039; Club","robots":{"index":"index","follow":"follow","max-snippet":"max-snippet:-1","max-image-preview":"max-image-preview:large","max-video-preview":"max-video-preview:-1"},"canonical":"https:\/\/evertonfc.cz\/index.php\/2011\/03\/28\/sebevedomy-heitinga-chce-hrat\/","og_locale":"cs_CZ","og_type":"article","og_title":"Sebev\u011bdom\u00fd Heitinga chce hr\u00e1t - Official Czech &amp; Slovak Everton Supporters&#039; Club","og_description":"P\u0159ed lo\u0148skou sez\u00f3nu p\u0159i\u0161el Heitinga do Evertonu s velk\u00fdmi nad\u011bjemi, kter\u00e9 ve sv\u00e9 prvn\u00ed sez\u00f3n\u011b na Ostrovech rozhodn\u011b splnil. V&hellip;","og_url":"https:\/\/evertonfc.cz\/index.php\/2011\/03\/28\/sebevedomy-heitinga-chce-hrat\/","og_site_name":"Official Czech &amp; Slovak Everton Supporters&#039; Club","article_publisher":"https:\/\/www.facebook.com\/everton.fans.cz.sk","article_published_time":"2011-03-28T12:01:00+00:00","article_modified_time":"2019-02-13T13:02:29+00:00","og_image":[{"width":720,"height":405,"url":"https:\/\/evertonfc.cz\/wp-content\/uploads\/2019\/01\/interview.jpg","type":"image\/jpeg"}],"author":"Ri\u010di","twitter_card":"summary_large_image","twitter_creator":"@rbrejsa","twitter_misc":{"Napsal(a)":"Ri\u010di","Odhadovan\u00e1 doba \u010dten\u00ed":"4 minuty"},"schema":{"@context":"https:\/\/schema.org","@graph":[{"@type":"Article","@id":"https:\/\/evertonfc.cz\/index.php\/2011\/03\/28\/sebevedomy-heitinga-chce-hrat\/#article","isPartOf":{"@id":"https:\/\/evertonfc.cz\/index.php\/2011\/03\/28\/sebevedomy-heitinga-chce-hrat\/"},"author":{"name":"Ri\u010di","@id":"https:\/\/evertonfc.cz\/#\/schema\/person\/f7a5daedb2ffee98480bc70e191aaef1"},"headline":"Sebev\u011bdom\u00fd Heitinga chce hr\u00e1t","datePublished":"2011-03-28T12:01:00+00:00","dateModified":"2019-02-13T13:02:29+00:00","mainEntityOfPage":{"@id":"https:\/\/evertonfc.cz\/index.php\/2011\/03\/28\/sebevedomy-heitinga-chce-hrat\/"},"wordCount":707,"commentCount":0,"publisher":{"@id":"https:\/\/evertonfc.cz\/#organization"},"image":{"@id":"https:\/\/evertonfc.cz\/index.php\/2011\/03\/28\/sebevedomy-heitinga-chce-hrat\/#primaryimage"},"thumbnailUrl":"https:\/\/evertonfc.cz\/wp-content\/uploads\/2019\/01\/interview.jpg","articleSection":["Rozhovory"],"inLanguage":"cs","potentialAction":[{"@type":"CommentAction","name":"Comment","target":["https:\/\/evertonfc.cz\/index.php\/2011\/03\/28\/sebevedomy-heitinga-chce-hrat\/#respond"]}]},{"@type":"WebPage","@id":"https:\/\/evertonfc.cz\/index.php\/2011\/03\/28\/sebevedomy-heitinga-chce-hrat\/","url":"https:\/\/evertonfc.cz\/index.php\/2011\/03\/28\/sebevedomy-heitinga-chce-hrat\/","name":"Sebev\u011bdom\u00fd Heitinga chce hr\u00e1t - Official Czech &amp; Slovak Everton Supporters&#039; Club","isPartOf":{"@id":"https:\/\/evertonfc.cz\/#website"},"primaryImageOfPage":{"@id":"https:\/\/evertonfc.cz\/index.php\/2011\/03\/28\/sebevedomy-heitinga-chce-hrat\/#primaryimage"},"image":{"@id":"https:\/\/evertonfc.cz\/index.php\/2011\/03\/28\/sebevedomy-heitinga-chce-hrat\/#primaryimage"},"thumbnailUrl":"https:\/\/evertonfc.cz\/wp-content\/uploads\/2019\/01\/interview.jpg","datePublished":"2011-03-28T12:01:00+00:00","dateModified":"2019-02-13T13:02:29+00:00","breadcrumb":{"@id":"https:\/\/evertonfc.cz\/index.php\/2011\/03\/28\/sebevedomy-heitinga-chce-hrat\/#breadcrumb"},"inLanguage":"cs","potentialAction":[{"@type":"ReadAction","target":["https:\/\/evertonfc.cz\/index.php\/2011\/03\/28\/sebevedomy-heitinga-chce-hrat\/"]}]},{"@type":"ImageObject","inLanguage":"cs","@id":"https:\/\/evertonfc.cz\/index.php\/2011\/03\/28\/sebevedomy-heitinga-chce-hrat\/#primaryimage","url":"https:\/\/evertonfc.cz\/wp-content\/uploads\/2019\/01\/interview.jpg","contentUrl":"https:\/\/evertonfc.cz\/wp-content\/uploads\/2019\/01\/interview.jpg","width":720,"height":405},{"@type":"BreadcrumbList","@id":"https:\/\/evertonfc.cz\/index.php\/2011\/03\/28\/sebevedomy-heitinga-chce-hrat\/#breadcrumb","itemListElement":[{"@type":"ListItem","position":1,"name":"Home","item":"https:\/\/evertonfc.cz\/"},{"@type":"ListItem","position":2,"name":"Sebev\u011bdom\u00fd Heitinga chce hr\u00e1t"}]},{"@type":"WebSite","@id":"https:\/\/evertonfc.cz\/#website","url":"https:\/\/evertonfc.cz\/","name":"Official Czech &amp; Slovak Everton Supporters&#039; Club","description":"","publisher":{"@id":"https:\/\/evertonfc.cz\/#organization"},"potentialAction":[{"@type":"SearchAction","target":{"@type":"EntryPoint","urlTemplate":"https:\/\/evertonfc.cz\/?s={search_term_string}"},"query-input":{"@type":"PropertyValueSpecification","valueRequired":true,"valueName":"search_term_string"}}],"inLanguage":"cs"},{"@type":"Organization","@id":"https:\/\/evertonfc.cz\/#organization","name":"Official Czech & Slovak Everton Supporters' Club","url":"https:\/\/evertonfc.cz\/","logo":{"@type":"ImageObject","inLanguage":"cs","@id":"https:\/\/evertonfc.cz\/#\/schema\/logo\/image\/","url":"https:\/\/evertonfc.cz\/wp-content\/uploads\/2019\/05\/logo.png","contentUrl":"https:\/\/evertonfc.cz\/wp-content\/uploads\/2019\/05\/logo.png","width":112,"height":112,"caption":"Official Czech & Slovak Everton Supporters' Club"},"image":{"@id":"https:\/\/evertonfc.cz\/#\/schema\/logo\/image\/"},"sameAs":["https:\/\/www.facebook.com\/everton.fans.cz.sk"]},{"@type":"Person","@id":"https:\/\/evertonfc.cz\/#\/schema\/person\/f7a5daedb2ffee98480bc70e191aaef1","name":"Ri\u010di","sameAs":["https:\/\/x.com\/rbrejsa"],"url":"https:\/\/evertonfc.cz\/index.php\/author\/rici\/"}]}},"_links":{"self":[{"href":"https:\/\/evertonfc.cz\/index.php\/wp-json\/wp\/v2\/posts\/4499"}],"collection":[{"href":"https:\/\/evertonfc.cz\/index.php\/wp-json\/wp\/v2\/posts"}],"about":[{"href":"https:\/\/evertonfc.cz\/index.php\/wp-json\/wp\/v2\/types\/post"}],"author":[{"embeddable":true,"href":"https:\/\/evertonfc.cz\/index.php\/wp-json\/wp\/v2\/users\/6"}],"replies":[{"embeddable":true,"href":"https:\/\/evertonfc.cz\/index.php\/wp-json\/wp\/v2\/comments?post=4499"}],"version-history":[{"count":1,"href":"https:\/\/evertonfc.cz\/index.php\/wp-json\/wp\/v2\/posts\/4499\/revisions"}],"predecessor-version":[{"id":4500,"href":"https:\/\/evertonfc.cz\/index.php\/wp-json\/wp\/v2\/posts\/4499\/revisions\/4500"}],"wp:featuredmedia":[{"embeddable":true,"href":"https:\/\/evertonfc.cz\/index.php\/wp-json\/wp\/v2\/media\/1312"}],"wp:attachment":[{"href":"https:\/\/evertonfc.cz\/index.php\/wp-json\/wp\/v2\/media?parent=4499"}],"wp:term":[{"taxonomy":"category","embeddable":true,"href":"https:\/\/evertonfc.cz\/index.php\/wp-json\/wp\/v2\/categories?post=4499"},{"taxonomy":"post_tag","embeddable":true,"href":"https:\/\/evertonfc.cz\/index.php\/wp-json\/wp\/v2\/tags?post=4499"}],"curies":[{"name":"wp","href":"https:\/\/api.w.org\/{rel}","templated":true}]}}