{"id":4509,"date":"2011-04-08T14:14:43","date_gmt":"2011-04-08T12:14:43","guid":{"rendered":"http:\/\/evertonfc.cz\/?p=4509"},"modified":"2021-01-12T19:32:49","modified_gmt":"2021-01-12T18:32:49","slug":"preview-wolverhampton-wanderers-everton-2","status":"publish","type":"post","link":"https:\/\/evertonfc.cz\/index.php\/2011\/04\/08\/preview-wolverhampton-wanderers-everton-2\/","title":{"rendered":"Preview: Wolverhampton Wanderers &#8211; Everton"},"content":{"rendered":"<h4>Bezm\u00e1la dvoum\u011bs\u00ed\u010dn\u00ed s\u00e9rii neporazitelnosti bude cht\u00edt Everton prodlou\u017eit v Midlands. V honb\u011b za dal\u0161\u00edm bodov\u00fdm ziskem tentokr\u00e1t stoj\u00ed hladov\u00ed Vlci.<\/h4>\n<div id=\"NewsPostDetailContent\">\n<p>Od op\u011btovn\u00e9ho postupu Wolverhamptonu mezi elitu p\u0159ed dv\u011bma lety, dosavadn\u00ed t\u0159i p\u0159edchoz\u00ed z\u00e1pasy zat\u00edm ani jednou nenab\u00eddly \u017e\u00e1dnou oslavu fotbalu a ve v\u0161ech p\u0159\u00edpadech tak\u00e9 d\u011blbu bod\u016f. Zlom\u00ed Toffees vl\u010d\u00ed odpor tentokr\u00e1t, nebo si Wolves doma smlsnou na dal\u0161\u00edm skalpu ve zb\u011bsil\u00e9m b\u011bhu za z\u00e1chranou?<\/p>\n<p>V\u011bt\u0161\u00ed podn\u011bt bude z\u0159ejm\u011b na stran\u011b celku z Molineux. Zat\u00edmco loni Wolves svoji provoligovou misi zakon\u010dili na pohodln\u00e9 patn\u00e1ct\u00e9 p\u0159\u00ed\u010dce, letos se McCartyho mu\u017estvo mus\u00ed o p\u0159\u00edslu\u0161nost v nejvy\u0161\u0161\u00ed sout\u011b\u017ei pr\u00e1t s daleko dramati\u010dt\u011bj\u0161\u00edm n\u00e1dechem. A boj za setrtv\u00e1n\u00edm v lize se zat\u00edm Wolverhamptonu da\u0159\u00ed v\u00edce ne\u017e nad\u011bjn\u011b.<\/p>\n<p>V minul\u00e9m kole si sice Wolves odvezli \u010dty\u0159g\u00f3lov\u00fd v\u00fdprask ze St. James Parku, vysokou prohrou se ov\u0161em nenechte zm\u00e1st. Oproti podzimn\u00edmu pr\u016fb\u011bhu sout\u011b\u017ee, kdy Vlci spole\u010dn\u011b s West Hamem kralovali v po\u010dtu prohran\u00fdch z\u00e1pas\u016f, se po p\u0159elomu roku Wolves v\u00fdsledkov\u011b o pozn\u00e1n\u00ed zvedli. P\u0159ed utk\u00e1n\u00edm v Newcastlu prohr\u00e1li wolverhampton\u0161t\u00ed naposled v polovin\u011b \u00fanora na Emirates Stadium, od t\u00e9 doby dvakr\u00e1t vyhr\u00e1li a remizovali. Velkou t\u00fdmovou zbran\u00ed je nav\u00edc vlastnost, bez kter\u00e9 by na tom Wolves byli v tabulce podstatn\u011b h\u016f\u0159e &#8211; por\u00e1\u017een\u00ed siln\u00fdch. V\u017edy\u0165 doma si Wolves po\u010d\u00edhali ji\u017e na Chelsea, Manchester City i Manchester United a p\u0159ekvapili t\u0159eba na Anfield Road \u010di ned\u00e1vno na Villa Parku.<\/p>\n<p>S motivac\u00ed proto mu\u017estvo z dv\u011bst\u011bpades\u00e1titis\u00edcov\u00e9ho m\u011bsta nem\u00e1 sebemen\u0161\u00ed trable. Mick Carthy proto nevid\u00ed d\u016fvod, pro\u010d by jeho t\u00fdm nemohl proti Evertonu bodovat, by\u0165 v\u00ed, \u017ee host\u00e9 jsou ve form\u011b.<em> \u201eEverton vid\u00edm jako t\u00fdm, kter\u00fd je aktu\u00e1ln\u011b na spr\u00e1vn\u00e9 pozici. Je to t\u00fdm z prvn\u00ed \u0161estice nebo sedmi\u010dky, nehraje se proti nim dob\u0159e. O v\u00edkendu jsem sly\u0161el Phila Nevilla, kdy\u017e \u0159\u00edkal, \u017ee u\u017e jsou v bezpe\u010d\u00ed a m\u016f\u017eou si u\u017e\u00edt zbytek sezony. A oni jsou v bezpe\u010d\u00ed. Maj\u00ed 41 bod\u016f a z\u00edskaj\u00ed dal\u0161\u00ed, jen douf\u00e1m, \u017ee ne v sobotu!\u201c<\/em><\/p>\n<p>U\u017e tradi\u010dn\u00ed obr\u00e1zek nab\u00eddl z pohledu Evertonu z\u00e1pas z minul\u00e9ho v\u00edkendu. Aston Villa potvrdila, \u017ee na Goodisonu boduje za v\u0161ech okolnost\u00ed, dramatick\u00e9 utk\u00e1n\u00ed nav\u00edc zachra\u0148oval prvn\u00ed penaltou v leto\u0161n\u00ed sezon\u011b Leighton Baines. Vytou\u017een\u00e1 jeden\u00e1ctka p\u0159i\u0161la a\u017e po v\u00edce ne\u017e jeden\u00e1cti m\u011bs\u00edc\u00edch od t\u00e9 posledn\u00ed, o rekord Premier League tak maj\u00ed Blues postar\u00e1no.<\/p>\n<p>I rem\u00edza nicm\u00e9n\u011b Evertonu v tabulkov\u00e9m postaven\u00ed pomohla &#8211; t\u00fdmu nyn\u00ed pat\u0159\u00ed sedm\u00e1 p\u0159\u00ed\u010dka se \u010dty\u0159bodov\u00fdm mankem na Liverpool. Neprohern\u00ed \u0161\u0148\u016fra se tak za\u010d\u00edn\u00e1 rozp\u00ednat do velice p\u0159\u00edjemn\u00fdch rozm\u011br\u016f &#8211; v lize Toffees nepadli p\u011bt z\u00e1pas\u016f v \u0159ad\u011b, p\u0159i\u010dem\u017e t\u0159i z nich dopadly v\u00edt\u011bzn\u011b. Prohry v\u016fbec b\u00fdvaj\u00ed zdaleka nejm\u00e9n\u011b \u010dast\u00fdm v\u00fdsledkem a a\u010dkoliv se to mo\u017en\u00e1 nezd\u00e1 tak v\u011bzte, \u017ee z 55 p\u0159edchoz\u00edch ligov\u00fdch utk\u00e1n\u00ed jich Everton prohr\u00e1l pouze deset. L\u00e9pe u\u017e na tom je s \u0161esti por\u00e1\u017ekami pouze za titulem m\u00ed\u0159\u00edc\u00ed Manchester United.<\/p>\n<p>Naopak nej\u010dast\u011bj\u0161\u00edm resultem b\u00fdvaj\u00ed rem\u00edzy a vzhledem k minul\u00fdm st\u0159etnutn\u00edm s Vlky a vlastn\u011b i charakteru leto\u0161n\u00edho ro\u010dn\u00edku, se mo\u017en\u00e1 k d\u011blb\u011b bod\u016f na Molineux schyluje i tentokr\u00e1t. Phil Neville o\u010dek\u00e1v\u00e1 t\u011b\u017ekou bitvu v ka\u017ed\u00e9m p\u0159\u00edpad\u011b. <em>\u201eJejich dom\u00e1c\u00ed forma je jednou z nejlep\u0161\u00edch v lize. Kdy\u017e se pod\u00edv\u00e1m na jejich t\u00fdm, jasn\u011b vid\u00edm, \u017ee jsou na klamn\u00e9 pozici. Maj\u00ed n\u011bkolik kvalitn\u00edch hr\u00e1\u010d\u016f a m\u011bli by hr\u00e1t o st\u0159ed tabulky,\u201c<\/em> tvrd\u00ed kapit\u00e1n.<em> \u201eNic si nebudeme nalh\u00e1vat, tohle bude t\u011b\u017ek\u00fd, fyzick\u00fd z\u00e1pas. Na\u0161e forma je ale dobr\u00e1, nen\u00e1padn\u011b se n\u00e1m za\u010dalo da\u0159it. Pokud uk\u00e1\u017eeme stejn\u00fd spirit jako v posledn\u00edch z\u00e1pasech, tak body do konce sezony je\u0161t\u011b budeme d\u00e1l sb\u00edrat.\u201c<\/em><\/p>\n<p>Posledn\u00ed vz\u00e1jemn\u00fd z\u00e1pas proti sob\u011b oba celky svedl ji\u017e ve druh\u00e9m kole sezony. Na Goodisonu Everton vedl, \u010dtvrthodinu p\u0159ed koncem ov\u0161em na kone\u010dn\u00fdch 1-1 vyrovn\u00e1val Ebanks-Blake. Na Molineux byla p\u0159ed rokem k vid\u011bn\u00ed rem\u00edza pro zm\u011bnu bezbrankov\u00e1.<\/p>\n<h4><strong>Historie soupe\u0159e<\/strong><\/h4>\n<p>Nov\u00e9mu klubu\u00a0vdechl\u00a0\u017eivot \u0159editel\u00a0wolverhamptonsk\u00e9 \u0161koly St. Lukes, Harry Barcroft, jen\u017e pot\u0159eboval slo\u017eit nov\u00e9 \u0161koln\u00ed\u00a0mu\u017estvo. To se psal rok 1877. Po splynut\u00ed m\u00edstn\u00edho fotbalov\u00e9ho a kriketov\u00e9ho t\u00fdmu o dva roky pozd\u011bji byl\u00a0na sv\u011bt\u011b klub s n\u00e1zvem Wolverhampton Wanderers. Podobn\u011b jako Everton, i Wolves si vyzkou\u0161eli hned n\u011bkolik h\u0159i\u0161\u0165, ne\u017e se\u00a0zd\u00e1rn\u011b usadili. Po \u0161tac\u00edch na Windmill Field, John Harper\u00b4s Field a Dudley Road, se v roce 1889\u00a0stali n\u00e1jemn\u00edky Molineux Stadium.<\/p>\n<p>Ji\u017e z historie vypl\u00fdv\u00e1, \u017ee Wolverhampton byl od prvn\u00edch let jedn\u00edm z nejvlivn\u011bj\u0161\u00edch klub\u016f. Roku 1888 se stal zakl\u00e1daj\u00edc\u00edm \u010dlenem Football League a hr\u00e1l tak\u00e9 \u00fast\u0159edn\u00ed roli v zalo\u017een\u00ed Evropsk\u00e9ho poh\u00e1ru. Vedouc\u00ed postaven\u00ed si klub p\u0159ed prvn\u00ed sv\u011btovou v\u00e1lkou pomohl vydob\u00fdt tak\u00e9 ziskem dvou FA Cup\u016f. Pod veden\u00edm legend\u00e1rn\u00edho mana\u017eera Stana Cullise za\u017eili Wolves nejplodn\u011bj\u0161\u00ed \u010dasy. Mezi lety 1949-1960 si Wolverhampton do\u0161el pro t\u0159i mistrovsk\u00e9 tituly a jeden Anglick\u00fd poh\u00e1r. V t\u00e9 dob\u011b se mimo jin\u00e9 zrodila my\u0161lenka poh\u00e1ru, sdru\u017euj\u00edc\u00edho nejlep\u0161\u00ed evropsk\u00e9 celky. Wolves se jako\u017eto \u00fa\u0159aduj\u00edc\u00ed ligov\u00ed \u0161ampioni jeho prvn\u00edho ro\u010dn\u00edku \u00fa\u010dastnili a\u00a0d\u00edky v\u00fdhr\u00e1m nad Spartakem Moskva, Realem Madrid, \u010di Barcelonou, se ocitli na vrcholu sl\u00e1vy.<\/p>\n<p>Forma t\u00fdmu m\u011bla nicm\u00e9n\u011b v dal\u0161\u00edch letech sp\u00ed\u0161e lehce sestupnou tendenci, a\u010dkoliv je\u0161t\u011b v roce 1972 Wolves do\u0161li a\u017e do fin\u00e1le poh\u00e1ru UEFA, kde ov\u0161em podlehli Tottenhamu. V roce 1974 a 1980 putoval do Wolverhamptonu Ligov\u00fd poh\u00e1r, ale to u\u017e se o slovo hl\u00e1sil nev\u00eddan\u00fd \u00fapadek, na jeho\u017e konci se klub propadnul a\u017e do Fourth Division.<\/p>\n<p>N\u00e1vrat zp\u011bt pomohl vy\u010darovat mana\u017eer Graham Turner za vydatn\u00e9 pomoci legend\u00e1rn\u00edho \u00fato\u010dn\u00edka Steva Bulla.\u00a0B\u011bhem cesty do Second Division nav\u00edc do klubov\u00e9 vitr\u00edny putovala Football League Trophy. Devaten\u00e1ctilet\u00fd prvoligov\u00fd p\u016fst byl ukon\u010den v roce 2003, hned rok nato v\u0161ak Wolverhampton spadl zp\u011bt do zr\u00e1dn\u00e9 Championship. Roku 2006 se t\u00fdmu ujal irsk\u00fd mana\u017eer Mick McCarthy, jen\u017e na Molinex buduje mlad\u00e9 a ambici\u00f3zn\u00ed mu\u017estvo, kter\u00e9 rozhodn\u011b nem\u00e1 v pl\u00e1nu nejvy\u0161\u0161\u00ed sout\u011b\u017e opou\u0161t\u011bt.<\/p>\n<h4><strong>Z\u00e1pasov\u00e1 fakta<\/strong><\/h4>\n<p>P\u016fjde o 128. st\u0159etnut\u00ed mezi ob\u011bma kluby. Everton zv\u00edt\u011bzil v 58 p\u0159\u00edpadech, Wolves v 44 a p\u011btadvacetkr\u00e1t se zrodila rem\u00edza. Toffees naposled na Molineux Stadium vyhr\u00e1li v lednu 1982, od t\u00e9 doby ov\u0161em st\u00e1nek Wolves nav\u0161t\u00edvili pouze t\u0159ikr\u00e1t.<\/p>\n<h4><strong>Wolves<\/strong><\/h4>\n<p>Ze sv\u00fdch posledn\u00edch p\u011bti dom\u00e1c\u00edch utk\u00e1n\u00ed t\u0159i vyhr\u00e1li a pouze jedno prohr\u00e1li. Na druhou stranu \u010d\u00edsla \u0159\u00edkaj\u00ed, \u017ee b\u011bhem sobotn\u00edch program\u016f m\u00e1 Wolverhampton nejhor\u0161\u00ed pom\u011br bodu za z\u00e1pas z cel\u00e9 ligy s v\u00fdsledkem 0.88 bodu na jeden duel. Celkov\u011b v sobotu vyhr\u00e1li jen 15 z posledn\u00edch 74 z\u00e1pas\u016f, prohr\u00e1li p\u0159itom dev\u011btat\u0159icetkr\u00e1t.<\/p>\n<p>Dom\u00e1c\u00ed forma p\u0159esto Vlky d\u00e1l zdob\u00ed. S leto\u0161n\u00edmi sedmi v\u00fdhrami na Molineux, posb\u00edrali ji\u017e v\u00edce v\u00fdher na vlastn\u00edm h\u0159i\u0161ti, ne\u017e v\u0161echny celky z druh\u00e9 poloviny tabulky a koneckonc\u016f i v\u00edce ne\u017e Everton. Mo\u017en\u00e1 nejv\u011bt\u0161\u00ed z\u00e1sluhu na j\u00edzd\u011b za z\u00e1chranou m\u00e1 tahoun Matt Jarvis. K\u0159\u00eddeln\u00edk m\u00e1 zat\u00edm p\u011bt g\u00f3lov\u00fdch p\u0159ihr\u00e1vek a st\u0159eleckou \u0161anci sv\u00fdm spoluhr\u00e1\u010d\u016fm v pr\u016fm\u011bru p\u0159iprav\u00ed ka\u017ed\u00fdch 50 minut.<\/p>\n<h4><strong>Everton<\/strong><\/h4>\n<p>P\u011bt ligov\u00fdch z\u00e1pas\u016f je nepora\u017een, nicm\u00e9n\u011b \u017ee by div\u00e1ky bavil velkou m\u011brou se \u0159ici ned\u00e1. Nap\u0159\u00edklad v\u00edce ne\u017e dv\u011b branky v ligov\u00e9m z\u00e1pase letos vst\u0159elil v pouh\u00fdch dvou z\u00e1pasech &#8211; 3 proti Manchesteru United a 5 proti Blackpoolu. \u010c\u00e1ste\u010dn\u011b v\u0161ak Blues omlouv\u00e1 fakt, \u017ee z brankov\u00e9 \u010d\u00e1ry jim obr\u00e1nci soupe\u0159\u016f vykopli ji\u017e dvan\u00e1ct g\u00f3l\u016f.<\/p>\n<p>Mizern\u00fdch \u0161est \u010dist\u00fdch \u0161t\u00edt\u016f &#8211; to je prozat\u00edmn\u00ed vysv\u011bd\u010den\u00ed obrany a brank\u00e1\u0159e a z\u00e1rove\u0148 tak existuje pouze 19% \u0161ance, \u017ee Wolves v sobotu g\u00f3lov\u011b neusp\u011bj\u00ed. Jen pro srovn\u00e1n\u00ed &#8211; v p\u0159edlo\u0148sk\u00e9 sezon\u011b Everton na konci ro\u010dn\u00edku dos\u00e1hl 45 procent.<\/p>\n<h4><strong>Vz\u00e1jemn\u00e1 bilance<\/strong><\/h4>\n<ul>\n<li>Celkov\u011b:\u00a0\u00a0\u00a0\u00a0\u00a0\u00a0\u00a0\u00a0\u00a0\u00a0\u00a0\u00a0\u00a0\u00a0 44-25-58<\/li>\n<li>Na Molineux:\u00a0\u00a0\u00a0\u00a0\u00a0\u00a0\u00a0\u00a0 31-12-19<\/li>\n<li>V Premier League:\u00a0 1-3-1<\/li>\n<\/ul>\n<h4><strong>Absence<\/strong><\/h4>\n<p>Wolves budou postr\u00e1dat s osmi g\u00f3ly nejlep\u0161\u00edho st\u0159elce, Kevina Doylea, kter\u00fd je mimo hru kv\u016fli kolenu. Edwardse se Zubarem zase tr\u00e1p\u00ed z\u00e1da a Hunt musel na operaci s k\u00fdlou.<\/p>\n<p>Evertonu budou najisto chyb\u011bt Arteta, Fellaini, Saha a Baxter, p\u0159i\u010dem\u017e zcela fit nen\u00ed ani Cahill (chodidlo) a Coleman s Rodwellem (oba kotn\u00edk), nad jejich\u017e starty se vzn\u00e1\u0161\u00ed otazn\u00edk.<\/p>\n<p><strong>Everton:<\/strong> Hennessey, Hahnemann, Foley, Stearman, Berra, Craddock, Elokobi, Ward, Hamill, Kightly, Henry, D. Jones, Mancienne, O&#8217;Hara, Milija\u0161, Jarvis, Ebanks-Blake<\/p>\n<p><strong>Everton:<\/strong> Howard, Mucha, Hibbert, Nsiala, Jagielka, Distin, Mustafi, Baines, Coleman, Neville, Heitinga, Rodwell, Gueye, Forshaw, Osman, Bilyaletdinov, Beckford, McAleny, Vellios<\/p>\n<ul>\n<li><strong>Kdy: <\/strong>9.4. 13:45 SE\u010c<strong><br \/>\n<\/strong><\/li>\n<li><strong>Kde: <\/strong>Molineux<strong><br \/>\n<\/strong><\/li>\n<li><strong>Rozhod\u010d\u00ed:<\/strong> Phil Dowd<\/li>\n<\/ul>\n<\/div>\n","protected":false},"excerpt":{"rendered":"<p>Bezm\u00e1la dvoum\u011bs\u00ed\u010dn\u00ed s\u00e9rii neporazitelnosti bude cht\u00edt Everton prodlou\u017eit v Midlands. V honb\u011b za dal\u0161\u00edm bodov\u00fdm ziskem tentokr\u00e1t stoj\u00ed hladov\u00ed Vlci.&hellip;<\/p>\n","protected":false},"author":7,"featured_media":13534,"comment_status":"open","ping_status":"closed","sticky":false,"template":"","format":"standard","meta":{"_eb_attr":"","_monsterinsights_skip_tracking":false,"_monsterinsights_sitenote_active":false,"_monsterinsights_sitenote_note":"","_monsterinsights_sitenote_category":0,"footnotes":""},"categories":[4],"tags":[],"yoast_head":"<!-- This site is optimized with the Yoast SEO plugin v23.4 - https:\/\/yoast.com\/wordpress\/plugins\/seo\/ -->\n<title>Preview: Wolverhampton Wanderers - Everton - Official Czech &amp; Slovak Everton Supporters&#039; Club<\/title>\n<meta name=\"robots\" content=\"index, follow, max-snippet:-1, max-image-preview:large, max-video-preview:-1\" \/>\n<link rel=\"canonical\" href=\"https:\/\/evertonfc.cz\/index.php\/2011\/04\/08\/preview-wolverhampton-wanderers-everton-2\/\" \/>\n<meta property=\"og:locale\" content=\"cs_CZ\" \/>\n<meta property=\"og:type\" content=\"article\" \/>\n<meta property=\"og:title\" content=\"Preview: Wolverhampton Wanderers - Everton - Official Czech &amp; Slovak Everton Supporters&#039; Club\" \/>\n<meta property=\"og:description\" content=\"Bezm\u00e1la dvoum\u011bs\u00ed\u010dn\u00ed s\u00e9rii neporazitelnosti bude cht\u00edt Everton prodlou\u017eit v Midlands. V honb\u011b za dal\u0161\u00edm bodov\u00fdm ziskem tentokr\u00e1t stoj\u00ed hladov\u00ed Vlci.&hellip;\" \/>\n<meta property=\"og:url\" content=\"https:\/\/evertonfc.cz\/index.php\/2011\/04\/08\/preview-wolverhampton-wanderers-everton-2\/\" \/>\n<meta property=\"og:site_name\" content=\"Official Czech &amp; Slovak Everton Supporters&#039; Club\" \/>\n<meta property=\"article:publisher\" content=\"https:\/\/www.facebook.com\/everton.fans.cz.sk\" \/>\n<meta property=\"article:published_time\" content=\"2011-04-08T12:14:43+00:00\" \/>\n<meta property=\"article:modified_time\" content=\"2021-01-12T18:32:49+00:00\" \/>\n<meta property=\"og:image\" content=\"https:\/\/evertonfc.cz\/wp-content\/uploads\/2021\/01\/Wolverhampton-Wanderers-VS-Everton.jpg\" \/>\n\t<meta property=\"og:image:width\" content=\"720\" \/>\n\t<meta property=\"og:image:height\" content=\"405\" \/>\n\t<meta property=\"og:image:type\" content=\"image\/jpeg\" \/>\n<meta name=\"author\" content=\"Me\u0148a\" \/>\n<meta name=\"twitter:card\" content=\"summary_large_image\" \/>\n<meta name=\"twitter:label1\" content=\"Napsal(a)\" \/>\n\t<meta name=\"twitter:data1\" content=\"Me\u0148a\" \/>\n\t<meta name=\"twitter:label2\" content=\"Odhadovan\u00e1 doba \u010dten\u00ed\" \/>\n\t<meta name=\"twitter:data2\" content=\"8 minut\" \/>\n<script type=\"application\/ld+json\" class=\"yoast-schema-graph\">{\"@context\":\"https:\/\/schema.org\",\"@graph\":[{\"@type\":\"Article\",\"@id\":\"https:\/\/evertonfc.cz\/index.php\/2011\/04\/08\/preview-wolverhampton-wanderers-everton-2\/#article\",\"isPartOf\":{\"@id\":\"https:\/\/evertonfc.cz\/index.php\/2011\/04\/08\/preview-wolverhampton-wanderers-everton-2\/\"},\"author\":{\"name\":\"Me\u0148a\",\"@id\":\"https:\/\/evertonfc.cz\/#\/schema\/person\/cd6328a75577de2add7793fd4b0930c3\"},\"headline\":\"Preview: Wolverhampton Wanderers &#8211; Everton\",\"datePublished\":\"2011-04-08T12:14:43+00:00\",\"dateModified\":\"2021-01-12T18:32:49+00:00\",\"mainEntityOfPage\":{\"@id\":\"https:\/\/evertonfc.cz\/index.php\/2011\/04\/08\/preview-wolverhampton-wanderers-everton-2\/\"},\"wordCount\":1687,\"commentCount\":0,\"publisher\":{\"@id\":\"https:\/\/evertonfc.cz\/#organization\"},\"image\":{\"@id\":\"https:\/\/evertonfc.cz\/index.php\/2011\/04\/08\/preview-wolverhampton-wanderers-everton-2\/#primaryimage\"},\"thumbnailUrl\":\"https:\/\/evertonfc.cz\/wp-content\/uploads\/2021\/01\/Wolverhampton-Wanderers-VS-Everton.jpg\",\"articleSection\":[\"Z\u00e1pasy\"],\"inLanguage\":\"cs\",\"potentialAction\":[{\"@type\":\"CommentAction\",\"name\":\"Comment\",\"target\":[\"https:\/\/evertonfc.cz\/index.php\/2011\/04\/08\/preview-wolverhampton-wanderers-everton-2\/#respond\"]}]},{\"@type\":\"WebPage\",\"@id\":\"https:\/\/evertonfc.cz\/index.php\/2011\/04\/08\/preview-wolverhampton-wanderers-everton-2\/\",\"url\":\"https:\/\/evertonfc.cz\/index.php\/2011\/04\/08\/preview-wolverhampton-wanderers-everton-2\/\",\"name\":\"Preview: Wolverhampton Wanderers - Everton - Official Czech &amp; Slovak Everton Supporters&#039; Club\",\"isPartOf\":{\"@id\":\"https:\/\/evertonfc.cz\/#website\"},\"primaryImageOfPage\":{\"@id\":\"https:\/\/evertonfc.cz\/index.php\/2011\/04\/08\/preview-wolverhampton-wanderers-everton-2\/#primaryimage\"},\"image\":{\"@id\":\"https:\/\/evertonfc.cz\/index.php\/2011\/04\/08\/preview-wolverhampton-wanderers-everton-2\/#primaryimage\"},\"thumbnailUrl\":\"https:\/\/evertonfc.cz\/wp-content\/uploads\/2021\/01\/Wolverhampton-Wanderers-VS-Everton.jpg\",\"datePublished\":\"2011-04-08T12:14:43+00:00\",\"dateModified\":\"2021-01-12T18:32:49+00:00\",\"breadcrumb\":{\"@id\":\"https:\/\/evertonfc.cz\/index.php\/2011\/04\/08\/preview-wolverhampton-wanderers-everton-2\/#breadcrumb\"},\"inLanguage\":\"cs\",\"potentialAction\":[{\"@type\":\"ReadAction\",\"target\":[\"https:\/\/evertonfc.cz\/index.php\/2011\/04\/08\/preview-wolverhampton-wanderers-everton-2\/\"]}]},{\"@type\":\"ImageObject\",\"inLanguage\":\"cs\",\"@id\":\"https:\/\/evertonfc.cz\/index.php\/2011\/04\/08\/preview-wolverhampton-wanderers-everton-2\/#primaryimage\",\"url\":\"https:\/\/evertonfc.cz\/wp-content\/uploads\/2021\/01\/Wolverhampton-Wanderers-VS-Everton.jpg\",\"contentUrl\":\"https:\/\/evertonfc.cz\/wp-content\/uploads\/2021\/01\/Wolverhampton-Wanderers-VS-Everton.jpg\",\"width\":720,\"height\":405},{\"@type\":\"BreadcrumbList\",\"@id\":\"https:\/\/evertonfc.cz\/index.php\/2011\/04\/08\/preview-wolverhampton-wanderers-everton-2\/#breadcrumb\",\"itemListElement\":[{\"@type\":\"ListItem\",\"position\":1,\"name\":\"Home\",\"item\":\"https:\/\/evertonfc.cz\/\"},{\"@type\":\"ListItem\",\"position\":2,\"name\":\"Preview: Wolverhampton Wanderers &#8211; Everton\"}]},{\"@type\":\"WebSite\",\"@id\":\"https:\/\/evertonfc.cz\/#website\",\"url\":\"https:\/\/evertonfc.cz\/\",\"name\":\"Official Czech &amp; Slovak Everton Supporters&#039; Club\",\"description\":\"\",\"publisher\":{\"@id\":\"https:\/\/evertonfc.cz\/#organization\"},\"potentialAction\":[{\"@type\":\"SearchAction\",\"target\":{\"@type\":\"EntryPoint\",\"urlTemplate\":\"https:\/\/evertonfc.cz\/?s={search_term_string}\"},\"query-input\":{\"@type\":\"PropertyValueSpecification\",\"valueRequired\":true,\"valueName\":\"search_term_string\"}}],\"inLanguage\":\"cs\"},{\"@type\":\"Organization\",\"@id\":\"https:\/\/evertonfc.cz\/#organization\",\"name\":\"Official Czech & Slovak Everton Supporters' Club\",\"url\":\"https:\/\/evertonfc.cz\/\",\"logo\":{\"@type\":\"ImageObject\",\"inLanguage\":\"cs\",\"@id\":\"https:\/\/evertonfc.cz\/#\/schema\/logo\/image\/\",\"url\":\"https:\/\/evertonfc.cz\/wp-content\/uploads\/2019\/05\/logo.png\",\"contentUrl\":\"https:\/\/evertonfc.cz\/wp-content\/uploads\/2019\/05\/logo.png\",\"width\":112,\"height\":112,\"caption\":\"Official Czech & Slovak Everton Supporters' Club\"},\"image\":{\"@id\":\"https:\/\/evertonfc.cz\/#\/schema\/logo\/image\/\"},\"sameAs\":[\"https:\/\/www.facebook.com\/everton.fans.cz.sk\"]},{\"@type\":\"Person\",\"@id\":\"https:\/\/evertonfc.cz\/#\/schema\/person\/cd6328a75577de2add7793fd4b0930c3\",\"name\":\"Me\u0148a\",\"url\":\"https:\/\/evertonfc.cz\/index.php\/author\/mena\/\"}]}<\/script>\n<!-- \/ Yoast SEO plugin. -->","yoast_head_json":{"title":"Preview: Wolverhampton Wanderers - Everton - Official Czech &amp; Slovak Everton Supporters&#039; Club","robots":{"index":"index","follow":"follow","max-snippet":"max-snippet:-1","max-image-preview":"max-image-preview:large","max-video-preview":"max-video-preview:-1"},"canonical":"https:\/\/evertonfc.cz\/index.php\/2011\/04\/08\/preview-wolverhampton-wanderers-everton-2\/","og_locale":"cs_CZ","og_type":"article","og_title":"Preview: Wolverhampton Wanderers - Everton - Official Czech &amp; Slovak Everton Supporters&#039; Club","og_description":"Bezm\u00e1la dvoum\u011bs\u00ed\u010dn\u00ed s\u00e9rii neporazitelnosti bude cht\u00edt Everton prodlou\u017eit v Midlands. V honb\u011b za dal\u0161\u00edm bodov\u00fdm ziskem tentokr\u00e1t stoj\u00ed hladov\u00ed Vlci.&hellip;","og_url":"https:\/\/evertonfc.cz\/index.php\/2011\/04\/08\/preview-wolverhampton-wanderers-everton-2\/","og_site_name":"Official Czech &amp; Slovak Everton Supporters&#039; Club","article_publisher":"https:\/\/www.facebook.com\/everton.fans.cz.sk","article_published_time":"2011-04-08T12:14:43+00:00","article_modified_time":"2021-01-12T18:32:49+00:00","og_image":[{"width":720,"height":405,"url":"https:\/\/evertonfc.cz\/wp-content\/uploads\/2021\/01\/Wolverhampton-Wanderers-VS-Everton.jpg","type":"image\/jpeg"}],"author":"Me\u0148a","twitter_card":"summary_large_image","twitter_misc":{"Napsal(a)":"Me\u0148a","Odhadovan\u00e1 doba \u010dten\u00ed":"8 minut"},"schema":{"@context":"https:\/\/schema.org","@graph":[{"@type":"Article","@id":"https:\/\/evertonfc.cz\/index.php\/2011\/04\/08\/preview-wolverhampton-wanderers-everton-2\/#article","isPartOf":{"@id":"https:\/\/evertonfc.cz\/index.php\/2011\/04\/08\/preview-wolverhampton-wanderers-everton-2\/"},"author":{"name":"Me\u0148a","@id":"https:\/\/evertonfc.cz\/#\/schema\/person\/cd6328a75577de2add7793fd4b0930c3"},"headline":"Preview: Wolverhampton Wanderers &#8211; Everton","datePublished":"2011-04-08T12:14:43+00:00","dateModified":"2021-01-12T18:32:49+00:00","mainEntityOfPage":{"@id":"https:\/\/evertonfc.cz\/index.php\/2011\/04\/08\/preview-wolverhampton-wanderers-everton-2\/"},"wordCount":1687,"commentCount":0,"publisher":{"@id":"https:\/\/evertonfc.cz\/#organization"},"image":{"@id":"https:\/\/evertonfc.cz\/index.php\/2011\/04\/08\/preview-wolverhampton-wanderers-everton-2\/#primaryimage"},"thumbnailUrl":"https:\/\/evertonfc.cz\/wp-content\/uploads\/2021\/01\/Wolverhampton-Wanderers-VS-Everton.jpg","articleSection":["Z\u00e1pasy"],"inLanguage":"cs","potentialAction":[{"@type":"CommentAction","name":"Comment","target":["https:\/\/evertonfc.cz\/index.php\/2011\/04\/08\/preview-wolverhampton-wanderers-everton-2\/#respond"]}]},{"@type":"WebPage","@id":"https:\/\/evertonfc.cz\/index.php\/2011\/04\/08\/preview-wolverhampton-wanderers-everton-2\/","url":"https:\/\/evertonfc.cz\/index.php\/2011\/04\/08\/preview-wolverhampton-wanderers-everton-2\/","name":"Preview: Wolverhampton Wanderers - Everton - Official Czech &amp; Slovak Everton Supporters&#039; Club","isPartOf":{"@id":"https:\/\/evertonfc.cz\/#website"},"primaryImageOfPage":{"@id":"https:\/\/evertonfc.cz\/index.php\/2011\/04\/08\/preview-wolverhampton-wanderers-everton-2\/#primaryimage"},"image":{"@id":"https:\/\/evertonfc.cz\/index.php\/2011\/04\/08\/preview-wolverhampton-wanderers-everton-2\/#primaryimage"},"thumbnailUrl":"https:\/\/evertonfc.cz\/wp-content\/uploads\/2021\/01\/Wolverhampton-Wanderers-VS-Everton.jpg","datePublished":"2011-04-08T12:14:43+00:00","dateModified":"2021-01-12T18:32:49+00:00","breadcrumb":{"@id":"https:\/\/evertonfc.cz\/index.php\/2011\/04\/08\/preview-wolverhampton-wanderers-everton-2\/#breadcrumb"},"inLanguage":"cs","potentialAction":[{"@type":"ReadAction","target":["https:\/\/evertonfc.cz\/index.php\/2011\/04\/08\/preview-wolverhampton-wanderers-everton-2\/"]}]},{"@type":"ImageObject","inLanguage":"cs","@id":"https:\/\/evertonfc.cz\/index.php\/2011\/04\/08\/preview-wolverhampton-wanderers-everton-2\/#primaryimage","url":"https:\/\/evertonfc.cz\/wp-content\/uploads\/2021\/01\/Wolverhampton-Wanderers-VS-Everton.jpg","contentUrl":"https:\/\/evertonfc.cz\/wp-content\/uploads\/2021\/01\/Wolverhampton-Wanderers-VS-Everton.jpg","width":720,"height":405},{"@type":"BreadcrumbList","@id":"https:\/\/evertonfc.cz\/index.php\/2011\/04\/08\/preview-wolverhampton-wanderers-everton-2\/#breadcrumb","itemListElement":[{"@type":"ListItem","position":1,"name":"Home","item":"https:\/\/evertonfc.cz\/"},{"@type":"ListItem","position":2,"name":"Preview: Wolverhampton Wanderers &#8211; Everton"}]},{"@type":"WebSite","@id":"https:\/\/evertonfc.cz\/#website","url":"https:\/\/evertonfc.cz\/","name":"Official Czech &amp; Slovak Everton Supporters&#039; Club","description":"","publisher":{"@id":"https:\/\/evertonfc.cz\/#organization"},"potentialAction":[{"@type":"SearchAction","target":{"@type":"EntryPoint","urlTemplate":"https:\/\/evertonfc.cz\/?s={search_term_string}"},"query-input":{"@type":"PropertyValueSpecification","valueRequired":true,"valueName":"search_term_string"}}],"inLanguage":"cs"},{"@type":"Organization","@id":"https:\/\/evertonfc.cz\/#organization","name":"Official Czech & Slovak Everton Supporters' Club","url":"https:\/\/evertonfc.cz\/","logo":{"@type":"ImageObject","inLanguage":"cs","@id":"https:\/\/evertonfc.cz\/#\/schema\/logo\/image\/","url":"https:\/\/evertonfc.cz\/wp-content\/uploads\/2019\/05\/logo.png","contentUrl":"https:\/\/evertonfc.cz\/wp-content\/uploads\/2019\/05\/logo.png","width":112,"height":112,"caption":"Official Czech & Slovak Everton Supporters' Club"},"image":{"@id":"https:\/\/evertonfc.cz\/#\/schema\/logo\/image\/"},"sameAs":["https:\/\/www.facebook.com\/everton.fans.cz.sk"]},{"@type":"Person","@id":"https:\/\/evertonfc.cz\/#\/schema\/person\/cd6328a75577de2add7793fd4b0930c3","name":"Me\u0148a","url":"https:\/\/evertonfc.cz\/index.php\/author\/mena\/"}]}},"_links":{"self":[{"href":"https:\/\/evertonfc.cz\/index.php\/wp-json\/wp\/v2\/posts\/4509"}],"collection":[{"href":"https:\/\/evertonfc.cz\/index.php\/wp-json\/wp\/v2\/posts"}],"about":[{"href":"https:\/\/evertonfc.cz\/index.php\/wp-json\/wp\/v2\/types\/post"}],"author":[{"embeddable":true,"href":"https:\/\/evertonfc.cz\/index.php\/wp-json\/wp\/v2\/users\/7"}],"replies":[{"embeddable":true,"href":"https:\/\/evertonfc.cz\/index.php\/wp-json\/wp\/v2\/comments?post=4509"}],"version-history":[{"count":1,"href":"https:\/\/evertonfc.cz\/index.php\/wp-json\/wp\/v2\/posts\/4509\/revisions"}],"predecessor-version":[{"id":4510,"href":"https:\/\/evertonfc.cz\/index.php\/wp-json\/wp\/v2\/posts\/4509\/revisions\/4510"}],"wp:featuredmedia":[{"embeddable":true,"href":"https:\/\/evertonfc.cz\/index.php\/wp-json\/wp\/v2\/media\/13534"}],"wp:attachment":[{"href":"https:\/\/evertonfc.cz\/index.php\/wp-json\/wp\/v2\/media?parent=4509"}],"wp:term":[{"taxonomy":"category","embeddable":true,"href":"https:\/\/evertonfc.cz\/index.php\/wp-json\/wp\/v2\/categories?post=4509"},{"taxonomy":"post_tag","embeddable":true,"href":"https:\/\/evertonfc.cz\/index.php\/wp-json\/wp\/v2\/tags?post=4509"}],"curies":[{"name":"wp","href":"https:\/\/api.w.org\/{rel}","templated":true}]}}