{"id":4511,"date":"2011-04-09T14:18:04","date_gmt":"2011-04-09T12:18:04","guid":{"rendered":"http:\/\/evertonfc.cz\/?p=4511"},"modified":"2019-02-13T14:19:34","modified_gmt":"2019-02-13T13:19:34","slug":"wolves-everton-03","status":"publish","type":"post","link":"https:\/\/evertonfc.cz\/index.php\/2011\/04\/09\/wolves-everton-03\/","title":{"rendered":"Wolves &#8211; Everton 0:3"},"content":{"rendered":"<h4>Na Molineux se dnes Everton p\u0159edstavil tak, jak se n\u00e1m to l\u00edb\u00ed nejv\u00edc. T\u0159emi kr\u00e1sn\u00fdmi trefami host\u00e9 na prvn\u00ed pohled zr\u00e1dn\u00e9 utk\u00e1n\u00ed rozhodli ji\u017e v prvn\u00edm polo\u010dase.<\/h4>\n<div id=\"NewsPostDetailContent\">\n<p>Oproti posledn\u00edmu utk\u00e1n\u00ed proti Aston Ville musel David Moyes prov\u00e9st v z\u00e1kladn\u00ed sestav\u011b jednu vynucenou zm\u011bnu, Seamuse Colemana nepustil do hry kotn\u00edk, a tak se ned\u00e1vno nominovan\u00fd Ir na cenu PFA Young Player of the Year p\u0159idal na seznam zran\u011bn\u00fdch k Artetovi, Fellainimu, Sahovi, Baxterovi, Rodwellovi a Cahillovi. M\u00edsto Colemana se dostal do \u00favodn\u00ed XI poprv\u00e9 v r\u00e1mci Premier League talentovan\u00fd Magaye Gueye.<\/p>\n<p>Uzdravit se naopak alespo\u0148 \u010d\u00e1ste\u010dn\u011b stihnul Vic Anichebe, kter\u00fd usedl na lavi\u010dku, kde byl ve dvaadvaceti letech z hr\u00e1\u010d\u016f do pole nejzku\u0161en\u011bj\u0161\u00ed. Krom\u011b branka\u0159e Muchy toti\u017e \u010dekali na svou \u0161anci mlad\u00e9 pu\u0161ky Vellios, Mustafi, McAleny, Forshaw a Nsiala.<\/p>\n<p>Daleko aktivn\u011bji do z\u00e1pasu vl\u00e9tli dom\u00e1c\u00ed. Po n\u011bkolika slibn\u00fdch n\u00e1znac\u00edch se v prvn\u00ed velk\u00e9 \u0161anci zjevil v sedm\u00e9 minut\u011b Steven Fletcher, kdy\u017e jeho hlavi\u010dku z rohov\u00e9ho kopu z brankov\u00e9 \u010d\u00e1ry vykop\u00e1val Leon Osman. Explozivn\u00ed k\u0159\u00eddeln\u00ed rychlost dom\u00e1c\u00edch d\u00e1l p\u016fsobila Evertonu obrovsk\u00e9 pot\u00ed\u017ee, a tak mohli b\u00fdt Toffees r\u00e1di, \u017ee \u00favodn\u00ed dvacetiminutovku p\u0159e\u017eili bez \u00fahony.<\/p>\n<p>N\u00e1sleduj\u00edc\u00ed d\u011bn\u00ed proto p\u0159ineslo pom\u011brn\u011b p\u0159ekvapiv\u00fd v\u00fdvoj. V 22. minut\u011b se po p\u011bkn\u011b rozehran\u00e9m brejku dostal k centru Leon Osman, kter\u00fd p\u0159esn\u00fdm m\u00ed\u010dem na\u0161el Jermaina Beckforda, jen\u017e hlavou zav\u011bsil t\u011bsn\u011b pod b\u0159evno. Radost Blues v\u0161ak m\u00e1lem m\u011bla jen krati\u010dk\u00e9ho trv\u00e1n\u00ed &#8211; Jamie O\u00b4Hara svoji technickou st\u0159elu zakroutil jen centimetry od ty\u010de.<\/p>\n<p>B\u00fdval\u00fd \u00fato\u010dn\u00edk Leedsu se p\u0159itom v dal\u0161\u00ed velk\u00e9 \u0161anci zjevil i o dal\u0161\u00edch deset minut pozd\u011bji. Architektem akce byl kr\u00e1sn\u00fdm centrem znovu Osman, tentokr\u00e1t v\u0161ak Beckforda pohotov\u00fdm z\u00e1krokem Hennessey vychytal. Wolves o sob\u011b v\u0161ak vz\u00e1p\u011bt\u00ed znovu dali v\u011bd\u011bt. Nejd\u0159\u00edve Howarda vystra\u0161il znovu O\u00b4Hara, a o p\u00e1r okam\u017eik\u016f nato Vlci neusp\u011bli ani v z\u00e1varu p\u0159ed br\u00e1nou.<\/p>\n<p>Marnou snahu dom\u00e1c\u00edch tak Everton op\u011bt ztrestal. Po standartce Leightona Bainese se m\u00ed\u010d ocitnul u nohou Phila Nevilla, ten zpoza v\u00e1pna vyp\u00e1lil a n\u00e1dhern\u00e1 r\u00e1na netradi\u010dn\u00edho st\u0159elce zapadla do k ty\u010di. 2:0. Doslova jen o n\u011bkolik sekund pozd\u011bji mohli Toffees v\u00e9st u\u017e o t\u0159i trefy &#8211; obrana Wolves pustila do s\u00f3la debutanta Magaye Gueyeho, kter\u00e9ho ov\u0161em je\u0161t\u011b sta\u010dil zad\u00e1k Wolverhamptonu dob\u011bhnout a g\u00f3lovku p\u0159ekazit.<\/p>\n<p>To, co se nepovedlo francouzsk\u00e9mu mlad\u00edkovi u\u017e ale za chv\u00edli stejn\u011b bylo dokon\u00e1no. Z 25 metr\u016f nap\u0159\u00e1hnul po chybn\u00e9 rozehr\u00e1vce Wolves v nastaven\u00e9m \u010dase prvn\u00ed p\u016fle Diniyar Bilyaletdinov a jeho p\u0159ekr\u00e1sn\u00e1 r\u00e1na s fal\u0161\u00ed skon\u010dila stejn\u011b jako ta kapit\u00e1nova v tom nejide\u00e1ln\u011bj\u0161\u00edm m\u00edst\u011b &#8211; v \u0161ibenici Hennesseyho br\u00e1ny.<\/p>\n<p>Druh\u00e1 p\u016fle odstartovala ve znateln\u011b poklidn\u011bj\u0161\u00edm tempu ne\u017e divok\u00e9 prvn\u00ed d\u011bjstv\u00ed. M\u00ed\u010d sice \u010dast\u011bji dr\u017eeli dom\u00e1c\u00ed, ale pov\u011bt\u0161inou pouze ve st\u0159edu pole, a tak se Blues o svoje pohodln\u00e9 veden\u00ed p\u0159\u00edli\u0161 strachovat nemuseli. Z letargie probudil Molineux a\u017e Karl Henry, jeho\u017e d\u011blovku Howard skv\u011ble vyboxoval. O chvili\u010dku pozd\u011bji si pak na Kightlyho centr nasko\u010dil Guedioura, i tentokr\u00e1t ale Howard slo\u017eil brank\u00e1\u0159skou maturitu na v\u00fdbornou.<\/p>\n<p>Z arsen\u00e1lu Wolves to ale bylo na dlouho v\u0161echno. Everton si v poklidu hl\u00eddal v\u00fdsledek a z ob\u010dasn\u00e9ho brejku dok\u00e1zal zahrozit. Nejbl\u00ed\u017ee se g\u00f3lu ocitnul st\u0159\u00eddaj\u00edc\u00ed Victor Anichebe, kter\u00fd po \u0161ikovn\u00e9 pr\u00e1ci dal\u0161\u00edho mlad\u00ed\u010dka, Apostolose Velliose, zam\u00ed\u0159il z mal\u00e9ho v\u00e1pna t\u011bsn\u011b vedle. V podobn\u00e9 pozice za v 82. minut\u011b objevil i Bilyaletdinov, m\u00ed\u010d ale prom\u00e1chnul.<\/p>\n<p>Ani posledn\u00ed minuty z\u00e1pasu nep\u0159inesly \u017e\u00e1dnou v\u011bt\u0161\u00ed zm\u011bnu v tempu, oslaben\u00fd Everton si tak nap\u0159\u00ed\u010d rozpa\u010dit\u00e9mu \u00favodu v ne\u010dekan\u00e9m poklidu dokr\u00e1\u010del pro t\u0159i body, kter\u00e9 jej minim\u00e1ln\u011b do z\u00edt\u0159ka posunuly na dost\u0159el jednoho bodu od \u0161est\u00e9ho Liverpoolu.<\/p>\n<p><strong>Wolves:<\/strong> Hennessey, Foley, Stearman, Berra, Elokobi, Guedioura (76. Milija\u0161), Henry, O&#8217;Hara, Jarvis, Ebanks-Blake (46. Kightly), Fletcher (82. Hammill)<\/p>\n<p><strong>Everton:<\/strong> Howard, Hibbert, Jagielka, Distin, Baines, Gueye (64. Anichebe), Neville, Heitinga, Bilyaletdinov (82. Forshaw), Osman, Beckford (73. Vellios)<\/p>\n<p><strong>Hodnocen\u00ed hr\u00e1\u010d\u016f:<\/strong> Howard 9, Hibbert 8, Jagielka 7, Distin 7, Baines 7, Gueye 6, Neville 8, Heitinga 7, Bilyaletdinov 7, Osman 8, Beckford 7, Anichebe 6, Vellios 6<\/p>\n<p><strong>G\u00f3ly:<\/strong> 22. Beckford, 38. Neville, 44. Bilyaletdinov<\/p>\n<p><strong>\u017dlut\u00e9 karty:<\/strong> Bilylaetdinov<\/p>\n<p><strong>Dr\u017een\u00ed m\u00ed\u010de:<\/strong> 53% &#8211; 47%<\/p>\n<p><strong>St\u0159ely na br\u00e1nu:<\/strong> 7 &#8211; 6<\/p>\n<p><strong>St\u0159ely mimo br\u00e1nu:<\/strong> 4 &#8211; 3<\/p>\n<p><strong>Rohov\u00e9 kopy:<\/strong> 13 &#8211; 6<\/p>\n<p><strong>Fauly:<\/strong> 13 &#8211; 14<\/p>\n<\/div>\n","protected":false},"excerpt":{"rendered":"<p>Na Molineux se dnes Everton p\u0159edstavil tak, jak se n\u00e1m to l\u00edb\u00ed nejv\u00edc. T\u0159emi kr\u00e1sn\u00fdmi trefami host\u00e9 na prvn\u00ed pohled&hellip;<\/p>\n","protected":false},"author":7,"featured_media":1315,"comment_status":"open","ping_status":"closed","sticky":false,"template":"","format":"standard","meta":{"_eb_attr":"","_monsterinsights_skip_tracking":false,"_monsterinsights_sitenote_active":false,"_monsterinsights_sitenote_note":"","_monsterinsights_sitenote_category":0,"footnotes":""},"categories":[4],"tags":[],"yoast_head":"<!-- This site is optimized with the Yoast SEO plugin v23.4 - https:\/\/yoast.com\/wordpress\/plugins\/seo\/ -->\n<title>Wolves - Everton 0:3 - Official Czech &amp; Slovak Everton Supporters&#039; Club<\/title>\n<meta name=\"robots\" content=\"index, follow, max-snippet:-1, max-image-preview:large, max-video-preview:-1\" \/>\n<link rel=\"canonical\" href=\"https:\/\/evertonfc.cz\/index.php\/2011\/04\/09\/wolves-everton-03\/\" \/>\n<meta property=\"og:locale\" content=\"cs_CZ\" \/>\n<meta property=\"og:type\" content=\"article\" \/>\n<meta property=\"og:title\" content=\"Wolves - Everton 0:3 - Official Czech &amp; Slovak Everton Supporters&#039; Club\" \/>\n<meta property=\"og:description\" content=\"Na Molineux se dnes Everton p\u0159edstavil tak, jak se n\u00e1m to l\u00edb\u00ed nejv\u00edc. T\u0159emi kr\u00e1sn\u00fdmi trefami host\u00e9 na prvn\u00ed pohled&hellip;\" \/>\n<meta property=\"og:url\" content=\"https:\/\/evertonfc.cz\/index.php\/2011\/04\/09\/wolves-everton-03\/\" \/>\n<meta property=\"og:site_name\" content=\"Official Czech &amp; Slovak Everton Supporters&#039; Club\" \/>\n<meta property=\"article:publisher\" content=\"https:\/\/www.facebook.com\/everton.fans.cz.sk\" \/>\n<meta property=\"article:published_time\" content=\"2011-04-09T12:18:04+00:00\" \/>\n<meta property=\"article:modified_time\" content=\"2019-02-13T13:19:34+00:00\" \/>\n<meta property=\"og:image\" content=\"https:\/\/evertonfc.cz\/wp-content\/uploads\/2019\/01\/report.jpg\" \/>\n\t<meta property=\"og:image:width\" content=\"720\" \/>\n\t<meta property=\"og:image:height\" content=\"405\" \/>\n\t<meta property=\"og:image:type\" content=\"image\/jpeg\" \/>\n<meta name=\"author\" content=\"Me\u0148a\" \/>\n<meta name=\"twitter:card\" content=\"summary_large_image\" \/>\n<meta name=\"twitter:label1\" content=\"Napsal(a)\" \/>\n\t<meta name=\"twitter:data1\" content=\"Me\u0148a\" \/>\n\t<meta name=\"twitter:label2\" content=\"Odhadovan\u00e1 doba \u010dten\u00ed\" \/>\n\t<meta name=\"twitter:data2\" content=\"4 minuty\" \/>\n<script type=\"application\/ld+json\" class=\"yoast-schema-graph\">{\"@context\":\"https:\/\/schema.org\",\"@graph\":[{\"@type\":\"Article\",\"@id\":\"https:\/\/evertonfc.cz\/index.php\/2011\/04\/09\/wolves-everton-03\/#article\",\"isPartOf\":{\"@id\":\"https:\/\/evertonfc.cz\/index.php\/2011\/04\/09\/wolves-everton-03\/\"},\"author\":{\"name\":\"Me\u0148a\",\"@id\":\"https:\/\/evertonfc.cz\/#\/schema\/person\/cd6328a75577de2add7793fd4b0930c3\"},\"headline\":\"Wolves &#8211; Everton 0:3\",\"datePublished\":\"2011-04-09T12:18:04+00:00\",\"dateModified\":\"2019-02-13T13:19:34+00:00\",\"mainEntityOfPage\":{\"@id\":\"https:\/\/evertonfc.cz\/index.php\/2011\/04\/09\/wolves-everton-03\/\"},\"wordCount\":827,\"commentCount\":0,\"publisher\":{\"@id\":\"https:\/\/evertonfc.cz\/#organization\"},\"image\":{\"@id\":\"https:\/\/evertonfc.cz\/index.php\/2011\/04\/09\/wolves-everton-03\/#primaryimage\"},\"thumbnailUrl\":\"https:\/\/evertonfc.cz\/wp-content\/uploads\/2019\/01\/report.jpg\",\"articleSection\":[\"Z\u00e1pasy\"],\"inLanguage\":\"cs\",\"potentialAction\":[{\"@type\":\"CommentAction\",\"name\":\"Comment\",\"target\":[\"https:\/\/evertonfc.cz\/index.php\/2011\/04\/09\/wolves-everton-03\/#respond\"]}]},{\"@type\":\"WebPage\",\"@id\":\"https:\/\/evertonfc.cz\/index.php\/2011\/04\/09\/wolves-everton-03\/\",\"url\":\"https:\/\/evertonfc.cz\/index.php\/2011\/04\/09\/wolves-everton-03\/\",\"name\":\"Wolves - Everton 0:3 - Official Czech &amp; Slovak Everton Supporters&#039; Club\",\"isPartOf\":{\"@id\":\"https:\/\/evertonfc.cz\/#website\"},\"primaryImageOfPage\":{\"@id\":\"https:\/\/evertonfc.cz\/index.php\/2011\/04\/09\/wolves-everton-03\/#primaryimage\"},\"image\":{\"@id\":\"https:\/\/evertonfc.cz\/index.php\/2011\/04\/09\/wolves-everton-03\/#primaryimage\"},\"thumbnailUrl\":\"https:\/\/evertonfc.cz\/wp-content\/uploads\/2019\/01\/report.jpg\",\"datePublished\":\"2011-04-09T12:18:04+00:00\",\"dateModified\":\"2019-02-13T13:19:34+00:00\",\"breadcrumb\":{\"@id\":\"https:\/\/evertonfc.cz\/index.php\/2011\/04\/09\/wolves-everton-03\/#breadcrumb\"},\"inLanguage\":\"cs\",\"potentialAction\":[{\"@type\":\"ReadAction\",\"target\":[\"https:\/\/evertonfc.cz\/index.php\/2011\/04\/09\/wolves-everton-03\/\"]}]},{\"@type\":\"ImageObject\",\"inLanguage\":\"cs\",\"@id\":\"https:\/\/evertonfc.cz\/index.php\/2011\/04\/09\/wolves-everton-03\/#primaryimage\",\"url\":\"https:\/\/evertonfc.cz\/wp-content\/uploads\/2019\/01\/report.jpg\",\"contentUrl\":\"https:\/\/evertonfc.cz\/wp-content\/uploads\/2019\/01\/report.jpg\",\"width\":720,\"height\":405},{\"@type\":\"BreadcrumbList\",\"@id\":\"https:\/\/evertonfc.cz\/index.php\/2011\/04\/09\/wolves-everton-03\/#breadcrumb\",\"itemListElement\":[{\"@type\":\"ListItem\",\"position\":1,\"name\":\"Home\",\"item\":\"https:\/\/evertonfc.cz\/\"},{\"@type\":\"ListItem\",\"position\":2,\"name\":\"Wolves &#8211; Everton 0:3\"}]},{\"@type\":\"WebSite\",\"@id\":\"https:\/\/evertonfc.cz\/#website\",\"url\":\"https:\/\/evertonfc.cz\/\",\"name\":\"Official Czech &amp; Slovak Everton Supporters&#039; Club\",\"description\":\"\",\"publisher\":{\"@id\":\"https:\/\/evertonfc.cz\/#organization\"},\"potentialAction\":[{\"@type\":\"SearchAction\",\"target\":{\"@type\":\"EntryPoint\",\"urlTemplate\":\"https:\/\/evertonfc.cz\/?s={search_term_string}\"},\"query-input\":{\"@type\":\"PropertyValueSpecification\",\"valueRequired\":true,\"valueName\":\"search_term_string\"}}],\"inLanguage\":\"cs\"},{\"@type\":\"Organization\",\"@id\":\"https:\/\/evertonfc.cz\/#organization\",\"name\":\"Official Czech & Slovak Everton Supporters' Club\",\"url\":\"https:\/\/evertonfc.cz\/\",\"logo\":{\"@type\":\"ImageObject\",\"inLanguage\":\"cs\",\"@id\":\"https:\/\/evertonfc.cz\/#\/schema\/logo\/image\/\",\"url\":\"https:\/\/evertonfc.cz\/wp-content\/uploads\/2019\/05\/logo.png\",\"contentUrl\":\"https:\/\/evertonfc.cz\/wp-content\/uploads\/2019\/05\/logo.png\",\"width\":112,\"height\":112,\"caption\":\"Official Czech & Slovak Everton Supporters' Club\"},\"image\":{\"@id\":\"https:\/\/evertonfc.cz\/#\/schema\/logo\/image\/\"},\"sameAs\":[\"https:\/\/www.facebook.com\/everton.fans.cz.sk\"]},{\"@type\":\"Person\",\"@id\":\"https:\/\/evertonfc.cz\/#\/schema\/person\/cd6328a75577de2add7793fd4b0930c3\",\"name\":\"Me\u0148a\",\"url\":\"https:\/\/evertonfc.cz\/index.php\/author\/mena\/\"}]}<\/script>\n<!-- \/ Yoast SEO plugin. -->","yoast_head_json":{"title":"Wolves - Everton 0:3 - Official Czech &amp; Slovak Everton Supporters&#039; Club","robots":{"index":"index","follow":"follow","max-snippet":"max-snippet:-1","max-image-preview":"max-image-preview:large","max-video-preview":"max-video-preview:-1"},"canonical":"https:\/\/evertonfc.cz\/index.php\/2011\/04\/09\/wolves-everton-03\/","og_locale":"cs_CZ","og_type":"article","og_title":"Wolves - Everton 0:3 - Official Czech &amp; Slovak Everton Supporters&#039; Club","og_description":"Na Molineux se dnes Everton p\u0159edstavil tak, jak se n\u00e1m to l\u00edb\u00ed nejv\u00edc. T\u0159emi kr\u00e1sn\u00fdmi trefami host\u00e9 na prvn\u00ed pohled&hellip;","og_url":"https:\/\/evertonfc.cz\/index.php\/2011\/04\/09\/wolves-everton-03\/","og_site_name":"Official Czech &amp; Slovak Everton Supporters&#039; Club","article_publisher":"https:\/\/www.facebook.com\/everton.fans.cz.sk","article_published_time":"2011-04-09T12:18:04+00:00","article_modified_time":"2019-02-13T13:19:34+00:00","og_image":[{"width":720,"height":405,"url":"https:\/\/evertonfc.cz\/wp-content\/uploads\/2019\/01\/report.jpg","type":"image\/jpeg"}],"author":"Me\u0148a","twitter_card":"summary_large_image","twitter_misc":{"Napsal(a)":"Me\u0148a","Odhadovan\u00e1 doba \u010dten\u00ed":"4 minuty"},"schema":{"@context":"https:\/\/schema.org","@graph":[{"@type":"Article","@id":"https:\/\/evertonfc.cz\/index.php\/2011\/04\/09\/wolves-everton-03\/#article","isPartOf":{"@id":"https:\/\/evertonfc.cz\/index.php\/2011\/04\/09\/wolves-everton-03\/"},"author":{"name":"Me\u0148a","@id":"https:\/\/evertonfc.cz\/#\/schema\/person\/cd6328a75577de2add7793fd4b0930c3"},"headline":"Wolves &#8211; Everton 0:3","datePublished":"2011-04-09T12:18:04+00:00","dateModified":"2019-02-13T13:19:34+00:00","mainEntityOfPage":{"@id":"https:\/\/evertonfc.cz\/index.php\/2011\/04\/09\/wolves-everton-03\/"},"wordCount":827,"commentCount":0,"publisher":{"@id":"https:\/\/evertonfc.cz\/#organization"},"image":{"@id":"https:\/\/evertonfc.cz\/index.php\/2011\/04\/09\/wolves-everton-03\/#primaryimage"},"thumbnailUrl":"https:\/\/evertonfc.cz\/wp-content\/uploads\/2019\/01\/report.jpg","articleSection":["Z\u00e1pasy"],"inLanguage":"cs","potentialAction":[{"@type":"CommentAction","name":"Comment","target":["https:\/\/evertonfc.cz\/index.php\/2011\/04\/09\/wolves-everton-03\/#respond"]}]},{"@type":"WebPage","@id":"https:\/\/evertonfc.cz\/index.php\/2011\/04\/09\/wolves-everton-03\/","url":"https:\/\/evertonfc.cz\/index.php\/2011\/04\/09\/wolves-everton-03\/","name":"Wolves - Everton 0:3 - Official Czech &amp; Slovak Everton Supporters&#039; Club","isPartOf":{"@id":"https:\/\/evertonfc.cz\/#website"},"primaryImageOfPage":{"@id":"https:\/\/evertonfc.cz\/index.php\/2011\/04\/09\/wolves-everton-03\/#primaryimage"},"image":{"@id":"https:\/\/evertonfc.cz\/index.php\/2011\/04\/09\/wolves-everton-03\/#primaryimage"},"thumbnailUrl":"https:\/\/evertonfc.cz\/wp-content\/uploads\/2019\/01\/report.jpg","datePublished":"2011-04-09T12:18:04+00:00","dateModified":"2019-02-13T13:19:34+00:00","breadcrumb":{"@id":"https:\/\/evertonfc.cz\/index.php\/2011\/04\/09\/wolves-everton-03\/#breadcrumb"},"inLanguage":"cs","potentialAction":[{"@type":"ReadAction","target":["https:\/\/evertonfc.cz\/index.php\/2011\/04\/09\/wolves-everton-03\/"]}]},{"@type":"ImageObject","inLanguage":"cs","@id":"https:\/\/evertonfc.cz\/index.php\/2011\/04\/09\/wolves-everton-03\/#primaryimage","url":"https:\/\/evertonfc.cz\/wp-content\/uploads\/2019\/01\/report.jpg","contentUrl":"https:\/\/evertonfc.cz\/wp-content\/uploads\/2019\/01\/report.jpg","width":720,"height":405},{"@type":"BreadcrumbList","@id":"https:\/\/evertonfc.cz\/index.php\/2011\/04\/09\/wolves-everton-03\/#breadcrumb","itemListElement":[{"@type":"ListItem","position":1,"name":"Home","item":"https:\/\/evertonfc.cz\/"},{"@type":"ListItem","position":2,"name":"Wolves &#8211; Everton 0:3"}]},{"@type":"WebSite","@id":"https:\/\/evertonfc.cz\/#website","url":"https:\/\/evertonfc.cz\/","name":"Official Czech &amp; Slovak Everton Supporters&#039; Club","description":"","publisher":{"@id":"https:\/\/evertonfc.cz\/#organization"},"potentialAction":[{"@type":"SearchAction","target":{"@type":"EntryPoint","urlTemplate":"https:\/\/evertonfc.cz\/?s={search_term_string}"},"query-input":{"@type":"PropertyValueSpecification","valueRequired":true,"valueName":"search_term_string"}}],"inLanguage":"cs"},{"@type":"Organization","@id":"https:\/\/evertonfc.cz\/#organization","name":"Official Czech & Slovak Everton Supporters' Club","url":"https:\/\/evertonfc.cz\/","logo":{"@type":"ImageObject","inLanguage":"cs","@id":"https:\/\/evertonfc.cz\/#\/schema\/logo\/image\/","url":"https:\/\/evertonfc.cz\/wp-content\/uploads\/2019\/05\/logo.png","contentUrl":"https:\/\/evertonfc.cz\/wp-content\/uploads\/2019\/05\/logo.png","width":112,"height":112,"caption":"Official Czech & Slovak Everton Supporters' Club"},"image":{"@id":"https:\/\/evertonfc.cz\/#\/schema\/logo\/image\/"},"sameAs":["https:\/\/www.facebook.com\/everton.fans.cz.sk"]},{"@type":"Person","@id":"https:\/\/evertonfc.cz\/#\/schema\/person\/cd6328a75577de2add7793fd4b0930c3","name":"Me\u0148a","url":"https:\/\/evertonfc.cz\/index.php\/author\/mena\/"}]}},"_links":{"self":[{"href":"https:\/\/evertonfc.cz\/index.php\/wp-json\/wp\/v2\/posts\/4511"}],"collection":[{"href":"https:\/\/evertonfc.cz\/index.php\/wp-json\/wp\/v2\/posts"}],"about":[{"href":"https:\/\/evertonfc.cz\/index.php\/wp-json\/wp\/v2\/types\/post"}],"author":[{"embeddable":true,"href":"https:\/\/evertonfc.cz\/index.php\/wp-json\/wp\/v2\/users\/7"}],"replies":[{"embeddable":true,"href":"https:\/\/evertonfc.cz\/index.php\/wp-json\/wp\/v2\/comments?post=4511"}],"version-history":[{"count":1,"href":"https:\/\/evertonfc.cz\/index.php\/wp-json\/wp\/v2\/posts\/4511\/revisions"}],"predecessor-version":[{"id":4512,"href":"https:\/\/evertonfc.cz\/index.php\/wp-json\/wp\/v2\/posts\/4511\/revisions\/4512"}],"wp:featuredmedia":[{"embeddable":true,"href":"https:\/\/evertonfc.cz\/index.php\/wp-json\/wp\/v2\/media\/1315"}],"wp:attachment":[{"href":"https:\/\/evertonfc.cz\/index.php\/wp-json\/wp\/v2\/media?parent=4511"}],"wp:term":[{"taxonomy":"category","embeddable":true,"href":"https:\/\/evertonfc.cz\/index.php\/wp-json\/wp\/v2\/categories?post=4511"},{"taxonomy":"post_tag","embeddable":true,"href":"https:\/\/evertonfc.cz\/index.php\/wp-json\/wp\/v2\/tags?post=4511"}],"curies":[{"name":"wp","href":"https:\/\/api.w.org\/{rel}","templated":true}]}}