{"id":4515,"date":"2011-04-13T14:23:31","date_gmt":"2011-04-13T12:23:31","guid":{"rendered":"http:\/\/evertonfc.cz\/?p=4515"},"modified":"2019-02-13T14:25:13","modified_gmt":"2019-02-13T13:25:13","slug":"fellaini-chce-prodlouzit","status":"publish","type":"post","link":"https:\/\/evertonfc.cz\/index.php\/2011\/04\/13\/fellaini-chce-prodlouzit\/","title":{"rendered":"Fellaini chce prodlou\u017eit"},"content":{"rendered":"<h4>Dal\u0161\u00ed s\u00e1hodlouh\u00e1 p\u0159estupov\u00e1 epizoda by n\u00e1s v b\u011bhem l\u00e9ta mohla minout. Marouane Fellaini toti\u017e nem\u00e1 zaje\u010d\u00ed \u00famysly a naopak by r\u00e1d uv\u00edtal nov\u00fd kontrakt.<\/h4>\n<div id=\"NewsPostDetailContent\">\n<p>Dva roky zb\u00fdvaj\u00edc\u00ed do vypr\u0161en\u00ed Belgi\u010danovy aktu\u00e1ln\u00ed smlouvy nenech\u00e1vaj\u00ed Evertonians ani mana\u017eera chladn\u00fdmi. Everton si sv\u00e9ho hv\u011bzdn\u00e9ho z\u00e1lo\u017en\u00edka cen\u00ed, a tak by se p\u0159ed Fellainim na stole v bl\u00edzk\u00e9 budoucnosti m\u011bla objevit nov\u00e1 smlouva, kterou chce i p\u0159es z\u00e1jem top klub\u016f z \u0159ady p\u0159edn\u00edch evropsk\u00fdch sout\u011b\u017e\u00ed, prodlou\u017eit.<\/p>\n<p><em>\u201eEverton je klub, kter\u00e9mu na m\u011b opravdu z\u00e1le\u017e\u00ed. M\u016fj vztah s mana\u017eerem je vynikaj\u00edc\u00ed a jsem moc r\u00e1d, \u017ee m\u011b pova\u017euje za kl\u00ed\u010dov\u00e9ho hr\u00e1\u010de a chce mi nab\u00eddnout prodlou\u017een\u00ed smlouvy. Diskuze je\u0161t\u011b neza\u010daly, ale vypad\u00e1 to, \u017ee u\u017e se k nim schyluje. Za sebe \u0159\u00edk\u00e1m, \u017ee jsem p\u0159ipraven\u00fd a \u010dek\u00e1m,\u201c<\/em> informuje Fellaini. <em>\u201eNebyl jsem a nejsem v kontaktu s \u017e\u00e1dn\u00fdm jin\u00fdm klubem, s nik\u00fdm jsem o opou\u0161t\u011bn\u00ed Evertonu nemluvil.\u201c<\/em><\/p>\n<p>Druhou pot\u011b\u0161uj\u00edc\u00ed zpr\u00e1vou je nav\u00edc to, \u017ee t\u0159iadvacetilet\u00fd defenzivn\u00ed z\u00e1lo\u017en\u00edk se ze sv\u00e9ho zran\u011bn\u00ed kotn\u00edku, kter\u00fd si p\u0159ed n\u011bkolika t\u00fddny vy\u017e\u00e1dal operaci, zotavuje bleskurychle a v akci by se mohl objevit je\u0161t\u011b v prob\u00edhaj\u00edc\u00ed sezon\u011b, nikoliv a\u017e na za\u010d\u00e1tku t\u00e9 p\u0159\u00ed\u0161t\u00ed, jak se p\u016fvodn\u011b p\u0159edpokl\u00e1dalo.<\/p>\n<p><em>\u201ePo\u010d\u00edt\u00e1m s t\u00edm, \u017ee se do tr\u00e9ninku vr\u00e1t\u00edm co nejd\u0159\u00edve a na konci sezony budu moci hr\u00e1t. Operace prob\u011bhla dob\u0159e. V pond\u011bl\u00ed mi sundali s\u00e1dru, a to mi dovol\u00ed za\u010d\u00edt se pln\u011b v\u011bnovat rehabilitaci. Pokud p\u016fjde v\u0161echno hladce, m\u011bl bych konec sezony je\u0161t\u011b stihnout.\u201c<\/em><\/p>\n<\/div>\n","protected":false},"excerpt":{"rendered":"<p>Dal\u0161\u00ed s\u00e1hodlouh\u00e1 p\u0159estupov\u00e1 epizoda by n\u00e1s v b\u011bhem l\u00e9ta mohla minout. Marouane Fellaini toti\u017e nem\u00e1 zaje\u010d\u00ed \u00famysly a naopak by&hellip;<\/p>\n","protected":false},"author":7,"featured_media":1313,"comment_status":"open","ping_status":"closed","sticky":false,"template":"","format":"standard","meta":{"_eb_attr":"","_monsterinsights_skip_tracking":false,"_monsterinsights_sitenote_active":false,"_monsterinsights_sitenote_note":"","_monsterinsights_sitenote_category":0,"footnotes":""},"categories":[42,1],"tags":[],"yoast_head":"<!-- This site is optimized with the Yoast SEO plugin v23.4 - https:\/\/yoast.com\/wordpress\/plugins\/seo\/ -->\n<title>Fellaini chce prodlou\u017eit - Official Czech &amp; Slovak Everton Supporters&#039; Club<\/title>\n<meta name=\"robots\" content=\"index, follow, max-snippet:-1, max-image-preview:large, max-video-preview:-1\" \/>\n<link rel=\"canonical\" href=\"https:\/\/evertonfc.cz\/index.php\/2011\/04\/13\/fellaini-chce-prodlouzit\/\" \/>\n<meta property=\"og:locale\" content=\"cs_CZ\" \/>\n<meta property=\"og:type\" content=\"article\" \/>\n<meta property=\"og:title\" content=\"Fellaini chce prodlou\u017eit - Official Czech &amp; Slovak Everton Supporters&#039; Club\" \/>\n<meta property=\"og:description\" content=\"Dal\u0161\u00ed s\u00e1hodlouh\u00e1 p\u0159estupov\u00e1 epizoda by n\u00e1s v b\u011bhem l\u00e9ta mohla minout. Marouane Fellaini toti\u017e nem\u00e1 zaje\u010d\u00ed \u00famysly a naopak by&hellip;\" \/>\n<meta property=\"og:url\" content=\"https:\/\/evertonfc.cz\/index.php\/2011\/04\/13\/fellaini-chce-prodlouzit\/\" \/>\n<meta property=\"og:site_name\" content=\"Official Czech &amp; Slovak Everton Supporters&#039; Club\" \/>\n<meta property=\"article:publisher\" content=\"https:\/\/www.facebook.com\/everton.fans.cz.sk\" \/>\n<meta property=\"article:published_time\" content=\"2011-04-13T12:23:31+00:00\" \/>\n<meta property=\"article:modified_time\" content=\"2019-02-13T13:25:13+00:00\" \/>\n<meta property=\"og:image\" content=\"https:\/\/evertonfc.cz\/wp-content\/uploads\/2019\/01\/news.jpg\" \/>\n\t<meta property=\"og:image:width\" content=\"720\" \/>\n\t<meta property=\"og:image:height\" content=\"405\" \/>\n\t<meta property=\"og:image:type\" content=\"image\/jpeg\" \/>\n<meta name=\"author\" content=\"Me\u0148a\" \/>\n<meta name=\"twitter:card\" content=\"summary_large_image\" \/>\n<meta name=\"twitter:label1\" content=\"Napsal(a)\" \/>\n\t<meta name=\"twitter:data1\" content=\"Me\u0148a\" \/>\n\t<meta name=\"twitter:label2\" content=\"Odhadovan\u00e1 doba \u010dten\u00ed\" \/>\n\t<meta name=\"twitter:data2\" content=\"2 minuty\" \/>\n<script type=\"application\/ld+json\" class=\"yoast-schema-graph\">{\"@context\":\"https:\/\/schema.org\",\"@graph\":[{\"@type\":\"Article\",\"@id\":\"https:\/\/evertonfc.cz\/index.php\/2011\/04\/13\/fellaini-chce-prodlouzit\/#article\",\"isPartOf\":{\"@id\":\"https:\/\/evertonfc.cz\/index.php\/2011\/04\/13\/fellaini-chce-prodlouzit\/\"},\"author\":{\"name\":\"Me\u0148a\",\"@id\":\"https:\/\/evertonfc.cz\/#\/schema\/person\/cd6328a75577de2add7793fd4b0930c3\"},\"headline\":\"Fellaini chce prodlou\u017eit\",\"datePublished\":\"2011-04-13T12:23:31+00:00\",\"dateModified\":\"2019-02-13T13:25:13+00:00\",\"mainEntityOfPage\":{\"@id\":\"https:\/\/evertonfc.cz\/index.php\/2011\/04\/13\/fellaini-chce-prodlouzit\/\"},\"wordCount\":326,\"commentCount\":0,\"publisher\":{\"@id\":\"https:\/\/evertonfc.cz\/#organization\"},\"image\":{\"@id\":\"https:\/\/evertonfc.cz\/index.php\/2011\/04\/13\/fellaini-chce-prodlouzit\/#primaryimage\"},\"thumbnailUrl\":\"https:\/\/evertonfc.cz\/wp-content\/uploads\/2019\/01\/news.jpg\",\"articleSection\":[\"Aktuality\",\"Rozhovory\"],\"inLanguage\":\"cs\",\"potentialAction\":[{\"@type\":\"CommentAction\",\"name\":\"Comment\",\"target\":[\"https:\/\/evertonfc.cz\/index.php\/2011\/04\/13\/fellaini-chce-prodlouzit\/#respond\"]}]},{\"@type\":\"WebPage\",\"@id\":\"https:\/\/evertonfc.cz\/index.php\/2011\/04\/13\/fellaini-chce-prodlouzit\/\",\"url\":\"https:\/\/evertonfc.cz\/index.php\/2011\/04\/13\/fellaini-chce-prodlouzit\/\",\"name\":\"Fellaini chce prodlou\u017eit - Official Czech &amp; Slovak Everton Supporters&#039; Club\",\"isPartOf\":{\"@id\":\"https:\/\/evertonfc.cz\/#website\"},\"primaryImageOfPage\":{\"@id\":\"https:\/\/evertonfc.cz\/index.php\/2011\/04\/13\/fellaini-chce-prodlouzit\/#primaryimage\"},\"image\":{\"@id\":\"https:\/\/evertonfc.cz\/index.php\/2011\/04\/13\/fellaini-chce-prodlouzit\/#primaryimage\"},\"thumbnailUrl\":\"https:\/\/evertonfc.cz\/wp-content\/uploads\/2019\/01\/news.jpg\",\"datePublished\":\"2011-04-13T12:23:31+00:00\",\"dateModified\":\"2019-02-13T13:25:13+00:00\",\"breadcrumb\":{\"@id\":\"https:\/\/evertonfc.cz\/index.php\/2011\/04\/13\/fellaini-chce-prodlouzit\/#breadcrumb\"},\"inLanguage\":\"cs\",\"potentialAction\":[{\"@type\":\"ReadAction\",\"target\":[\"https:\/\/evertonfc.cz\/index.php\/2011\/04\/13\/fellaini-chce-prodlouzit\/\"]}]},{\"@type\":\"ImageObject\",\"inLanguage\":\"cs\",\"@id\":\"https:\/\/evertonfc.cz\/index.php\/2011\/04\/13\/fellaini-chce-prodlouzit\/#primaryimage\",\"url\":\"https:\/\/evertonfc.cz\/wp-content\/uploads\/2019\/01\/news.jpg\",\"contentUrl\":\"https:\/\/evertonfc.cz\/wp-content\/uploads\/2019\/01\/news.jpg\",\"width\":720,\"height\":405},{\"@type\":\"BreadcrumbList\",\"@id\":\"https:\/\/evertonfc.cz\/index.php\/2011\/04\/13\/fellaini-chce-prodlouzit\/#breadcrumb\",\"itemListElement\":[{\"@type\":\"ListItem\",\"position\":1,\"name\":\"Home\",\"item\":\"https:\/\/evertonfc.cz\/\"},{\"@type\":\"ListItem\",\"position\":2,\"name\":\"Fellaini chce prodlou\u017eit\"}]},{\"@type\":\"WebSite\",\"@id\":\"https:\/\/evertonfc.cz\/#website\",\"url\":\"https:\/\/evertonfc.cz\/\",\"name\":\"Official Czech &amp; Slovak Everton Supporters&#039; Club\",\"description\":\"\",\"publisher\":{\"@id\":\"https:\/\/evertonfc.cz\/#organization\"},\"potentialAction\":[{\"@type\":\"SearchAction\",\"target\":{\"@type\":\"EntryPoint\",\"urlTemplate\":\"https:\/\/evertonfc.cz\/?s={search_term_string}\"},\"query-input\":{\"@type\":\"PropertyValueSpecification\",\"valueRequired\":true,\"valueName\":\"search_term_string\"}}],\"inLanguage\":\"cs\"},{\"@type\":\"Organization\",\"@id\":\"https:\/\/evertonfc.cz\/#organization\",\"name\":\"Official Czech & Slovak Everton Supporters' Club\",\"url\":\"https:\/\/evertonfc.cz\/\",\"logo\":{\"@type\":\"ImageObject\",\"inLanguage\":\"cs\",\"@id\":\"https:\/\/evertonfc.cz\/#\/schema\/logo\/image\/\",\"url\":\"https:\/\/evertonfc.cz\/wp-content\/uploads\/2019\/05\/logo.png\",\"contentUrl\":\"https:\/\/evertonfc.cz\/wp-content\/uploads\/2019\/05\/logo.png\",\"width\":112,\"height\":112,\"caption\":\"Official Czech & Slovak Everton Supporters' Club\"},\"image\":{\"@id\":\"https:\/\/evertonfc.cz\/#\/schema\/logo\/image\/\"},\"sameAs\":[\"https:\/\/www.facebook.com\/everton.fans.cz.sk\"]},{\"@type\":\"Person\",\"@id\":\"https:\/\/evertonfc.cz\/#\/schema\/person\/cd6328a75577de2add7793fd4b0930c3\",\"name\":\"Me\u0148a\",\"url\":\"https:\/\/evertonfc.cz\/index.php\/author\/mena\/\"}]}<\/script>\n<!-- \/ Yoast SEO plugin. -->","yoast_head_json":{"title":"Fellaini chce prodlou\u017eit - Official Czech &amp; Slovak Everton Supporters&#039; Club","robots":{"index":"index","follow":"follow","max-snippet":"max-snippet:-1","max-image-preview":"max-image-preview:large","max-video-preview":"max-video-preview:-1"},"canonical":"https:\/\/evertonfc.cz\/index.php\/2011\/04\/13\/fellaini-chce-prodlouzit\/","og_locale":"cs_CZ","og_type":"article","og_title":"Fellaini chce prodlou\u017eit - Official Czech &amp; Slovak Everton Supporters&#039; Club","og_description":"Dal\u0161\u00ed s\u00e1hodlouh\u00e1 p\u0159estupov\u00e1 epizoda by n\u00e1s v b\u011bhem l\u00e9ta mohla minout. Marouane Fellaini toti\u017e nem\u00e1 zaje\u010d\u00ed \u00famysly a naopak by&hellip;","og_url":"https:\/\/evertonfc.cz\/index.php\/2011\/04\/13\/fellaini-chce-prodlouzit\/","og_site_name":"Official Czech &amp; Slovak Everton Supporters&#039; Club","article_publisher":"https:\/\/www.facebook.com\/everton.fans.cz.sk","article_published_time":"2011-04-13T12:23:31+00:00","article_modified_time":"2019-02-13T13:25:13+00:00","og_image":[{"width":720,"height":405,"url":"https:\/\/evertonfc.cz\/wp-content\/uploads\/2019\/01\/news.jpg","type":"image\/jpeg"}],"author":"Me\u0148a","twitter_card":"summary_large_image","twitter_misc":{"Napsal(a)":"Me\u0148a","Odhadovan\u00e1 doba \u010dten\u00ed":"2 minuty"},"schema":{"@context":"https:\/\/schema.org","@graph":[{"@type":"Article","@id":"https:\/\/evertonfc.cz\/index.php\/2011\/04\/13\/fellaini-chce-prodlouzit\/#article","isPartOf":{"@id":"https:\/\/evertonfc.cz\/index.php\/2011\/04\/13\/fellaini-chce-prodlouzit\/"},"author":{"name":"Me\u0148a","@id":"https:\/\/evertonfc.cz\/#\/schema\/person\/cd6328a75577de2add7793fd4b0930c3"},"headline":"Fellaini chce prodlou\u017eit","datePublished":"2011-04-13T12:23:31+00:00","dateModified":"2019-02-13T13:25:13+00:00","mainEntityOfPage":{"@id":"https:\/\/evertonfc.cz\/index.php\/2011\/04\/13\/fellaini-chce-prodlouzit\/"},"wordCount":326,"commentCount":0,"publisher":{"@id":"https:\/\/evertonfc.cz\/#organization"},"image":{"@id":"https:\/\/evertonfc.cz\/index.php\/2011\/04\/13\/fellaini-chce-prodlouzit\/#primaryimage"},"thumbnailUrl":"https:\/\/evertonfc.cz\/wp-content\/uploads\/2019\/01\/news.jpg","articleSection":["Aktuality","Rozhovory"],"inLanguage":"cs","potentialAction":[{"@type":"CommentAction","name":"Comment","target":["https:\/\/evertonfc.cz\/index.php\/2011\/04\/13\/fellaini-chce-prodlouzit\/#respond"]}]},{"@type":"WebPage","@id":"https:\/\/evertonfc.cz\/index.php\/2011\/04\/13\/fellaini-chce-prodlouzit\/","url":"https:\/\/evertonfc.cz\/index.php\/2011\/04\/13\/fellaini-chce-prodlouzit\/","name":"Fellaini chce prodlou\u017eit - Official Czech &amp; Slovak Everton Supporters&#039; Club","isPartOf":{"@id":"https:\/\/evertonfc.cz\/#website"},"primaryImageOfPage":{"@id":"https:\/\/evertonfc.cz\/index.php\/2011\/04\/13\/fellaini-chce-prodlouzit\/#primaryimage"},"image":{"@id":"https:\/\/evertonfc.cz\/index.php\/2011\/04\/13\/fellaini-chce-prodlouzit\/#primaryimage"},"thumbnailUrl":"https:\/\/evertonfc.cz\/wp-content\/uploads\/2019\/01\/news.jpg","datePublished":"2011-04-13T12:23:31+00:00","dateModified":"2019-02-13T13:25:13+00:00","breadcrumb":{"@id":"https:\/\/evertonfc.cz\/index.php\/2011\/04\/13\/fellaini-chce-prodlouzit\/#breadcrumb"},"inLanguage":"cs","potentialAction":[{"@type":"ReadAction","target":["https:\/\/evertonfc.cz\/index.php\/2011\/04\/13\/fellaini-chce-prodlouzit\/"]}]},{"@type":"ImageObject","inLanguage":"cs","@id":"https:\/\/evertonfc.cz\/index.php\/2011\/04\/13\/fellaini-chce-prodlouzit\/#primaryimage","url":"https:\/\/evertonfc.cz\/wp-content\/uploads\/2019\/01\/news.jpg","contentUrl":"https:\/\/evertonfc.cz\/wp-content\/uploads\/2019\/01\/news.jpg","width":720,"height":405},{"@type":"BreadcrumbList","@id":"https:\/\/evertonfc.cz\/index.php\/2011\/04\/13\/fellaini-chce-prodlouzit\/#breadcrumb","itemListElement":[{"@type":"ListItem","position":1,"name":"Home","item":"https:\/\/evertonfc.cz\/"},{"@type":"ListItem","position":2,"name":"Fellaini chce prodlou\u017eit"}]},{"@type":"WebSite","@id":"https:\/\/evertonfc.cz\/#website","url":"https:\/\/evertonfc.cz\/","name":"Official Czech &amp; Slovak Everton Supporters&#039; Club","description":"","publisher":{"@id":"https:\/\/evertonfc.cz\/#organization"},"potentialAction":[{"@type":"SearchAction","target":{"@type":"EntryPoint","urlTemplate":"https:\/\/evertonfc.cz\/?s={search_term_string}"},"query-input":{"@type":"PropertyValueSpecification","valueRequired":true,"valueName":"search_term_string"}}],"inLanguage":"cs"},{"@type":"Organization","@id":"https:\/\/evertonfc.cz\/#organization","name":"Official Czech & Slovak Everton Supporters' Club","url":"https:\/\/evertonfc.cz\/","logo":{"@type":"ImageObject","inLanguage":"cs","@id":"https:\/\/evertonfc.cz\/#\/schema\/logo\/image\/","url":"https:\/\/evertonfc.cz\/wp-content\/uploads\/2019\/05\/logo.png","contentUrl":"https:\/\/evertonfc.cz\/wp-content\/uploads\/2019\/05\/logo.png","width":112,"height":112,"caption":"Official Czech & Slovak Everton Supporters' Club"},"image":{"@id":"https:\/\/evertonfc.cz\/#\/schema\/logo\/image\/"},"sameAs":["https:\/\/www.facebook.com\/everton.fans.cz.sk"]},{"@type":"Person","@id":"https:\/\/evertonfc.cz\/#\/schema\/person\/cd6328a75577de2add7793fd4b0930c3","name":"Me\u0148a","url":"https:\/\/evertonfc.cz\/index.php\/author\/mena\/"}]}},"_links":{"self":[{"href":"https:\/\/evertonfc.cz\/index.php\/wp-json\/wp\/v2\/posts\/4515"}],"collection":[{"href":"https:\/\/evertonfc.cz\/index.php\/wp-json\/wp\/v2\/posts"}],"about":[{"href":"https:\/\/evertonfc.cz\/index.php\/wp-json\/wp\/v2\/types\/post"}],"author":[{"embeddable":true,"href":"https:\/\/evertonfc.cz\/index.php\/wp-json\/wp\/v2\/users\/7"}],"replies":[{"embeddable":true,"href":"https:\/\/evertonfc.cz\/index.php\/wp-json\/wp\/v2\/comments?post=4515"}],"version-history":[{"count":1,"href":"https:\/\/evertonfc.cz\/index.php\/wp-json\/wp\/v2\/posts\/4515\/revisions"}],"predecessor-version":[{"id":4516,"href":"https:\/\/evertonfc.cz\/index.php\/wp-json\/wp\/v2\/posts\/4515\/revisions\/4516"}],"wp:featuredmedia":[{"embeddable":true,"href":"https:\/\/evertonfc.cz\/index.php\/wp-json\/wp\/v2\/media\/1313"}],"wp:attachment":[{"href":"https:\/\/evertonfc.cz\/index.php\/wp-json\/wp\/v2\/media?parent=4515"}],"wp:term":[{"taxonomy":"category","embeddable":true,"href":"https:\/\/evertonfc.cz\/index.php\/wp-json\/wp\/v2\/categories?post=4515"},{"taxonomy":"post_tag","embeddable":true,"href":"https:\/\/evertonfc.cz\/index.php\/wp-json\/wp\/v2\/tags?post=4515"}],"curies":[{"name":"wp","href":"https:\/\/api.w.org\/{rel}","templated":true}]}}