{"id":4519,"date":"2011-04-15T14:28:13","date_gmt":"2011-04-15T12:28:13","guid":{"rendered":"http:\/\/evertonfc.cz\/?p=4519"},"modified":"2019-02-13T14:31:16","modified_gmt":"2019-02-13T13:31:16","slug":"preview-everton-blackburn-rovers","status":"publish","type":"post","link":"https:\/\/evertonfc.cz\/index.php\/2011\/04\/15\/preview-everton-blackburn-rovers\/","title":{"rendered":"Preview: Everton &#8211; Blackburn Rovers"},"content":{"rendered":"<h4>Everton se tradi\u010dn\u011b s bl\u00ed\u017e\u00edc\u00edm se koncem sezony velkolep\u011b rozjel a v\u00edt\u011bznou formu by si r\u00e1d p\u0159enesl i do dal\u0161\u00edho kola, ve kter\u00e9m bude zdol\u00e1vat Blackburn.<\/h4>\n<div id=\"NewsPostDetailContent\">\n<p>Do konce sezony u\u017e zb\u00fdv\u00e1 jen \u0161est kol a Everton znovu mocn\u011b doh\u00e1n\u00ed. Tentokr\u00e1t sice Blues nehraj\u00ed ji\u017e prakticky o nic, p\u0159esto ale dobr\u00e1 forma p\u0159in\u00e1\u0161\u00ed jistou d\u00e1vku zadostiu\u010din\u011bn\u00ed. Budou tak dom\u00e1c\u00ed v hromadn\u00e9m sb\u011bru bod\u016f pokra\u010dovat i d\u00e1le, nebo n\u00e1s po osv\u011b\u017euj\u00edc\u00ed pauze \u010dek\u00e1 dal\u0161\u00ed utr\u00e1pen\u00e9 p\u0159edstaven\u00ed?<\/p>\n<p>Na pap\u00ed\u0159e stoj\u00ed progn\u00f3zy jasn\u011b &#8211; Everton se chlub\u00ed nejlep\u0161\u00ed formou z cel\u00e9 Premier League, zat\u00edmco Blackburn se v tabulce v\u00fdkonnosti choul\u00ed t\u00e9m\u011b\u0159 u dna. \u010ctrn\u00e1ct bod\u016f z posledn\u00edch \u0161esti z\u00e1pas\u016f m\u00e1 za n\u00e1sledek dosa\u017een\u00ed aktu\u00e1ln\u00ed hranice 44 bod\u016f a sedm\u00e9 p\u0159\u00ed\u010dky, o kter\u00e9 se Toffees p\u0159ed takov\u00fdmi dv\u011bma m\u011bs\u00edci mohlo jen zd\u00e1t.<\/p>\n<p>Rovers v\u0161ak na Goodison p\u0159ivezou nep\u0159\u00edjemnou vzpom\u00ednku na \u00favodn\u00ed minuty aktu\u00e1ln\u00ed sezony. Z\u00e1pas, kter\u00fd m\u011bl v\u00edt\u011bzn\u011b odstartovat z pohledu Evertonu tolik o\u010dek\u00e1van\u00fd ro\u010dn\u00edk, dopadl velk\u00fdm fiaskem a vlastn\u011b sezon\u011b nar\u00fdsoval tolik nep\u0159\u00edjemn\u00e9 kontury. Na skute\u010dnosti, \u017ee proti Blackburnu se hraje \u0161patn\u011b za ka\u017ed\u00fdch okolnost\u00ed, se nav\u00edc nic nem\u011bn\u00ed ani v dob\u011b vyda\u0159en\u00e9 formy, a tak m\u016f\u017ee Old Lady v sobotu o\u010dek\u00e1vat snad cokoliv.<\/p>\n<p>Koneckonc\u016f, p\u011bkn\u011b zt\u011b\u017eka se dal p\u0159edv\u00eddat i posledn\u00ed z\u00e1pas na p\u016fd\u011b Wolverhamptonu, kter\u00fd d\u011bl\u00e1 Blackburnu spole\u010dnost v boji o z\u00e1chranu. P\u0159esto se dostavil pov\u011bdom\u00fd sc\u00e9n\u00e1\u0159 &#8211; p\u0159est\u00e1n\u00ed tlaku a \u00fader. Tentokr\u00e1t ov\u0161em nikoliv ze strany soupe\u0159e, jak jsme si letos u\u017e navykli, ale kone\u010dn\u011b i ze strany Toffees, kte\u0159\u00ed sta\u010dili p\u0159esn\u011b zam\u00ed\u0159it hned t\u0159ikr\u00e1t, co\u017e je dal\u0161\u00ed atypick\u00fd bod. Everton tak navzdory velk\u00e9 marodce, kter\u00e1 v\u0161ak zbytek mu\u017estva znovu evidentn\u011b stimulovala za vyvinut\u00edm v\u011bt\u0161\u00edho \u00fasil\u00ed, dokr\u00e1\u010del za dal\u0161\u00ed v\u00fdhrou.<\/p>\n<p>I navzdory dobr\u00e9mu rozpolo\u017een\u00ed, kter\u00e9 v t\u00fdmu panuje, ov\u0161em nebere Phil Jagielka nic na lehkou v\u00e1hu, a se vzpom\u00ednkami na prvn\u00ed leto\u0161n\u00ed st\u0159etnut\u00ed proti Rovers, vyb\u00edz\u00ed k opatrnosti.<em> \u201eZ toho z\u00e1pasu i z t\u011bch p\u0159edchoz\u00edch v\u00edme, \u017ee to bude t\u011b\u017ek\u00fd, fyzick\u00fd z\u00e1pas. Mysl\u00edm, \u017ee budou zkou\u0161et n\u011bco nov\u00e9ho, ale pokud jste v tabulce dole a bojujete o udr\u017een\u00ed, je t\u011b\u017ek\u00e9 upustit od star\u00e9 taktiky a praktikovat novou. N\u00e1m se da\u0159\u00ed, chyb\u00ed n\u00e1m sice hr\u00e1\u010di, ale z\u00e1kladn\u00ed jeden\u00e1ctka je po\u0159\u00e1d slu\u0161n\u00e1 a posledn\u00ed v\u00fdsledky to dokazuj\u00ed.\u201c<\/em><\/p>\n<p>V Blackburnu mohou rozd\u011blit pr\u016fb\u011bh sezony na polovinu vyda\u0159enou a nevyda\u0159enou. Bohu\u017eel pro Rovers, druh\u00e1 varianta je akt\u00e1ln\u00ed pr\u00e1v\u011b v t\u011bchto t\u00fddnech, a tak budou m\u00edt je\u0161t\u011b pln\u00e9 ruce pr\u00e1ce s udr\u017een\u00edm prvoligov\u00e9ho statusu. Moment\u00e1ln\u011b Blackburnu n\u00e1le\u017e\u00ed patn\u00e1ct\u00e1 p\u0159\u00ed\u010dka s t\u0159\u00edbodov\u00fdm n\u00e1skokem na osmn\u00e1ct\u00fd West Ham.<\/p>\n<p>P\u0159itom je\u0161t\u011b relativn\u011b ned\u00e1vno podobn\u00e9 trable lancashirsk\u00fd celek\u00a0 \u0159e\u0161it nemusel. U kormidla st\u00e1l zku\u0161en\u00fd Sam Allardyce, se kter\u00fdm si Rovers spokojen\u011b proplouvali bezpe\u010dn\u00fdmi vodami st\u0159edu tabulky. Jenom\u017ee kde se vzali, tu se vzali, na Ewood Park zav\u00edtali obchodn\u00edci z dalek\u00e9 Indie, ve veden\u00ed nenechali k\u00e1men na kameni a s Blackburnem to za\u010dalo j\u00edt z kopce.<\/p>\n<p>Prvn\u00ed m\u011bs\u00edc nov\u00e9ho roku z pohledu v\u00fdsledk\u016f je\u0161t\u011b u\u0161el, od \u00fanora v\u0161ak Rovers pat\u0159\u00ed k nejv\u011bt\u0161\u00edm zoufalc\u016fm v lize &#8211; nevyhr\u00e1li od t\u00e9 doby ani jeden z\u00e1pas, kde\u017eto \u010dty\u0159ikr\u00e1t prohr\u00e1li a \u010dty\u0159ikr\u00e1t remizovali. Dru\u017eina Steva Keana, n\u00e1hradn\u00edka Big Sama, se v\u0161ak mo\u017en\u00e1 p\u0159eci jen pomalou\u010dku zved\u00e1 &#8211; posledn\u00ed t\u0159i utk\u00e1n\u00ed dopadla d\u011blbou bod\u016f, a\u010dkoliv dom\u00e1c\u00ed rem\u00edzy s Blackpoolem \u010di Birminghamem p\u0159\u00edli\u0161 strachu nenah\u00e1n\u00ed.<\/p>\n<p>Rem\u00edzy by tak Rovers kone\u010dn\u011b cht\u011bli prom\u011bnit v d\u016fle\u017eit\u00fd t\u0159\u00edbodov\u00fd zisk, jak nab\u00e1d\u00e1 obr\u00e1nce Chris Samba. <em>\u201eKa\u017ed\u00fd z\u00e1pas te\u010f bude d\u016fle\u017eit\u00fd, to v\u00edme. Jsme \u010derstv\u00ed a p\u0159ipraven\u00ed, proti Evertonu si p\u016fjdeme pro v\u00edt\u011bzstv\u00ed. Doma o\u010dek\u00e1v\u00e1me ostatn\u00ed t\u00fdmy por\u00e1\u017eet, ale fotbal nen\u00ed v\u011bda a kdy\u017e nepod\u00e1v\u00e1te adekv\u00e1tn\u00ed v\u00fdkony a neprom\u011b\u0148ujete \u0161ance, tak nevyhrajete. V\u0161echno, na co se soust\u0159ed\u00edme, je z\u00e1chrana.\u201c<\/em><\/p>\n<p>V posledn\u00edm vz\u00e1jemn\u00e9m z\u00e1pase opravdu nebylo p\u0159\u00edli\u0161 na co koukat. Zm\u00edn\u011bn\u00e1 prohra 0-1 na Ewood Parku z \u00favodn\u00edho kola sezony, p\u0159inesla jen zmar a tr\u00e1pen\u00ed. O pozn\u00e1n\u00ed veseleji a koukateln\u011bji p\u0159itom na stejn\u00e9m stadionu bylo v lo\u0148sk\u00e9 sezon\u011b. Blues zaj\u00edmav\u00fd z\u00e1pas dovedli do v\u00edt\u011bzn\u00e9ho konce, kdy\u017e Rovers udolali 3-2. T\u0159i branky pak do s\u00edt\u011b Blackburnu padly i v poslen\u00edm m\u011b\u0159en\u00ed sil na Goodisonu v z\u00e1\u0159\u00ed 2009, kdy se o v\u00fdhru 3-0 postaral dv\u011bma trefami Louis Saha a Joseph Yobo.<\/p>\n<h4><strong>Historie soupe\u0159e<\/strong><\/h4>\n<p>Blackburn Rovers FC byl zalo\u017een roku 1875 a pat\u0159\u00ed mezi legend\u00e1rn\u00ed dvan\u00e1ctku z\u00e1kl\u00e1daj\u00edc\u00edch \u010dlen\u016f Football League.\u00a0Hned zpo\u010d\u00e1tku se Rovers za\u0159adili mezi elitn\u00ed anglick\u00e9 kluby, co\u017e se brzy projevilo. Roku 1879 do Blackburnu putoval prvn\u00ed FA Cup, kdy\u017e Rovers ve fin\u00e1le porazili Tyne Association FC 5:1. Fin\u00e1lov\u00fd \u00fasp\u011bch byl zopakov\u00e1n o t\u0159i roky pozd\u011bji, kdy Blackburn porazil Old Etonians.<\/p>\n<p>T\u0159et\u00ed Anglick\u00fd poh\u00e1r z\u00edskal klub v roce 1891, to u\u017e se v\u0161ak schylovalo k m\u00e9n\u011b sv\u011btl\u00fdm z\u00edt\u0159k\u016fm. Prvn\u00ed desetilet\u00ed dvac\u00e1t\u00e9ho stolet\u00ed bylo ve znamen\u00ed \u0161patn\u00fdch v\u00fdsledk\u016f, o to v\u00edce byl p\u0159ekvapuj\u00edc\u00ed zisk dvou mistrovsk\u00fdch titul\u016f v letech 1912 a 1914. Jen\u017ee pot\u00e9 Blackburn znovu upadl do \u0161edi st\u0159edu tabulky, a\u017e nakonec v polovin\u011b t\u0159ic\u00e1t\u00fdch let sestoupil. Mnoz\u00ed \u010dekali rychl\u00fd n\u00e1vrat, ale Rovers na tom byli je\u0161t\u011b h\u016f\u0159e, po v\u00e1lce Blackburn putoval do Third Division.<\/p>\n<p>Ze t\u0159et\u00edho patra anglick\u00e9ho fotbalu se klub vyhrabal a\u017e v roce 1975, kdy slavil t\u0159etiligov\u00fd titul. 80. l\u00e9ta nebyla pro klub ni\u010d\u00edm v\u00fdjime\u010dn\u00e1, v\u011bci v\u0161ak nabraly rychl\u00fd sp\u00e1d za\u010d\u00e1tkem posledn\u00edho desetilet\u00ed 20. stolet\u00ed. Klub se postupn\u011b zvedal z popela a posl\u00e9ze \u0161okoval celou Anglii, nebo\u0165 v roce 1995 se Blackburn v \u010dele s \u00fato\u010dnou dvojkou Shearer &#8211; Sutton, stal mistrem Premier League.<\/p>\n<p>Na obrovsk\u00fd \u00fasp\u011bch nicm\u00e9n\u011b nenav\u00e1zali, n\u00e1sleduj\u00edc\u00ed sezonu str\u00e1vili v druh\u00e9 polovin\u011b tabulky. V roce 1997 nep\u0159\u00edzniv\u00e1 situace vyvrcholila sestupem. Na p\u0159elomu tis\u00edcilet\u00ed v\u0161ak byli Rovers zp\u011bt a zanedlouho slavili dal\u0161\u00ed hmotn\u00fd s\u00fa\u011bch &#8211; zisk Ligov\u00e9ho poh\u00e1ru. V roce 2004 se t\u00fdmu ujal Mark Hughes, a postupnou prac\u00ed klub dostal a\u017e do poh\u00e1rov\u00e9 Evropy. Jen\u017ee nic netrvalo v\u011b\u010dn\u011b a Hughese nahradil Sam Allardyce, pod kter\u00fdm Rovers hr\u00e1li st\u0159ed tabulky.<\/p>\n<p>Dal\u0161\u00ed miln\u00edk v\u0161ak na sebe nenechal dlouho \u010dekat. Na podzim roku 2010 p\u0159evzal majoritn\u00ed pod\u00edl v klubu indick\u00e1 spole\u010dnost Venkys, kter\u00e1 m\u00edsto Allardyce dosadila Steva Keana. Ten ale zat\u00edm o\u010dek\u00e1v\u00e1n\u00ed nov\u00fdch ambici\u00f3zn\u00edch majitel\u016f nenapl\u0148uje, Rovers boj o z\u00e1chranu nemine.<\/p>\n<h4><strong>Z\u00e1pasov\u00e1 fakta<\/strong><\/h4>\n<p>Prvn\u00ed duel mezi Blackburnem a Everton je star\u00fd u\u017e sto\u010dty\u0159iadvacet let &#8211; v listopadu 1888 Rovers je\u0161t\u011b na star\u00e9m Leamington Road zv\u00edt\u011bzili hladce 3-0. Celkov\u011b jsou vz\u00e1jemn\u00e9 ligov\u00e9 souboje vyrovnan\u00e9 &#8211; Toffees vedou s 57 v\u00fdhrami oproti 56 triumf\u016fm Rovers a 32kr\u00e1t se mu\u017estva roze\u0161la sm\u00edrn\u011b.<\/p>\n<p>Blackburn bude usilovat o sv\u016fj prvn\u00ed double nad Evertonem od sezony 2003\/04. Krom aktu\u00e1ln\u00ed formy tomu v\u0161ak nenasv\u011bd\u010duje ani skute\u010dnost, \u017ee Blues jej porazili ve t\u0159ech posledn\u00edch dom\u00e1c\u00edch utk\u00e1n\u00edch z p\u011bti. Na druhou stranu, v \u00e9\u0159e Premier League Rovers na Goodisonu vyhr\u00e1li sedmkr\u00e1t. V tomto ohledu je na tom l\u00e9pe u\u017e jen Manchester United (13), Arsenal (9) a Liverpool (8).<\/p>\n<h4><strong>Everton<\/strong><\/h4>\n<p>Vyhr\u00e1l \u010dty\u0159i z posledn\u00edch \u0161esti z\u00e1pas\u016f. P\u0159ed p\u0159\u00edchodem sou\u010dasn\u00e9 formy mu p\u0159itom trvalo p\u011bt v\u00fdher posb\u00edrat p\u0159edchoz\u00edch 25 kol. Pokud pak Blues neprohraj\u00ed, p\u016fjde o nejdel\u0161\u00ed t\u00fdmovou s\u00e9rii neporazitelnosti v leto\u0161n\u00ed sezon\u011b, kterou je doposud obdob\u00ed od z\u00e1\u0159\u00ed do listopadu lo\u0148sk\u00e9ho roku. St\u00e1le tak plat\u00ed, \u017ee na stou dom\u00e1c\u00ed prohru v Premier League Everton st\u00e1le &#8222;\u010dek\u00e1&#8220;.<\/p>\n<h4><strong>Blackburn<\/strong><\/h4>\n<p>M\u00e1 nejhor\u0161\u00ed obranu na ciz\u00edch h\u0159i\u0161t\u00edch, kde u\u017e inkasoval 38 g\u00f3l\u016f. Na druhou stranu se Rovers py\u0161n\u00ed \u0161estou nejlep\u0161\u00ed statistikou z prvn\u00edch polo\u010das\u016f- druh\u00e1 d\u011bjstv\u00ed v\u0161ak z jejich strany b\u00fdvaj\u00ed naopak \u00fapln\u011b ty nejhor\u0161\u00ed. Nav\u00edc je Blackburn spolu s Aston Villou a Sunderlandem jedin\u00fdm celkem, kter\u00fd doposud nezv\u00edt\u011bzil v z\u00e1pase, ve kter\u00e9m prohr\u00e1val.<\/p>\n<h4><strong>Vz\u00e1jemn\u00e1 bilance<\/strong><\/h4>\n<ul>\n<li>Celkov\u011b:\u00a0 \u00a0 \u00a0 \u00a0 \u00a0 \u00a0 \u00a0 \u00a0\u00a0 67-33-60<\/li>\n<li>Na Goodison Parku: 45-16-20<\/li>\n<li>V Premier League:\u00a0\u00a0\u00a0 13-7-13<\/li>\n<\/ul>\n<h4><strong>Absence<\/strong><\/h4>\n<p>Oproti minul\u00e9mu t\u00fddnu se napln\u011bn\u00ed marodky zm\u011bnilo pram\u00e1lo. Dlouhodob\u011bji zran\u011bn\u00e9 kvarteto Fellaini, Saha, Arteta, Baxter, dopl\u0148uj\u00ed Coleman, Cahill a Rodwell, kte\u0159\u00ed by v\u0161ak za p\u0159\u00edzniv\u00fdch okolnost\u00ed do utk\u00e1n\u00ed mohli zas\u00e1hnout.<\/p>\n<p>Blackburnu chyb\u00ed Andrews (t\u0159\u00edsla), Grella (achillovka) a ve zbytku sezony ji\u017e Rovers nevypom\u016f\u017ee Nelsen (koleno). Nejist\u00fd je start u Hoiletta (podkolenn\u00ed \u0161lacha) a dvojz\u00e1pasov\u00fd trest si odpyk\u00e1v\u00e1 Nzonzi.<\/p>\n<p><strong>Everton:<\/strong> Howard, Mucha, Hibbert, Nsiala, Jagielka, Distin, Mustafi, Baines, Coleman, Neville, Heitinga, Rodwell, Gueye, Forshaw, Osman, Bilyaletdinov, Beckford, McAleny, Vellios<\/p>\n<p><strong>Blackburn:<\/strong> Robinson, Bunn, Salgado, Samba, Rochina, Olsson, J. Jones, P. Jones, Pedersen, Dunn, Emerton, Hoilett, Hanley, Santa Cruz, Mwaruwari, Diouf, Roberts, Kalini\u0107<\/p>\n<ul>\n<li><strong>Kdy:<\/strong> 16.4. 16:00 SE\u010c<\/li>\n<li><strong>Kde:<\/strong> Goodison Park<\/li>\n<li><strong>Rozhod\u010d\u00ed:<\/strong> Kevin Friend<\/li>\n<\/ul>\n<\/div>\n","protected":false},"excerpt":{"rendered":"<p>Everton se tradi\u010dn\u011b s bl\u00ed\u017e\u00edc\u00edm se koncem sezony velkolep\u011b rozjel a v\u00edt\u011bznou formu by si r\u00e1d p\u0159enesl i do dal\u0161\u00edho&hellip;<\/p>\n","protected":false},"author":7,"featured_media":1314,"comment_status":"open","ping_status":"closed","sticky":false,"template":"","format":"standard","meta":{"_eb_attr":"","_monsterinsights_skip_tracking":false,"_monsterinsights_sitenote_active":false,"_monsterinsights_sitenote_note":"","_monsterinsights_sitenote_category":0,"footnotes":""},"categories":[4],"tags":[],"yoast_head":"<!-- This site is optimized with the Yoast SEO plugin v23.4 - https:\/\/yoast.com\/wordpress\/plugins\/seo\/ -->\n<title>Preview: Everton - Blackburn Rovers - Official Czech &amp; Slovak Everton Supporters&#039; Club<\/title>\n<meta name=\"robots\" content=\"index, follow, max-snippet:-1, max-image-preview:large, max-video-preview:-1\" \/>\n<link rel=\"canonical\" href=\"https:\/\/evertonfc.cz\/index.php\/2011\/04\/15\/preview-everton-blackburn-rovers\/\" \/>\n<meta property=\"og:locale\" content=\"cs_CZ\" \/>\n<meta property=\"og:type\" content=\"article\" \/>\n<meta property=\"og:title\" content=\"Preview: Everton - Blackburn Rovers - Official Czech &amp; Slovak Everton Supporters&#039; Club\" \/>\n<meta property=\"og:description\" content=\"Everton se tradi\u010dn\u011b s bl\u00ed\u017e\u00edc\u00edm se koncem sezony velkolep\u011b rozjel a v\u00edt\u011bznou formu by si r\u00e1d p\u0159enesl i do dal\u0161\u00edho&hellip;\" \/>\n<meta property=\"og:url\" content=\"https:\/\/evertonfc.cz\/index.php\/2011\/04\/15\/preview-everton-blackburn-rovers\/\" \/>\n<meta property=\"og:site_name\" content=\"Official Czech &amp; Slovak Everton Supporters&#039; Club\" \/>\n<meta property=\"article:publisher\" content=\"https:\/\/www.facebook.com\/everton.fans.cz.sk\" \/>\n<meta property=\"article:published_time\" content=\"2011-04-15T12:28:13+00:00\" \/>\n<meta property=\"article:modified_time\" content=\"2019-02-13T13:31:16+00:00\" \/>\n<meta property=\"og:image\" content=\"https:\/\/evertonfc.cz\/wp-content\/uploads\/2019\/01\/preview.jpg\" \/>\n\t<meta property=\"og:image:width\" content=\"720\" \/>\n\t<meta property=\"og:image:height\" content=\"405\" \/>\n\t<meta property=\"og:image:type\" content=\"image\/jpeg\" \/>\n<meta name=\"author\" content=\"Me\u0148a\" \/>\n<meta name=\"twitter:card\" content=\"summary_large_image\" \/>\n<meta name=\"twitter:label1\" content=\"Napsal(a)\" \/>\n\t<meta name=\"twitter:data1\" content=\"Me\u0148a\" \/>\n\t<meta name=\"twitter:label2\" content=\"Odhadovan\u00e1 doba \u010dten\u00ed\" \/>\n\t<meta name=\"twitter:data2\" content=\"9 minut\" \/>\n<script type=\"application\/ld+json\" class=\"yoast-schema-graph\">{\"@context\":\"https:\/\/schema.org\",\"@graph\":[{\"@type\":\"Article\",\"@id\":\"https:\/\/evertonfc.cz\/index.php\/2011\/04\/15\/preview-everton-blackburn-rovers\/#article\",\"isPartOf\":{\"@id\":\"https:\/\/evertonfc.cz\/index.php\/2011\/04\/15\/preview-everton-blackburn-rovers\/\"},\"author\":{\"name\":\"Me\u0148a\",\"@id\":\"https:\/\/evertonfc.cz\/#\/schema\/person\/cd6328a75577de2add7793fd4b0930c3\"},\"headline\":\"Preview: Everton &#8211; Blackburn Rovers\",\"datePublished\":\"2011-04-15T12:28:13+00:00\",\"dateModified\":\"2019-02-13T13:31:16+00:00\",\"mainEntityOfPage\":{\"@id\":\"https:\/\/evertonfc.cz\/index.php\/2011\/04\/15\/preview-everton-blackburn-rovers\/\"},\"wordCount\":1730,\"commentCount\":0,\"publisher\":{\"@id\":\"https:\/\/evertonfc.cz\/#organization\"},\"image\":{\"@id\":\"https:\/\/evertonfc.cz\/index.php\/2011\/04\/15\/preview-everton-blackburn-rovers\/#primaryimage\"},\"thumbnailUrl\":\"https:\/\/evertonfc.cz\/wp-content\/uploads\/2019\/01\/preview.jpg\",\"articleSection\":[\"Z\u00e1pasy\"],\"inLanguage\":\"cs\",\"potentialAction\":[{\"@type\":\"CommentAction\",\"name\":\"Comment\",\"target\":[\"https:\/\/evertonfc.cz\/index.php\/2011\/04\/15\/preview-everton-blackburn-rovers\/#respond\"]}]},{\"@type\":\"WebPage\",\"@id\":\"https:\/\/evertonfc.cz\/index.php\/2011\/04\/15\/preview-everton-blackburn-rovers\/\",\"url\":\"https:\/\/evertonfc.cz\/index.php\/2011\/04\/15\/preview-everton-blackburn-rovers\/\",\"name\":\"Preview: Everton - Blackburn Rovers - Official Czech &amp; Slovak Everton Supporters&#039; Club\",\"isPartOf\":{\"@id\":\"https:\/\/evertonfc.cz\/#website\"},\"primaryImageOfPage\":{\"@id\":\"https:\/\/evertonfc.cz\/index.php\/2011\/04\/15\/preview-everton-blackburn-rovers\/#primaryimage\"},\"image\":{\"@id\":\"https:\/\/evertonfc.cz\/index.php\/2011\/04\/15\/preview-everton-blackburn-rovers\/#primaryimage\"},\"thumbnailUrl\":\"https:\/\/evertonfc.cz\/wp-content\/uploads\/2019\/01\/preview.jpg\",\"datePublished\":\"2011-04-15T12:28:13+00:00\",\"dateModified\":\"2019-02-13T13:31:16+00:00\",\"breadcrumb\":{\"@id\":\"https:\/\/evertonfc.cz\/index.php\/2011\/04\/15\/preview-everton-blackburn-rovers\/#breadcrumb\"},\"inLanguage\":\"cs\",\"potentialAction\":[{\"@type\":\"ReadAction\",\"target\":[\"https:\/\/evertonfc.cz\/index.php\/2011\/04\/15\/preview-everton-blackburn-rovers\/\"]}]},{\"@type\":\"ImageObject\",\"inLanguage\":\"cs\",\"@id\":\"https:\/\/evertonfc.cz\/index.php\/2011\/04\/15\/preview-everton-blackburn-rovers\/#primaryimage\",\"url\":\"https:\/\/evertonfc.cz\/wp-content\/uploads\/2019\/01\/preview.jpg\",\"contentUrl\":\"https:\/\/evertonfc.cz\/wp-content\/uploads\/2019\/01\/preview.jpg\",\"width\":720,\"height\":405},{\"@type\":\"BreadcrumbList\",\"@id\":\"https:\/\/evertonfc.cz\/index.php\/2011\/04\/15\/preview-everton-blackburn-rovers\/#breadcrumb\",\"itemListElement\":[{\"@type\":\"ListItem\",\"position\":1,\"name\":\"Home\",\"item\":\"https:\/\/evertonfc.cz\/\"},{\"@type\":\"ListItem\",\"position\":2,\"name\":\"Preview: Everton &#8211; Blackburn Rovers\"}]},{\"@type\":\"WebSite\",\"@id\":\"https:\/\/evertonfc.cz\/#website\",\"url\":\"https:\/\/evertonfc.cz\/\",\"name\":\"Official Czech &amp; Slovak Everton Supporters&#039; Club\",\"description\":\"\",\"publisher\":{\"@id\":\"https:\/\/evertonfc.cz\/#organization\"},\"potentialAction\":[{\"@type\":\"SearchAction\",\"target\":{\"@type\":\"EntryPoint\",\"urlTemplate\":\"https:\/\/evertonfc.cz\/?s={search_term_string}\"},\"query-input\":{\"@type\":\"PropertyValueSpecification\",\"valueRequired\":true,\"valueName\":\"search_term_string\"}}],\"inLanguage\":\"cs\"},{\"@type\":\"Organization\",\"@id\":\"https:\/\/evertonfc.cz\/#organization\",\"name\":\"Official Czech & Slovak Everton Supporters' Club\",\"url\":\"https:\/\/evertonfc.cz\/\",\"logo\":{\"@type\":\"ImageObject\",\"inLanguage\":\"cs\",\"@id\":\"https:\/\/evertonfc.cz\/#\/schema\/logo\/image\/\",\"url\":\"https:\/\/evertonfc.cz\/wp-content\/uploads\/2019\/05\/logo.png\",\"contentUrl\":\"https:\/\/evertonfc.cz\/wp-content\/uploads\/2019\/05\/logo.png\",\"width\":112,\"height\":112,\"caption\":\"Official Czech & Slovak Everton Supporters' Club\"},\"image\":{\"@id\":\"https:\/\/evertonfc.cz\/#\/schema\/logo\/image\/\"},\"sameAs\":[\"https:\/\/www.facebook.com\/everton.fans.cz.sk\"]},{\"@type\":\"Person\",\"@id\":\"https:\/\/evertonfc.cz\/#\/schema\/person\/cd6328a75577de2add7793fd4b0930c3\",\"name\":\"Me\u0148a\",\"url\":\"https:\/\/evertonfc.cz\/index.php\/author\/mena\/\"}]}<\/script>\n<!-- \/ Yoast SEO plugin. -->","yoast_head_json":{"title":"Preview: Everton - Blackburn Rovers - Official Czech &amp; Slovak Everton Supporters&#039; Club","robots":{"index":"index","follow":"follow","max-snippet":"max-snippet:-1","max-image-preview":"max-image-preview:large","max-video-preview":"max-video-preview:-1"},"canonical":"https:\/\/evertonfc.cz\/index.php\/2011\/04\/15\/preview-everton-blackburn-rovers\/","og_locale":"cs_CZ","og_type":"article","og_title":"Preview: Everton - Blackburn Rovers - Official Czech &amp; Slovak Everton Supporters&#039; Club","og_description":"Everton se tradi\u010dn\u011b s bl\u00ed\u017e\u00edc\u00edm se koncem sezony velkolep\u011b rozjel a v\u00edt\u011bznou formu by si r\u00e1d p\u0159enesl i do dal\u0161\u00edho&hellip;","og_url":"https:\/\/evertonfc.cz\/index.php\/2011\/04\/15\/preview-everton-blackburn-rovers\/","og_site_name":"Official Czech &amp; Slovak Everton Supporters&#039; Club","article_publisher":"https:\/\/www.facebook.com\/everton.fans.cz.sk","article_published_time":"2011-04-15T12:28:13+00:00","article_modified_time":"2019-02-13T13:31:16+00:00","og_image":[{"width":720,"height":405,"url":"https:\/\/evertonfc.cz\/wp-content\/uploads\/2019\/01\/preview.jpg","type":"image\/jpeg"}],"author":"Me\u0148a","twitter_card":"summary_large_image","twitter_misc":{"Napsal(a)":"Me\u0148a","Odhadovan\u00e1 doba \u010dten\u00ed":"9 minut"},"schema":{"@context":"https:\/\/schema.org","@graph":[{"@type":"Article","@id":"https:\/\/evertonfc.cz\/index.php\/2011\/04\/15\/preview-everton-blackburn-rovers\/#article","isPartOf":{"@id":"https:\/\/evertonfc.cz\/index.php\/2011\/04\/15\/preview-everton-blackburn-rovers\/"},"author":{"name":"Me\u0148a","@id":"https:\/\/evertonfc.cz\/#\/schema\/person\/cd6328a75577de2add7793fd4b0930c3"},"headline":"Preview: Everton &#8211; Blackburn Rovers","datePublished":"2011-04-15T12:28:13+00:00","dateModified":"2019-02-13T13:31:16+00:00","mainEntityOfPage":{"@id":"https:\/\/evertonfc.cz\/index.php\/2011\/04\/15\/preview-everton-blackburn-rovers\/"},"wordCount":1730,"commentCount":0,"publisher":{"@id":"https:\/\/evertonfc.cz\/#organization"},"image":{"@id":"https:\/\/evertonfc.cz\/index.php\/2011\/04\/15\/preview-everton-blackburn-rovers\/#primaryimage"},"thumbnailUrl":"https:\/\/evertonfc.cz\/wp-content\/uploads\/2019\/01\/preview.jpg","articleSection":["Z\u00e1pasy"],"inLanguage":"cs","potentialAction":[{"@type":"CommentAction","name":"Comment","target":["https:\/\/evertonfc.cz\/index.php\/2011\/04\/15\/preview-everton-blackburn-rovers\/#respond"]}]},{"@type":"WebPage","@id":"https:\/\/evertonfc.cz\/index.php\/2011\/04\/15\/preview-everton-blackburn-rovers\/","url":"https:\/\/evertonfc.cz\/index.php\/2011\/04\/15\/preview-everton-blackburn-rovers\/","name":"Preview: Everton - Blackburn Rovers - Official Czech &amp; Slovak Everton Supporters&#039; Club","isPartOf":{"@id":"https:\/\/evertonfc.cz\/#website"},"primaryImageOfPage":{"@id":"https:\/\/evertonfc.cz\/index.php\/2011\/04\/15\/preview-everton-blackburn-rovers\/#primaryimage"},"image":{"@id":"https:\/\/evertonfc.cz\/index.php\/2011\/04\/15\/preview-everton-blackburn-rovers\/#primaryimage"},"thumbnailUrl":"https:\/\/evertonfc.cz\/wp-content\/uploads\/2019\/01\/preview.jpg","datePublished":"2011-04-15T12:28:13+00:00","dateModified":"2019-02-13T13:31:16+00:00","breadcrumb":{"@id":"https:\/\/evertonfc.cz\/index.php\/2011\/04\/15\/preview-everton-blackburn-rovers\/#breadcrumb"},"inLanguage":"cs","potentialAction":[{"@type":"ReadAction","target":["https:\/\/evertonfc.cz\/index.php\/2011\/04\/15\/preview-everton-blackburn-rovers\/"]}]},{"@type":"ImageObject","inLanguage":"cs","@id":"https:\/\/evertonfc.cz\/index.php\/2011\/04\/15\/preview-everton-blackburn-rovers\/#primaryimage","url":"https:\/\/evertonfc.cz\/wp-content\/uploads\/2019\/01\/preview.jpg","contentUrl":"https:\/\/evertonfc.cz\/wp-content\/uploads\/2019\/01\/preview.jpg","width":720,"height":405},{"@type":"BreadcrumbList","@id":"https:\/\/evertonfc.cz\/index.php\/2011\/04\/15\/preview-everton-blackburn-rovers\/#breadcrumb","itemListElement":[{"@type":"ListItem","position":1,"name":"Home","item":"https:\/\/evertonfc.cz\/"},{"@type":"ListItem","position":2,"name":"Preview: Everton &#8211; Blackburn Rovers"}]},{"@type":"WebSite","@id":"https:\/\/evertonfc.cz\/#website","url":"https:\/\/evertonfc.cz\/","name":"Official Czech &amp; Slovak Everton Supporters&#039; Club","description":"","publisher":{"@id":"https:\/\/evertonfc.cz\/#organization"},"potentialAction":[{"@type":"SearchAction","target":{"@type":"EntryPoint","urlTemplate":"https:\/\/evertonfc.cz\/?s={search_term_string}"},"query-input":{"@type":"PropertyValueSpecification","valueRequired":true,"valueName":"search_term_string"}}],"inLanguage":"cs"},{"@type":"Organization","@id":"https:\/\/evertonfc.cz\/#organization","name":"Official Czech & Slovak Everton Supporters' Club","url":"https:\/\/evertonfc.cz\/","logo":{"@type":"ImageObject","inLanguage":"cs","@id":"https:\/\/evertonfc.cz\/#\/schema\/logo\/image\/","url":"https:\/\/evertonfc.cz\/wp-content\/uploads\/2019\/05\/logo.png","contentUrl":"https:\/\/evertonfc.cz\/wp-content\/uploads\/2019\/05\/logo.png","width":112,"height":112,"caption":"Official Czech & Slovak Everton Supporters' Club"},"image":{"@id":"https:\/\/evertonfc.cz\/#\/schema\/logo\/image\/"},"sameAs":["https:\/\/www.facebook.com\/everton.fans.cz.sk"]},{"@type":"Person","@id":"https:\/\/evertonfc.cz\/#\/schema\/person\/cd6328a75577de2add7793fd4b0930c3","name":"Me\u0148a","url":"https:\/\/evertonfc.cz\/index.php\/author\/mena\/"}]}},"_links":{"self":[{"href":"https:\/\/evertonfc.cz\/index.php\/wp-json\/wp\/v2\/posts\/4519"}],"collection":[{"href":"https:\/\/evertonfc.cz\/index.php\/wp-json\/wp\/v2\/posts"}],"about":[{"href":"https:\/\/evertonfc.cz\/index.php\/wp-json\/wp\/v2\/types\/post"}],"author":[{"embeddable":true,"href":"https:\/\/evertonfc.cz\/index.php\/wp-json\/wp\/v2\/users\/7"}],"replies":[{"embeddable":true,"href":"https:\/\/evertonfc.cz\/index.php\/wp-json\/wp\/v2\/comments?post=4519"}],"version-history":[{"count":1,"href":"https:\/\/evertonfc.cz\/index.php\/wp-json\/wp\/v2\/posts\/4519\/revisions"}],"predecessor-version":[{"id":4520,"href":"https:\/\/evertonfc.cz\/index.php\/wp-json\/wp\/v2\/posts\/4519\/revisions\/4520"}],"wp:featuredmedia":[{"embeddable":true,"href":"https:\/\/evertonfc.cz\/index.php\/wp-json\/wp\/v2\/media\/1314"}],"wp:attachment":[{"href":"https:\/\/evertonfc.cz\/index.php\/wp-json\/wp\/v2\/media?parent=4519"}],"wp:term":[{"taxonomy":"category","embeddable":true,"href":"https:\/\/evertonfc.cz\/index.php\/wp-json\/wp\/v2\/categories?post=4519"},{"taxonomy":"post_tag","embeddable":true,"href":"https:\/\/evertonfc.cz\/index.php\/wp-json\/wp\/v2\/tags?post=4519"}],"curies":[{"name":"wp","href":"https:\/\/api.w.org\/{rel}","templated":true}]}}