{"id":4545,"date":"2014-11-26T15:12:01","date_gmt":"2014-11-26T14:12:01","guid":{"rendered":"http:\/\/evertonfc.cz\/?p=4545"},"modified":"2019-02-13T22:54:02","modified_gmt":"2019-02-13T21:54:02","slug":"preview-wolfsburg-everton","status":"publish","type":"post","link":"https:\/\/evertonfc.cz\/index.php\/2014\/11\/26\/preview-wolfsburg-everton\/","title":{"rendered":"Preview: Wolfsburg &#8211; Everton"},"content":{"rendered":"<h4 id=\"NewsPostDetailSummary\">Pouze kousek chyb\u00ed k postupu do vy\u0159azovac\u00ed \u010d\u00e1sti Evropsk\u00e9 ligy, splnit c\u00edl se d\u00e1 u\u017e na p\u016fd\u011b Wolfsburgu, kde se z\u00e1rove\u0148 uskute\u010dn\u00ed boj o prvn\u00ed m\u00edsto ve skupin\u011b H.<\/h4>\n<div id=\"NewsPostDetailContent\">\n<p>Na z\u00e1klad\u011b pap\u00edrov\u00fdch p\u0159edpoklad\u016f stoj\u00ed p\u0159ed Toffees nejt\u011b\u017e\u0161\u00ed zkou\u0161ka v dosavadn\u00edm pr\u016fb\u011bhu evropsk\u00e9 sout\u011b\u017ee. Dom\u00e1c\u00ed hodlaj\u00ed od\u010dinit potupn\u00fd debakl 1:4 z Anglie, kter\u00fd ve\u0159ejnost v N\u011bmecku vn\u00edmala rovn\u011b\u017e jako t\u011b\u017ekou prohru tam\u011bj\u0161\u00edho fotbalu, vzhledem k rivalit\u011b obou zem\u00ed se nelze divit. Vlci se nav\u00edc dostali do v\u00fdborn\u00e9 formy, od rem\u00edzy 1:1 s Lille na za\u010d\u00e1tku \u0159\u00edjna vyhr\u00e1li v \u0159ad\u011b osm utk\u00e1n\u00ed, a\u017e o v\u00edkendu poznali ho\u0159kost por\u00e1\u017eky, kdy\u017e podlehli Schalke venku 2:3.<\/p>\n<p>Do chv\u00e1lyhodn\u00fdch v\u00fdkon\u016f se rozehr\u00e1la trojice v obran\u011b Ricardo Rodr\u00edguez, Naldo a \u010derstv\u00fd reprezentant posledn\u00edch mistr\u016f sv\u011bta Robin Knoche, prvn\u011b jmenovan\u00e9ho si pamatujeme d\u00edky skv\u011bl\u00e9mu p\u0159\u00edm\u00e9mu kopu ze z\u00e1\u0159ijov\u00e9ho vz\u00e1jemn\u00e9ho duelu. Ofenzivn\u00ed hru druh\u00e9ho celku Bundesligy diriguje Kevin De Bruyne, jemu\u017e na lev\u00e9m k\u0159\u00eddle pom\u00e1h\u00e1 rychlonoh\u00fd a ji\u017e uzdraven\u00fd Ivan Peri\u0161i\u0107, osobn\u011b m\u016fj velk\u00fd favorit a vysn\u011bn\u00e1 posila.<\/p>\n<p>Everton dr\u017e\u00ed oproti Wolfsburgu jednobodov\u00fd n\u00e1skok, t\u0159et\u00ed Lille ztr\u00e1c\u00ed ji\u017e p\u011bt bod\u016f, nicm\u00e9n\u011b nutno podotknout, \u017ee k t\u0159et\u00edmu v\u00fdjezdu v z\u00e1kladn\u00ed skupin\u011b neodcestoval v pln\u00e9 sestav\u011b. V\u00edkendov\u00e9 marody doplnil je\u0161t\u011b Steven Naismith, do obl\u00edben\u00e9 centr\u00e1ln\u00ed pozice \u010d. 10 se tedy m\u016f\u017ee postavit Ross Barkley, v\u00edce u lajny se zd\u00e1 b\u00fdt sv\u00e1zan\u00fd. D\u00e1le jsou p\u0159ipraven\u00ed odpo\u010dat\u00ed Samuel Eto&#8217;o a Aiden McGeady. Kevin Mirallas bude nejsp\u00ed\u0161e \u0161et\u0159en po n\u00e1vratu z vyl\u00e9\u010den\u00ed stehenn\u00ed svalu.<\/p>\n<p>Obrann\u00e1 \u010dty\u0159ka Coleman, Jagielka, Distin, Hibbert se asi jen t\u011b\u017eko do\u010dk\u00e1 zm\u011bny, p\u0159esto\u017ee n\u011bkte\u0159\u00ed fanou\u0161ci volaj\u00ed po startu Luka Garbutta. Na druhou stranu Roberto Mart\u00ednez velmi pe\u010dliv\u011b nasazuje mlad\u00e9 talenty, av\u0161ak v\u011b\u0159\u00ed jim, preferuje je dokonce p\u0159ed p\u0159\u00edchodem lednov\u00fdch posil. Konkr\u00e9tn\u011b pohovo\u0159il o postu st\u0159edn\u00edho obr\u00e1nce, zde p\u0159i absenci Stonese a Alcaraze disponuje p\u0159ed n\u00e1ro\u010dn\u00fdm prosincov\u00fdm programem pouze a\u010dk\u00e1\u0159i Jagielkou a Distinem:\u00a0<em>\u201ePodle m\u00e9ho je Tyis Browning p\u0159ipraven hr\u00e1t, John Stones se n\u00e1m vr\u00e1t\u00ed a\u017e na p\u0159elomu roku. A ne\u017e bych se pohl\u00ed\u017eel na p\u0159estupov\u00e9m trhu, rad\u011bji se pod\u00edv\u00e1m do U21 na Brendana Gallowaye a Matthewa Penningtona. Chci udr\u017eet siln\u00fd t\u00fdmu jako doposud, n\u00e1\u0161 sou\u010dasn\u00fd hr\u00e1\u010dsk\u00fd stav mi to umo\u017e\u0148uje. Tony Hibbert um\u00ed rovn\u011b\u017e zasko\u010dit na stoperovi, tak\u017ee n\u00e1s netla\u010d\u00ed bota.\u201c<\/em><\/p>\n<p>Muhamed Be\u0161i\u0107, James McCarthy a Leon Osman p\u0159edstavuj\u00ed mo\u017enosti do st\u0159edu z\u00e1lohy, p\u0159i\u010dem\u017e nezapom\u00edn\u00e1me ani na mlad\u00e9ho Ryana Ledsona, jen\u017e sb\u00edr\u00e1 prvn\u00ed zku\u0161enosti se seniorsk\u00fdm fotbalem.<\/p>\n<h4><strong>T\u00fdmov\u00e9 novinky<\/strong><\/h4>\n<p>Z mu\u017estva vyzyvatele vypadli pro zdravotn\u00ed probl\u00e9my ze hry nov\u011b stabiln\u00ed \u010dlen sestavy Josuha Guilavogui a dlouhodob\u00ed marodi Patrick Ochs, Felipe Lopes. Posledn\u00ed dny se do tr\u00e9ninku nezapojili Ricardo Rodr\u00edguez a Vierinha, jejich vyu\u017eit\u00ed nevypad\u00e1 p\u0159\u00edli\u0161 nad\u011bjn\u011b. Fanou\u0161kovsk\u00fd web wolfs-blog.de tipuje \u00favodn\u00ed jeden\u00e1ctku kou\u010de Dietera Heckinga n\u00e1sledovn\u011b: Benaglio &#8211; Jung, Naldo, Knoche, Sch\u00e4fer &#8211; Malanda, Gustavo, De Bruyne, Hunt, Peri\u0161i\u0107 &#8211; Bendtner.<\/p>\n<p><strong>WFL:<\/strong> Benaglio, Gr\u00fcn, Jung, Klose, Knoche, Naldo, Rodr\u00edguez (?), Sch\u00e4fer, Arnold, Caliguiri, De Bruyne, Gustavo, Malanda, Hunt, Tr\u00e4sch, Vierinha (?), Bendtner, Dost, Oli\u0107.<\/p>\n<p>Pro men\u0161\u00ed zran\u011bn\u00ed z\u016fstali na Finch Farm Leighton Baines, Gareth Barry, Darron Gibson, Bryan Oviedo a Steven Naismith. U\u017e del\u0161\u00ed dobu Mart\u00ednez postr\u00e1d\u00e1 rovn\u011b\u017e Johna Stonese, Antol\u00edna Alcaraze a Stevena Pienaara. Arouna Kon\u00e9 v\u010dera nasko\u010dil na polo\u010das do rem\u00edzov\u00e9ho utk\u00e1n\u00ed 1:1 U21 proti Celticu a dnes odlet\u011bl s prvn\u00edm t\u00fdmem do Doln\u00edho Saska.<\/p>\n<p><strong>EFC:<\/strong> Howard, Joel, Griffiths, Browning, Distin, Jagielka, Garbutt, Hibbert, Coleman, Be\u0161i\u0107, Ledson, McGeady, Atsu, Eto&#8217;o, Mirallas, Barkley, McCarthy, Osman, Lukaku, Kon\u00e9.<\/p>\n<p><strong>Co:<\/strong>\u00a0VfL Wolfsburg &#8211; Everton FC, 5. kolo z\u00e1kladn\u00ed skupiny H Evropsk\u00e9 ligy<br \/>\n<strong>Kdy:<\/strong>\u00a027. 11. 2014 od 19:00 SE\u010c<br \/>\n<strong>Kde:<\/strong>\u00a0Volkswagen Arena, Wolfsburg (kapacita: 26 000)<br \/>\n<strong>Rozhod\u010d\u00ed:<\/strong>\u00a0Fernando Teixeira Vitienes (\u0160pan\u011blsko)<\/p>\n<\/div>\n","protected":false},"excerpt":{"rendered":"<p>Pouze kousek chyb\u00ed k postupu do vy\u0159azovac\u00ed \u010d\u00e1sti Evropsk\u00e9 ligy, splnit c\u00edl se d\u00e1 u\u017e na p\u016fd\u011b Wolfsburgu, kde se&hellip;<\/p>\n","protected":false},"author":6,"featured_media":1314,"comment_status":"open","ping_status":"closed","sticky":false,"template":"","format":"standard","meta":{"_eb_attr":"","_monsterinsights_skip_tracking":false,"_monsterinsights_sitenote_active":false,"_monsterinsights_sitenote_note":"","_monsterinsights_sitenote_category":0,"footnotes":""},"categories":[4],"tags":[],"yoast_head":"<!-- This site is optimized with the Yoast SEO plugin v23.4 - https:\/\/yoast.com\/wordpress\/plugins\/seo\/ -->\n<title>Preview: Wolfsburg - Everton - Official Czech &amp; Slovak Everton Supporters&#039; Club<\/title>\n<meta name=\"robots\" content=\"index, follow, max-snippet:-1, max-image-preview:large, max-video-preview:-1\" \/>\n<link rel=\"canonical\" href=\"https:\/\/evertonfc.cz\/index.php\/2014\/11\/26\/preview-wolfsburg-everton\/\" \/>\n<meta property=\"og:locale\" content=\"cs_CZ\" \/>\n<meta property=\"og:type\" content=\"article\" \/>\n<meta property=\"og:title\" content=\"Preview: Wolfsburg - Everton - Official Czech &amp; Slovak Everton Supporters&#039; Club\" \/>\n<meta property=\"og:description\" content=\"Pouze kousek chyb\u00ed k postupu do vy\u0159azovac\u00ed \u010d\u00e1sti Evropsk\u00e9 ligy, splnit c\u00edl se d\u00e1 u\u017e na p\u016fd\u011b Wolfsburgu, kde se&hellip;\" \/>\n<meta property=\"og:url\" content=\"https:\/\/evertonfc.cz\/index.php\/2014\/11\/26\/preview-wolfsburg-everton\/\" \/>\n<meta property=\"og:site_name\" content=\"Official Czech &amp; Slovak Everton Supporters&#039; Club\" \/>\n<meta property=\"article:publisher\" content=\"https:\/\/www.facebook.com\/everton.fans.cz.sk\" \/>\n<meta property=\"article:published_time\" content=\"2014-11-26T14:12:01+00:00\" \/>\n<meta property=\"article:modified_time\" content=\"2019-02-13T21:54:02+00:00\" \/>\n<meta property=\"og:image\" content=\"https:\/\/evertonfc.cz\/wp-content\/uploads\/2019\/01\/preview.jpg\" \/>\n\t<meta property=\"og:image:width\" content=\"720\" \/>\n\t<meta property=\"og:image:height\" content=\"405\" \/>\n\t<meta property=\"og:image:type\" content=\"image\/jpeg\" \/>\n<meta name=\"author\" content=\"Ri\u010di\" \/>\n<meta name=\"twitter:card\" content=\"summary_large_image\" \/>\n<meta name=\"twitter:creator\" content=\"@rbrejsa\" \/>\n<meta name=\"twitter:label1\" content=\"Napsal(a)\" \/>\n\t<meta name=\"twitter:data1\" content=\"Ri\u010di\" \/>\n\t<meta name=\"twitter:label2\" content=\"Odhadovan\u00e1 doba \u010dten\u00ed\" \/>\n\t<meta name=\"twitter:data2\" content=\"4 minuty\" \/>\n<script type=\"application\/ld+json\" class=\"yoast-schema-graph\">{\"@context\":\"https:\/\/schema.org\",\"@graph\":[{\"@type\":\"Article\",\"@id\":\"https:\/\/evertonfc.cz\/index.php\/2014\/11\/26\/preview-wolfsburg-everton\/#article\",\"isPartOf\":{\"@id\":\"https:\/\/evertonfc.cz\/index.php\/2014\/11\/26\/preview-wolfsburg-everton\/\"},\"author\":{\"name\":\"Ri\u010di\",\"@id\":\"https:\/\/evertonfc.cz\/#\/schema\/person\/f7a5daedb2ffee98480bc70e191aaef1\"},\"headline\":\"Preview: Wolfsburg &#8211; Everton\",\"datePublished\":\"2014-11-26T14:12:01+00:00\",\"dateModified\":\"2019-02-13T21:54:02+00:00\",\"mainEntityOfPage\":{\"@id\":\"https:\/\/evertonfc.cz\/index.php\/2014\/11\/26\/preview-wolfsburg-everton\/\"},\"wordCount\":737,\"commentCount\":0,\"publisher\":{\"@id\":\"https:\/\/evertonfc.cz\/#organization\"},\"image\":{\"@id\":\"https:\/\/evertonfc.cz\/index.php\/2014\/11\/26\/preview-wolfsburg-everton\/#primaryimage\"},\"thumbnailUrl\":\"https:\/\/evertonfc.cz\/wp-content\/uploads\/2019\/01\/preview.jpg\",\"articleSection\":[\"Z\u00e1pasy\"],\"inLanguage\":\"cs\",\"potentialAction\":[{\"@type\":\"CommentAction\",\"name\":\"Comment\",\"target\":[\"https:\/\/evertonfc.cz\/index.php\/2014\/11\/26\/preview-wolfsburg-everton\/#respond\"]}]},{\"@type\":\"WebPage\",\"@id\":\"https:\/\/evertonfc.cz\/index.php\/2014\/11\/26\/preview-wolfsburg-everton\/\",\"url\":\"https:\/\/evertonfc.cz\/index.php\/2014\/11\/26\/preview-wolfsburg-everton\/\",\"name\":\"Preview: Wolfsburg - Everton - Official Czech &amp; Slovak Everton Supporters&#039; Club\",\"isPartOf\":{\"@id\":\"https:\/\/evertonfc.cz\/#website\"},\"primaryImageOfPage\":{\"@id\":\"https:\/\/evertonfc.cz\/index.php\/2014\/11\/26\/preview-wolfsburg-everton\/#primaryimage\"},\"image\":{\"@id\":\"https:\/\/evertonfc.cz\/index.php\/2014\/11\/26\/preview-wolfsburg-everton\/#primaryimage\"},\"thumbnailUrl\":\"https:\/\/evertonfc.cz\/wp-content\/uploads\/2019\/01\/preview.jpg\",\"datePublished\":\"2014-11-26T14:12:01+00:00\",\"dateModified\":\"2019-02-13T21:54:02+00:00\",\"breadcrumb\":{\"@id\":\"https:\/\/evertonfc.cz\/index.php\/2014\/11\/26\/preview-wolfsburg-everton\/#breadcrumb\"},\"inLanguage\":\"cs\",\"potentialAction\":[{\"@type\":\"ReadAction\",\"target\":[\"https:\/\/evertonfc.cz\/index.php\/2014\/11\/26\/preview-wolfsburg-everton\/\"]}]},{\"@type\":\"ImageObject\",\"inLanguage\":\"cs\",\"@id\":\"https:\/\/evertonfc.cz\/index.php\/2014\/11\/26\/preview-wolfsburg-everton\/#primaryimage\",\"url\":\"https:\/\/evertonfc.cz\/wp-content\/uploads\/2019\/01\/preview.jpg\",\"contentUrl\":\"https:\/\/evertonfc.cz\/wp-content\/uploads\/2019\/01\/preview.jpg\",\"width\":720,\"height\":405},{\"@type\":\"BreadcrumbList\",\"@id\":\"https:\/\/evertonfc.cz\/index.php\/2014\/11\/26\/preview-wolfsburg-everton\/#breadcrumb\",\"itemListElement\":[{\"@type\":\"ListItem\",\"position\":1,\"name\":\"Home\",\"item\":\"https:\/\/evertonfc.cz\/\"},{\"@type\":\"ListItem\",\"position\":2,\"name\":\"Preview: Wolfsburg &#8211; Everton\"}]},{\"@type\":\"WebSite\",\"@id\":\"https:\/\/evertonfc.cz\/#website\",\"url\":\"https:\/\/evertonfc.cz\/\",\"name\":\"Official Czech &amp; Slovak Everton Supporters&#039; Club\",\"description\":\"\",\"publisher\":{\"@id\":\"https:\/\/evertonfc.cz\/#organization\"},\"potentialAction\":[{\"@type\":\"SearchAction\",\"target\":{\"@type\":\"EntryPoint\",\"urlTemplate\":\"https:\/\/evertonfc.cz\/?s={search_term_string}\"},\"query-input\":{\"@type\":\"PropertyValueSpecification\",\"valueRequired\":true,\"valueName\":\"search_term_string\"}}],\"inLanguage\":\"cs\"},{\"@type\":\"Organization\",\"@id\":\"https:\/\/evertonfc.cz\/#organization\",\"name\":\"Official Czech & Slovak Everton Supporters' Club\",\"url\":\"https:\/\/evertonfc.cz\/\",\"logo\":{\"@type\":\"ImageObject\",\"inLanguage\":\"cs\",\"@id\":\"https:\/\/evertonfc.cz\/#\/schema\/logo\/image\/\",\"url\":\"https:\/\/evertonfc.cz\/wp-content\/uploads\/2019\/05\/logo.png\",\"contentUrl\":\"https:\/\/evertonfc.cz\/wp-content\/uploads\/2019\/05\/logo.png\",\"width\":112,\"height\":112,\"caption\":\"Official Czech & Slovak Everton Supporters' Club\"},\"image\":{\"@id\":\"https:\/\/evertonfc.cz\/#\/schema\/logo\/image\/\"},\"sameAs\":[\"https:\/\/www.facebook.com\/everton.fans.cz.sk\"]},{\"@type\":\"Person\",\"@id\":\"https:\/\/evertonfc.cz\/#\/schema\/person\/f7a5daedb2ffee98480bc70e191aaef1\",\"name\":\"Ri\u010di\",\"sameAs\":[\"https:\/\/x.com\/rbrejsa\"],\"url\":\"https:\/\/evertonfc.cz\/index.php\/author\/rici\/\"}]}<\/script>\n<!-- \/ Yoast SEO plugin. -->","yoast_head_json":{"title":"Preview: Wolfsburg - Everton - Official Czech &amp; Slovak Everton Supporters&#039; Club","robots":{"index":"index","follow":"follow","max-snippet":"max-snippet:-1","max-image-preview":"max-image-preview:large","max-video-preview":"max-video-preview:-1"},"canonical":"https:\/\/evertonfc.cz\/index.php\/2014\/11\/26\/preview-wolfsburg-everton\/","og_locale":"cs_CZ","og_type":"article","og_title":"Preview: Wolfsburg - Everton - Official Czech &amp; Slovak Everton Supporters&#039; Club","og_description":"Pouze kousek chyb\u00ed k postupu do vy\u0159azovac\u00ed \u010d\u00e1sti Evropsk\u00e9 ligy, splnit c\u00edl se d\u00e1 u\u017e na p\u016fd\u011b Wolfsburgu, kde se&hellip;","og_url":"https:\/\/evertonfc.cz\/index.php\/2014\/11\/26\/preview-wolfsburg-everton\/","og_site_name":"Official Czech &amp; Slovak Everton Supporters&#039; Club","article_publisher":"https:\/\/www.facebook.com\/everton.fans.cz.sk","article_published_time":"2014-11-26T14:12:01+00:00","article_modified_time":"2019-02-13T21:54:02+00:00","og_image":[{"width":720,"height":405,"url":"https:\/\/evertonfc.cz\/wp-content\/uploads\/2019\/01\/preview.jpg","type":"image\/jpeg"}],"author":"Ri\u010di","twitter_card":"summary_large_image","twitter_creator":"@rbrejsa","twitter_misc":{"Napsal(a)":"Ri\u010di","Odhadovan\u00e1 doba \u010dten\u00ed":"4 minuty"},"schema":{"@context":"https:\/\/schema.org","@graph":[{"@type":"Article","@id":"https:\/\/evertonfc.cz\/index.php\/2014\/11\/26\/preview-wolfsburg-everton\/#article","isPartOf":{"@id":"https:\/\/evertonfc.cz\/index.php\/2014\/11\/26\/preview-wolfsburg-everton\/"},"author":{"name":"Ri\u010di","@id":"https:\/\/evertonfc.cz\/#\/schema\/person\/f7a5daedb2ffee98480bc70e191aaef1"},"headline":"Preview: Wolfsburg &#8211; Everton","datePublished":"2014-11-26T14:12:01+00:00","dateModified":"2019-02-13T21:54:02+00:00","mainEntityOfPage":{"@id":"https:\/\/evertonfc.cz\/index.php\/2014\/11\/26\/preview-wolfsburg-everton\/"},"wordCount":737,"commentCount":0,"publisher":{"@id":"https:\/\/evertonfc.cz\/#organization"},"image":{"@id":"https:\/\/evertonfc.cz\/index.php\/2014\/11\/26\/preview-wolfsburg-everton\/#primaryimage"},"thumbnailUrl":"https:\/\/evertonfc.cz\/wp-content\/uploads\/2019\/01\/preview.jpg","articleSection":["Z\u00e1pasy"],"inLanguage":"cs","potentialAction":[{"@type":"CommentAction","name":"Comment","target":["https:\/\/evertonfc.cz\/index.php\/2014\/11\/26\/preview-wolfsburg-everton\/#respond"]}]},{"@type":"WebPage","@id":"https:\/\/evertonfc.cz\/index.php\/2014\/11\/26\/preview-wolfsburg-everton\/","url":"https:\/\/evertonfc.cz\/index.php\/2014\/11\/26\/preview-wolfsburg-everton\/","name":"Preview: Wolfsburg - Everton - Official Czech &amp; Slovak Everton Supporters&#039; Club","isPartOf":{"@id":"https:\/\/evertonfc.cz\/#website"},"primaryImageOfPage":{"@id":"https:\/\/evertonfc.cz\/index.php\/2014\/11\/26\/preview-wolfsburg-everton\/#primaryimage"},"image":{"@id":"https:\/\/evertonfc.cz\/index.php\/2014\/11\/26\/preview-wolfsburg-everton\/#primaryimage"},"thumbnailUrl":"https:\/\/evertonfc.cz\/wp-content\/uploads\/2019\/01\/preview.jpg","datePublished":"2014-11-26T14:12:01+00:00","dateModified":"2019-02-13T21:54:02+00:00","breadcrumb":{"@id":"https:\/\/evertonfc.cz\/index.php\/2014\/11\/26\/preview-wolfsburg-everton\/#breadcrumb"},"inLanguage":"cs","potentialAction":[{"@type":"ReadAction","target":["https:\/\/evertonfc.cz\/index.php\/2014\/11\/26\/preview-wolfsburg-everton\/"]}]},{"@type":"ImageObject","inLanguage":"cs","@id":"https:\/\/evertonfc.cz\/index.php\/2014\/11\/26\/preview-wolfsburg-everton\/#primaryimage","url":"https:\/\/evertonfc.cz\/wp-content\/uploads\/2019\/01\/preview.jpg","contentUrl":"https:\/\/evertonfc.cz\/wp-content\/uploads\/2019\/01\/preview.jpg","width":720,"height":405},{"@type":"BreadcrumbList","@id":"https:\/\/evertonfc.cz\/index.php\/2014\/11\/26\/preview-wolfsburg-everton\/#breadcrumb","itemListElement":[{"@type":"ListItem","position":1,"name":"Home","item":"https:\/\/evertonfc.cz\/"},{"@type":"ListItem","position":2,"name":"Preview: Wolfsburg &#8211; Everton"}]},{"@type":"WebSite","@id":"https:\/\/evertonfc.cz\/#website","url":"https:\/\/evertonfc.cz\/","name":"Official Czech &amp; Slovak Everton Supporters&#039; Club","description":"","publisher":{"@id":"https:\/\/evertonfc.cz\/#organization"},"potentialAction":[{"@type":"SearchAction","target":{"@type":"EntryPoint","urlTemplate":"https:\/\/evertonfc.cz\/?s={search_term_string}"},"query-input":{"@type":"PropertyValueSpecification","valueRequired":true,"valueName":"search_term_string"}}],"inLanguage":"cs"},{"@type":"Organization","@id":"https:\/\/evertonfc.cz\/#organization","name":"Official Czech & Slovak Everton Supporters' Club","url":"https:\/\/evertonfc.cz\/","logo":{"@type":"ImageObject","inLanguage":"cs","@id":"https:\/\/evertonfc.cz\/#\/schema\/logo\/image\/","url":"https:\/\/evertonfc.cz\/wp-content\/uploads\/2019\/05\/logo.png","contentUrl":"https:\/\/evertonfc.cz\/wp-content\/uploads\/2019\/05\/logo.png","width":112,"height":112,"caption":"Official Czech & Slovak Everton Supporters' Club"},"image":{"@id":"https:\/\/evertonfc.cz\/#\/schema\/logo\/image\/"},"sameAs":["https:\/\/www.facebook.com\/everton.fans.cz.sk"]},{"@type":"Person","@id":"https:\/\/evertonfc.cz\/#\/schema\/person\/f7a5daedb2ffee98480bc70e191aaef1","name":"Ri\u010di","sameAs":["https:\/\/x.com\/rbrejsa"],"url":"https:\/\/evertonfc.cz\/index.php\/author\/rici\/"}]}},"_links":{"self":[{"href":"https:\/\/evertonfc.cz\/index.php\/wp-json\/wp\/v2\/posts\/4545"}],"collection":[{"href":"https:\/\/evertonfc.cz\/index.php\/wp-json\/wp\/v2\/posts"}],"about":[{"href":"https:\/\/evertonfc.cz\/index.php\/wp-json\/wp\/v2\/types\/post"}],"author":[{"embeddable":true,"href":"https:\/\/evertonfc.cz\/index.php\/wp-json\/wp\/v2\/users\/6"}],"replies":[{"embeddable":true,"href":"https:\/\/evertonfc.cz\/index.php\/wp-json\/wp\/v2\/comments?post=4545"}],"version-history":[{"count":4,"href":"https:\/\/evertonfc.cz\/index.php\/wp-json\/wp\/v2\/posts\/4545\/revisions"}],"predecessor-version":[{"id":4853,"href":"https:\/\/evertonfc.cz\/index.php\/wp-json\/wp\/v2\/posts\/4545\/revisions\/4853"}],"wp:featuredmedia":[{"embeddable":true,"href":"https:\/\/evertonfc.cz\/index.php\/wp-json\/wp\/v2\/media\/1314"}],"wp:attachment":[{"href":"https:\/\/evertonfc.cz\/index.php\/wp-json\/wp\/v2\/media?parent=4545"}],"wp:term":[{"taxonomy":"category","embeddable":true,"href":"https:\/\/evertonfc.cz\/index.php\/wp-json\/wp\/v2\/categories?post=4545"},{"taxonomy":"post_tag","embeddable":true,"href":"https:\/\/evertonfc.cz\/index.php\/wp-json\/wp\/v2\/tags?post=4545"}],"curies":[{"name":"wp","href":"https:\/\/api.w.org\/{rel}","templated":true}]}}