{"id":4562,"date":"2014-11-12T15:19:31","date_gmt":"2014-11-12T14:19:31","guid":{"rendered":"http:\/\/evertonfc.cz\/?p=4562"},"modified":"2019-02-13T22:56:46","modified_gmt":"2019-02-13T21:56:46","slug":"jeffers-opet-v-evertonu","status":"publish","type":"post","link":"https:\/\/evertonfc.cz\/index.php\/2014\/11\/12\/jeffers-opet-v-evertonu\/","title":{"rendered":"Jeffers op\u011bt v Evertonu"},"content":{"rendered":"<h4 id=\"NewsPostDetailSummary\">B\u00fdval\u00fd \u00fato\u010dn\u00edk Blues hodl\u00e1 p\u0159ipravovat novou generaci mlad\u00fdch fotbalist\u016f na Finch Farm, kam se prozat\u00edm vr\u00e1til coby dobrovoln\u00edk na z\u00edsk\u00e1n\u00ed praxe p\u0159i dokon\u010dov\u00e1n\u00ed tren\u00e9rsk\u00fdch studi\u00ed.<\/h4>\n<div id=\"NewsPostDetailContent\">\n<p>Jeffers, p\u0159edstavuj\u00edc\u00ed synonymum promrhan\u00e9ho talentu, ukon\u010dil sportovn\u00ed kari\u00e9ru v 33 letech po 250 odehran\u00fdch z\u00e1pasech. Nyn\u00ed chce mu\u017e, za n\u011bho\u017e Ars\u00e8ne Wenger zaplatil \u00a38m, od l\u00e9ta zapracovat na dokon\u010den\u00ed tren\u00e9rsk\u00e9 licence EUFA a z\u00edskat trval\u00e9 zam\u011bstnan\u00ed v Evertonu.\u00a0<em>\u201eNemohu nastoupit do kurzu d\u0159\u00edve ne\u017e v l\u00e9t\u011b a p\u0159i\u0161lo mi mrh\u00e1n\u00ed \u010dasem nic ned\u011blat, a tak jsem se rozhodl sb\u00edrat prvn\u00ed zku\u0161enosti,\u201d\u00a0<\/em>prozradil na \u00favod.<\/p>\n<p><em>\u201eEverton se ke mn\u011b zachoval mile, povolil mi st\u00e1t se zase pro jednou jeho sou\u010d\u00e1st\u00ed. Krom\u011b fotbalu v ni\u010dem jin\u00e9m nevynik\u00e1m. B\u011bhem kari\u00e9ry jsem si pro\u0161el mnoh\u00fdm, a\u0165 u\u017e dobr\u00fdmi, \u010di \u0161patn\u00fdmi z\u00e1\u017eitky. Podle m\u00e9ho dok\u00e1\u017ei d\u011btem radit, jak se chovat a \u010deho se vyvarovat. S p\u0159e\u0161lapy m\u00e1m ur\u010dit\u00e9 zku\u0161enosti.<\/em><\/p>\n<p><em>\u010casem se ze m\u011b vyklubal odstra\u0161uj\u00edc\u00ed p\u0159\u00edklad, lid\u00e9 si na m\u011b ukazuj\u00ed a \u0159\u00edkaj\u00ed:\u00a0<\/em>\u2018<em>Pod\u00edvej, \u010d\u00edm mohl b\u00fdt, ale nakonec toho nedos\u00e1hl.<\/em>\u2018<em>\u00a0Ne\u0159\u00edk\u00e1m, \u017ee jsem na v\u0161echno zapomn\u011bl. Pro\u017eil jsem slu\u0161nou kari\u00e9ru, splnil jsem si n\u011bkolik ambic\u00ed, ov\u0161em z\u00e1rove\u0148 si uv\u011bdomuji m\u00e9 mo\u017enosti. Byl jsem dobr\u00fdm hr\u00e1\u010dem, v\u00edm to. M\u011bl jsem kon\u010dit s v\u00edce ne\u017e jedn\u00edm startem za Anglii a 250 na klubov\u00e9 \u00farovni.\u201d<\/em><\/p>\n<p>Rod\u00e1k z Liverpoolu debutoval v modr\u00e9m dresu v roce 1997, tehdy v \u0161estn\u00e1cti letech vyst\u0159\u00eddal Dava Watsona na Old Trafford. Po \u010dty\u0159ech letech a 20 vst\u0159elen\u00fdch g\u00f3lech v 60 utk\u00e1n\u00edch ode\u0161el za velk\u00e9 pen\u00edze do Arsenalu, kde se nikde nedok\u00e1zal prosadit. U Gunners trp\u011bl na \u010dast\u00e9 zdravotn\u00ed probl\u00e9my, na druhou stranu tajemstv\u00edm nen\u00ed pov\u00fd\u0161en\u00e9 ego a hor\u0161\u00ed discipl\u00edna, s nimi\u017e se pot\u00fdkal u\u017e na Goodison Parku.<\/p>\n<p><em>\u201eTr\u00e1pila m\u011b frustrace kv\u016fli zran\u011bn\u00edm. V mlad\u00e9m v\u011bku jsem s nimi hodn\u011b z\u00e1pasil, to v\u00e1m v klubu form\u00e1tu Arsenalu zna\u010dn\u011b zt\u00ed\u017e\u00ed boj o sestavu. A rozhodn\u011b jsem rovn\u011b\u017e soupe\u0159il s v\u00fdborn\u00fdmi \u00fato\u010dn\u00edky. V Everton jsem si zvykl na pravideln\u00e9 vyt\u00ed\u017een\u00ed, v Arsenalu jsem sb\u00edral minuty postupn\u011b, hlavn\u011b potom v ned\u016fle\u017eit\u00fdch st\u0159etnut\u00edch.<\/em><\/p>\n<p><em>Nech\u00e1pejte m\u011b \u0161patn\u011b, v takov\u00fdch z\u00e1pasech mus\u00edte chytnout \u0161anci za pa\u010desy, jen\u017ee m\u011b srazila zran\u011bn\u00ed. Nedol\u00e9\u010dil jsem probl\u00e9my s kotn\u00edkem a sez\u00f3nu p\u0159ed p\u0159estupem do Arsenalu jsem podstoupil operace kotn\u00edku a ramena, tak\u017ee jsem nasko\u010dil pouze do 14 duel\u016f, co\u017e m\u011b limitovalo. Everton pro m\u011b p\u0159edstavoval nejlep\u0161\u00ed m\u00edsto, pokud bych z\u016fstal, u\u017eil bych si v\u00edce fotbalu. Zvolil jsem Arsenal a nedopadlo to. C\u00edtil jsem zklam\u00e1n\u00ed z absence pravideln\u00e9ho hran\u00ed a nedok\u00e1zal jsem p\u0159edv\u00e9st moje nejlep\u0161\u00ed v\u00fdkony.<\/em><\/p>\n<p><em>Ars\u00e8ne Wenger mi poskytl spravedlivou \u0161anci prosadit, choval se ke mn\u011b mile, to t\u0159eba zm\u00ednit. Ne\u0159eknu proti n\u011bmu jedin\u00e9 \u0161patn\u00e9 slovo. Jako jeden z m\u00e1la mana\u017eer\u016f, pod nimi\u017e jsem p\u016fsobil, s v\u00e1mi jedn\u00e1 up\u0159\u00edmn\u011b.<\/em><\/p>\n<p><em>Nedostatek \u010dasu na h\u0159i\u0161ti a \u010dast\u00e1 zran\u011bn\u00ed m\u011b dostihly. Pod Alanem Curbishleym v Charltonu jsem vid\u011bl nad\u011bji zabojovat v 15 a\u017e 20 utk\u00e1n\u00edch, bohu\u017eel se nad\u011bje nevyplnily. Z\u00e1rove\u0148 jsem pravd\u011bpodobn\u011b pokulh\u00e1val v \u017eivotospr\u00e1v\u011b, jakmile jsem se ocitl na marodce. Ve\u010d\u00edrky a poflakov\u00e1n\u00ed jsem preferoval na \u00fakor tr\u00e9nink\u016f. Ka\u0161lal jsem na tr\u00e9ninky, proto\u017ee jsem tu\u0161il, \u017ee v sobotu stejn\u011b nenastoup\u00edm. Zp\u011btn\u011b t\u011bchto krok\u016f lituji, v Arsenalu a Charltonu jsem se nep\u0159ed\u0159el.<\/em><\/p>\n<p><em>Z osobn\u00edho hlediska vn\u00edm\u00e1m Everton jako klub \u010d\u00edslo 1. Zoufale jsem sna\u017eil o n\u00e1vrat, o zapojen\u00ed do tr\u00e9nov\u00e1n\u00ed, podle m\u00e9ho pomohu. Nyn\u00ed sleduji tren\u00e9ry Phila Jevonse a Toma Carney, oba si m\u011b pamatuj\u00ed jako fotbalistu. Nebo minul\u00fd t\u00fdden jsem pozoroval v akci Kevina Sheedyho a Johna Doolana, p\u00ed\u0161i si pozn\u00e1mky a u\u010d\u00edm se.\u201d<\/em><\/p>\n<\/div>\n","protected":false},"excerpt":{"rendered":"<p>B\u00fdval\u00fd \u00fato\u010dn\u00edk Blues hodl\u00e1 p\u0159ipravovat novou generaci mlad\u00fdch fotbalist\u016f na Finch Farm, kam se prozat\u00edm vr\u00e1til coby dobrovoln\u00edk na z\u00edsk\u00e1n\u00ed&hellip;<\/p>\n","protected":false},"author":6,"featured_media":1313,"comment_status":"open","ping_status":"closed","sticky":false,"template":"","format":"standard","meta":{"_eb_attr":"","_monsterinsights_skip_tracking":false,"_monsterinsights_sitenote_active":false,"_monsterinsights_sitenote_note":"","_monsterinsights_sitenote_category":0,"footnotes":""},"categories":[42,1],"tags":[],"yoast_head":"<!-- This site is optimized with the Yoast SEO plugin v23.4 - https:\/\/yoast.com\/wordpress\/plugins\/seo\/ -->\n<title>Jeffers op\u011bt v Evertonu - Official Czech &amp; Slovak Everton Supporters&#039; Club<\/title>\n<meta name=\"robots\" content=\"index, follow, max-snippet:-1, max-image-preview:large, max-video-preview:-1\" \/>\n<link rel=\"canonical\" href=\"https:\/\/evertonfc.cz\/index.php\/2014\/11\/12\/jeffers-opet-v-evertonu\/\" \/>\n<meta property=\"og:locale\" content=\"cs_CZ\" \/>\n<meta property=\"og:type\" content=\"article\" \/>\n<meta property=\"og:title\" content=\"Jeffers op\u011bt v Evertonu - Official Czech &amp; Slovak Everton Supporters&#039; Club\" \/>\n<meta property=\"og:description\" content=\"B\u00fdval\u00fd \u00fato\u010dn\u00edk Blues hodl\u00e1 p\u0159ipravovat novou generaci mlad\u00fdch fotbalist\u016f na Finch Farm, kam se prozat\u00edm vr\u00e1til coby dobrovoln\u00edk na z\u00edsk\u00e1n\u00ed&hellip;\" \/>\n<meta property=\"og:url\" content=\"https:\/\/evertonfc.cz\/index.php\/2014\/11\/12\/jeffers-opet-v-evertonu\/\" \/>\n<meta property=\"og:site_name\" content=\"Official Czech &amp; Slovak Everton Supporters&#039; Club\" \/>\n<meta property=\"article:publisher\" content=\"https:\/\/www.facebook.com\/everton.fans.cz.sk\" \/>\n<meta property=\"article:published_time\" content=\"2014-11-12T14:19:31+00:00\" \/>\n<meta property=\"article:modified_time\" content=\"2019-02-13T21:56:46+00:00\" \/>\n<meta property=\"og:image\" content=\"https:\/\/evertonfc.cz\/wp-content\/uploads\/2019\/01\/news.jpg\" \/>\n\t<meta property=\"og:image:width\" content=\"720\" \/>\n\t<meta property=\"og:image:height\" content=\"405\" \/>\n\t<meta property=\"og:image:type\" content=\"image\/jpeg\" \/>\n<meta name=\"author\" content=\"Ri\u010di\" \/>\n<meta name=\"twitter:card\" content=\"summary_large_image\" \/>\n<meta name=\"twitter:creator\" content=\"@rbrejsa\" \/>\n<meta name=\"twitter:label1\" content=\"Napsal(a)\" \/>\n\t<meta name=\"twitter:data1\" content=\"Ri\u010di\" \/>\n\t<meta name=\"twitter:label2\" content=\"Odhadovan\u00e1 doba \u010dten\u00ed\" \/>\n\t<meta name=\"twitter:data2\" content=\"4 minuty\" \/>\n<script type=\"application\/ld+json\" class=\"yoast-schema-graph\">{\"@context\":\"https:\/\/schema.org\",\"@graph\":[{\"@type\":\"Article\",\"@id\":\"https:\/\/evertonfc.cz\/index.php\/2014\/11\/12\/jeffers-opet-v-evertonu\/#article\",\"isPartOf\":{\"@id\":\"https:\/\/evertonfc.cz\/index.php\/2014\/11\/12\/jeffers-opet-v-evertonu\/\"},\"author\":{\"name\":\"Ri\u010di\",\"@id\":\"https:\/\/evertonfc.cz\/#\/schema\/person\/f7a5daedb2ffee98480bc70e191aaef1\"},\"headline\":\"Jeffers op\u011bt v Evertonu\",\"datePublished\":\"2014-11-12T14:19:31+00:00\",\"dateModified\":\"2019-02-13T21:56:46+00:00\",\"mainEntityOfPage\":{\"@id\":\"https:\/\/evertonfc.cz\/index.php\/2014\/11\/12\/jeffers-opet-v-evertonu\/\"},\"wordCount\":747,\"commentCount\":0,\"publisher\":{\"@id\":\"https:\/\/evertonfc.cz\/#organization\"},\"image\":{\"@id\":\"https:\/\/evertonfc.cz\/index.php\/2014\/11\/12\/jeffers-opet-v-evertonu\/#primaryimage\"},\"thumbnailUrl\":\"https:\/\/evertonfc.cz\/wp-content\/uploads\/2019\/01\/news.jpg\",\"articleSection\":[\"Aktuality\",\"Rozhovory\"],\"inLanguage\":\"cs\",\"potentialAction\":[{\"@type\":\"CommentAction\",\"name\":\"Comment\",\"target\":[\"https:\/\/evertonfc.cz\/index.php\/2014\/11\/12\/jeffers-opet-v-evertonu\/#respond\"]}]},{\"@type\":\"WebPage\",\"@id\":\"https:\/\/evertonfc.cz\/index.php\/2014\/11\/12\/jeffers-opet-v-evertonu\/\",\"url\":\"https:\/\/evertonfc.cz\/index.php\/2014\/11\/12\/jeffers-opet-v-evertonu\/\",\"name\":\"Jeffers op\u011bt v Evertonu - Official Czech &amp; Slovak Everton Supporters&#039; Club\",\"isPartOf\":{\"@id\":\"https:\/\/evertonfc.cz\/#website\"},\"primaryImageOfPage\":{\"@id\":\"https:\/\/evertonfc.cz\/index.php\/2014\/11\/12\/jeffers-opet-v-evertonu\/#primaryimage\"},\"image\":{\"@id\":\"https:\/\/evertonfc.cz\/index.php\/2014\/11\/12\/jeffers-opet-v-evertonu\/#primaryimage\"},\"thumbnailUrl\":\"https:\/\/evertonfc.cz\/wp-content\/uploads\/2019\/01\/news.jpg\",\"datePublished\":\"2014-11-12T14:19:31+00:00\",\"dateModified\":\"2019-02-13T21:56:46+00:00\",\"breadcrumb\":{\"@id\":\"https:\/\/evertonfc.cz\/index.php\/2014\/11\/12\/jeffers-opet-v-evertonu\/#breadcrumb\"},\"inLanguage\":\"cs\",\"potentialAction\":[{\"@type\":\"ReadAction\",\"target\":[\"https:\/\/evertonfc.cz\/index.php\/2014\/11\/12\/jeffers-opet-v-evertonu\/\"]}]},{\"@type\":\"ImageObject\",\"inLanguage\":\"cs\",\"@id\":\"https:\/\/evertonfc.cz\/index.php\/2014\/11\/12\/jeffers-opet-v-evertonu\/#primaryimage\",\"url\":\"https:\/\/evertonfc.cz\/wp-content\/uploads\/2019\/01\/news.jpg\",\"contentUrl\":\"https:\/\/evertonfc.cz\/wp-content\/uploads\/2019\/01\/news.jpg\",\"width\":720,\"height\":405},{\"@type\":\"BreadcrumbList\",\"@id\":\"https:\/\/evertonfc.cz\/index.php\/2014\/11\/12\/jeffers-opet-v-evertonu\/#breadcrumb\",\"itemListElement\":[{\"@type\":\"ListItem\",\"position\":1,\"name\":\"Home\",\"item\":\"https:\/\/evertonfc.cz\/\"},{\"@type\":\"ListItem\",\"position\":2,\"name\":\"Jeffers op\u011bt v Evertonu\"}]},{\"@type\":\"WebSite\",\"@id\":\"https:\/\/evertonfc.cz\/#website\",\"url\":\"https:\/\/evertonfc.cz\/\",\"name\":\"Official Czech &amp; Slovak Everton Supporters&#039; Club\",\"description\":\"\",\"publisher\":{\"@id\":\"https:\/\/evertonfc.cz\/#organization\"},\"potentialAction\":[{\"@type\":\"SearchAction\",\"target\":{\"@type\":\"EntryPoint\",\"urlTemplate\":\"https:\/\/evertonfc.cz\/?s={search_term_string}\"},\"query-input\":{\"@type\":\"PropertyValueSpecification\",\"valueRequired\":true,\"valueName\":\"search_term_string\"}}],\"inLanguage\":\"cs\"},{\"@type\":\"Organization\",\"@id\":\"https:\/\/evertonfc.cz\/#organization\",\"name\":\"Official Czech & Slovak Everton Supporters' Club\",\"url\":\"https:\/\/evertonfc.cz\/\",\"logo\":{\"@type\":\"ImageObject\",\"inLanguage\":\"cs\",\"@id\":\"https:\/\/evertonfc.cz\/#\/schema\/logo\/image\/\",\"url\":\"https:\/\/evertonfc.cz\/wp-content\/uploads\/2019\/05\/logo.png\",\"contentUrl\":\"https:\/\/evertonfc.cz\/wp-content\/uploads\/2019\/05\/logo.png\",\"width\":112,\"height\":112,\"caption\":\"Official Czech & Slovak Everton Supporters' Club\"},\"image\":{\"@id\":\"https:\/\/evertonfc.cz\/#\/schema\/logo\/image\/\"},\"sameAs\":[\"https:\/\/www.facebook.com\/everton.fans.cz.sk\"]},{\"@type\":\"Person\",\"@id\":\"https:\/\/evertonfc.cz\/#\/schema\/person\/f7a5daedb2ffee98480bc70e191aaef1\",\"name\":\"Ri\u010di\",\"sameAs\":[\"https:\/\/x.com\/rbrejsa\"],\"url\":\"https:\/\/evertonfc.cz\/index.php\/author\/rici\/\"}]}<\/script>\n<!-- \/ Yoast SEO plugin. -->","yoast_head_json":{"title":"Jeffers op\u011bt v Evertonu - Official Czech &amp; Slovak Everton Supporters&#039; Club","robots":{"index":"index","follow":"follow","max-snippet":"max-snippet:-1","max-image-preview":"max-image-preview:large","max-video-preview":"max-video-preview:-1"},"canonical":"https:\/\/evertonfc.cz\/index.php\/2014\/11\/12\/jeffers-opet-v-evertonu\/","og_locale":"cs_CZ","og_type":"article","og_title":"Jeffers op\u011bt v Evertonu - Official Czech &amp; Slovak Everton Supporters&#039; Club","og_description":"B\u00fdval\u00fd \u00fato\u010dn\u00edk Blues hodl\u00e1 p\u0159ipravovat novou generaci mlad\u00fdch fotbalist\u016f na Finch Farm, kam se prozat\u00edm vr\u00e1til coby dobrovoln\u00edk na z\u00edsk\u00e1n\u00ed&hellip;","og_url":"https:\/\/evertonfc.cz\/index.php\/2014\/11\/12\/jeffers-opet-v-evertonu\/","og_site_name":"Official Czech &amp; Slovak Everton Supporters&#039; Club","article_publisher":"https:\/\/www.facebook.com\/everton.fans.cz.sk","article_published_time":"2014-11-12T14:19:31+00:00","article_modified_time":"2019-02-13T21:56:46+00:00","og_image":[{"width":720,"height":405,"url":"https:\/\/evertonfc.cz\/wp-content\/uploads\/2019\/01\/news.jpg","type":"image\/jpeg"}],"author":"Ri\u010di","twitter_card":"summary_large_image","twitter_creator":"@rbrejsa","twitter_misc":{"Napsal(a)":"Ri\u010di","Odhadovan\u00e1 doba \u010dten\u00ed":"4 minuty"},"schema":{"@context":"https:\/\/schema.org","@graph":[{"@type":"Article","@id":"https:\/\/evertonfc.cz\/index.php\/2014\/11\/12\/jeffers-opet-v-evertonu\/#article","isPartOf":{"@id":"https:\/\/evertonfc.cz\/index.php\/2014\/11\/12\/jeffers-opet-v-evertonu\/"},"author":{"name":"Ri\u010di","@id":"https:\/\/evertonfc.cz\/#\/schema\/person\/f7a5daedb2ffee98480bc70e191aaef1"},"headline":"Jeffers op\u011bt v Evertonu","datePublished":"2014-11-12T14:19:31+00:00","dateModified":"2019-02-13T21:56:46+00:00","mainEntityOfPage":{"@id":"https:\/\/evertonfc.cz\/index.php\/2014\/11\/12\/jeffers-opet-v-evertonu\/"},"wordCount":747,"commentCount":0,"publisher":{"@id":"https:\/\/evertonfc.cz\/#organization"},"image":{"@id":"https:\/\/evertonfc.cz\/index.php\/2014\/11\/12\/jeffers-opet-v-evertonu\/#primaryimage"},"thumbnailUrl":"https:\/\/evertonfc.cz\/wp-content\/uploads\/2019\/01\/news.jpg","articleSection":["Aktuality","Rozhovory"],"inLanguage":"cs","potentialAction":[{"@type":"CommentAction","name":"Comment","target":["https:\/\/evertonfc.cz\/index.php\/2014\/11\/12\/jeffers-opet-v-evertonu\/#respond"]}]},{"@type":"WebPage","@id":"https:\/\/evertonfc.cz\/index.php\/2014\/11\/12\/jeffers-opet-v-evertonu\/","url":"https:\/\/evertonfc.cz\/index.php\/2014\/11\/12\/jeffers-opet-v-evertonu\/","name":"Jeffers op\u011bt v Evertonu - Official Czech &amp; Slovak Everton Supporters&#039; Club","isPartOf":{"@id":"https:\/\/evertonfc.cz\/#website"},"primaryImageOfPage":{"@id":"https:\/\/evertonfc.cz\/index.php\/2014\/11\/12\/jeffers-opet-v-evertonu\/#primaryimage"},"image":{"@id":"https:\/\/evertonfc.cz\/index.php\/2014\/11\/12\/jeffers-opet-v-evertonu\/#primaryimage"},"thumbnailUrl":"https:\/\/evertonfc.cz\/wp-content\/uploads\/2019\/01\/news.jpg","datePublished":"2014-11-12T14:19:31+00:00","dateModified":"2019-02-13T21:56:46+00:00","breadcrumb":{"@id":"https:\/\/evertonfc.cz\/index.php\/2014\/11\/12\/jeffers-opet-v-evertonu\/#breadcrumb"},"inLanguage":"cs","potentialAction":[{"@type":"ReadAction","target":["https:\/\/evertonfc.cz\/index.php\/2014\/11\/12\/jeffers-opet-v-evertonu\/"]}]},{"@type":"ImageObject","inLanguage":"cs","@id":"https:\/\/evertonfc.cz\/index.php\/2014\/11\/12\/jeffers-opet-v-evertonu\/#primaryimage","url":"https:\/\/evertonfc.cz\/wp-content\/uploads\/2019\/01\/news.jpg","contentUrl":"https:\/\/evertonfc.cz\/wp-content\/uploads\/2019\/01\/news.jpg","width":720,"height":405},{"@type":"BreadcrumbList","@id":"https:\/\/evertonfc.cz\/index.php\/2014\/11\/12\/jeffers-opet-v-evertonu\/#breadcrumb","itemListElement":[{"@type":"ListItem","position":1,"name":"Home","item":"https:\/\/evertonfc.cz\/"},{"@type":"ListItem","position":2,"name":"Jeffers op\u011bt v Evertonu"}]},{"@type":"WebSite","@id":"https:\/\/evertonfc.cz\/#website","url":"https:\/\/evertonfc.cz\/","name":"Official Czech &amp; Slovak Everton Supporters&#039; Club","description":"","publisher":{"@id":"https:\/\/evertonfc.cz\/#organization"},"potentialAction":[{"@type":"SearchAction","target":{"@type":"EntryPoint","urlTemplate":"https:\/\/evertonfc.cz\/?s={search_term_string}"},"query-input":{"@type":"PropertyValueSpecification","valueRequired":true,"valueName":"search_term_string"}}],"inLanguage":"cs"},{"@type":"Organization","@id":"https:\/\/evertonfc.cz\/#organization","name":"Official Czech & Slovak Everton Supporters' Club","url":"https:\/\/evertonfc.cz\/","logo":{"@type":"ImageObject","inLanguage":"cs","@id":"https:\/\/evertonfc.cz\/#\/schema\/logo\/image\/","url":"https:\/\/evertonfc.cz\/wp-content\/uploads\/2019\/05\/logo.png","contentUrl":"https:\/\/evertonfc.cz\/wp-content\/uploads\/2019\/05\/logo.png","width":112,"height":112,"caption":"Official Czech & Slovak Everton Supporters' Club"},"image":{"@id":"https:\/\/evertonfc.cz\/#\/schema\/logo\/image\/"},"sameAs":["https:\/\/www.facebook.com\/everton.fans.cz.sk"]},{"@type":"Person","@id":"https:\/\/evertonfc.cz\/#\/schema\/person\/f7a5daedb2ffee98480bc70e191aaef1","name":"Ri\u010di","sameAs":["https:\/\/x.com\/rbrejsa"],"url":"https:\/\/evertonfc.cz\/index.php\/author\/rici\/"}]}},"_links":{"self":[{"href":"https:\/\/evertonfc.cz\/index.php\/wp-json\/wp\/v2\/posts\/4562"}],"collection":[{"href":"https:\/\/evertonfc.cz\/index.php\/wp-json\/wp\/v2\/posts"}],"about":[{"href":"https:\/\/evertonfc.cz\/index.php\/wp-json\/wp\/v2\/types\/post"}],"author":[{"embeddable":true,"href":"https:\/\/evertonfc.cz\/index.php\/wp-json\/wp\/v2\/users\/6"}],"replies":[{"embeddable":true,"href":"https:\/\/evertonfc.cz\/index.php\/wp-json\/wp\/v2\/comments?post=4562"}],"version-history":[{"count":3,"href":"https:\/\/evertonfc.cz\/index.php\/wp-json\/wp\/v2\/posts\/4562\/revisions"}],"predecessor-version":[{"id":4859,"href":"https:\/\/evertonfc.cz\/index.php\/wp-json\/wp\/v2\/posts\/4562\/revisions\/4859"}],"wp:featuredmedia":[{"embeddable":true,"href":"https:\/\/evertonfc.cz\/index.php\/wp-json\/wp\/v2\/media\/1313"}],"wp:attachment":[{"href":"https:\/\/evertonfc.cz\/index.php\/wp-json\/wp\/v2\/media?parent=4562"}],"wp:term":[{"taxonomy":"category","embeddable":true,"href":"https:\/\/evertonfc.cz\/index.php\/wp-json\/wp\/v2\/categories?post=4562"},{"taxonomy":"post_tag","embeddable":true,"href":"https:\/\/evertonfc.cz\/index.php\/wp-json\/wp\/v2\/tags?post=4562"}],"curies":[{"name":"wp","href":"https:\/\/api.w.org\/{rel}","templated":true}]}}