{"id":4591,"date":"2014-10-31T15:33:07","date_gmt":"2014-10-31T14:33:07","guid":{"rendered":"http:\/\/evertonfc.cz\/?p=4591"},"modified":"2019-02-13T23:02:00","modified_gmt":"2019-02-13T22:02:00","slug":"preview-everton-swansea-city-2","status":"publish","type":"post","link":"https:\/\/evertonfc.cz\/index.php\/2014\/10\/31\/preview-everton-swansea-city-2\/","title":{"rendered":"Preview: Everton &#8211; Swansea City"},"content":{"rendered":"<h4 id=\"NewsPostDetailSummary\">Po nepoveden\u00e9m za\u010d\u00e1tku sez\u00f3ny se Everton v jej\u00ed \u010dtvrtin\u011b p\u0159ibl\u00ed\u017eil prvn\u00ed \u010dty\u0159ce na dosah \u010dty\u0159 bod\u016f, tomu vd\u011b\u010d\u00ed zlep\u0161en\u00e9 form\u011b, uzdraven\u00ed d\u016fle\u017eit\u00fdch hr\u00e1\u010d\u016f a ztr\u00e1t\u00e1m rival\u016f.<\/h4>\n<div id=\"NewsPostDetailContent\">\n<p>Kdy jinde by bylo z\u00e1hodno zv\u00edt\u011bzit ne\u017e v sobotu, v den tolik speci\u00e1ln\u00ed pro Roberta Mart\u00edneze. Po 200. povede jako mana\u017eer t\u00fdm v Premier League a rovnou proti celku, kter\u00fd mu v \u00fanoru roku 2007 dal prvn\u00ed \u0161anci, a\u010dkoliv postr\u00e1dal zku\u0161enosti \u0161\u00e9fa lavi\u010dky. Riskantn\u00ed tah se nakonec uk\u00e1zal spr\u00e1vn\u00fdm, \u0160pan\u011bl postoupil ze Swansea z League One do Championshipu a postavil z\u00e1klady budouc\u00edho stabiln\u00edho prvoligov\u00e9ho klubu.<\/p>\n<p>O\u010dek\u00e1van\u00e9 av\u0161ak nesm\u00edrn\u011b d\u016fle\u017eit\u00e9 v\u00fdhry proti Aston Ville a Burnley pozvedli Toffees v tabulce i na mysli. Nyn\u00ed, pom\u00fd\u0161lej\u00edc\u00ed na t\u0159et\u00ed t\u0159\u00edbodov\u00fd zisk v \u0159ad\u011b, host\u00ed Swansea City, kter\u00e1 po vynikaj\u00edc\u00edm \u00favodu v posledn\u00edch kolech ztr\u00e1cela, i p\u0159esto se v tabulce nach\u00e1z\u00ed o t\u0159i p\u0159\u00ed\u010dky v\u00fd\u0161e a ze \u0161est\u00e9ho m\u00edsta dr\u017e\u00ed v bodov\u00e9m zhodnocen\u00ed v\u00fdhodu \u010d\u00edsla dv\u011b.<\/p>\n<p>Mart\u00ednez z\u00e1pas\u00ed s p\u0159\u00edjemn\u00fdmi starostmi, v ofenziv\u011b se mu kup\u00ed p\u0159etlak fotbalist\u016f na \u010dty\u0159i pozice. Za\u017e\u00edv\u00e1 tedy situaci, ji\u017e si u\u017e od za\u010d\u00e1tku anga\u017em\u00e1 na Goodison Parku p\u0159\u00e1l. Leon Osman, Steven Naismith, Aiden McGeady, Ross Barkley, Steven Pienaar, Christian Atsu, Samuel Eto&#8217;o a Romelu Lukaku, z\u00a0nich se hned polovina objev\u00ed pouze mezi n\u00e1hradn\u00edky. K\u0159\u00eddeln\u00edc\u00ed McGeady a Atsu jimi budou t\u00e9m\u011b\u0159 ur\u010dit\u011b, ale kdo d\u00e1le? Pouze na z\u00e1klad\u011b moment\u00e1ln\u00ed v\u00fdkonnosti by se p\u0159edpokl\u00e1dal Steven Pienaar a Leon Osman, ov\u0161em v potaz se mus\u00ed br\u00e1t \u010dtvrte\u010dn\u00ed z\u00e1pas Evropsk\u00e9 ligy proti Lille, jen t\u011b\u017eko do n\u011bj vyb\u011bhne toto\u017en\u00e1 jeden\u00e1ctka s tou sobotn\u00ed.<\/p>\n<p>Utk\u00e1n\u00ed proti Burnley uk\u00e1zalo \u0161irokou rozmanitost sestavy, Samuel Eto&#8217;o operoval pod dvojic\u00ed Naismith-Lukaku a podporoval ho sta\u017een\u011bj\u0161\u00ed Osman. Everton hr\u00e1l bez k\u0159\u00eddel, i tak hrozil z kraj\u016f h\u0159i\u0161t\u011b, zaslou\u017eili se to beci Coleman a Baines. Ur\u010dit\u011b nep\u016fjde o ojedin\u011bl\u00fd p\u0159\u00edpad, kdy se do\u010dk\u00e1me rozestaven\u00ed bez typick\u00fdch k\u0159\u00eddel. Atsu si na tempo Premier League zat\u00edm zvyk\u00e1, McGeady pod\u00e1v\u00e1 nevyrovnan\u00e9 v\u00fdkony, Oviedo se teprve vrac\u00ed po 10 m\u011bs\u00ed\u010dn\u00edm zran\u011bn\u00ed a Mirallase je\u0161t\u011b \u010dek\u00e1 p\u00e1r t\u00fddn\u016f na marodce. V takov\u00e9m syst\u00e9mu je pot\u0159eba zabezpe\u010dit pozici tv\u016frce hry schopn\u00e9ho stahovat se k lajn\u00e1m a z\u00e1rove\u0148 plnit defenzivn\u00ed povinnosti. Ide\u00e1ln\u011b typ hr\u00e1\u010de se schopnostmi Paula Gascoigneho a Michaela Ballacka\u2026 ano, Ross Barkley.<\/p>\n<p>Kl\u00ed\u010dem k \u00fasp\u011bchu proti Swans bude odstavit od m\u00ed\u010de Gylfiho Sigurdssona a Bony Wilfrieda. O Islan\u010fana se postaraj\u00ed, doufejme, Gareth Barry s Jamesem McCarthym a b\u00fdval\u00e9ho \u00fato\u010dn\u00edka pra\u017esk\u00e9 Sparty si vezme na pa\u0161k\u00e1l stopersk\u00e1 dvojice, kter\u00e1 se po Bentekovi z Villans do\u010dk\u00e1 dal\u0161\u00edho testu t\u011b\u017ek\u00e9 v\u00e1hy.<\/p>\n<h4><strong>Z\u00e1pasov\u00e1 fakta<\/strong><\/h4>\n<p>Vz\u00e1jemn\u00e1<br \/>\n\u2022 Swans neporazili EFC ani v jednom z 18 ligov\u00fdch souboj\u016f (5 rem\u00edz, 13 proher)<br \/>\n\u2022 nicm\u00e9n\u011b p\u0159ed m\u011bs\u00edcem si p\u0159ipsali pohodln\u00fd postup v Ligov\u00e9m poh\u00e1ru po v\u00fdsledku 3:0.<\/p>\n<p>Everton<br \/>\n\u2022 Letos vyhr\u00e1l jednou ze \u010dty\u0159 utk\u00e1n\u00ed na dom\u00e1c\u00ed p\u016fd\u011b a celkov\u011b nasb\u00edral \u010dty\u0159i body, dvakr\u00e1t m\u00e9n\u011b ne\u017e venku<br \/>\n\u2022 s Chelsea jsou jedin\u00ed, kte\u0159\u00ed vst\u0159elili g\u00f3l v ka\u017ed\u00e9m kole Premier League<br \/>\n\u2022 Leighton Baines vyprodukoval 43 asistenc\u00ed za dobu \u00fa\u010dinkov\u00e1n\u00ed v Premiership, mezi obr\u00e1nci mu sch\u00e1z\u00ed jedin\u00e1 p\u0159ihr\u00e1vka na prvn\u00ed m\u00edsto Graema Le Sauxe.<\/p>\n<p>Swansea City<br \/>\n\u2022 Minul\u00fd v\u00edkend v\u00fdhrou proti Leicester protrhla \u0161\u0148\u016fru p\u011bti ligov\u00fdch duel\u016f bez v\u00edt\u011bzstv\u00ed<br \/>\n\u2022 z posledn\u00edch t\u0159\u00ed v\u00fdjezd\u016f p\u0159ivezla bod<br \/>\n\u2022 udr\u017eela \u010dist\u00e9 konto jednou z posledn\u00edch 20 st\u0159etnut\u00ed venku v\u00a0lize<br \/>\n\u2022 Gylfi Sigurdsson se pod\u00edlel na osmi g\u00f3lech (sedm asistenc\u00ed, jedna branka) v \u00favodn\u00edch dev\u00edti kolech.<\/p>\n<h4><strong>T\u00fdmov\u00e9 novinky<\/strong><\/h4>\n<p>Krom\u011b zran\u011bn\u00fdch Johna Stonese a Kevina Mirallase je\u0161t\u011b nenastoup\u00ed ani Bryan Oviedo a Arouna Kon\u00e9, oba si nejprve vyzkou\u0161ej\u00ed zdrav\u00ed a fyzickou kondici v tr\u00e9ninkov\u00e9m duelu uprost\u0159ed t\u00fddne.<\/p>\n<table>\n<tbody>\n<tr>\n<td><strong>EFC:<\/strong><\/td>\n<td>Howard, Joel, Alcaraz, Baines, Browning, Coleman, Distin, Garbutt, Hibbert, Jagielka, Atsu, Barkley, Barry, Be\u0161i\u0107, Gibson, McCarthy, McGeady, Osman, Pienaar, Eto&#8217;o, Lukaku, McAleny, Naismith.<\/td>\n<\/tr>\n<\/tbody>\n<\/table>\n<p>V\u00a0\u00fater\u00fd z\u00e1lo\u017en\u00edci Sung-Yueng Ki a Gylfi Sigurdsson vynechali prohran\u00e9 kl\u00e1n\u00ed Ligov\u00e9ho poh\u00e1ru na Anfieldu, proti lep\u0161\u00edm Merseysiders jsou u\u017e p\u0159ipraven\u00ed. Na druhou stranu Gary Monk p\u0159\u00edli\u0161 nej\u00e1s\u00e1 p\u0159i pohledu na marodku, postr\u00e1d\u00e1 Richardse, Tiendalliho, Amata, Donnellyho a Brittona.<\/p>\n<table>\n<tbody>\n<tr>\n<td><strong>SCFC:<\/strong><\/td>\n<td>Fabia\u0144ski, Tremmel, Bartley, Fern\u00e1ndez, Rangel, Taylor, Williams, Carrol, Ki, Montero, Routledge, Shelvey, Sigurdsson, Fulton, Sheehan, Dyer, Emnes, Gomis, Wilfried.<\/td>\n<\/tr>\n<\/tbody>\n<\/table>\n<p><strong>Co:<\/strong>\u00a0Everton FC &#8211; Swansea City AFC, 10. kolo Premier League<br \/>\n<strong>Kdy:<\/strong>\u00a001. 11. 2014 od 16:00 SE\u010c<br \/>\n<strong>Kde:<\/strong>\u00a0Goodison Park, Liverpool (kapacita: 40 157)<br \/>\n<strong>Rozhod\u010d\u00ed:<\/strong>\u00a0Kevin Friend<\/p>\n<\/div>\n","protected":false},"excerpt":{"rendered":"<p>Po nepoveden\u00e9m za\u010d\u00e1tku sez\u00f3ny se Everton v jej\u00ed \u010dtvrtin\u011b p\u0159ibl\u00ed\u017eil prvn\u00ed \u010dty\u0159ce na dosah \u010dty\u0159 bod\u016f, tomu vd\u011b\u010d\u00ed zlep\u0161en\u00e9 form\u011b,&hellip;<\/p>\n","protected":false},"author":6,"featured_media":1315,"comment_status":"open","ping_status":"closed","sticky":false,"template":"","format":"standard","meta":{"_eb_attr":"","_monsterinsights_skip_tracking":false,"_monsterinsights_sitenote_active":false,"_monsterinsights_sitenote_note":"","_monsterinsights_sitenote_category":0,"footnotes":""},"categories":[4],"tags":[],"yoast_head":"<!-- This site is optimized with the Yoast SEO plugin v23.4 - https:\/\/yoast.com\/wordpress\/plugins\/seo\/ -->\n<title>Preview: Everton - Swansea City - Official Czech &amp; Slovak Everton Supporters&#039; Club<\/title>\n<meta name=\"robots\" content=\"index, follow, max-snippet:-1, max-image-preview:large, max-video-preview:-1\" \/>\n<link rel=\"canonical\" href=\"https:\/\/evertonfc.cz\/index.php\/2014\/10\/31\/preview-everton-swansea-city-2\/\" \/>\n<meta property=\"og:locale\" content=\"cs_CZ\" \/>\n<meta property=\"og:type\" content=\"article\" \/>\n<meta property=\"og:title\" content=\"Preview: Everton - Swansea City - Official Czech &amp; Slovak Everton Supporters&#039; Club\" \/>\n<meta property=\"og:description\" content=\"Po nepoveden\u00e9m za\u010d\u00e1tku sez\u00f3ny se Everton v jej\u00ed \u010dtvrtin\u011b p\u0159ibl\u00ed\u017eil prvn\u00ed \u010dty\u0159ce na dosah \u010dty\u0159 bod\u016f, tomu vd\u011b\u010d\u00ed zlep\u0161en\u00e9 form\u011b,&hellip;\" \/>\n<meta property=\"og:url\" content=\"https:\/\/evertonfc.cz\/index.php\/2014\/10\/31\/preview-everton-swansea-city-2\/\" \/>\n<meta property=\"og:site_name\" content=\"Official Czech &amp; Slovak Everton Supporters&#039; Club\" \/>\n<meta property=\"article:publisher\" content=\"https:\/\/www.facebook.com\/everton.fans.cz.sk\" \/>\n<meta property=\"article:published_time\" content=\"2014-10-31T14:33:07+00:00\" \/>\n<meta property=\"article:modified_time\" content=\"2019-02-13T22:02:00+00:00\" \/>\n<meta property=\"og:image\" content=\"https:\/\/evertonfc.cz\/wp-content\/uploads\/2019\/01\/report.jpg\" \/>\n\t<meta property=\"og:image:width\" content=\"720\" \/>\n\t<meta property=\"og:image:height\" content=\"405\" \/>\n\t<meta property=\"og:image:type\" content=\"image\/jpeg\" \/>\n<meta name=\"author\" content=\"Ri\u010di\" \/>\n<meta name=\"twitter:card\" content=\"summary_large_image\" \/>\n<meta name=\"twitter:creator\" content=\"@rbrejsa\" \/>\n<meta name=\"twitter:label1\" content=\"Napsal(a)\" \/>\n\t<meta name=\"twitter:data1\" content=\"Ri\u010di\" \/>\n\t<meta name=\"twitter:label2\" content=\"Odhadovan\u00e1 doba \u010dten\u00ed\" \/>\n\t<meta name=\"twitter:data2\" content=\"4 minuty\" \/>\n<script type=\"application\/ld+json\" class=\"yoast-schema-graph\">{\"@context\":\"https:\/\/schema.org\",\"@graph\":[{\"@type\":\"Article\",\"@id\":\"https:\/\/evertonfc.cz\/index.php\/2014\/10\/31\/preview-everton-swansea-city-2\/#article\",\"isPartOf\":{\"@id\":\"https:\/\/evertonfc.cz\/index.php\/2014\/10\/31\/preview-everton-swansea-city-2\/\"},\"author\":{\"name\":\"Ri\u010di\",\"@id\":\"https:\/\/evertonfc.cz\/#\/schema\/person\/f7a5daedb2ffee98480bc70e191aaef1\"},\"headline\":\"Preview: Everton &#8211; Swansea City\",\"datePublished\":\"2014-10-31T14:33:07+00:00\",\"dateModified\":\"2019-02-13T22:02:00+00:00\",\"mainEntityOfPage\":{\"@id\":\"https:\/\/evertonfc.cz\/index.php\/2014\/10\/31\/preview-everton-swansea-city-2\/\"},\"wordCount\":868,\"commentCount\":0,\"publisher\":{\"@id\":\"https:\/\/evertonfc.cz\/#organization\"},\"image\":{\"@id\":\"https:\/\/evertonfc.cz\/index.php\/2014\/10\/31\/preview-everton-swansea-city-2\/#primaryimage\"},\"thumbnailUrl\":\"https:\/\/evertonfc.cz\/wp-content\/uploads\/2019\/01\/report.jpg\",\"articleSection\":[\"Z\u00e1pasy\"],\"inLanguage\":\"cs\",\"potentialAction\":[{\"@type\":\"CommentAction\",\"name\":\"Comment\",\"target\":[\"https:\/\/evertonfc.cz\/index.php\/2014\/10\/31\/preview-everton-swansea-city-2\/#respond\"]}]},{\"@type\":\"WebPage\",\"@id\":\"https:\/\/evertonfc.cz\/index.php\/2014\/10\/31\/preview-everton-swansea-city-2\/\",\"url\":\"https:\/\/evertonfc.cz\/index.php\/2014\/10\/31\/preview-everton-swansea-city-2\/\",\"name\":\"Preview: Everton - Swansea City - Official Czech &amp; Slovak Everton Supporters&#039; Club\",\"isPartOf\":{\"@id\":\"https:\/\/evertonfc.cz\/#website\"},\"primaryImageOfPage\":{\"@id\":\"https:\/\/evertonfc.cz\/index.php\/2014\/10\/31\/preview-everton-swansea-city-2\/#primaryimage\"},\"image\":{\"@id\":\"https:\/\/evertonfc.cz\/index.php\/2014\/10\/31\/preview-everton-swansea-city-2\/#primaryimage\"},\"thumbnailUrl\":\"https:\/\/evertonfc.cz\/wp-content\/uploads\/2019\/01\/report.jpg\",\"datePublished\":\"2014-10-31T14:33:07+00:00\",\"dateModified\":\"2019-02-13T22:02:00+00:00\",\"breadcrumb\":{\"@id\":\"https:\/\/evertonfc.cz\/index.php\/2014\/10\/31\/preview-everton-swansea-city-2\/#breadcrumb\"},\"inLanguage\":\"cs\",\"potentialAction\":[{\"@type\":\"ReadAction\",\"target\":[\"https:\/\/evertonfc.cz\/index.php\/2014\/10\/31\/preview-everton-swansea-city-2\/\"]}]},{\"@type\":\"ImageObject\",\"inLanguage\":\"cs\",\"@id\":\"https:\/\/evertonfc.cz\/index.php\/2014\/10\/31\/preview-everton-swansea-city-2\/#primaryimage\",\"url\":\"https:\/\/evertonfc.cz\/wp-content\/uploads\/2019\/01\/report.jpg\",\"contentUrl\":\"https:\/\/evertonfc.cz\/wp-content\/uploads\/2019\/01\/report.jpg\",\"width\":720,\"height\":405},{\"@type\":\"BreadcrumbList\",\"@id\":\"https:\/\/evertonfc.cz\/index.php\/2014\/10\/31\/preview-everton-swansea-city-2\/#breadcrumb\",\"itemListElement\":[{\"@type\":\"ListItem\",\"position\":1,\"name\":\"Home\",\"item\":\"https:\/\/evertonfc.cz\/\"},{\"@type\":\"ListItem\",\"position\":2,\"name\":\"Preview: Everton &#8211; Swansea City\"}]},{\"@type\":\"WebSite\",\"@id\":\"https:\/\/evertonfc.cz\/#website\",\"url\":\"https:\/\/evertonfc.cz\/\",\"name\":\"Official Czech &amp; Slovak Everton Supporters&#039; Club\",\"description\":\"\",\"publisher\":{\"@id\":\"https:\/\/evertonfc.cz\/#organization\"},\"potentialAction\":[{\"@type\":\"SearchAction\",\"target\":{\"@type\":\"EntryPoint\",\"urlTemplate\":\"https:\/\/evertonfc.cz\/?s={search_term_string}\"},\"query-input\":{\"@type\":\"PropertyValueSpecification\",\"valueRequired\":true,\"valueName\":\"search_term_string\"}}],\"inLanguage\":\"cs\"},{\"@type\":\"Organization\",\"@id\":\"https:\/\/evertonfc.cz\/#organization\",\"name\":\"Official Czech & Slovak Everton Supporters' Club\",\"url\":\"https:\/\/evertonfc.cz\/\",\"logo\":{\"@type\":\"ImageObject\",\"inLanguage\":\"cs\",\"@id\":\"https:\/\/evertonfc.cz\/#\/schema\/logo\/image\/\",\"url\":\"https:\/\/evertonfc.cz\/wp-content\/uploads\/2019\/05\/logo.png\",\"contentUrl\":\"https:\/\/evertonfc.cz\/wp-content\/uploads\/2019\/05\/logo.png\",\"width\":112,\"height\":112,\"caption\":\"Official Czech & Slovak Everton Supporters' Club\"},\"image\":{\"@id\":\"https:\/\/evertonfc.cz\/#\/schema\/logo\/image\/\"},\"sameAs\":[\"https:\/\/www.facebook.com\/everton.fans.cz.sk\"]},{\"@type\":\"Person\",\"@id\":\"https:\/\/evertonfc.cz\/#\/schema\/person\/f7a5daedb2ffee98480bc70e191aaef1\",\"name\":\"Ri\u010di\",\"sameAs\":[\"https:\/\/x.com\/rbrejsa\"],\"url\":\"https:\/\/evertonfc.cz\/index.php\/author\/rici\/\"}]}<\/script>\n<!-- \/ Yoast SEO plugin. -->","yoast_head_json":{"title":"Preview: Everton - Swansea City - Official Czech &amp; Slovak Everton Supporters&#039; Club","robots":{"index":"index","follow":"follow","max-snippet":"max-snippet:-1","max-image-preview":"max-image-preview:large","max-video-preview":"max-video-preview:-1"},"canonical":"https:\/\/evertonfc.cz\/index.php\/2014\/10\/31\/preview-everton-swansea-city-2\/","og_locale":"cs_CZ","og_type":"article","og_title":"Preview: Everton - Swansea City - Official Czech &amp; Slovak Everton Supporters&#039; Club","og_description":"Po nepoveden\u00e9m za\u010d\u00e1tku sez\u00f3ny se Everton v jej\u00ed \u010dtvrtin\u011b p\u0159ibl\u00ed\u017eil prvn\u00ed \u010dty\u0159ce na dosah \u010dty\u0159 bod\u016f, tomu vd\u011b\u010d\u00ed zlep\u0161en\u00e9 form\u011b,&hellip;","og_url":"https:\/\/evertonfc.cz\/index.php\/2014\/10\/31\/preview-everton-swansea-city-2\/","og_site_name":"Official Czech &amp; Slovak Everton Supporters&#039; Club","article_publisher":"https:\/\/www.facebook.com\/everton.fans.cz.sk","article_published_time":"2014-10-31T14:33:07+00:00","article_modified_time":"2019-02-13T22:02:00+00:00","og_image":[{"width":720,"height":405,"url":"https:\/\/evertonfc.cz\/wp-content\/uploads\/2019\/01\/report.jpg","type":"image\/jpeg"}],"author":"Ri\u010di","twitter_card":"summary_large_image","twitter_creator":"@rbrejsa","twitter_misc":{"Napsal(a)":"Ri\u010di","Odhadovan\u00e1 doba \u010dten\u00ed":"4 minuty"},"schema":{"@context":"https:\/\/schema.org","@graph":[{"@type":"Article","@id":"https:\/\/evertonfc.cz\/index.php\/2014\/10\/31\/preview-everton-swansea-city-2\/#article","isPartOf":{"@id":"https:\/\/evertonfc.cz\/index.php\/2014\/10\/31\/preview-everton-swansea-city-2\/"},"author":{"name":"Ri\u010di","@id":"https:\/\/evertonfc.cz\/#\/schema\/person\/f7a5daedb2ffee98480bc70e191aaef1"},"headline":"Preview: Everton &#8211; Swansea City","datePublished":"2014-10-31T14:33:07+00:00","dateModified":"2019-02-13T22:02:00+00:00","mainEntityOfPage":{"@id":"https:\/\/evertonfc.cz\/index.php\/2014\/10\/31\/preview-everton-swansea-city-2\/"},"wordCount":868,"commentCount":0,"publisher":{"@id":"https:\/\/evertonfc.cz\/#organization"},"image":{"@id":"https:\/\/evertonfc.cz\/index.php\/2014\/10\/31\/preview-everton-swansea-city-2\/#primaryimage"},"thumbnailUrl":"https:\/\/evertonfc.cz\/wp-content\/uploads\/2019\/01\/report.jpg","articleSection":["Z\u00e1pasy"],"inLanguage":"cs","potentialAction":[{"@type":"CommentAction","name":"Comment","target":["https:\/\/evertonfc.cz\/index.php\/2014\/10\/31\/preview-everton-swansea-city-2\/#respond"]}]},{"@type":"WebPage","@id":"https:\/\/evertonfc.cz\/index.php\/2014\/10\/31\/preview-everton-swansea-city-2\/","url":"https:\/\/evertonfc.cz\/index.php\/2014\/10\/31\/preview-everton-swansea-city-2\/","name":"Preview: Everton - Swansea City - Official Czech &amp; Slovak Everton Supporters&#039; Club","isPartOf":{"@id":"https:\/\/evertonfc.cz\/#website"},"primaryImageOfPage":{"@id":"https:\/\/evertonfc.cz\/index.php\/2014\/10\/31\/preview-everton-swansea-city-2\/#primaryimage"},"image":{"@id":"https:\/\/evertonfc.cz\/index.php\/2014\/10\/31\/preview-everton-swansea-city-2\/#primaryimage"},"thumbnailUrl":"https:\/\/evertonfc.cz\/wp-content\/uploads\/2019\/01\/report.jpg","datePublished":"2014-10-31T14:33:07+00:00","dateModified":"2019-02-13T22:02:00+00:00","breadcrumb":{"@id":"https:\/\/evertonfc.cz\/index.php\/2014\/10\/31\/preview-everton-swansea-city-2\/#breadcrumb"},"inLanguage":"cs","potentialAction":[{"@type":"ReadAction","target":["https:\/\/evertonfc.cz\/index.php\/2014\/10\/31\/preview-everton-swansea-city-2\/"]}]},{"@type":"ImageObject","inLanguage":"cs","@id":"https:\/\/evertonfc.cz\/index.php\/2014\/10\/31\/preview-everton-swansea-city-2\/#primaryimage","url":"https:\/\/evertonfc.cz\/wp-content\/uploads\/2019\/01\/report.jpg","contentUrl":"https:\/\/evertonfc.cz\/wp-content\/uploads\/2019\/01\/report.jpg","width":720,"height":405},{"@type":"BreadcrumbList","@id":"https:\/\/evertonfc.cz\/index.php\/2014\/10\/31\/preview-everton-swansea-city-2\/#breadcrumb","itemListElement":[{"@type":"ListItem","position":1,"name":"Home","item":"https:\/\/evertonfc.cz\/"},{"@type":"ListItem","position":2,"name":"Preview: Everton &#8211; Swansea City"}]},{"@type":"WebSite","@id":"https:\/\/evertonfc.cz\/#website","url":"https:\/\/evertonfc.cz\/","name":"Official Czech &amp; Slovak Everton Supporters&#039; Club","description":"","publisher":{"@id":"https:\/\/evertonfc.cz\/#organization"},"potentialAction":[{"@type":"SearchAction","target":{"@type":"EntryPoint","urlTemplate":"https:\/\/evertonfc.cz\/?s={search_term_string}"},"query-input":{"@type":"PropertyValueSpecification","valueRequired":true,"valueName":"search_term_string"}}],"inLanguage":"cs"},{"@type":"Organization","@id":"https:\/\/evertonfc.cz\/#organization","name":"Official Czech & Slovak Everton Supporters' Club","url":"https:\/\/evertonfc.cz\/","logo":{"@type":"ImageObject","inLanguage":"cs","@id":"https:\/\/evertonfc.cz\/#\/schema\/logo\/image\/","url":"https:\/\/evertonfc.cz\/wp-content\/uploads\/2019\/05\/logo.png","contentUrl":"https:\/\/evertonfc.cz\/wp-content\/uploads\/2019\/05\/logo.png","width":112,"height":112,"caption":"Official Czech & Slovak Everton Supporters' Club"},"image":{"@id":"https:\/\/evertonfc.cz\/#\/schema\/logo\/image\/"},"sameAs":["https:\/\/www.facebook.com\/everton.fans.cz.sk"]},{"@type":"Person","@id":"https:\/\/evertonfc.cz\/#\/schema\/person\/f7a5daedb2ffee98480bc70e191aaef1","name":"Ri\u010di","sameAs":["https:\/\/x.com\/rbrejsa"],"url":"https:\/\/evertonfc.cz\/index.php\/author\/rici\/"}]}},"_links":{"self":[{"href":"https:\/\/evertonfc.cz\/index.php\/wp-json\/wp\/v2\/posts\/4591"}],"collection":[{"href":"https:\/\/evertonfc.cz\/index.php\/wp-json\/wp\/v2\/posts"}],"about":[{"href":"https:\/\/evertonfc.cz\/index.php\/wp-json\/wp\/v2\/types\/post"}],"author":[{"embeddable":true,"href":"https:\/\/evertonfc.cz\/index.php\/wp-json\/wp\/v2\/users\/6"}],"replies":[{"embeddable":true,"href":"https:\/\/evertonfc.cz\/index.php\/wp-json\/wp\/v2\/comments?post=4591"}],"version-history":[{"count":3,"href":"https:\/\/evertonfc.cz\/index.php\/wp-json\/wp\/v2\/posts\/4591\/revisions"}],"predecessor-version":[{"id":4872,"href":"https:\/\/evertonfc.cz\/index.php\/wp-json\/wp\/v2\/posts\/4591\/revisions\/4872"}],"wp:featuredmedia":[{"embeddable":true,"href":"https:\/\/evertonfc.cz\/index.php\/wp-json\/wp\/v2\/media\/1315"}],"wp:attachment":[{"href":"https:\/\/evertonfc.cz\/index.php\/wp-json\/wp\/v2\/media?parent=4591"}],"wp:term":[{"taxonomy":"category","embeddable":true,"href":"https:\/\/evertonfc.cz\/index.php\/wp-json\/wp\/v2\/categories?post=4591"},{"taxonomy":"post_tag","embeddable":true,"href":"https:\/\/evertonfc.cz\/index.php\/wp-json\/wp\/v2\/tags?post=4591"}],"curies":[{"name":"wp","href":"https:\/\/api.w.org\/{rel}","templated":true}]}}