{"id":4593,"date":"2014-10-27T15:35:18","date_gmt":"2014-10-27T14:35:18","guid":{"rendered":"http:\/\/evertonfc.cz\/?p=4593"},"modified":"2019-02-13T15:36:03","modified_gmt":"2019-02-13T14:36:03","slug":"burnley-everton-13","status":"publish","type":"post","link":"https:\/\/evertonfc.cz\/index.php\/2014\/10\/27\/burnley-everton-13\/","title":{"rendered":"Burnley &#8211; Everton 1:3"},"content":{"rendered":"<h4 id=\"NewsPostDetailSummary\">Po rozpa\u010dit\u00e9m \u00favodu se Blues za\u010d\u00ednaj\u00ed dost\u00e1vat do spr\u00e1vn\u00e9 provozn\u00ed teploty, po t\u00fddnu zopakovali t\u0159i vst\u0159elen\u00e9 branky a v\u00fdhru, p\u0159i\u010dem\u017e se nejv\u00edce \u010dinil jeden z nejzku\u0161en\u011bj\u0161\u00edch \u2013 Samuel Eto&#8217;o.<\/h4>\n<div id=\"NewsPostDetailContent\">\n<p>Roberto Mart\u00ednez nad\u00e1le pokra\u010duje v rotaci sestavy, oproti \u010dtvrte\u010dn\u00ed Evropsk\u00e9 lize v Lille postavil do z\u00e1kladu Antol\u00edna Alcaraze, Seamuse Colemana, Jamese McCarthyho, Leona Osmana, Stevena Naismithe a Romela Lukaka. Z \u00favodn\u00ed jeden\u00e1ctky se naopak p\u0159esunuli na lavi\u010dku n\u00e1hradn\u00edk\u016f Distin, Hibbert, Be\u0161i\u0107, Pienaar, McGeady a Barkley.<\/p>\n<p>V sestav\u011b z\u016fstal Samuel Eto&#8217;o, operuj\u00edc\u00ed za \u00fato\u010dnou dvojic\u00ed Lukaku\/Naismith, a jak se brzy uk\u00e1zalo, \u0161lo o moudr\u00e9 rozhodnut\u00ed. U\u017e ve 4. minut\u011b Everton rozjel na p\u016fl\u00edc\u00ed \u010d\u00e1\u0159e par\u00e1dn\u00ed kombina\u010dn\u00ed akci, b\u011bhem n\u00ed\u017e \u00a0vyu\u017eil celou \u0161\u00ed\u0159i h\u0159i\u0161t\u011b, na jej\u00edm konci Baines p\u0159esn\u011b odcentroval a pr\u00e1v\u011b Eto&#8217;o hlavi\u010dkou zav\u011bsil &#8211;\u00a0<strong>0:1<\/strong>. Po \u00favodn\u00ed brance host\u00e9 dr\u017eeli m\u00ed\u010d na kopa\u010dk\u00e1ch, nehodlali poskytnout prostor dom\u00e1c\u00edm, nicm\u00e9n\u011b je srazila chyba.<\/p>\n<p>V 19. minut\u011b Romelu Lukaku nep\u0159esnou p\u0159ihr\u00e1vkou na\u0161el pouze Lukase Jutkiewicze, kter\u00fd uli\u010dkou vysunul Ingse, proti rozb\u011bhnut\u00e9mu \u00fato\u010dn\u00edku toho Howard logicky p\u0159\u00edli\u0161 nesvedl, a tak po kli\u010dce a zakon\u010den\u00ed do pr\u00e1zdn\u00e9 br\u00e1ny bylo srovn\u00e1no &#8211;\u00a0<strong>1:1<\/strong>. Belgi\u010dan se ov\u0161em vykoupil u\u017e za osm minut, po Naismithov\u011b p\u0159istr\u010den\u00ed prok\u00e1zal \u0161ikovnost a d\u016fraz a na druh\u00fd pokus p\u0159ekonal Heatona &#8211;\u00a0<strong>1:2<\/strong>.<\/p>\n<p>Do polo\u010dasov\u00e9 p\u0159est\u00e1vky zahrozil Steven Naismith, padaj\u00edc\u00edm hlavi\u010dkov\u00fdm pokusem oraz\u00edtkoval b\u0159evno. Jinak se Toffees stejn\u011b jako v druh\u00e9 p\u016fli do \u0161anc\u00ed nehnali. Tom Heaton zasahoval pouze po Bainesov\u011b st\u0159\u00edlej\u00edc\u00edm centru. Sv\u011b\u017e\u00ed v\u00edtr p\u0159ineslo nasazen\u00ed Rosse Barkleyho a pozd\u011bji i Stevena Pienaara. Oba rozjeli \u00fatok v 85. minut\u011b, jjen\u017e Samuel Eto&#8217;o dovr\u0161il p\u011bknou technickou st\u0159elou z 25 metr\u016f &#8211;\u00a0<strong>1:3<\/strong>.<\/p>\n<p>Oba celky se jakoby se rozhodli v z\u00e1v\u011bre\u010dn\u00fdch minut\u00e1ch napravit dojem z poklidn\u00e9 druh\u00e9 p\u016fle. Nejprve se Danny Ings a\u017e p\u0159\u00edli\u0161 snadno dostal p\u0159ed Howarda, av\u0161ak v koncovce selhal. Steven Naismith narazil na p\u0159ipraven\u00e9ho branka\u0159e a po vystihnut\u00ed mal\u00e9 dom\u016f Samuel Eto&#8217;o trefil ty\u010d z po\u0159\u00e1dn\u00e9ho \u00fahlu.<\/p>\n<p>Highlights naleznete\u00a0<a href=\"http:\/\/www.footytube.com\/video\/bur-eve-hl-eng-show-310678\" target=\"_blank\" rel=\"noopener\"><strong>zde<\/strong><\/a>.<\/p>\n<p><strong>Branky:<\/strong>\u00a021. Danny Ings &#8211; 4. a 85. Samuel Eto&#8217;o, 29. Romelu Lukaku<br \/>\n<strong>\u017dK:<\/strong>\u00a031. George Boyd, 52. Scott Arfield, 63. Stephen Ward, 74. Ashley Barnes &#8211; 24. Romelu Lukaku, 55. Steven Naismith<br \/>\n<strong>Burnley FC:<\/strong>\u00a0Tom Heaton, Kieran Trippier, Michael Duff, Jason Shackell, Stephen Ward, Michael Kightly (84. Marvin Sordell), David Jones, George Boyd (86. Nathaniel Chalobah), Scott Arfield, Danny Ings, Lukas Jutkiewicz (65. Ashley Barnes)<br \/>\n<strong>Everton FC:<\/strong>\u00a0Tim Howard, Leighton Baines, Phil Jagielka, S\u00e9amus Coleman, Antolin Alcaraz, Samuel Eto&#8217;o, Steven Naismith, James McCarthy, Gareth Barry, Leon Osman (82. Steven Pienaar), Romelu Lukaku (65. Ross Barkley)<br \/>\n<strong>Rozhod\u010d\u00ed:<\/strong>\u00a0Andre Marriner<br \/>\n<strong>Div\u00e1ci:<\/strong>\u00a019 927<\/p>\n<\/div>\n","protected":false},"excerpt":{"rendered":"<p>Po rozpa\u010dit\u00e9m \u00favodu se Blues za\u010d\u00ednaj\u00ed dost\u00e1vat do spr\u00e1vn\u00e9 provozn\u00ed teploty, po t\u00fddnu zopakovali t\u0159i vst\u0159elen\u00e9 branky a v\u00fdhru, p\u0159i\u010dem\u017e&hellip;<\/p>\n","protected":false},"author":6,"featured_media":1315,"comment_status":"open","ping_status":"closed","sticky":false,"template":"","format":"standard","meta":{"_eb_attr":"","_monsterinsights_skip_tracking":false,"_monsterinsights_sitenote_active":false,"_monsterinsights_sitenote_note":"","_monsterinsights_sitenote_category":0,"footnotes":""},"categories":[4],"tags":[],"yoast_head":"<!-- This site is optimized with the Yoast SEO plugin v23.4 - https:\/\/yoast.com\/wordpress\/plugins\/seo\/ -->\n<title>Burnley - Everton 1:3 - Official Czech &amp; Slovak Everton Supporters&#039; Club<\/title>\n<meta name=\"robots\" content=\"index, follow, max-snippet:-1, max-image-preview:large, max-video-preview:-1\" \/>\n<link rel=\"canonical\" href=\"https:\/\/evertonfc.cz\/index.php\/2014\/10\/27\/burnley-everton-13\/\" \/>\n<meta property=\"og:locale\" content=\"cs_CZ\" \/>\n<meta property=\"og:type\" content=\"article\" \/>\n<meta property=\"og:title\" content=\"Burnley - Everton 1:3 - Official Czech &amp; Slovak Everton Supporters&#039; Club\" \/>\n<meta property=\"og:description\" content=\"Po rozpa\u010dit\u00e9m \u00favodu se Blues za\u010d\u00ednaj\u00ed dost\u00e1vat do spr\u00e1vn\u00e9 provozn\u00ed teploty, po t\u00fddnu zopakovali t\u0159i vst\u0159elen\u00e9 branky a v\u00fdhru, p\u0159i\u010dem\u017e&hellip;\" \/>\n<meta property=\"og:url\" content=\"https:\/\/evertonfc.cz\/index.php\/2014\/10\/27\/burnley-everton-13\/\" \/>\n<meta property=\"og:site_name\" content=\"Official Czech &amp; Slovak Everton Supporters&#039; Club\" \/>\n<meta property=\"article:publisher\" content=\"https:\/\/www.facebook.com\/everton.fans.cz.sk\" \/>\n<meta property=\"article:published_time\" content=\"2014-10-27T14:35:18+00:00\" \/>\n<meta property=\"article:modified_time\" content=\"2019-02-13T14:36:03+00:00\" \/>\n<meta property=\"og:image\" content=\"https:\/\/evertonfc.cz\/wp-content\/uploads\/2019\/01\/report.jpg\" \/>\n\t<meta property=\"og:image:width\" content=\"720\" \/>\n\t<meta property=\"og:image:height\" content=\"405\" \/>\n\t<meta property=\"og:image:type\" content=\"image\/jpeg\" \/>\n<meta name=\"author\" content=\"Ri\u010di\" \/>\n<meta name=\"twitter:card\" content=\"summary_large_image\" \/>\n<meta name=\"twitter:creator\" content=\"@rbrejsa\" \/>\n<meta name=\"twitter:label1\" content=\"Napsal(a)\" \/>\n\t<meta name=\"twitter:data1\" content=\"Ri\u010di\" \/>\n\t<meta name=\"twitter:label2\" content=\"Odhadovan\u00e1 doba \u010dten\u00ed\" \/>\n\t<meta name=\"twitter:data2\" content=\"2 minuty\" \/>\n<script type=\"application\/ld+json\" class=\"yoast-schema-graph\">{\"@context\":\"https:\/\/schema.org\",\"@graph\":[{\"@type\":\"Article\",\"@id\":\"https:\/\/evertonfc.cz\/index.php\/2014\/10\/27\/burnley-everton-13\/#article\",\"isPartOf\":{\"@id\":\"https:\/\/evertonfc.cz\/index.php\/2014\/10\/27\/burnley-everton-13\/\"},\"author\":{\"name\":\"Ri\u010di\",\"@id\":\"https:\/\/evertonfc.cz\/#\/schema\/person\/f7a5daedb2ffee98480bc70e191aaef1\"},\"headline\":\"Burnley &#8211; Everton 1:3\",\"datePublished\":\"2014-10-27T14:35:18+00:00\",\"dateModified\":\"2019-02-13T14:36:03+00:00\",\"mainEntityOfPage\":{\"@id\":\"https:\/\/evertonfc.cz\/index.php\/2014\/10\/27\/burnley-everton-13\/\"},\"wordCount\":495,\"commentCount\":0,\"publisher\":{\"@id\":\"https:\/\/evertonfc.cz\/#organization\"},\"image\":{\"@id\":\"https:\/\/evertonfc.cz\/index.php\/2014\/10\/27\/burnley-everton-13\/#primaryimage\"},\"thumbnailUrl\":\"https:\/\/evertonfc.cz\/wp-content\/uploads\/2019\/01\/report.jpg\",\"articleSection\":[\"Z\u00e1pasy\"],\"inLanguage\":\"cs\",\"potentialAction\":[{\"@type\":\"CommentAction\",\"name\":\"Comment\",\"target\":[\"https:\/\/evertonfc.cz\/index.php\/2014\/10\/27\/burnley-everton-13\/#respond\"]}]},{\"@type\":\"WebPage\",\"@id\":\"https:\/\/evertonfc.cz\/index.php\/2014\/10\/27\/burnley-everton-13\/\",\"url\":\"https:\/\/evertonfc.cz\/index.php\/2014\/10\/27\/burnley-everton-13\/\",\"name\":\"Burnley - Everton 1:3 - Official Czech &amp; Slovak Everton Supporters&#039; Club\",\"isPartOf\":{\"@id\":\"https:\/\/evertonfc.cz\/#website\"},\"primaryImageOfPage\":{\"@id\":\"https:\/\/evertonfc.cz\/index.php\/2014\/10\/27\/burnley-everton-13\/#primaryimage\"},\"image\":{\"@id\":\"https:\/\/evertonfc.cz\/index.php\/2014\/10\/27\/burnley-everton-13\/#primaryimage\"},\"thumbnailUrl\":\"https:\/\/evertonfc.cz\/wp-content\/uploads\/2019\/01\/report.jpg\",\"datePublished\":\"2014-10-27T14:35:18+00:00\",\"dateModified\":\"2019-02-13T14:36:03+00:00\",\"breadcrumb\":{\"@id\":\"https:\/\/evertonfc.cz\/index.php\/2014\/10\/27\/burnley-everton-13\/#breadcrumb\"},\"inLanguage\":\"cs\",\"potentialAction\":[{\"@type\":\"ReadAction\",\"target\":[\"https:\/\/evertonfc.cz\/index.php\/2014\/10\/27\/burnley-everton-13\/\"]}]},{\"@type\":\"ImageObject\",\"inLanguage\":\"cs\",\"@id\":\"https:\/\/evertonfc.cz\/index.php\/2014\/10\/27\/burnley-everton-13\/#primaryimage\",\"url\":\"https:\/\/evertonfc.cz\/wp-content\/uploads\/2019\/01\/report.jpg\",\"contentUrl\":\"https:\/\/evertonfc.cz\/wp-content\/uploads\/2019\/01\/report.jpg\",\"width\":720,\"height\":405},{\"@type\":\"BreadcrumbList\",\"@id\":\"https:\/\/evertonfc.cz\/index.php\/2014\/10\/27\/burnley-everton-13\/#breadcrumb\",\"itemListElement\":[{\"@type\":\"ListItem\",\"position\":1,\"name\":\"Home\",\"item\":\"https:\/\/evertonfc.cz\/\"},{\"@type\":\"ListItem\",\"position\":2,\"name\":\"Burnley &#8211; Everton 1:3\"}]},{\"@type\":\"WebSite\",\"@id\":\"https:\/\/evertonfc.cz\/#website\",\"url\":\"https:\/\/evertonfc.cz\/\",\"name\":\"Official Czech &amp; Slovak Everton Supporters&#039; Club\",\"description\":\"\",\"publisher\":{\"@id\":\"https:\/\/evertonfc.cz\/#organization\"},\"potentialAction\":[{\"@type\":\"SearchAction\",\"target\":{\"@type\":\"EntryPoint\",\"urlTemplate\":\"https:\/\/evertonfc.cz\/?s={search_term_string}\"},\"query-input\":{\"@type\":\"PropertyValueSpecification\",\"valueRequired\":true,\"valueName\":\"search_term_string\"}}],\"inLanguage\":\"cs\"},{\"@type\":\"Organization\",\"@id\":\"https:\/\/evertonfc.cz\/#organization\",\"name\":\"Official Czech & Slovak Everton Supporters' Club\",\"url\":\"https:\/\/evertonfc.cz\/\",\"logo\":{\"@type\":\"ImageObject\",\"inLanguage\":\"cs\",\"@id\":\"https:\/\/evertonfc.cz\/#\/schema\/logo\/image\/\",\"url\":\"https:\/\/evertonfc.cz\/wp-content\/uploads\/2019\/05\/logo.png\",\"contentUrl\":\"https:\/\/evertonfc.cz\/wp-content\/uploads\/2019\/05\/logo.png\",\"width\":112,\"height\":112,\"caption\":\"Official Czech & Slovak Everton Supporters' Club\"},\"image\":{\"@id\":\"https:\/\/evertonfc.cz\/#\/schema\/logo\/image\/\"},\"sameAs\":[\"https:\/\/www.facebook.com\/everton.fans.cz.sk\"]},{\"@type\":\"Person\",\"@id\":\"https:\/\/evertonfc.cz\/#\/schema\/person\/f7a5daedb2ffee98480bc70e191aaef1\",\"name\":\"Ri\u010di\",\"sameAs\":[\"https:\/\/x.com\/rbrejsa\"],\"url\":\"https:\/\/evertonfc.cz\/index.php\/author\/rici\/\"}]}<\/script>\n<!-- \/ Yoast SEO plugin. -->","yoast_head_json":{"title":"Burnley - Everton 1:3 - Official Czech &amp; Slovak Everton Supporters&#039; Club","robots":{"index":"index","follow":"follow","max-snippet":"max-snippet:-1","max-image-preview":"max-image-preview:large","max-video-preview":"max-video-preview:-1"},"canonical":"https:\/\/evertonfc.cz\/index.php\/2014\/10\/27\/burnley-everton-13\/","og_locale":"cs_CZ","og_type":"article","og_title":"Burnley - Everton 1:3 - Official Czech &amp; Slovak Everton Supporters&#039; Club","og_description":"Po rozpa\u010dit\u00e9m \u00favodu se Blues za\u010d\u00ednaj\u00ed dost\u00e1vat do spr\u00e1vn\u00e9 provozn\u00ed teploty, po t\u00fddnu zopakovali t\u0159i vst\u0159elen\u00e9 branky a v\u00fdhru, p\u0159i\u010dem\u017e&hellip;","og_url":"https:\/\/evertonfc.cz\/index.php\/2014\/10\/27\/burnley-everton-13\/","og_site_name":"Official Czech &amp; Slovak Everton Supporters&#039; Club","article_publisher":"https:\/\/www.facebook.com\/everton.fans.cz.sk","article_published_time":"2014-10-27T14:35:18+00:00","article_modified_time":"2019-02-13T14:36:03+00:00","og_image":[{"width":720,"height":405,"url":"https:\/\/evertonfc.cz\/wp-content\/uploads\/2019\/01\/report.jpg","type":"image\/jpeg"}],"author":"Ri\u010di","twitter_card":"summary_large_image","twitter_creator":"@rbrejsa","twitter_misc":{"Napsal(a)":"Ri\u010di","Odhadovan\u00e1 doba \u010dten\u00ed":"2 minuty"},"schema":{"@context":"https:\/\/schema.org","@graph":[{"@type":"Article","@id":"https:\/\/evertonfc.cz\/index.php\/2014\/10\/27\/burnley-everton-13\/#article","isPartOf":{"@id":"https:\/\/evertonfc.cz\/index.php\/2014\/10\/27\/burnley-everton-13\/"},"author":{"name":"Ri\u010di","@id":"https:\/\/evertonfc.cz\/#\/schema\/person\/f7a5daedb2ffee98480bc70e191aaef1"},"headline":"Burnley &#8211; Everton 1:3","datePublished":"2014-10-27T14:35:18+00:00","dateModified":"2019-02-13T14:36:03+00:00","mainEntityOfPage":{"@id":"https:\/\/evertonfc.cz\/index.php\/2014\/10\/27\/burnley-everton-13\/"},"wordCount":495,"commentCount":0,"publisher":{"@id":"https:\/\/evertonfc.cz\/#organization"},"image":{"@id":"https:\/\/evertonfc.cz\/index.php\/2014\/10\/27\/burnley-everton-13\/#primaryimage"},"thumbnailUrl":"https:\/\/evertonfc.cz\/wp-content\/uploads\/2019\/01\/report.jpg","articleSection":["Z\u00e1pasy"],"inLanguage":"cs","potentialAction":[{"@type":"CommentAction","name":"Comment","target":["https:\/\/evertonfc.cz\/index.php\/2014\/10\/27\/burnley-everton-13\/#respond"]}]},{"@type":"WebPage","@id":"https:\/\/evertonfc.cz\/index.php\/2014\/10\/27\/burnley-everton-13\/","url":"https:\/\/evertonfc.cz\/index.php\/2014\/10\/27\/burnley-everton-13\/","name":"Burnley - Everton 1:3 - Official Czech &amp; Slovak Everton Supporters&#039; Club","isPartOf":{"@id":"https:\/\/evertonfc.cz\/#website"},"primaryImageOfPage":{"@id":"https:\/\/evertonfc.cz\/index.php\/2014\/10\/27\/burnley-everton-13\/#primaryimage"},"image":{"@id":"https:\/\/evertonfc.cz\/index.php\/2014\/10\/27\/burnley-everton-13\/#primaryimage"},"thumbnailUrl":"https:\/\/evertonfc.cz\/wp-content\/uploads\/2019\/01\/report.jpg","datePublished":"2014-10-27T14:35:18+00:00","dateModified":"2019-02-13T14:36:03+00:00","breadcrumb":{"@id":"https:\/\/evertonfc.cz\/index.php\/2014\/10\/27\/burnley-everton-13\/#breadcrumb"},"inLanguage":"cs","potentialAction":[{"@type":"ReadAction","target":["https:\/\/evertonfc.cz\/index.php\/2014\/10\/27\/burnley-everton-13\/"]}]},{"@type":"ImageObject","inLanguage":"cs","@id":"https:\/\/evertonfc.cz\/index.php\/2014\/10\/27\/burnley-everton-13\/#primaryimage","url":"https:\/\/evertonfc.cz\/wp-content\/uploads\/2019\/01\/report.jpg","contentUrl":"https:\/\/evertonfc.cz\/wp-content\/uploads\/2019\/01\/report.jpg","width":720,"height":405},{"@type":"BreadcrumbList","@id":"https:\/\/evertonfc.cz\/index.php\/2014\/10\/27\/burnley-everton-13\/#breadcrumb","itemListElement":[{"@type":"ListItem","position":1,"name":"Home","item":"https:\/\/evertonfc.cz\/"},{"@type":"ListItem","position":2,"name":"Burnley &#8211; Everton 1:3"}]},{"@type":"WebSite","@id":"https:\/\/evertonfc.cz\/#website","url":"https:\/\/evertonfc.cz\/","name":"Official Czech &amp; Slovak Everton Supporters&#039; Club","description":"","publisher":{"@id":"https:\/\/evertonfc.cz\/#organization"},"potentialAction":[{"@type":"SearchAction","target":{"@type":"EntryPoint","urlTemplate":"https:\/\/evertonfc.cz\/?s={search_term_string}"},"query-input":{"@type":"PropertyValueSpecification","valueRequired":true,"valueName":"search_term_string"}}],"inLanguage":"cs"},{"@type":"Organization","@id":"https:\/\/evertonfc.cz\/#organization","name":"Official Czech & Slovak Everton Supporters' Club","url":"https:\/\/evertonfc.cz\/","logo":{"@type":"ImageObject","inLanguage":"cs","@id":"https:\/\/evertonfc.cz\/#\/schema\/logo\/image\/","url":"https:\/\/evertonfc.cz\/wp-content\/uploads\/2019\/05\/logo.png","contentUrl":"https:\/\/evertonfc.cz\/wp-content\/uploads\/2019\/05\/logo.png","width":112,"height":112,"caption":"Official Czech & Slovak Everton Supporters' Club"},"image":{"@id":"https:\/\/evertonfc.cz\/#\/schema\/logo\/image\/"},"sameAs":["https:\/\/www.facebook.com\/everton.fans.cz.sk"]},{"@type":"Person","@id":"https:\/\/evertonfc.cz\/#\/schema\/person\/f7a5daedb2ffee98480bc70e191aaef1","name":"Ri\u010di","sameAs":["https:\/\/x.com\/rbrejsa"],"url":"https:\/\/evertonfc.cz\/index.php\/author\/rici\/"}]}},"_links":{"self":[{"href":"https:\/\/evertonfc.cz\/index.php\/wp-json\/wp\/v2\/posts\/4593"}],"collection":[{"href":"https:\/\/evertonfc.cz\/index.php\/wp-json\/wp\/v2\/posts"}],"about":[{"href":"https:\/\/evertonfc.cz\/index.php\/wp-json\/wp\/v2\/types\/post"}],"author":[{"embeddable":true,"href":"https:\/\/evertonfc.cz\/index.php\/wp-json\/wp\/v2\/users\/6"}],"replies":[{"embeddable":true,"href":"https:\/\/evertonfc.cz\/index.php\/wp-json\/wp\/v2\/comments?post=4593"}],"version-history":[{"count":1,"href":"https:\/\/evertonfc.cz\/index.php\/wp-json\/wp\/v2\/posts\/4593\/revisions"}],"predecessor-version":[{"id":4594,"href":"https:\/\/evertonfc.cz\/index.php\/wp-json\/wp\/v2\/posts\/4593\/revisions\/4594"}],"wp:featuredmedia":[{"embeddable":true,"href":"https:\/\/evertonfc.cz\/index.php\/wp-json\/wp\/v2\/media\/1315"}],"wp:attachment":[{"href":"https:\/\/evertonfc.cz\/index.php\/wp-json\/wp\/v2\/media?parent=4593"}],"wp:term":[{"taxonomy":"category","embeddable":true,"href":"https:\/\/evertonfc.cz\/index.php\/wp-json\/wp\/v2\/categories?post=4593"},{"taxonomy":"post_tag","embeddable":true,"href":"https:\/\/evertonfc.cz\/index.php\/wp-json\/wp\/v2\/tags?post=4593"}],"curies":[{"name":"wp","href":"https:\/\/api.w.org\/{rel}","templated":true}]}}