{"id":4595,"date":"2014-10-25T15:37:26","date_gmt":"2014-10-25T13:37:26","guid":{"rendered":"http:\/\/evertonfc.cz\/?p=4595"},"modified":"2021-03-12T10:50:24","modified_gmt":"2021-03-12T09:50:24","slug":"preview-burnley-everton-4","status":"publish","type":"post","link":"https:\/\/evertonfc.cz\/index.php\/2014\/10\/25\/preview-burnley-everton-4\/","title":{"rendered":"Preview: Burnley &#8211; Everton"},"content":{"rendered":"<h4 id=\"NewsPostDetailSummary\">V ned\u011bli odpoledne Toffees uzav\u0159ou m\u011bs\u00edc \u010d\u00edtaj\u00edc\u00ed sedm z\u00e1pas\u016f, z nich\u017e \u0161est odehr\u00e1li venku. Na Turf Moor cestuj\u00ed s c\u00edlem p\u0159ipsat si prvn\u00ed v\u00edt\u011bzstv\u00ed na h\u0159i\u0161ti soupe\u0159e v t\u00e9to s\u00e9rii.<\/h4>\n<div id=\"NewsPostDetailContent\">\n<p>Los ur\u010dil za vyzyvatele dev\u00e1t\u00e9ho kola Burnley, nov\u00e1\u010dka Premier League \u010dekaj\u00edc\u00edho na prvn\u00ed t\u0159\u00edbodov\u00fd zisk. Lo\u0148sk\u00fd druh\u00fd celek Championship si zat\u00edm p\u0159ipsal pouze \u010dty\u0159i rem\u00edzy, proto jeho postaven\u00ed v posledn\u00ed trojce tabulky nep\u0159ekvapuje. Clarets z\u00e1pas\u00ed s \u00fatokem, \u010dty\u0159i vst\u0159elen\u00e9 g\u00f3ly, nejni\u017e\u0161\u00ed po\u010det v lize, opravdu nep\u0159edstavuj\u00ed po\u010din k chluben\u00ed.<\/p>\n<p>D\u016fvod probl\u00e9mu v\u011bz\u00ed ve zran\u011bn\u00ed Sama Vokese, typick\u00e1 britsk\u00e1 dev\u00edtka od jara pob\u00fdv\u00e1 na marodce a mana\u017eer Sean Dyche marn\u011b hled\u00e1 mu\u017ee, kter\u00fd by zastoupil 20 g\u00f3lov\u00e9 st\u0159elce z postupov\u00e9 sez\u00f3ny. Lukas Jutkiewicz, do roku 2007 marn\u011b bojuj\u00edc\u00ed o m\u00edsto v prvn\u00edm t\u00fdmu Evertonu, jim prozat\u00edm nen\u00ed, a\u010d mu nemo\u017eno up\u00edrat bojovnost a ob\u011btavou pr\u00e1ci pro mu\u017estvo.<\/p>\n<p>Everton p\u016fjde do z\u00e1pasu s\u00a0optimismem, tedy n\u011b\u010d\u00edm neobvykl\u00fdm pro leto\u0161n\u00ed sez\u00f3nu. Minul\u00fd v\u00edkend pot\u011b\u0161il hezk\u00fdm a \u00fa\u010deln\u00fdm fotbalem proti Aston Ville, jako odm\u011bnu sl\u00edzl t\u0159\u00edg\u00f3lov\u00e9 v\u00edt\u011bzstv\u00ed, a ve \u010dtvrtek si odvezl z Lille cenn\u00fd bod\u00edk za bezbrankovou rem\u00edzu, p\u0159esto\u017ee fotbalov\u00e9 oko div\u00e1ka nepolaskal.<\/p>\n<p>Roberto Mart\u00ednez \u0159e\u0161\u00ed p\u0159\u00edjemnou situaci s v\u00fdb\u011brem sestavy. Otazn\u00edk vis\u00ed nad partnerem do stopersk\u00e9 dvojice k Philu Jagielkovi. Antol\u00edn Alcaraz podal proti Aston Ville jeden z nejlep\u0161\u00edch p\u0159edstaven\u00ed v modr\u00e9m dresu a Sylvain Distin p\u016fsobil sebejist\u011b p\u0159i n\u00e1vratu do sestavy p\u0159i \u010dtvrte\u010dn\u00ed Evropsk\u00e9 lize.<\/p>\n<p>Sice nepravd\u011bpodobnou, ale nikoliv na sto procent vylu\u010ditelnou variantou je p\u0159echod k rozestaven\u00ed 5-3-2 se t\u0159emi stopery. Toto rozestaven\u00ed by vy\u0159e\u0161ilo p\u0159\u00edpadn\u00e9 posazen\u00ed Rosse Barkleyho na lavi\u010dku, Angli\u010dan do posledn\u00edch dvou utk\u00e1n\u00ed vyb\u011bhl v z\u00e1kladn\u00ed jeden\u00e1ctce, t\u0159et\u00ed start v jednom t\u00fddnu by nemusel po zran\u011bn\u00ed fyzicky zvl\u00e1dnout.<\/p>\n<p>Tony Hibbert uk\u00e1zal proti Lille, \u017ee si st\u00e1le zastane kvalitn\u00ed pr\u00e1ci v obran\u011b, na druhou stranu Seamus Coleman p\u0159edstavuje jasnou jedni\u010dku na prav\u00e9ho obr\u00e1nce. Pro duel bude v\u016fbec kl\u00ed\u010dov\u00e9, jak se Clarets vypo\u0159\u00e1daj\u00ed s ofenzivn\u00edmi v\u00fdlety krajn\u00edch obr\u00e1nc\u016f Blues (\u010di si snad si zaslou\u017e\u00ed jin\u00e9 ozna\u010den\u00ed?).<\/p>\n<p>Se v\u0161\u00ed \u00factou k Burnley, pokud Toffees nezopakuj\u00ed v\u00fdhru proti Villans, co\u017e se jim naposledy povedlo v dubnu, p\u016fjde o zklam\u00e1n\u00ed. Rozkaz tedy zn\u00ed jasn\u011b.<\/p>\n<h4><strong>T\u00fdmov\u00e9 novinky<\/strong><\/h4>\n<p>Dom\u00e1c\u00ed postr\u00e1daj\u00ed trojici zran\u011bn\u00fdch Matta Taylora, Sama Vokese a Stevena Reida, vyu\u017eit\u00ed z\u00e1lo\u017en\u00edka Deana Marneyho z\u00e1vis\u00ed na testu p\u0159ed v\u00fdkopem, tr\u00e1p\u00ed ho pot\u00ed\u017ee se stehenn\u00edm svalem.<\/p>\n<table>\n<tbody>\n<tr>\n<td><strong>BFC:<\/strong><\/td>\n<td>Gilks, Heaton, Duff, Keane, Lafferty, Long, Mee, Shackell, Trippier, Ward, Arfield, Boyd, Chalobah, Howieson, Jones, Kightly, Marney, Wallace, Barnes, Ings, Jutkiewicz, Sordell.<\/td>\n<\/tr>\n<\/tbody>\n<\/table>\n<p>Roberto Mart\u00ednez nevzal do Lancashire Bryana Ovieda a Arounu Kon\u00e9ho, oba se dost\u00e1vaj\u00ed do pln\u00e9 fyzick\u00e9 kondice. Dlouhodob\u011b na marodku zalehli John Stones a Kevin Mirallas, nicm\u00e9n\u011b druh\u00fd jmenovan\u00fd se mo\u017en\u00e1 vr\u00e1t\u00ed do akce u\u017e za \u010dty\u0159i t\u00fddny.<\/p>\n<table>\n<tbody>\n<tr>\n<td><strong>EFC:<\/strong><\/td>\n<td>Howard, Joel,\u00a0 Alcaraz, Baines, Browning, Coleman, Distin, Garbutt, Hibbert, Jagielka, Atsu, Barkley, Barry, Be\u0161i\u0107, Gibson, McCarthy, McGeady, Osman, Pienaar, Eto&#8217;o, Lukaku, McAleny, Naismith.<\/td>\n<\/tr>\n<\/tbody>\n<\/table>\n<p><strong>Co:<\/strong>\u00a0Burnley FC &#8211; Everton FC, 5. kolo Premier League<br \/>\n<strong>Kdy:<\/strong>\u00a025. 10. 2014 od 14:30 SE\u010c<br \/>\n<strong>Kde:<\/strong>\u00a0Turf Moor, Burnley (kapacita: 21 401)<br \/>\n<strong>Rozhod\u010d\u00ed:<\/strong>\u00a0Andre Marriner<\/p>\n<\/div>\n","protected":false},"excerpt":{"rendered":"<p>V ned\u011bli odpoledne Toffees uzav\u0159ou m\u011bs\u00edc \u010d\u00edtaj\u00edc\u00ed sedm z\u00e1pas\u016f, z nich\u017e \u0161est odehr\u00e1li venku. Na Turf Moor cestuj\u00ed s c\u00edlem p\u0159ipsat si prvn\u00ed v\u00edt\u011bzstv\u00ed na h\u0159i\u0161ti soupe\u0159e v t\u00e9to s\u00e9rii.<\/p>\n","protected":false},"author":6,"featured_media":13078,"comment_status":"open","ping_status":"closed","sticky":false,"template":"","format":"standard","meta":{"_eb_attr":"","_monsterinsights_skip_tracking":false,"_monsterinsights_sitenote_active":false,"_monsterinsights_sitenote_note":"","_monsterinsights_sitenote_category":0,"footnotes":""},"categories":[4],"tags":[],"yoast_head":"<!-- This site is optimized with the Yoast SEO plugin v23.4 - https:\/\/yoast.com\/wordpress\/plugins\/seo\/ -->\n<title>Preview: Burnley - Everton - Official Czech &amp; Slovak Everton Supporters&#039; Club<\/title>\n<meta name=\"robots\" content=\"index, follow, max-snippet:-1, max-image-preview:large, max-video-preview:-1\" \/>\n<link rel=\"canonical\" href=\"https:\/\/evertonfc.cz\/index.php\/2014\/10\/25\/preview-burnley-everton-4\/\" \/>\n<meta property=\"og:locale\" content=\"cs_CZ\" \/>\n<meta property=\"og:type\" content=\"article\" \/>\n<meta property=\"og:title\" content=\"Preview: Burnley - Everton - Official Czech &amp; Slovak Everton Supporters&#039; Club\" \/>\n<meta property=\"og:description\" content=\"V ned\u011bli odpoledne Toffees uzav\u0159ou m\u011bs\u00edc \u010d\u00edtaj\u00edc\u00ed sedm z\u00e1pas\u016f, z nich\u017e \u0161est odehr\u00e1li venku. Na Turf Moor cestuj\u00ed s c\u00edlem p\u0159ipsat si prvn\u00ed v\u00edt\u011bzstv\u00ed na h\u0159i\u0161ti soupe\u0159e v t\u00e9to s\u00e9rii.\" \/>\n<meta property=\"og:url\" content=\"https:\/\/evertonfc.cz\/index.php\/2014\/10\/25\/preview-burnley-everton-4\/\" \/>\n<meta property=\"og:site_name\" content=\"Official Czech &amp; Slovak Everton Supporters&#039; Club\" \/>\n<meta property=\"article:publisher\" content=\"https:\/\/www.facebook.com\/everton.fans.cz.sk\" \/>\n<meta property=\"article:published_time\" content=\"2014-10-25T13:37:26+00:00\" \/>\n<meta property=\"article:modified_time\" content=\"2021-03-12T09:50:24+00:00\" \/>\n<meta property=\"og:image\" content=\"https:\/\/evertonfc.cz\/wp-content\/uploads\/2020\/12\/Burnley-VS-Everton-5-12-2020.jpg\" \/>\n\t<meta property=\"og:image:width\" content=\"720\" \/>\n\t<meta property=\"og:image:height\" content=\"405\" \/>\n\t<meta property=\"og:image:type\" content=\"image\/jpeg\" \/>\n<meta name=\"author\" content=\"Ri\u010di\" \/>\n<meta name=\"twitter:card\" content=\"summary_large_image\" \/>\n<meta name=\"twitter:creator\" content=\"@rbrejsa\" \/>\n<meta name=\"twitter:label1\" content=\"Napsal(a)\" \/>\n\t<meta name=\"twitter:data1\" content=\"Ri\u010di\" \/>\n\t<meta name=\"twitter:label2\" content=\"Odhadovan\u00e1 doba \u010dten\u00ed\" \/>\n\t<meta name=\"twitter:data2\" content=\"3 minuty\" \/>\n<script type=\"application\/ld+json\" class=\"yoast-schema-graph\">{\"@context\":\"https:\/\/schema.org\",\"@graph\":[{\"@type\":\"Article\",\"@id\":\"https:\/\/evertonfc.cz\/index.php\/2014\/10\/25\/preview-burnley-everton-4\/#article\",\"isPartOf\":{\"@id\":\"https:\/\/evertonfc.cz\/index.php\/2014\/10\/25\/preview-burnley-everton-4\/\"},\"author\":{\"name\":\"Ri\u010di\",\"@id\":\"https:\/\/evertonfc.cz\/#\/schema\/person\/f7a5daedb2ffee98480bc70e191aaef1\"},\"headline\":\"Preview: Burnley &#8211; Everton\",\"datePublished\":\"2014-10-25T13:37:26+00:00\",\"dateModified\":\"2021-03-12T09:50:24+00:00\",\"mainEntityOfPage\":{\"@id\":\"https:\/\/evertonfc.cz\/index.php\/2014\/10\/25\/preview-burnley-everton-4\/\"},\"wordCount\":630,\"commentCount\":0,\"publisher\":{\"@id\":\"https:\/\/evertonfc.cz\/#organization\"},\"image\":{\"@id\":\"https:\/\/evertonfc.cz\/index.php\/2014\/10\/25\/preview-burnley-everton-4\/#primaryimage\"},\"thumbnailUrl\":\"https:\/\/evertonfc.cz\/wp-content\/uploads\/2020\/12\/Burnley-VS-Everton-5-12-2020.jpg\",\"articleSection\":[\"Z\u00e1pasy\"],\"inLanguage\":\"cs\",\"potentialAction\":[{\"@type\":\"CommentAction\",\"name\":\"Comment\",\"target\":[\"https:\/\/evertonfc.cz\/index.php\/2014\/10\/25\/preview-burnley-everton-4\/#respond\"]}]},{\"@type\":\"WebPage\",\"@id\":\"https:\/\/evertonfc.cz\/index.php\/2014\/10\/25\/preview-burnley-everton-4\/\",\"url\":\"https:\/\/evertonfc.cz\/index.php\/2014\/10\/25\/preview-burnley-everton-4\/\",\"name\":\"Preview: Burnley - Everton - Official Czech &amp; Slovak Everton Supporters&#039; Club\",\"isPartOf\":{\"@id\":\"https:\/\/evertonfc.cz\/#website\"},\"primaryImageOfPage\":{\"@id\":\"https:\/\/evertonfc.cz\/index.php\/2014\/10\/25\/preview-burnley-everton-4\/#primaryimage\"},\"image\":{\"@id\":\"https:\/\/evertonfc.cz\/index.php\/2014\/10\/25\/preview-burnley-everton-4\/#primaryimage\"},\"thumbnailUrl\":\"https:\/\/evertonfc.cz\/wp-content\/uploads\/2020\/12\/Burnley-VS-Everton-5-12-2020.jpg\",\"datePublished\":\"2014-10-25T13:37:26+00:00\",\"dateModified\":\"2021-03-12T09:50:24+00:00\",\"breadcrumb\":{\"@id\":\"https:\/\/evertonfc.cz\/index.php\/2014\/10\/25\/preview-burnley-everton-4\/#breadcrumb\"},\"inLanguage\":\"cs\",\"potentialAction\":[{\"@type\":\"ReadAction\",\"target\":[\"https:\/\/evertonfc.cz\/index.php\/2014\/10\/25\/preview-burnley-everton-4\/\"]}]},{\"@type\":\"ImageObject\",\"inLanguage\":\"cs\",\"@id\":\"https:\/\/evertonfc.cz\/index.php\/2014\/10\/25\/preview-burnley-everton-4\/#primaryimage\",\"url\":\"https:\/\/evertonfc.cz\/wp-content\/uploads\/2020\/12\/Burnley-VS-Everton-5-12-2020.jpg\",\"contentUrl\":\"https:\/\/evertonfc.cz\/wp-content\/uploads\/2020\/12\/Burnley-VS-Everton-5-12-2020.jpg\",\"width\":720,\"height\":405},{\"@type\":\"BreadcrumbList\",\"@id\":\"https:\/\/evertonfc.cz\/index.php\/2014\/10\/25\/preview-burnley-everton-4\/#breadcrumb\",\"itemListElement\":[{\"@type\":\"ListItem\",\"position\":1,\"name\":\"Home\",\"item\":\"https:\/\/evertonfc.cz\/\"},{\"@type\":\"ListItem\",\"position\":2,\"name\":\"Preview: Burnley &#8211; Everton\"}]},{\"@type\":\"WebSite\",\"@id\":\"https:\/\/evertonfc.cz\/#website\",\"url\":\"https:\/\/evertonfc.cz\/\",\"name\":\"Official Czech &amp; Slovak Everton Supporters&#039; Club\",\"description\":\"\",\"publisher\":{\"@id\":\"https:\/\/evertonfc.cz\/#organization\"},\"potentialAction\":[{\"@type\":\"SearchAction\",\"target\":{\"@type\":\"EntryPoint\",\"urlTemplate\":\"https:\/\/evertonfc.cz\/?s={search_term_string}\"},\"query-input\":{\"@type\":\"PropertyValueSpecification\",\"valueRequired\":true,\"valueName\":\"search_term_string\"}}],\"inLanguage\":\"cs\"},{\"@type\":\"Organization\",\"@id\":\"https:\/\/evertonfc.cz\/#organization\",\"name\":\"Official Czech & Slovak Everton Supporters' Club\",\"url\":\"https:\/\/evertonfc.cz\/\",\"logo\":{\"@type\":\"ImageObject\",\"inLanguage\":\"cs\",\"@id\":\"https:\/\/evertonfc.cz\/#\/schema\/logo\/image\/\",\"url\":\"https:\/\/evertonfc.cz\/wp-content\/uploads\/2019\/05\/logo.png\",\"contentUrl\":\"https:\/\/evertonfc.cz\/wp-content\/uploads\/2019\/05\/logo.png\",\"width\":112,\"height\":112,\"caption\":\"Official Czech & Slovak Everton Supporters' Club\"},\"image\":{\"@id\":\"https:\/\/evertonfc.cz\/#\/schema\/logo\/image\/\"},\"sameAs\":[\"https:\/\/www.facebook.com\/everton.fans.cz.sk\"]},{\"@type\":\"Person\",\"@id\":\"https:\/\/evertonfc.cz\/#\/schema\/person\/f7a5daedb2ffee98480bc70e191aaef1\",\"name\":\"Ri\u010di\",\"sameAs\":[\"https:\/\/x.com\/rbrejsa\"],\"url\":\"https:\/\/evertonfc.cz\/index.php\/author\/rici\/\"}]}<\/script>\n<!-- \/ Yoast SEO plugin. -->","yoast_head_json":{"title":"Preview: Burnley - Everton - Official Czech &amp; Slovak Everton Supporters&#039; Club","robots":{"index":"index","follow":"follow","max-snippet":"max-snippet:-1","max-image-preview":"max-image-preview:large","max-video-preview":"max-video-preview:-1"},"canonical":"https:\/\/evertonfc.cz\/index.php\/2014\/10\/25\/preview-burnley-everton-4\/","og_locale":"cs_CZ","og_type":"article","og_title":"Preview: Burnley - Everton - Official Czech &amp; Slovak Everton Supporters&#039; Club","og_description":"V ned\u011bli odpoledne Toffees uzav\u0159ou m\u011bs\u00edc \u010d\u00edtaj\u00edc\u00ed sedm z\u00e1pas\u016f, z nich\u017e \u0161est odehr\u00e1li venku. Na Turf Moor cestuj\u00ed s c\u00edlem p\u0159ipsat si prvn\u00ed v\u00edt\u011bzstv\u00ed na h\u0159i\u0161ti soupe\u0159e v t\u00e9to s\u00e9rii.","og_url":"https:\/\/evertonfc.cz\/index.php\/2014\/10\/25\/preview-burnley-everton-4\/","og_site_name":"Official Czech &amp; Slovak Everton Supporters&#039; Club","article_publisher":"https:\/\/www.facebook.com\/everton.fans.cz.sk","article_published_time":"2014-10-25T13:37:26+00:00","article_modified_time":"2021-03-12T09:50:24+00:00","og_image":[{"width":720,"height":405,"url":"https:\/\/evertonfc.cz\/wp-content\/uploads\/2020\/12\/Burnley-VS-Everton-5-12-2020.jpg","type":"image\/jpeg"}],"author":"Ri\u010di","twitter_card":"summary_large_image","twitter_creator":"@rbrejsa","twitter_misc":{"Napsal(a)":"Ri\u010di","Odhadovan\u00e1 doba \u010dten\u00ed":"3 minuty"},"schema":{"@context":"https:\/\/schema.org","@graph":[{"@type":"Article","@id":"https:\/\/evertonfc.cz\/index.php\/2014\/10\/25\/preview-burnley-everton-4\/#article","isPartOf":{"@id":"https:\/\/evertonfc.cz\/index.php\/2014\/10\/25\/preview-burnley-everton-4\/"},"author":{"name":"Ri\u010di","@id":"https:\/\/evertonfc.cz\/#\/schema\/person\/f7a5daedb2ffee98480bc70e191aaef1"},"headline":"Preview: Burnley &#8211; Everton","datePublished":"2014-10-25T13:37:26+00:00","dateModified":"2021-03-12T09:50:24+00:00","mainEntityOfPage":{"@id":"https:\/\/evertonfc.cz\/index.php\/2014\/10\/25\/preview-burnley-everton-4\/"},"wordCount":630,"commentCount":0,"publisher":{"@id":"https:\/\/evertonfc.cz\/#organization"},"image":{"@id":"https:\/\/evertonfc.cz\/index.php\/2014\/10\/25\/preview-burnley-everton-4\/#primaryimage"},"thumbnailUrl":"https:\/\/evertonfc.cz\/wp-content\/uploads\/2020\/12\/Burnley-VS-Everton-5-12-2020.jpg","articleSection":["Z\u00e1pasy"],"inLanguage":"cs","potentialAction":[{"@type":"CommentAction","name":"Comment","target":["https:\/\/evertonfc.cz\/index.php\/2014\/10\/25\/preview-burnley-everton-4\/#respond"]}]},{"@type":"WebPage","@id":"https:\/\/evertonfc.cz\/index.php\/2014\/10\/25\/preview-burnley-everton-4\/","url":"https:\/\/evertonfc.cz\/index.php\/2014\/10\/25\/preview-burnley-everton-4\/","name":"Preview: Burnley - Everton - Official Czech &amp; Slovak Everton Supporters&#039; Club","isPartOf":{"@id":"https:\/\/evertonfc.cz\/#website"},"primaryImageOfPage":{"@id":"https:\/\/evertonfc.cz\/index.php\/2014\/10\/25\/preview-burnley-everton-4\/#primaryimage"},"image":{"@id":"https:\/\/evertonfc.cz\/index.php\/2014\/10\/25\/preview-burnley-everton-4\/#primaryimage"},"thumbnailUrl":"https:\/\/evertonfc.cz\/wp-content\/uploads\/2020\/12\/Burnley-VS-Everton-5-12-2020.jpg","datePublished":"2014-10-25T13:37:26+00:00","dateModified":"2021-03-12T09:50:24+00:00","breadcrumb":{"@id":"https:\/\/evertonfc.cz\/index.php\/2014\/10\/25\/preview-burnley-everton-4\/#breadcrumb"},"inLanguage":"cs","potentialAction":[{"@type":"ReadAction","target":["https:\/\/evertonfc.cz\/index.php\/2014\/10\/25\/preview-burnley-everton-4\/"]}]},{"@type":"ImageObject","inLanguage":"cs","@id":"https:\/\/evertonfc.cz\/index.php\/2014\/10\/25\/preview-burnley-everton-4\/#primaryimage","url":"https:\/\/evertonfc.cz\/wp-content\/uploads\/2020\/12\/Burnley-VS-Everton-5-12-2020.jpg","contentUrl":"https:\/\/evertonfc.cz\/wp-content\/uploads\/2020\/12\/Burnley-VS-Everton-5-12-2020.jpg","width":720,"height":405},{"@type":"BreadcrumbList","@id":"https:\/\/evertonfc.cz\/index.php\/2014\/10\/25\/preview-burnley-everton-4\/#breadcrumb","itemListElement":[{"@type":"ListItem","position":1,"name":"Home","item":"https:\/\/evertonfc.cz\/"},{"@type":"ListItem","position":2,"name":"Preview: Burnley &#8211; Everton"}]},{"@type":"WebSite","@id":"https:\/\/evertonfc.cz\/#website","url":"https:\/\/evertonfc.cz\/","name":"Official Czech &amp; Slovak Everton Supporters&#039; Club","description":"","publisher":{"@id":"https:\/\/evertonfc.cz\/#organization"},"potentialAction":[{"@type":"SearchAction","target":{"@type":"EntryPoint","urlTemplate":"https:\/\/evertonfc.cz\/?s={search_term_string}"},"query-input":{"@type":"PropertyValueSpecification","valueRequired":true,"valueName":"search_term_string"}}],"inLanguage":"cs"},{"@type":"Organization","@id":"https:\/\/evertonfc.cz\/#organization","name":"Official Czech & Slovak Everton Supporters' Club","url":"https:\/\/evertonfc.cz\/","logo":{"@type":"ImageObject","inLanguage":"cs","@id":"https:\/\/evertonfc.cz\/#\/schema\/logo\/image\/","url":"https:\/\/evertonfc.cz\/wp-content\/uploads\/2019\/05\/logo.png","contentUrl":"https:\/\/evertonfc.cz\/wp-content\/uploads\/2019\/05\/logo.png","width":112,"height":112,"caption":"Official Czech & Slovak Everton Supporters' Club"},"image":{"@id":"https:\/\/evertonfc.cz\/#\/schema\/logo\/image\/"},"sameAs":["https:\/\/www.facebook.com\/everton.fans.cz.sk"]},{"@type":"Person","@id":"https:\/\/evertonfc.cz\/#\/schema\/person\/f7a5daedb2ffee98480bc70e191aaef1","name":"Ri\u010di","sameAs":["https:\/\/x.com\/rbrejsa"],"url":"https:\/\/evertonfc.cz\/index.php\/author\/rici\/"}]}},"_links":{"self":[{"href":"https:\/\/evertonfc.cz\/index.php\/wp-json\/wp\/v2\/posts\/4595"}],"collection":[{"href":"https:\/\/evertonfc.cz\/index.php\/wp-json\/wp\/v2\/posts"}],"about":[{"href":"https:\/\/evertonfc.cz\/index.php\/wp-json\/wp\/v2\/types\/post"}],"author":[{"embeddable":true,"href":"https:\/\/evertonfc.cz\/index.php\/wp-json\/wp\/v2\/users\/6"}],"replies":[{"embeddable":true,"href":"https:\/\/evertonfc.cz\/index.php\/wp-json\/wp\/v2\/comments?post=4595"}],"version-history":[{"count":4,"href":"https:\/\/evertonfc.cz\/index.php\/wp-json\/wp\/v2\/posts\/4595\/revisions"}],"predecessor-version":[{"id":14597,"href":"https:\/\/evertonfc.cz\/index.php\/wp-json\/wp\/v2\/posts\/4595\/revisions\/14597"}],"wp:featuredmedia":[{"embeddable":true,"href":"https:\/\/evertonfc.cz\/index.php\/wp-json\/wp\/v2\/media\/13078"}],"wp:attachment":[{"href":"https:\/\/evertonfc.cz\/index.php\/wp-json\/wp\/v2\/media?parent=4595"}],"wp:term":[{"taxonomy":"category","embeddable":true,"href":"https:\/\/evertonfc.cz\/index.php\/wp-json\/wp\/v2\/categories?post=4595"},{"taxonomy":"post_tag","embeddable":true,"href":"https:\/\/evertonfc.cz\/index.php\/wp-json\/wp\/v2\/tags?post=4595"}],"curies":[{"name":"wp","href":"https:\/\/api.w.org\/{rel}","templated":true}]}}