{"id":4597,"date":"2014-10-23T15:38:34","date_gmt":"2014-10-23T13:38:34","guid":{"rendered":"http:\/\/evertonfc.cz\/?p=4597"},"modified":"2019-02-13T15:39:26","modified_gmt":"2019-02-13T14:39:26","slug":"lille-everton-00","status":"publish","type":"post","link":"https:\/\/evertonfc.cz\/index.php\/2014\/10\/23\/lille-everton-00\/","title":{"rendered":"Lille &#8211; Everton 0:0"},"content":{"rendered":"<h4 id=\"NewsPostDetailSummary\">3. kolo skupiny H mezi druh\u00fdm a prvn\u00edm t\u00fdmem (tak platilo aspo\u0148 p\u0159ed v\u00fdkopem) fotbalov\u00e9ho nad\u0161ence nenadchlo, Everton si v\u0161ak odv\u00e1\u017e\u00ed z\u00a0Lille cenn\u00fd bod a nad\u00e1le v\u00e9vod\u00ed tabulce.<\/h4>\n<div id=\"NewsPostDetailContent\">\n<p>Roberto Mart\u00ednez provedl hned p\u011bt zm\u011bn v z\u00e1kladn\u00ed sestav\u011b. Nenominovan\u00e9 Naismitha a Osmana nahradili Steven Pienaar a Aiden McGeady, Coleman, Alcaraz a Lukaku usedli na lavi\u010dku n\u00e1hradn\u00edk\u016f a jejich m\u00edsta zaujali Tony Hibbert, Sylvain Distin a Samuel Eto&#8217;o.<\/p>\n<p>Dom\u00e1c\u00ed vstoupili do st\u0159etnut\u00ed aktivn\u011bji a po jedn\u00e9 z pas\u00e1\u017e\u00ed s p\u0159evahou si p\u0159ipravili prvn\u00ed v\u00e1\u017en\u011bj\u0161\u00ed \u0161anci, v 25. minut\u011b vybojovali m\u00ed\u010d za hranic\u00ed v\u00e1pna Evertonu a Idrissa Gueye p\u00e1lil z oto\u010dky t\u011bsn\u011b vedle branky. Krom\u011b t\u00e9to akce prvn\u00ed p\u016fle nudila, ob\u011b mu\u017estva se dostala do p\u00e1r nad\u011bjn\u00fdch p\u0159\u00edle\u017eitost\u00ed, ov\u0161em v zakon\u010den\u00ed, pokud k n\u011bmu v\u016fbec do\u0161lo, si nepo\u010d\u00ednala nep\u0159esv\u011bd\u010div\u011b.<\/p>\n<p>Druh\u00fd polo\u010das odstartoval trochu svi\u017en\u011bji, Lille si uv\u011bdomovalo pot\u0159ebu t\u0159\u00edbodov\u00e9 zisku pot\u00e9, co Wolfsburg zv\u00edt\u011bzil 4:2 na h\u0159i\u0161ti Krasnodaru, a tla\u010dilo se v\u00edce do \u00fatoku. Divock Origi st\u0159\u00edlel razantn\u011b mimo a nebezpe\u010dnou situaci po rohov\u00e9m kopu odvracel Barkley. Za Toffees vyslal Sameul Eto&#8217;o propaga\u010dn\u00ed nav\u0161t\u00edvenku sm\u011brem k Enyeamovi po trestn\u00e9m kopu.<\/p>\n<p>Nigerijsk\u00fd branka\u0159 v\u00fdrazn\u011bji p\u0159esv\u011bd\u010dil o sv\u00fdch schopnostech v 65. minut\u011b, Romelu Lukaku pob\u00fdval na h\u0159i\u0161ti pouze minutu, kdy\u017e vyst\u0159\u00eddal Stevena Pienaara, a chytrou p\u0159ihr\u00e1vkou vysunul Aidena McGeadyho, jen\u017e vyb\u011bhnut\u00e9ho g\u00f3lmana nep\u0159ekonal.<\/p>\n<p>Everton s p\u0159\u00edchodem belgick\u00e9ho \u00fato\u010dn\u00edka zv\u00fd\u0161il ofenzivn\u00ed aktivitu, p\u0159esto se o \u017e\u00e1dn\u00e9m koncertu mluvit nedalo. V 88. minut\u011b zkou\u0161el \u0161t\u011bst\u00ed Eto&#8217;o ut\u00e1hlou plac\u00edrkou, k dokonalosti mu chyb\u011bl metr. Jinak se boj na t\u011b\u017ek\u00e9m ter\u00e9nu odehr\u00e1val od \u0161estn\u00e1ctky k \u0161estn\u00e1ctce, proto kone\u010dn\u00fd v\u00fdsledek 0:0 nep\u0159ekvapuje.<\/p>\n<p><strong>\u017dK:<\/strong>\u00a057. Franck B\u00e9ria &#8211; 15. Muhamed Be\u0161i\u0107, 57. Steven Pienaar<br \/>\n<strong>Lille OSC:<\/strong>\u00a0Vincent Enyeama, Marko Ba\u0161a, Simon Kjaer, Franck B\u00e9ria, S\u00e9bastien Corchia, Pape Souar\u00e9, Florent Balmont, Rio Mavuba (86. Marvin Martin), Idrissa Gueye, Ronny Rodelin (73. Ryan Mendes), Divock Origi<br \/>\n<strong>Everton FC:<\/strong>\u00a0Tim Howard, Phil Jagielka, Leighton Baines, Sylvain Distin, Tony Hibbert, Muhamed Be\u0161i\u0107, Aiden McGeady (82. Christian Atsu), Steven Pienaar (64. Romelu Lukaku), Gareth Barry, Ross Barkley (90+3. James McCarthy), Samuel Eto&#8217;o<br \/>\n<strong>Rozhod\u010d\u00ed:<\/strong>\u00a0Jorge de Sousa<\/p>\n<\/div>\n","protected":false},"excerpt":{"rendered":"<p>3. kolo skupiny H mezi druh\u00fdm a prvn\u00edm t\u00fdmem (tak platilo aspo\u0148 p\u0159ed v\u00fdkopem) fotbalov\u00e9ho nad\u0161ence nenadchlo, Everton si v\u0161ak&hellip;<\/p>\n","protected":false},"author":6,"featured_media":1315,"comment_status":"open","ping_status":"closed","sticky":false,"template":"","format":"standard","meta":{"_eb_attr":"","_monsterinsights_skip_tracking":false,"_monsterinsights_sitenote_active":false,"_monsterinsights_sitenote_note":"","_monsterinsights_sitenote_category":0,"footnotes":""},"categories":[4],"tags":[],"yoast_head":"<!-- This site is optimized with the Yoast SEO plugin v23.4 - https:\/\/yoast.com\/wordpress\/plugins\/seo\/ -->\n<title>Lille - Everton 0:0 - Official Czech &amp; Slovak Everton Supporters&#039; Club<\/title>\n<meta name=\"robots\" content=\"index, follow, max-snippet:-1, max-image-preview:large, max-video-preview:-1\" \/>\n<link rel=\"canonical\" href=\"https:\/\/evertonfc.cz\/index.php\/2014\/10\/23\/lille-everton-00\/\" \/>\n<meta property=\"og:locale\" content=\"cs_CZ\" \/>\n<meta property=\"og:type\" content=\"article\" \/>\n<meta property=\"og:title\" content=\"Lille - Everton 0:0 - Official Czech &amp; Slovak Everton Supporters&#039; Club\" \/>\n<meta property=\"og:description\" content=\"3. kolo skupiny H mezi druh\u00fdm a prvn\u00edm t\u00fdmem (tak platilo aspo\u0148 p\u0159ed v\u00fdkopem) fotbalov\u00e9ho nad\u0161ence nenadchlo, Everton si v\u0161ak&hellip;\" \/>\n<meta property=\"og:url\" content=\"https:\/\/evertonfc.cz\/index.php\/2014\/10\/23\/lille-everton-00\/\" \/>\n<meta property=\"og:site_name\" content=\"Official Czech &amp; Slovak Everton Supporters&#039; Club\" \/>\n<meta property=\"article:publisher\" content=\"https:\/\/www.facebook.com\/everton.fans.cz.sk\" \/>\n<meta property=\"article:published_time\" content=\"2014-10-23T13:38:34+00:00\" \/>\n<meta property=\"article:modified_time\" content=\"2019-02-13T14:39:26+00:00\" \/>\n<meta property=\"og:image\" content=\"https:\/\/evertonfc.cz\/wp-content\/uploads\/2019\/01\/report.jpg\" \/>\n\t<meta property=\"og:image:width\" content=\"720\" \/>\n\t<meta property=\"og:image:height\" content=\"405\" \/>\n\t<meta property=\"og:image:type\" content=\"image\/jpeg\" \/>\n<meta name=\"author\" content=\"Ri\u010di\" \/>\n<meta name=\"twitter:card\" content=\"summary_large_image\" \/>\n<meta name=\"twitter:creator\" content=\"@rbrejsa\" \/>\n<meta name=\"twitter:label1\" content=\"Napsal(a)\" \/>\n\t<meta name=\"twitter:data1\" content=\"Ri\u010di\" \/>\n\t<meta name=\"twitter:label2\" content=\"Odhadovan\u00e1 doba \u010dten\u00ed\" \/>\n\t<meta name=\"twitter:data2\" content=\"2 minuty\" \/>\n<script type=\"application\/ld+json\" class=\"yoast-schema-graph\">{\"@context\":\"https:\/\/schema.org\",\"@graph\":[{\"@type\":\"Article\",\"@id\":\"https:\/\/evertonfc.cz\/index.php\/2014\/10\/23\/lille-everton-00\/#article\",\"isPartOf\":{\"@id\":\"https:\/\/evertonfc.cz\/index.php\/2014\/10\/23\/lille-everton-00\/\"},\"author\":{\"name\":\"Ri\u010di\",\"@id\":\"https:\/\/evertonfc.cz\/#\/schema\/person\/f7a5daedb2ffee98480bc70e191aaef1\"},\"headline\":\"Lille &#8211; Everton 0:0\",\"datePublished\":\"2014-10-23T13:38:34+00:00\",\"dateModified\":\"2019-02-13T14:39:26+00:00\",\"mainEntityOfPage\":{\"@id\":\"https:\/\/evertonfc.cz\/index.php\/2014\/10\/23\/lille-everton-00\/\"},\"wordCount\":429,\"commentCount\":0,\"publisher\":{\"@id\":\"https:\/\/evertonfc.cz\/#organization\"},\"image\":{\"@id\":\"https:\/\/evertonfc.cz\/index.php\/2014\/10\/23\/lille-everton-00\/#primaryimage\"},\"thumbnailUrl\":\"https:\/\/evertonfc.cz\/wp-content\/uploads\/2019\/01\/report.jpg\",\"articleSection\":[\"Z\u00e1pasy\"],\"inLanguage\":\"cs\",\"potentialAction\":[{\"@type\":\"CommentAction\",\"name\":\"Comment\",\"target\":[\"https:\/\/evertonfc.cz\/index.php\/2014\/10\/23\/lille-everton-00\/#respond\"]}]},{\"@type\":\"WebPage\",\"@id\":\"https:\/\/evertonfc.cz\/index.php\/2014\/10\/23\/lille-everton-00\/\",\"url\":\"https:\/\/evertonfc.cz\/index.php\/2014\/10\/23\/lille-everton-00\/\",\"name\":\"Lille - Everton 0:0 - Official Czech &amp; Slovak Everton Supporters&#039; Club\",\"isPartOf\":{\"@id\":\"https:\/\/evertonfc.cz\/#website\"},\"primaryImageOfPage\":{\"@id\":\"https:\/\/evertonfc.cz\/index.php\/2014\/10\/23\/lille-everton-00\/#primaryimage\"},\"image\":{\"@id\":\"https:\/\/evertonfc.cz\/index.php\/2014\/10\/23\/lille-everton-00\/#primaryimage\"},\"thumbnailUrl\":\"https:\/\/evertonfc.cz\/wp-content\/uploads\/2019\/01\/report.jpg\",\"datePublished\":\"2014-10-23T13:38:34+00:00\",\"dateModified\":\"2019-02-13T14:39:26+00:00\",\"breadcrumb\":{\"@id\":\"https:\/\/evertonfc.cz\/index.php\/2014\/10\/23\/lille-everton-00\/#breadcrumb\"},\"inLanguage\":\"cs\",\"potentialAction\":[{\"@type\":\"ReadAction\",\"target\":[\"https:\/\/evertonfc.cz\/index.php\/2014\/10\/23\/lille-everton-00\/\"]}]},{\"@type\":\"ImageObject\",\"inLanguage\":\"cs\",\"@id\":\"https:\/\/evertonfc.cz\/index.php\/2014\/10\/23\/lille-everton-00\/#primaryimage\",\"url\":\"https:\/\/evertonfc.cz\/wp-content\/uploads\/2019\/01\/report.jpg\",\"contentUrl\":\"https:\/\/evertonfc.cz\/wp-content\/uploads\/2019\/01\/report.jpg\",\"width\":720,\"height\":405},{\"@type\":\"BreadcrumbList\",\"@id\":\"https:\/\/evertonfc.cz\/index.php\/2014\/10\/23\/lille-everton-00\/#breadcrumb\",\"itemListElement\":[{\"@type\":\"ListItem\",\"position\":1,\"name\":\"Home\",\"item\":\"https:\/\/evertonfc.cz\/\"},{\"@type\":\"ListItem\",\"position\":2,\"name\":\"Lille &#8211; Everton 0:0\"}]},{\"@type\":\"WebSite\",\"@id\":\"https:\/\/evertonfc.cz\/#website\",\"url\":\"https:\/\/evertonfc.cz\/\",\"name\":\"Official Czech &amp; Slovak Everton Supporters&#039; Club\",\"description\":\"\",\"publisher\":{\"@id\":\"https:\/\/evertonfc.cz\/#organization\"},\"potentialAction\":[{\"@type\":\"SearchAction\",\"target\":{\"@type\":\"EntryPoint\",\"urlTemplate\":\"https:\/\/evertonfc.cz\/?s={search_term_string}\"},\"query-input\":{\"@type\":\"PropertyValueSpecification\",\"valueRequired\":true,\"valueName\":\"search_term_string\"}}],\"inLanguage\":\"cs\"},{\"@type\":\"Organization\",\"@id\":\"https:\/\/evertonfc.cz\/#organization\",\"name\":\"Official Czech & Slovak Everton Supporters' Club\",\"url\":\"https:\/\/evertonfc.cz\/\",\"logo\":{\"@type\":\"ImageObject\",\"inLanguage\":\"cs\",\"@id\":\"https:\/\/evertonfc.cz\/#\/schema\/logo\/image\/\",\"url\":\"https:\/\/evertonfc.cz\/wp-content\/uploads\/2019\/05\/logo.png\",\"contentUrl\":\"https:\/\/evertonfc.cz\/wp-content\/uploads\/2019\/05\/logo.png\",\"width\":112,\"height\":112,\"caption\":\"Official Czech & Slovak Everton Supporters' Club\"},\"image\":{\"@id\":\"https:\/\/evertonfc.cz\/#\/schema\/logo\/image\/\"},\"sameAs\":[\"https:\/\/www.facebook.com\/everton.fans.cz.sk\"]},{\"@type\":\"Person\",\"@id\":\"https:\/\/evertonfc.cz\/#\/schema\/person\/f7a5daedb2ffee98480bc70e191aaef1\",\"name\":\"Ri\u010di\",\"sameAs\":[\"https:\/\/x.com\/rbrejsa\"],\"url\":\"https:\/\/evertonfc.cz\/index.php\/author\/rici\/\"}]}<\/script>\n<!-- \/ Yoast SEO plugin. -->","yoast_head_json":{"title":"Lille - Everton 0:0 - Official Czech &amp; Slovak Everton Supporters&#039; Club","robots":{"index":"index","follow":"follow","max-snippet":"max-snippet:-1","max-image-preview":"max-image-preview:large","max-video-preview":"max-video-preview:-1"},"canonical":"https:\/\/evertonfc.cz\/index.php\/2014\/10\/23\/lille-everton-00\/","og_locale":"cs_CZ","og_type":"article","og_title":"Lille - Everton 0:0 - Official Czech &amp; Slovak Everton Supporters&#039; Club","og_description":"3. kolo skupiny H mezi druh\u00fdm a prvn\u00edm t\u00fdmem (tak platilo aspo\u0148 p\u0159ed v\u00fdkopem) fotbalov\u00e9ho nad\u0161ence nenadchlo, Everton si v\u0161ak&hellip;","og_url":"https:\/\/evertonfc.cz\/index.php\/2014\/10\/23\/lille-everton-00\/","og_site_name":"Official Czech &amp; Slovak Everton Supporters&#039; Club","article_publisher":"https:\/\/www.facebook.com\/everton.fans.cz.sk","article_published_time":"2014-10-23T13:38:34+00:00","article_modified_time":"2019-02-13T14:39:26+00:00","og_image":[{"width":720,"height":405,"url":"https:\/\/evertonfc.cz\/wp-content\/uploads\/2019\/01\/report.jpg","type":"image\/jpeg"}],"author":"Ri\u010di","twitter_card":"summary_large_image","twitter_creator":"@rbrejsa","twitter_misc":{"Napsal(a)":"Ri\u010di","Odhadovan\u00e1 doba \u010dten\u00ed":"2 minuty"},"schema":{"@context":"https:\/\/schema.org","@graph":[{"@type":"Article","@id":"https:\/\/evertonfc.cz\/index.php\/2014\/10\/23\/lille-everton-00\/#article","isPartOf":{"@id":"https:\/\/evertonfc.cz\/index.php\/2014\/10\/23\/lille-everton-00\/"},"author":{"name":"Ri\u010di","@id":"https:\/\/evertonfc.cz\/#\/schema\/person\/f7a5daedb2ffee98480bc70e191aaef1"},"headline":"Lille &#8211; Everton 0:0","datePublished":"2014-10-23T13:38:34+00:00","dateModified":"2019-02-13T14:39:26+00:00","mainEntityOfPage":{"@id":"https:\/\/evertonfc.cz\/index.php\/2014\/10\/23\/lille-everton-00\/"},"wordCount":429,"commentCount":0,"publisher":{"@id":"https:\/\/evertonfc.cz\/#organization"},"image":{"@id":"https:\/\/evertonfc.cz\/index.php\/2014\/10\/23\/lille-everton-00\/#primaryimage"},"thumbnailUrl":"https:\/\/evertonfc.cz\/wp-content\/uploads\/2019\/01\/report.jpg","articleSection":["Z\u00e1pasy"],"inLanguage":"cs","potentialAction":[{"@type":"CommentAction","name":"Comment","target":["https:\/\/evertonfc.cz\/index.php\/2014\/10\/23\/lille-everton-00\/#respond"]}]},{"@type":"WebPage","@id":"https:\/\/evertonfc.cz\/index.php\/2014\/10\/23\/lille-everton-00\/","url":"https:\/\/evertonfc.cz\/index.php\/2014\/10\/23\/lille-everton-00\/","name":"Lille - Everton 0:0 - Official Czech &amp; Slovak Everton Supporters&#039; Club","isPartOf":{"@id":"https:\/\/evertonfc.cz\/#website"},"primaryImageOfPage":{"@id":"https:\/\/evertonfc.cz\/index.php\/2014\/10\/23\/lille-everton-00\/#primaryimage"},"image":{"@id":"https:\/\/evertonfc.cz\/index.php\/2014\/10\/23\/lille-everton-00\/#primaryimage"},"thumbnailUrl":"https:\/\/evertonfc.cz\/wp-content\/uploads\/2019\/01\/report.jpg","datePublished":"2014-10-23T13:38:34+00:00","dateModified":"2019-02-13T14:39:26+00:00","breadcrumb":{"@id":"https:\/\/evertonfc.cz\/index.php\/2014\/10\/23\/lille-everton-00\/#breadcrumb"},"inLanguage":"cs","potentialAction":[{"@type":"ReadAction","target":["https:\/\/evertonfc.cz\/index.php\/2014\/10\/23\/lille-everton-00\/"]}]},{"@type":"ImageObject","inLanguage":"cs","@id":"https:\/\/evertonfc.cz\/index.php\/2014\/10\/23\/lille-everton-00\/#primaryimage","url":"https:\/\/evertonfc.cz\/wp-content\/uploads\/2019\/01\/report.jpg","contentUrl":"https:\/\/evertonfc.cz\/wp-content\/uploads\/2019\/01\/report.jpg","width":720,"height":405},{"@type":"BreadcrumbList","@id":"https:\/\/evertonfc.cz\/index.php\/2014\/10\/23\/lille-everton-00\/#breadcrumb","itemListElement":[{"@type":"ListItem","position":1,"name":"Home","item":"https:\/\/evertonfc.cz\/"},{"@type":"ListItem","position":2,"name":"Lille &#8211; Everton 0:0"}]},{"@type":"WebSite","@id":"https:\/\/evertonfc.cz\/#website","url":"https:\/\/evertonfc.cz\/","name":"Official Czech &amp; Slovak Everton Supporters&#039; Club","description":"","publisher":{"@id":"https:\/\/evertonfc.cz\/#organization"},"potentialAction":[{"@type":"SearchAction","target":{"@type":"EntryPoint","urlTemplate":"https:\/\/evertonfc.cz\/?s={search_term_string}"},"query-input":{"@type":"PropertyValueSpecification","valueRequired":true,"valueName":"search_term_string"}}],"inLanguage":"cs"},{"@type":"Organization","@id":"https:\/\/evertonfc.cz\/#organization","name":"Official Czech & Slovak Everton Supporters' Club","url":"https:\/\/evertonfc.cz\/","logo":{"@type":"ImageObject","inLanguage":"cs","@id":"https:\/\/evertonfc.cz\/#\/schema\/logo\/image\/","url":"https:\/\/evertonfc.cz\/wp-content\/uploads\/2019\/05\/logo.png","contentUrl":"https:\/\/evertonfc.cz\/wp-content\/uploads\/2019\/05\/logo.png","width":112,"height":112,"caption":"Official Czech & Slovak Everton Supporters' Club"},"image":{"@id":"https:\/\/evertonfc.cz\/#\/schema\/logo\/image\/"},"sameAs":["https:\/\/www.facebook.com\/everton.fans.cz.sk"]},{"@type":"Person","@id":"https:\/\/evertonfc.cz\/#\/schema\/person\/f7a5daedb2ffee98480bc70e191aaef1","name":"Ri\u010di","sameAs":["https:\/\/x.com\/rbrejsa"],"url":"https:\/\/evertonfc.cz\/index.php\/author\/rici\/"}]}},"_links":{"self":[{"href":"https:\/\/evertonfc.cz\/index.php\/wp-json\/wp\/v2\/posts\/4597"}],"collection":[{"href":"https:\/\/evertonfc.cz\/index.php\/wp-json\/wp\/v2\/posts"}],"about":[{"href":"https:\/\/evertonfc.cz\/index.php\/wp-json\/wp\/v2\/types\/post"}],"author":[{"embeddable":true,"href":"https:\/\/evertonfc.cz\/index.php\/wp-json\/wp\/v2\/users\/6"}],"replies":[{"embeddable":true,"href":"https:\/\/evertonfc.cz\/index.php\/wp-json\/wp\/v2\/comments?post=4597"}],"version-history":[{"count":1,"href":"https:\/\/evertonfc.cz\/index.php\/wp-json\/wp\/v2\/posts\/4597\/revisions"}],"predecessor-version":[{"id":4598,"href":"https:\/\/evertonfc.cz\/index.php\/wp-json\/wp\/v2\/posts\/4597\/revisions\/4598"}],"wp:featuredmedia":[{"embeddable":true,"href":"https:\/\/evertonfc.cz\/index.php\/wp-json\/wp\/v2\/media\/1315"}],"wp:attachment":[{"href":"https:\/\/evertonfc.cz\/index.php\/wp-json\/wp\/v2\/media?parent=4597"}],"wp:term":[{"taxonomy":"category","embeddable":true,"href":"https:\/\/evertonfc.cz\/index.php\/wp-json\/wp\/v2\/categories?post=4597"},{"taxonomy":"post_tag","embeddable":true,"href":"https:\/\/evertonfc.cz\/index.php\/wp-json\/wp\/v2\/tags?post=4597"}],"curies":[{"name":"wp","href":"https:\/\/api.w.org\/{rel}","templated":true}]}}